{"id":5792,"date":"2023-12-25T10:50:02","date_gmt":"2023-12-25T13:50:02","guid":{"rendered":"https:\/\/sulsc.com\/?p=5792"},"modified":"2023-12-25T10:00:11","modified_gmt":"2023-12-25T13:00:11","slug":"dois-homens-sao-esfaqueados-em-festa-de-familia-em-jaguaruna","status":"publish","type":"post","link":"https:\/\/sulsc.com\/index.php\/2023\/12\/25\/dois-homens-sao-esfaqueados-em-festa-de-familia-em-jaguaruna\/","title":{"rendered":"Dois homens s\u00e3o esfaqueados em festa de fam\u00edlia, em Jaguaruna"},"content":{"rendered":"<p>Um crime de les\u00e3o corporal grave foi registrado na madrugada desta segunda-feira (25), em Jaguaruna. O crime ocorreu por volta da 1h, em uma festa de fam\u00edlia no bairro Camacho.\u00a0Dois homens foram esfaqueados.<\/p>\n<p>A informa\u00e7\u00e3o \u00e9 de que o que motivou o ato foi ci\u00fames. Um dos autores teria agredido a companheira que foi defendida pelo tio e primo da v\u00edtima da agress\u00e3o. O autor pegou uma faca e foi para cima dos defensores que acabaram sendo esfaqueados.<\/p>\n<p>Outras duas pessoas tamb\u00e9m ajudaram a esfaquear as v\u00edtimas que foram conduzidas ao hospital de Jaguaruna. Logo depois do crime eles fugiram do local. Os autores foram abordados na cidade de Bra\u00e7o do Norte e foram conduzidos at\u00e9 a delegacia de pol\u00edcia para realiza\u00e7\u00e3o dos procedimentos.<\/p>\n<p><img fetchpriority=\"high\" decoding=\"async\" class=\"alignnone size-full wp-image-1650\" src=\"http:\/\/sulsc.com\/wp-content\/uploads\/2023\/10\/faca.jpg\" alt=\"\" width=\"680\" height=\"365\" srcset=\"https:\/\/sulsc.com\/wp-content\/uploads\/2023\/10\/faca.jpg 680w, https:\/\/sulsc.com\/wp-content\/uploads\/2023\/10\/faca-300x161.jpg 300w\" sizes=\"(max-width: 680px) 100vw, 680px\" \/><\/p>\n","protected":false},"excerpt":{"rendered":"<p>Um crime de les\u00e3o corporal grave foi registrado na madrugada desta segunda-feira (25), em Jaguaruna. O crime ocorreu por volta da 1h, em uma festa de fam\u00edlia no bairro Camacho.\u00a0Dois homens foram esfaqueados. A informa\u00e7\u00e3o \u00e9 de que o que motivou o ato foi ci\u00fames. Um dos autores teria agredido a companheira que foi defendida &hellip;<\/p>\n<p class=\"read-more\"> <a class=\"\" href=\"https:\/\/sulsc.com\/index.php\/2023\/12\/25\/dois-homens-sao-esfaqueados-em-festa-de-familia-em-jaguaruna\/\"> <span class=\"screen-reader-text\">Dois homens s\u00e3o esfaqueados em festa de fam\u00edlia, em Jaguaruna<\/span> Read More &raquo;<\/a><\/p>\n","protected":false},"author":3,"featured_media":1650,"comment_status":"open","ping_status":"open","sticky":false,"template":"","format":"standard","meta":{"site-sidebar-layout":"default","site-content-layout":"","ast-site-content-layout":"default","site-content-style":"default","site-sidebar-style":"default","ast-global-header-display":"","ast-banner-title-visibility":"","ast-main-header-display":"","ast-hfb-above-header-display":"","ast-hfb-below-header-display":"","ast-hfb-mobile-header-display":"","site-post-title":"","ast-breadcrumbs-content":"","ast-featured-img":"","footer-sml-layout":"","theme-transparent-header-meta":"default","adv-header-id-meta":"","stick-header-meta":"","header-above-stick-meta":"","header-main-stick-meta":"","header-below-stick-meta":"","astra-migrate-meta-layouts":"set","footnotes":""},"categories":[8],"tags":[500,151],"yoast_head":"<!-- This site is optimized with the Yoast SEO plugin v21.4 - https:\/\/yoast.com\/wordpress\/plugins\/seo\/ -->\n<title>Dois homens s\u00e3o esfaqueados em festa de fam\u00edlia, em Jaguaruna -<\/title>\n<meta name=\"robots\" content=\"index, follow, max-snippet:-1, max-image-preview:large, max-video-preview:-1\" \/>\n<link rel=\"canonical\" href=\"https:\/\/sulsc.com\/index.php\/2023\/12\/25\/dois-homens-sao-esfaqueados-em-festa-de-familia-em-jaguaruna\/\" \/>\n<meta property=\"og:locale\" content=\"en_US\" \/>\n<meta property=\"og:type\" content=\"article\" \/>\n<meta property=\"og:title\" content=\"Dois homens s\u00e3o esfaqueados em festa de fam\u00edlia, em Jaguaruna -\" \/>\n<meta property=\"og:description\" content=\"Um crime de les\u00e3o corporal grave foi registrado na madrugada desta segunda-feira (25), em Jaguaruna. O crime ocorreu por volta da 1h, em uma festa de fam\u00edlia no bairro Camacho.\u00a0Dois homens foram esfaqueados. A informa\u00e7\u00e3o \u00e9 de que o que motivou o ato foi ci\u00fames. Um dos autores teria agredido a companheira que foi defendida &hellip; Dois homens s\u00e3o esfaqueados em festa de fam\u00edlia, em Jaguaruna Read More &raquo;\" \/>\n<meta property=\"og:url\" content=\"https:\/\/sulsc.com\/index.php\/2023\/12\/25\/dois-homens-sao-esfaqueados-em-festa-de-familia-em-jaguaruna\/\" \/>\n<meta property=\"article:author\" content=\"https:\/\/www.facebook.com\/profile.php?id=61559278119680\" \/>\n<meta property=\"article:published_time\" content=\"2023-12-25T13:50:02+00:00\" \/>\n<meta property=\"article:modified_time\" content=\"2023-12-25T13:00:11+00:00\" \/>\n<meta property=\"og:image\" content=\"https:\/\/sulsc.com\/wp-content\/uploads\/2023\/10\/faca.jpg\" \/>\n\t<meta property=\"og:image:width\" content=\"680\" \/>\n\t<meta property=\"og:image:height\" content=\"365\" \/>\n\t<meta property=\"og:image:type\" content=\"image\/jpeg\" \/>\n<meta name=\"author\" content=\"Reda\u00e7\u00e3o Sul SC\" \/>\n<meta name=\"twitter:card\" content=\"summary_large_image\" \/>\n<meta name=\"twitter:creator\" content=\"@https:\/\/twitter.com\/PortalSulSC\" \/>\n<meta name=\"twitter:label1\" content=\"Written by\" \/>\n\t<meta name=\"twitter:data1\" content=\"Reda\u00e7\u00e3o Sul SC\" \/>\n\t<meta name=\"twitter:label2\" content=\"Est. reading time\" \/>\n\t<meta name=\"twitter:data2\" content=\"1 minute\" \/>\n<script type=\"application\/ld+json\" class=\"yoast-schema-graph\">{\"@context\":\"https:\/\/schema.org\",\"@graph\":[{\"@type\":\"WebPage\",\"@id\":\"https:\/\/sulsc.com\/index.php\/2023\/12\/25\/dois-homens-sao-esfaqueados-em-festa-de-familia-em-jaguaruna\/\",\"url\":\"https:\/\/sulsc.com\/index.php\/2023\/12\/25\/dois-homens-sao-esfaqueados-em-festa-de-familia-em-jaguaruna\/\",\"name\":\"Dois homens s\u00e3o esfaqueados em festa de fam\u00edlia, em Jaguaruna -\",\"isPartOf\":{\"@id\":\"https:\/\/sulsc.com\/#website\"},\"datePublished\":\"2023-12-25T13:50:02+00:00\",\"dateModified\":\"2023-12-25T13:00:11+00:00\",\"author\":{\"@id\":\"https:\/\/sulsc.com\/#\/schema\/person\/84d2fc571684f6248ba83092f07750a3\"},\"breadcrumb\":{\"@id\":\"https:\/\/sulsc.com\/index.php\/2023\/12\/25\/dois-homens-sao-esfaqueados-em-festa-de-familia-em-jaguaruna\/#breadcrumb\"},\"inLanguage\":\"en-US\",\"potentialAction\":[{\"@type\":\"ReadAction\",\"target\":[\"https:\/\/sulsc.com\/index.php\/2023\/12\/25\/dois-homens-sao-esfaqueados-em-festa-de-familia-em-jaguaruna\/\"]}]},{\"@type\":\"BreadcrumbList\",\"@id\":\"https:\/\/sulsc.com\/index.php\/2023\/12\/25\/dois-homens-sao-esfaqueados-em-festa-de-familia-em-jaguaruna\/#breadcrumb\",\"itemListElement\":[{\"@type\":\"ListItem\",\"position\":1,\"name\":\"In\u00edcio\",\"item\":\"https:\/\/sulsc.com\/\"},{\"@type\":\"ListItem\",\"position\":2,\"name\":\"Dois homens s\u00e3o esfaqueados em festa de fam\u00edlia, em Jaguaruna\"}]},{\"@type\":\"WebSite\",\"@id\":\"https:\/\/sulsc.com\/#website\",\"url\":\"https:\/\/sulsc.com\/\",\"name\":\"\",\"description\":\"\",\"potentialAction\":[{\"@type\":\"SearchAction\",\"target\":{\"@type\":\"EntryPoint\",\"urlTemplate\":\"https:\/\/sulsc.com\/?s={search_term_string}\"},\"query-input\":\"required name=search_term_string\"}],\"inLanguage\":\"en-US\"},{\"@type\":\"Person\",\"@id\":\"https:\/\/sulsc.com\/#\/schema\/person\/84d2fc571684f6248ba83092f07750a3\",\"name\":\"Reda\u00e7\u00e3o Sul SC\",\"image\":{\"@type\":\"ImageObject\",\"inLanguage\":\"en-US\",\"@id\":\"https:\/\/sulsc.com\/#\/schema\/person\/image\/e08d7fe2cc4ed596372063bbe852b8d0\",\"url\":\"https:\/\/sulsc.com\/wp-content\/uploads\/2023\/09\/redacao.png\",\"contentUrl\":\"https:\/\/sulsc.com\/wp-content\/uploads\/2023\/09\/redacao.png\",\"caption\":\"Reda\u00e7\u00e3o Sul SC\"},\"description\":\"Foco em um jornalismo imparcial, voltado \u00e0 qualidade dos seus conte\u00fados e, assim, levar informa\u00e7\u00e3o de valor que agregue \u00e0 vida dos leitores. Esta \u00e9 grande miss\u00e3o do Portal de Not\u00edcias Sul SC. N\u00e3o \u00e9 quantidade que muda o mundo, sempre foi e seguir\u00e1 sendo qualidade!\",\"sameAs\":[\"https:\/\/sulsc.com\/\",\"https:\/\/www.facebook.com\/profile.php?id=61559278119680\",\"https:\/\/www.instagram.com\/sulscportal\/?hl=pt-br\",\"https:\/\/twitter.com\/https:\/\/twitter.com\/PortalSulSC\",\"https:\/\/www.youtube.com\/channel\/UCv_BE8GeySluDov2n8qhVmw\"],\"url\":\"https:\/\/sulsc.com\/index.php\/author\/redacao\/\"}]}<\/script>\n<!-- \/ Yoast SEO plugin. -->","yoast_head_json":{"title":"Dois homens s\u00e3o esfaqueados em festa de fam\u00edlia, em Jaguaruna -","robots":{"index":"index","follow":"follow","max-snippet":"max-snippet:-1","max-image-preview":"max-image-preview:large","max-video-preview":"max-video-preview:-1"},"canonical":"https:\/\/sulsc.com\/index.php\/2023\/12\/25\/dois-homens-sao-esfaqueados-em-festa-de-familia-em-jaguaruna\/","og_locale":"en_US","og_type":"article","og_title":"Dois homens s\u00e3o esfaqueados em festa de fam\u00edlia, em Jaguaruna -","og_description":"Um crime de les\u00e3o corporal grave foi registrado na madrugada desta segunda-feira (25), em Jaguaruna. O crime ocorreu por volta da 1h, em uma festa de fam\u00edlia no bairro Camacho.\u00a0Dois homens foram esfaqueados. A informa\u00e7\u00e3o \u00e9 de que o que motivou o ato foi ci\u00fames. Um dos autores teria agredido a companheira que foi defendida &hellip; Dois homens s\u00e3o esfaqueados em festa de fam\u00edlia, em Jaguaruna Read More &raquo;","og_url":"https:\/\/sulsc.com\/index.php\/2023\/12\/25\/dois-homens-sao-esfaqueados-em-festa-de-familia-em-jaguaruna\/","article_author":"https:\/\/www.facebook.com\/profile.php?id=61559278119680","article_published_time":"2023-12-25T13:50:02+00:00","article_modified_time":"2023-12-25T13:00:11+00:00","og_image":[{"width":680,"height":365,"url":"https:\/\/sulsc.com\/wp-content\/uploads\/2023\/10\/faca.jpg","type":"image\/jpeg"}],"author":"Reda\u00e7\u00e3o Sul SC","twitter_card":"summary_large_image","twitter_creator":"@https:\/\/twitter.com\/PortalSulSC","twitter_misc":{"Written by":"Reda\u00e7\u00e3o Sul SC","Est. reading time":"1 minute"},"schema":{"@context":"https:\/\/schema.org","@graph":[{"@type":"WebPage","@id":"https:\/\/sulsc.com\/index.php\/2023\/12\/25\/dois-homens-sao-esfaqueados-em-festa-de-familia-em-jaguaruna\/","url":"https:\/\/sulsc.com\/index.php\/2023\/12\/25\/dois-homens-sao-esfaqueados-em-festa-de-familia-em-jaguaruna\/","name":"Dois homens s\u00e3o esfaqueados em festa de fam\u00edlia, em Jaguaruna -","isPartOf":{"@id":"https:\/\/sulsc.com\/#website"},"datePublished":"2023-12-25T13:50:02+00:00","dateModified":"2023-12-25T13:00:11+00:00","author":{"@id":"https:\/\/sulsc.com\/#\/schema\/person\/84d2fc571684f6248ba83092f07750a3"},"breadcrumb":{"@id":"https:\/\/sulsc.com\/index.php\/2023\/12\/25\/dois-homens-sao-esfaqueados-em-festa-de-familia-em-jaguaruna\/#breadcrumb"},"inLanguage":"en-US","potentialAction":[{"@type":"ReadAction","target":["https:\/\/sulsc.com\/index.php\/2023\/12\/25\/dois-homens-sao-esfaqueados-em-festa-de-familia-em-jaguaruna\/"]}]},{"@type":"BreadcrumbList","@id":"https:\/\/sulsc.com\/index.php\/2023\/12\/25\/dois-homens-sao-esfaqueados-em-festa-de-familia-em-jaguaruna\/#breadcrumb","itemListElement":[{"@type":"ListItem","position":1,"name":"In\u00edcio","item":"https:\/\/sulsc.com\/"},{"@type":"ListItem","position":2,"name":"Dois homens s\u00e3o esfaqueados em festa de fam\u00edlia, em Jaguaruna"}]},{"@type":"WebSite","@id":"https:\/\/sulsc.com\/#website","url":"https:\/\/sulsc.com\/","name":"","description":"","potentialAction":[{"@type":"SearchAction","target":{"@type":"EntryPoint","urlTemplate":"https:\/\/sulsc.com\/?s={search_term_string}"},"query-input":"required name=search_term_string"}],"inLanguage":"en-US"},{"@type":"Person","@id":"https:\/\/sulsc.com\/#\/schema\/person\/84d2fc571684f6248ba83092f07750a3","name":"Reda\u00e7\u00e3o Sul SC","image":{"@type":"ImageObject","inLanguage":"en-US","@id":"https:\/\/sulsc.com\/#\/schema\/person\/image\/e08d7fe2cc4ed596372063bbe852b8d0","url":"https:\/\/sulsc.com\/wp-content\/uploads\/2023\/09\/redacao.png","contentUrl":"https:\/\/sulsc.com\/wp-content\/uploads\/2023\/09\/redacao.png","caption":"Reda\u00e7\u00e3o Sul SC"},"description":"Foco em um jornalismo imparcial, voltado \u00e0 qualidade dos seus conte\u00fados e, assim, levar informa\u00e7\u00e3o de valor que agregue \u00e0 vida dos leitores. Esta \u00e9 grande miss\u00e3o do Portal de Not\u00edcias Sul SC. N\u00e3o \u00e9 quantidade que muda o mundo, sempre foi e seguir\u00e1 sendo qualidade!","sameAs":["https:\/\/sulsc.com\/","https:\/\/www.facebook.com\/profile.php?id=61559278119680","https:\/\/www.instagram.com\/sulscportal\/?hl=pt-br","https:\/\/twitter.com\/https:\/\/twitter.com\/PortalSulSC","https:\/\/www.youtube.com\/channel\/UCv_BE8GeySluDov2n8qhVmw"],"url":"https:\/\/sulsc.com\/index.php\/author\/redacao\/"}]}},"authors":[],"_links":{"self":[{"href":"https:\/\/sulsc.com\/index.php\/wp-json\/wp\/v2\/posts\/5792"}],"collection":[{"href":"https:\/\/sulsc.com\/index.php\/wp-json\/wp\/v2\/posts"}],"about":[{"href":"https:\/\/sulsc.com\/index.php\/wp-json\/wp\/v2\/types\/post"}],"author":[{"embeddable":true,"href":"https:\/\/sulsc.com\/index.php\/wp-json\/wp\/v2\/users\/3"}],"replies":[{"embeddable":true,"href":"https:\/\/sulsc.com\/index.php\/wp-json\/wp\/v2\/comments?post=5792"}],"version-history":[{"count":2,"href":"https:\/\/sulsc.com\/index.php\/wp-json\/wp\/v2\/posts\/5792\/revisions"}],"predecessor-version":[{"id":5803,"href":"https:\/\/sulsc.com\/index.php\/wp-json\/wp\/v2\/posts\/5792\/revisions\/5803"}],"wp:featuredmedia":[{"embeddable":true,"href":"https:\/\/sulsc.com\/index.php\/wp-json\/wp\/v2\/media\/1650"}],"wp:attachment":[{"href":"https:\/\/sulsc.com\/index.php\/wp-json\/wp\/v2\/media?parent=5792"}],"wp:term":[{"taxonomy":"category","embeddable":true,"href":"https:\/\/sulsc.com\/index.php\/wp-json\/wp\/v2\/categories?post=5792"},{"taxonomy":"post_tag","embeddable":true,"href":"https:\/\/sulsc.com\/index.php\/wp-json\/wp\/v2\/tags?post=5792"}],"curies":[{"name":"wp","href":"https:\/\/api.w.org\/{rel}","templated":true}]}}