{"id":5906,"date":"2023-12-27T08:00:06","date_gmt":"2023-12-27T11:00:06","guid":{"rendered":"https:\/\/sulsc.com\/?p=5906"},"modified":"2023-12-27T07:23:31","modified_gmt":"2023-12-27T10:23:31","slug":"dois-mandados-de-prisao-sao-cumpridos","status":"publish","type":"post","link":"https:\/\/sulsc.com\/index.php\/2023\/12\/27\/dois-mandados-de-prisao-sao-cumpridos\/","title":{"rendered":"Dois mandados de pris\u00e3o s\u00e3o cumpridos"},"content":{"rendered":"<p>Dois mandados de pris\u00e3o foram cumpridos na regi\u00e3o. O primeiro ocorreu em Jaguaruna, por volta das 16h30 desta ter\u00e7a-feira (26). A guarni\u00e7\u00e3o estava em rondas, pr\u00f3ximo a C\u00e2mara de vereadores do munic\u00edpio, em busca de uma motocicleta com registro de furto\/roubo, quando se deparou com tr\u00eas homens saindo de uma resid\u00eancia de madeira.<\/p>\n<p>Ao serem indagados disseram que sequer conheciam o propriet\u00e1rio da resid\u00eancia. Foi realizada a busca pessoal e nada de il\u00edcito foi encontrado, por\u00e9m, em consulta ao sistema, foi constatado que um dos abordados, um homem de 22 anos, possu\u00eda um mandado de pris\u00e3o em seu desfavor.<\/p>\n<p>A segunda ocorr\u00eancia foi registrada por volta da 1h30 desta quarta-feira (27), em Tubar\u00e3o. A guarni\u00e7\u00e3o do T\u00e1tico em rondas pelo Residencial Parque das Torres, local conhecido pelo intenso tr\u00e1fico de drogas, avistou um homem de 22\u00a0 anos em atitude suspeita.<\/p>\n<p>Ao realizar a abordagem os policiais constataram, via Copom, que havia um mandado de pris\u00e3o ativo em seu desfavor, pelo crime de tr\u00e1fico de drogas. Diante do exposto, foi dado cumprimento a determina\u00e7\u00e3o judicial. <span style=\"font-size: 16px;\">Em ambos os casos os detidos foram conduzidos at\u00e9 o pres\u00eddio masculino de Tubar\u00e3o.<\/span><\/p>\n","protected":false},"excerpt":{"rendered":"<p>Dois mandados de pris\u00e3o foram cumpridos na regi\u00e3o. O primeiro ocorreu em Jaguaruna, por volta das 16h30 desta ter\u00e7a-feira (26). A guarni\u00e7\u00e3o estava em rondas, pr\u00f3ximo a C\u00e2mara de vereadores do munic\u00edpio, em busca de uma motocicleta com registro de furto\/roubo, quando se deparou com tr\u00eas homens saindo de uma resid\u00eancia de madeira. Ao serem &hellip;<\/p>\n<p class=\"read-more\"> <a class=\"\" href=\"https:\/\/sulsc.com\/index.php\/2023\/12\/27\/dois-mandados-de-prisao-sao-cumpridos\/\"> <span class=\"screen-reader-text\">Dois mandados de pris\u00e3o s\u00e3o cumpridos<\/span> Read More &raquo;<\/a><\/p>\n","protected":false},"author":3,"featured_media":5754,"comment_status":"open","ping_status":"open","sticky":false,"template":"","format":"standard","meta":{"site-sidebar-layout":"default","site-content-layout":"","ast-site-content-layout":"default","site-content-style":"default","site-sidebar-style":"default","ast-global-header-display":"","ast-banner-title-visibility":"","ast-main-header-display":"","ast-hfb-above-header-display":"","ast-hfb-below-header-display":"","ast-hfb-mobile-header-display":"","site-post-title":"","ast-breadcrumbs-content":"","ast-featured-img":"","footer-sml-layout":"","theme-transparent-header-meta":"default","adv-header-id-meta":"","stick-header-meta":"","header-above-stick-meta":"","header-main-stick-meta":"","header-below-stick-meta":"","astra-migrate-meta-layouts":"set","footnotes":""},"categories":[8],"tags":[151,345,72],"yoast_head":"<!-- This site is optimized with the Yoast SEO plugin v21.4 - https:\/\/yoast.com\/wordpress\/plugins\/seo\/ -->\n<title>Dois mandados de pris\u00e3o s\u00e3o cumpridos -<\/title>\n<meta name=\"robots\" content=\"index, follow, max-snippet:-1, max-image-preview:large, max-video-preview:-1\" \/>\n<link rel=\"canonical\" href=\"https:\/\/sulsc.com\/index.php\/2023\/12\/27\/dois-mandados-de-prisao-sao-cumpridos\/\" \/>\n<meta property=\"og:locale\" content=\"en_US\" \/>\n<meta property=\"og:type\" content=\"article\" \/>\n<meta property=\"og:title\" content=\"Dois mandados de pris\u00e3o s\u00e3o cumpridos -\" \/>\n<meta property=\"og:description\" content=\"Dois mandados de pris\u00e3o foram cumpridos na regi\u00e3o. O primeiro ocorreu em Jaguaruna, por volta das 16h30 desta ter\u00e7a-feira (26). A guarni\u00e7\u00e3o estava em rondas, pr\u00f3ximo a C\u00e2mara de vereadores do munic\u00edpio, em busca de uma motocicleta com registro de furto\/roubo, quando se deparou com tr\u00eas homens saindo de uma resid\u00eancia de madeira. Ao serem &hellip; Dois mandados de pris\u00e3o s\u00e3o cumpridos Read More &raquo;\" \/>\n<meta property=\"og:url\" content=\"https:\/\/sulsc.com\/index.php\/2023\/12\/27\/dois-mandados-de-prisao-sao-cumpridos\/\" \/>\n<meta property=\"article:author\" content=\"https:\/\/www.facebook.com\/profile.php?id=61559278119680\" \/>\n<meta property=\"article:published_time\" content=\"2023-12-27T11:00:06+00:00\" \/>\n<meta property=\"article:modified_time\" content=\"2023-12-27T10:23:31+00:00\" \/>\n<meta property=\"og:image\" content=\"https:\/\/sulsc.com\/wp-content\/uploads\/2023\/12\/prisao.jpeg\" \/>\n\t<meta property=\"og:image:width\" content=\"1170\" \/>\n\t<meta property=\"og:image:height\" content=\"766\" \/>\n\t<meta property=\"og:image:type\" content=\"image\/jpeg\" \/>\n<meta name=\"author\" content=\"Reda\u00e7\u00e3o Sul SC\" \/>\n<meta name=\"twitter:card\" content=\"summary_large_image\" \/>\n<meta name=\"twitter:creator\" content=\"@https:\/\/twitter.com\/PortalSulSC\" \/>\n<meta name=\"twitter:label1\" content=\"Written by\" \/>\n\t<meta name=\"twitter:data1\" content=\"Reda\u00e7\u00e3o Sul SC\" \/>\n\t<meta name=\"twitter:label2\" content=\"Est. reading time\" \/>\n\t<meta name=\"twitter:data2\" content=\"2 minutes\" \/>\n<script type=\"application\/ld+json\" class=\"yoast-schema-graph\">{\"@context\":\"https:\/\/schema.org\",\"@graph\":[{\"@type\":\"WebPage\",\"@id\":\"https:\/\/sulsc.com\/index.php\/2023\/12\/27\/dois-mandados-de-prisao-sao-cumpridos\/\",\"url\":\"https:\/\/sulsc.com\/index.php\/2023\/12\/27\/dois-mandados-de-prisao-sao-cumpridos\/\",\"name\":\"Dois mandados de pris\u00e3o s\u00e3o cumpridos -\",\"isPartOf\":{\"@id\":\"https:\/\/sulsc.com\/#website\"},\"datePublished\":\"2023-12-27T11:00:06+00:00\",\"dateModified\":\"2023-12-27T10:23:31+00:00\",\"author\":{\"@id\":\"https:\/\/sulsc.com\/#\/schema\/person\/84d2fc571684f6248ba83092f07750a3\"},\"breadcrumb\":{\"@id\":\"https:\/\/sulsc.com\/index.php\/2023\/12\/27\/dois-mandados-de-prisao-sao-cumpridos\/#breadcrumb\"},\"inLanguage\":\"en-US\",\"potentialAction\":[{\"@type\":\"ReadAction\",\"target\":[\"https:\/\/sulsc.com\/index.php\/2023\/12\/27\/dois-mandados-de-prisao-sao-cumpridos\/\"]}]},{\"@type\":\"BreadcrumbList\",\"@id\":\"https:\/\/sulsc.com\/index.php\/2023\/12\/27\/dois-mandados-de-prisao-sao-cumpridos\/#breadcrumb\",\"itemListElement\":[{\"@type\":\"ListItem\",\"position\":1,\"name\":\"In\u00edcio\",\"item\":\"https:\/\/sulsc.com\/\"},{\"@type\":\"ListItem\",\"position\":2,\"name\":\"Dois mandados de pris\u00e3o s\u00e3o cumpridos\"}]},{\"@type\":\"WebSite\",\"@id\":\"https:\/\/sulsc.com\/#website\",\"url\":\"https:\/\/sulsc.com\/\",\"name\":\"\",\"description\":\"\",\"potentialAction\":[{\"@type\":\"SearchAction\",\"target\":{\"@type\":\"EntryPoint\",\"urlTemplate\":\"https:\/\/sulsc.com\/?s={search_term_string}\"},\"query-input\":\"required name=search_term_string\"}],\"inLanguage\":\"en-US\"},{\"@type\":\"Person\",\"@id\":\"https:\/\/sulsc.com\/#\/schema\/person\/84d2fc571684f6248ba83092f07750a3\",\"name\":\"Reda\u00e7\u00e3o Sul SC\",\"image\":{\"@type\":\"ImageObject\",\"inLanguage\":\"en-US\",\"@id\":\"https:\/\/sulsc.com\/#\/schema\/person\/image\/e08d7fe2cc4ed596372063bbe852b8d0\",\"url\":\"https:\/\/sulsc.com\/wp-content\/uploads\/2023\/09\/redacao.png\",\"contentUrl\":\"https:\/\/sulsc.com\/wp-content\/uploads\/2023\/09\/redacao.png\",\"caption\":\"Reda\u00e7\u00e3o Sul SC\"},\"description\":\"Foco em um jornalismo imparcial, voltado \u00e0 qualidade dos seus conte\u00fados e, assim, levar informa\u00e7\u00e3o de valor que agregue \u00e0 vida dos leitores. Esta \u00e9 grande miss\u00e3o do Portal de Not\u00edcias Sul SC. N\u00e3o \u00e9 quantidade que muda o mundo, sempre foi e seguir\u00e1 sendo qualidade!\",\"sameAs\":[\"https:\/\/sulsc.com\/\",\"https:\/\/www.facebook.com\/profile.php?id=61559278119680\",\"https:\/\/www.instagram.com\/sulscportal\/?hl=pt-br\",\"https:\/\/twitter.com\/https:\/\/twitter.com\/PortalSulSC\",\"https:\/\/www.youtube.com\/channel\/UCv_BE8GeySluDov2n8qhVmw\"],\"url\":\"https:\/\/sulsc.com\/index.php\/author\/redacao\/\"}]}<\/script>\n<!-- \/ Yoast SEO plugin. -->","yoast_head_json":{"title":"Dois mandados de pris\u00e3o s\u00e3o cumpridos -","robots":{"index":"index","follow":"follow","max-snippet":"max-snippet:-1","max-image-preview":"max-image-preview:large","max-video-preview":"max-video-preview:-1"},"canonical":"https:\/\/sulsc.com\/index.php\/2023\/12\/27\/dois-mandados-de-prisao-sao-cumpridos\/","og_locale":"en_US","og_type":"article","og_title":"Dois mandados de pris\u00e3o s\u00e3o cumpridos -","og_description":"Dois mandados de pris\u00e3o foram cumpridos na regi\u00e3o. O primeiro ocorreu em Jaguaruna, por volta das 16h30 desta ter\u00e7a-feira (26). A guarni\u00e7\u00e3o estava em rondas, pr\u00f3ximo a C\u00e2mara de vereadores do munic\u00edpio, em busca de uma motocicleta com registro de furto\/roubo, quando se deparou com tr\u00eas homens saindo de uma resid\u00eancia de madeira. Ao serem &hellip; Dois mandados de pris\u00e3o s\u00e3o cumpridos Read More &raquo;","og_url":"https:\/\/sulsc.com\/index.php\/2023\/12\/27\/dois-mandados-de-prisao-sao-cumpridos\/","article_author":"https:\/\/www.facebook.com\/profile.php?id=61559278119680","article_published_time":"2023-12-27T11:00:06+00:00","article_modified_time":"2023-12-27T10:23:31+00:00","og_image":[{"width":1170,"height":766,"url":"https:\/\/sulsc.com\/wp-content\/uploads\/2023\/12\/prisao.jpeg","type":"image\/jpeg"}],"author":"Reda\u00e7\u00e3o Sul SC","twitter_card":"summary_large_image","twitter_creator":"@https:\/\/twitter.com\/PortalSulSC","twitter_misc":{"Written by":"Reda\u00e7\u00e3o Sul SC","Est. reading time":"2 minutes"},"schema":{"@context":"https:\/\/schema.org","@graph":[{"@type":"WebPage","@id":"https:\/\/sulsc.com\/index.php\/2023\/12\/27\/dois-mandados-de-prisao-sao-cumpridos\/","url":"https:\/\/sulsc.com\/index.php\/2023\/12\/27\/dois-mandados-de-prisao-sao-cumpridos\/","name":"Dois mandados de pris\u00e3o s\u00e3o cumpridos -","isPartOf":{"@id":"https:\/\/sulsc.com\/#website"},"datePublished":"2023-12-27T11:00:06+00:00","dateModified":"2023-12-27T10:23:31+00:00","author":{"@id":"https:\/\/sulsc.com\/#\/schema\/person\/84d2fc571684f6248ba83092f07750a3"},"breadcrumb":{"@id":"https:\/\/sulsc.com\/index.php\/2023\/12\/27\/dois-mandados-de-prisao-sao-cumpridos\/#breadcrumb"},"inLanguage":"en-US","potentialAction":[{"@type":"ReadAction","target":["https:\/\/sulsc.com\/index.php\/2023\/12\/27\/dois-mandados-de-prisao-sao-cumpridos\/"]}]},{"@type":"BreadcrumbList","@id":"https:\/\/sulsc.com\/index.php\/2023\/12\/27\/dois-mandados-de-prisao-sao-cumpridos\/#breadcrumb","itemListElement":[{"@type":"ListItem","position":1,"name":"In\u00edcio","item":"https:\/\/sulsc.com\/"},{"@type":"ListItem","position":2,"name":"Dois mandados de pris\u00e3o s\u00e3o cumpridos"}]},{"@type":"WebSite","@id":"https:\/\/sulsc.com\/#website","url":"https:\/\/sulsc.com\/","name":"","description":"","potentialAction":[{"@type":"SearchAction","target":{"@type":"EntryPoint","urlTemplate":"https:\/\/sulsc.com\/?s={search_term_string}"},"query-input":"required name=search_term_string"}],"inLanguage":"en-US"},{"@type":"Person","@id":"https:\/\/sulsc.com\/#\/schema\/person\/84d2fc571684f6248ba83092f07750a3","name":"Reda\u00e7\u00e3o Sul SC","image":{"@type":"ImageObject","inLanguage":"en-US","@id":"https:\/\/sulsc.com\/#\/schema\/person\/image\/e08d7fe2cc4ed596372063bbe852b8d0","url":"https:\/\/sulsc.com\/wp-content\/uploads\/2023\/09\/redacao.png","contentUrl":"https:\/\/sulsc.com\/wp-content\/uploads\/2023\/09\/redacao.png","caption":"Reda\u00e7\u00e3o Sul SC"},"description":"Foco em um jornalismo imparcial, voltado \u00e0 qualidade dos seus conte\u00fados e, assim, levar informa\u00e7\u00e3o de valor que agregue \u00e0 vida dos leitores. Esta \u00e9 grande miss\u00e3o do Portal de Not\u00edcias Sul SC. N\u00e3o \u00e9 quantidade que muda o mundo, sempre foi e seguir\u00e1 sendo qualidade!","sameAs":["https:\/\/sulsc.com\/","https:\/\/www.facebook.com\/profile.php?id=61559278119680","https:\/\/www.instagram.com\/sulscportal\/?hl=pt-br","https:\/\/twitter.com\/https:\/\/twitter.com\/PortalSulSC","https:\/\/www.youtube.com\/channel\/UCv_BE8GeySluDov2n8qhVmw"],"url":"https:\/\/sulsc.com\/index.php\/author\/redacao\/"}]}},"authors":[],"_links":{"self":[{"href":"https:\/\/sulsc.com\/index.php\/wp-json\/wp\/v2\/posts\/5906"}],"collection":[{"href":"https:\/\/sulsc.com\/index.php\/wp-json\/wp\/v2\/posts"}],"about":[{"href":"https:\/\/sulsc.com\/index.php\/wp-json\/wp\/v2\/types\/post"}],"author":[{"embeddable":true,"href":"https:\/\/sulsc.com\/index.php\/wp-json\/wp\/v2\/users\/3"}],"replies":[{"embeddable":true,"href":"https:\/\/sulsc.com\/index.php\/wp-json\/wp\/v2\/comments?post=5906"}],"version-history":[{"count":1,"href":"https:\/\/sulsc.com\/index.php\/wp-json\/wp\/v2\/posts\/5906\/revisions"}],"predecessor-version":[{"id":5907,"href":"https:\/\/sulsc.com\/index.php\/wp-json\/wp\/v2\/posts\/5906\/revisions\/5907"}],"wp:featuredmedia":[{"embeddable":true,"href":"https:\/\/sulsc.com\/index.php\/wp-json\/wp\/v2\/media\/5754"}],"wp:attachment":[{"href":"https:\/\/sulsc.com\/index.php\/wp-json\/wp\/v2\/media?parent=5906"}],"wp:term":[{"taxonomy":"category","embeddable":true,"href":"https:\/\/sulsc.com\/index.php\/wp-json\/wp\/v2\/categories?post=5906"},{"taxonomy":"post_tag","embeddable":true,"href":"https:\/\/sulsc.com\/index.php\/wp-json\/wp\/v2\/tags?post=5906"}],"curies":[{"name":"wp","href":"https:\/\/api.w.org\/{rel}","templated":true}]}}