{"id":5930,"date":"2023-12-27T11:55:12","date_gmt":"2023-12-27T14:55:12","guid":{"rendered":"https:\/\/sulsc.com\/?p=5930"},"modified":"2023-12-27T11:59:01","modified_gmt":"2023-12-27T14:59:01","slug":"suspeito-de-feminicidio-ocorrido-no-sabado-23-em-icara-e-preso-em-florianopolis","status":"publish","type":"post","link":"https:\/\/sulsc.com\/index.php\/2023\/12\/27\/suspeito-de-feminicidio-ocorrido-no-sabado-23-em-icara-e-preso-em-florianopolis\/","title":{"rendered":"Suspeito de feminic\u00eddio ocorrido no s\u00e1bado (23), em I\u00e7ara, \u00e9 preso em Florian\u00f3polis"},"content":{"rendered":"<p>O suspeito de feminic\u00eddio ocorrido no s\u00e1bado (23), em I\u00e7ara, foi preso em Florian\u00f3polis. A a\u00e7\u00e3o foi efetuada pela Polic\u00eda Civil. O homem se apresentou, ap\u00f3s tratativas iniciais por meio de seu defensor, por\u00e9m, a equipe de investiga\u00e7\u00e3o de I\u00e7ara e Balne\u00e1rio Rinc\u00e3o j\u00e1 estavam no local, em dire\u00e7\u00e3o ao Paran\u00e1 onde o suspeito estava escondido.<\/p>\n<p>Os dois filhos do casal estavam em companhia da av\u00f3 materna, sem sinais de viol\u00eancia f\u00edsica. O suspeito foi interrogado, confessou a pr\u00e1tica do crime e deu detalhes do fato, cuja motiva\u00e7\u00e3o seria a descoberta de uma rela\u00e7\u00e3o extraconjungal da v\u00edtima.<\/p>\n<p>O homem segue preso e a investiga\u00e7\u00e3o prosseguir\u00e1 para a completa elucida\u00e7\u00e3o do crime. Vale ressaltar que a investiga\u00e7\u00e3o foi realizada por meio da colabora\u00e7\u00e3o de diversos policiais de outras unidades que somaram esfor\u00e7os para que o suspeito fosse encontrado e preso, bem como a garantia da integridade f\u00edsica das crian\u00e7as, aos quais agrade\u00e7o fortemente.<\/p>\n<p><img fetchpriority=\"high\" decoding=\"async\" class=\"alignnone size-large wp-image-5937\" src=\"http:\/\/sulsc.com\/wp-content\/uploads\/2023\/12\/WhatsApp-Image-2023-12-26-at-23.32.09-576x1024.jpeg\" alt=\"\" width=\"576\" height=\"1024\" srcset=\"https:\/\/sulsc.com\/wp-content\/uploads\/2023\/12\/WhatsApp-Image-2023-12-26-at-23.32.09-576x1024.jpeg 576w, https:\/\/sulsc.com\/wp-content\/uploads\/2023\/12\/WhatsApp-Image-2023-12-26-at-23.32.09-169x300.jpeg 169w, https:\/\/sulsc.com\/wp-content\/uploads\/2023\/12\/WhatsApp-Image-2023-12-26-at-23.32.09.jpeg 720w\" sizes=\"(max-width: 576px) 100vw, 576px\" \/><\/p>\n","protected":false},"excerpt":{"rendered":"<p>O suspeito de feminic\u00eddio ocorrido no s\u00e1bado (23), em I\u00e7ara, foi preso em Florian\u00f3polis. A a\u00e7\u00e3o foi efetuada pela Polic\u00eda Civil. O homem se apresentou, ap\u00f3s tratativas iniciais por meio de seu defensor, por\u00e9m, a equipe de investiga\u00e7\u00e3o de I\u00e7ara e Balne\u00e1rio Rinc\u00e3o j\u00e1 estavam no local, em dire\u00e7\u00e3o ao Paran\u00e1 onde o suspeito estava &hellip;<\/p>\n<p class=\"read-more\"> <a class=\"\" href=\"https:\/\/sulsc.com\/index.php\/2023\/12\/27\/suspeito-de-feminicidio-ocorrido-no-sabado-23-em-icara-e-preso-em-florianopolis\/\"> <span class=\"screen-reader-text\">Suspeito de feminic\u00eddio ocorrido no s\u00e1bado (23), em I\u00e7ara, \u00e9 preso em Florian\u00f3polis<\/span> Read More &raquo;<\/a><\/p>\n","protected":false},"author":3,"featured_media":5937,"comment_status":"open","ping_status":"open","sticky":false,"template":"","format":"standard","meta":{"site-sidebar-layout":"default","site-content-layout":"","ast-site-content-layout":"default","site-content-style":"default","site-sidebar-style":"default","ast-global-header-display":"","ast-banner-title-visibility":"","ast-main-header-display":"","ast-hfb-above-header-display":"","ast-hfb-below-header-display":"","ast-hfb-mobile-header-display":"","site-post-title":"","ast-breadcrumbs-content":"","ast-featured-img":"","footer-sml-layout":"","theme-transparent-header-meta":"default","adv-header-id-meta":"","stick-header-meta":"","header-above-stick-meta":"","header-main-stick-meta":"","header-below-stick-meta":"","astra-migrate-meta-layouts":"set","footnotes":""},"categories":[1],"tags":[],"yoast_head":"<!-- This site is optimized with the Yoast SEO plugin v21.4 - https:\/\/yoast.com\/wordpress\/plugins\/seo\/ -->\n<title>Suspeito de feminic\u00eddio ocorrido no s\u00e1bado (23), em I\u00e7ara, \u00e9 preso em Florian\u00f3polis -<\/title>\n<meta name=\"description\" content=\"O suspeito confessou a pr\u00e1tica do crime e deu detalhes do fato, cuja motiva\u00e7\u00e3o seria a descoberta de uma rela\u00e7\u00e3o extraconjungal da v\u00edtima\" \/>\n<meta name=\"robots\" content=\"index, follow, max-snippet:-1, max-image-preview:large, max-video-preview:-1\" \/>\n<link rel=\"canonical\" href=\"https:\/\/sulsc.com\/index.php\/2023\/12\/27\/suspeito-de-feminicidio-ocorrido-no-sabado-23-em-icara-e-preso-em-florianopolis\/\" \/>\n<meta property=\"og:locale\" content=\"en_US\" \/>\n<meta property=\"og:type\" content=\"article\" \/>\n<meta property=\"og:title\" content=\"Suspeito de feminic\u00eddio ocorrido no s\u00e1bado (23), em I\u00e7ara, \u00e9 preso em Florian\u00f3polis -\" \/>\n<meta property=\"og:description\" content=\"O suspeito confessou a pr\u00e1tica do crime e deu detalhes do fato, cuja motiva\u00e7\u00e3o seria a descoberta de uma rela\u00e7\u00e3o extraconjungal da v\u00edtima\" \/>\n<meta property=\"og:url\" content=\"https:\/\/sulsc.com\/index.php\/2023\/12\/27\/suspeito-de-feminicidio-ocorrido-no-sabado-23-em-icara-e-preso-em-florianopolis\/\" \/>\n<meta property=\"article:author\" content=\"https:\/\/www.facebook.com\/profile.php?id=61559278119680\" \/>\n<meta property=\"article:published_time\" content=\"2023-12-27T14:55:12+00:00\" \/>\n<meta property=\"article:modified_time\" content=\"2023-12-27T14:59:01+00:00\" \/>\n<meta property=\"og:image\" content=\"http:\/\/sulsc.com\/wp-content\/uploads\/2023\/12\/WhatsApp-Image-2023-12-26-at-23.32.09.jpeg\" \/>\n\t<meta property=\"og:image:width\" content=\"720\" \/>\n\t<meta property=\"og:image:height\" content=\"1280\" \/>\n\t<meta property=\"og:image:type\" content=\"image\/jpeg\" \/>\n<meta name=\"author\" content=\"Reda\u00e7\u00e3o Sul SC\" \/>\n<meta name=\"twitter:card\" content=\"summary_large_image\" \/>\n<meta name=\"twitter:creator\" content=\"@https:\/\/twitter.com\/PortalSulSC\" \/>\n<meta name=\"twitter:label1\" content=\"Written by\" \/>\n\t<meta name=\"twitter:data1\" content=\"Reda\u00e7\u00e3o Sul SC\" \/>\n\t<meta name=\"twitter:label2\" content=\"Est. reading time\" \/>\n\t<meta name=\"twitter:data2\" content=\"2 minutes\" \/>\n<script type=\"application\/ld+json\" class=\"yoast-schema-graph\">{\"@context\":\"https:\/\/schema.org\",\"@graph\":[{\"@type\":\"WebPage\",\"@id\":\"https:\/\/sulsc.com\/index.php\/2023\/12\/27\/suspeito-de-feminicidio-ocorrido-no-sabado-23-em-icara-e-preso-em-florianopolis\/\",\"url\":\"https:\/\/sulsc.com\/index.php\/2023\/12\/27\/suspeito-de-feminicidio-ocorrido-no-sabado-23-em-icara-e-preso-em-florianopolis\/\",\"name\":\"Suspeito de feminic\u00eddio ocorrido no s\u00e1bado (23), em I\u00e7ara, \u00e9 preso em Florian\u00f3polis -\",\"isPartOf\":{\"@id\":\"https:\/\/sulsc.com\/#website\"},\"datePublished\":\"2023-12-27T14:55:12+00:00\",\"dateModified\":\"2023-12-27T14:59:01+00:00\",\"author\":{\"@id\":\"https:\/\/sulsc.com\/#\/schema\/person\/84d2fc571684f6248ba83092f07750a3\"},\"description\":\"O suspeito confessou a pr\u00e1tica do crime e deu detalhes do fato, cuja motiva\u00e7\u00e3o seria a descoberta de uma rela\u00e7\u00e3o extraconjungal da v\u00edtima\",\"breadcrumb\":{\"@id\":\"https:\/\/sulsc.com\/index.php\/2023\/12\/27\/suspeito-de-feminicidio-ocorrido-no-sabado-23-em-icara-e-preso-em-florianopolis\/#breadcrumb\"},\"inLanguage\":\"en-US\",\"potentialAction\":[{\"@type\":\"ReadAction\",\"target\":[\"https:\/\/sulsc.com\/index.php\/2023\/12\/27\/suspeito-de-feminicidio-ocorrido-no-sabado-23-em-icara-e-preso-em-florianopolis\/\"]}]},{\"@type\":\"BreadcrumbList\",\"@id\":\"https:\/\/sulsc.com\/index.php\/2023\/12\/27\/suspeito-de-feminicidio-ocorrido-no-sabado-23-em-icara-e-preso-em-florianopolis\/#breadcrumb\",\"itemListElement\":[{\"@type\":\"ListItem\",\"position\":1,\"name\":\"In\u00edcio\",\"item\":\"https:\/\/sulsc.com\/\"},{\"@type\":\"ListItem\",\"position\":2,\"name\":\"Suspeito de feminic\u00eddio ocorrido no s\u00e1bado (23), em I\u00e7ara, \u00e9 preso em Florian\u00f3polis\"}]},{\"@type\":\"WebSite\",\"@id\":\"https:\/\/sulsc.com\/#website\",\"url\":\"https:\/\/sulsc.com\/\",\"name\":\"\",\"description\":\"\",\"potentialAction\":[{\"@type\":\"SearchAction\",\"target\":{\"@type\":\"EntryPoint\",\"urlTemplate\":\"https:\/\/sulsc.com\/?s={search_term_string}\"},\"query-input\":\"required name=search_term_string\"}],\"inLanguage\":\"en-US\"},{\"@type\":\"Person\",\"@id\":\"https:\/\/sulsc.com\/#\/schema\/person\/84d2fc571684f6248ba83092f07750a3\",\"name\":\"Reda\u00e7\u00e3o Sul SC\",\"image\":{\"@type\":\"ImageObject\",\"inLanguage\":\"en-US\",\"@id\":\"https:\/\/sulsc.com\/#\/schema\/person\/image\/e08d7fe2cc4ed596372063bbe852b8d0\",\"url\":\"https:\/\/sulsc.com\/wp-content\/uploads\/2023\/09\/redacao.png\",\"contentUrl\":\"https:\/\/sulsc.com\/wp-content\/uploads\/2023\/09\/redacao.png\",\"caption\":\"Reda\u00e7\u00e3o Sul SC\"},\"description\":\"Foco em um jornalismo imparcial, voltado \u00e0 qualidade dos seus conte\u00fados e, assim, levar informa\u00e7\u00e3o de valor que agregue \u00e0 vida dos leitores. Esta \u00e9 grande miss\u00e3o do Portal de Not\u00edcias Sul SC. N\u00e3o \u00e9 quantidade que muda o mundo, sempre foi e seguir\u00e1 sendo qualidade!\",\"sameAs\":[\"https:\/\/sulsc.com\/\",\"https:\/\/www.facebook.com\/profile.php?id=61559278119680\",\"https:\/\/www.instagram.com\/sulscportal\/?hl=pt-br\",\"https:\/\/twitter.com\/https:\/\/twitter.com\/PortalSulSC\",\"https:\/\/www.youtube.com\/channel\/UCv_BE8GeySluDov2n8qhVmw\"],\"url\":\"https:\/\/sulsc.com\/index.php\/author\/redacao\/\"}]}<\/script>\n<!-- \/ Yoast SEO plugin. -->","yoast_head_json":{"title":"Suspeito de feminic\u00eddio ocorrido no s\u00e1bado (23), em I\u00e7ara, \u00e9 preso em Florian\u00f3polis -","description":"O suspeito confessou a pr\u00e1tica do crime e deu detalhes do fato, cuja motiva\u00e7\u00e3o seria a descoberta de uma rela\u00e7\u00e3o extraconjungal da v\u00edtima","robots":{"index":"index","follow":"follow","max-snippet":"max-snippet:-1","max-image-preview":"max-image-preview:large","max-video-preview":"max-video-preview:-1"},"canonical":"https:\/\/sulsc.com\/index.php\/2023\/12\/27\/suspeito-de-feminicidio-ocorrido-no-sabado-23-em-icara-e-preso-em-florianopolis\/","og_locale":"en_US","og_type":"article","og_title":"Suspeito de feminic\u00eddio ocorrido no s\u00e1bado (23), em I\u00e7ara, \u00e9 preso em Florian\u00f3polis -","og_description":"O suspeito confessou a pr\u00e1tica do crime e deu detalhes do fato, cuja motiva\u00e7\u00e3o seria a descoberta de uma rela\u00e7\u00e3o extraconjungal da v\u00edtima","og_url":"https:\/\/sulsc.com\/index.php\/2023\/12\/27\/suspeito-de-feminicidio-ocorrido-no-sabado-23-em-icara-e-preso-em-florianopolis\/","article_author":"https:\/\/www.facebook.com\/profile.php?id=61559278119680","article_published_time":"2023-12-27T14:55:12+00:00","article_modified_time":"2023-12-27T14:59:01+00:00","og_image":[{"width":720,"height":1280,"url":"http:\/\/sulsc.com\/wp-content\/uploads\/2023\/12\/WhatsApp-Image-2023-12-26-at-23.32.09.jpeg","type":"image\/jpeg"}],"author":"Reda\u00e7\u00e3o Sul SC","twitter_card":"summary_large_image","twitter_creator":"@https:\/\/twitter.com\/PortalSulSC","twitter_misc":{"Written by":"Reda\u00e7\u00e3o Sul SC","Est. reading time":"2 minutes"},"schema":{"@context":"https:\/\/schema.org","@graph":[{"@type":"WebPage","@id":"https:\/\/sulsc.com\/index.php\/2023\/12\/27\/suspeito-de-feminicidio-ocorrido-no-sabado-23-em-icara-e-preso-em-florianopolis\/","url":"https:\/\/sulsc.com\/index.php\/2023\/12\/27\/suspeito-de-feminicidio-ocorrido-no-sabado-23-em-icara-e-preso-em-florianopolis\/","name":"Suspeito de feminic\u00eddio ocorrido no s\u00e1bado (23), em I\u00e7ara, \u00e9 preso em Florian\u00f3polis -","isPartOf":{"@id":"https:\/\/sulsc.com\/#website"},"datePublished":"2023-12-27T14:55:12+00:00","dateModified":"2023-12-27T14:59:01+00:00","author":{"@id":"https:\/\/sulsc.com\/#\/schema\/person\/84d2fc571684f6248ba83092f07750a3"},"description":"O suspeito confessou a pr\u00e1tica do crime e deu detalhes do fato, cuja motiva\u00e7\u00e3o seria a descoberta de uma rela\u00e7\u00e3o extraconjungal da v\u00edtima","breadcrumb":{"@id":"https:\/\/sulsc.com\/index.php\/2023\/12\/27\/suspeito-de-feminicidio-ocorrido-no-sabado-23-em-icara-e-preso-em-florianopolis\/#breadcrumb"},"inLanguage":"en-US","potentialAction":[{"@type":"ReadAction","target":["https:\/\/sulsc.com\/index.php\/2023\/12\/27\/suspeito-de-feminicidio-ocorrido-no-sabado-23-em-icara-e-preso-em-florianopolis\/"]}]},{"@type":"BreadcrumbList","@id":"https:\/\/sulsc.com\/index.php\/2023\/12\/27\/suspeito-de-feminicidio-ocorrido-no-sabado-23-em-icara-e-preso-em-florianopolis\/#breadcrumb","itemListElement":[{"@type":"ListItem","position":1,"name":"In\u00edcio","item":"https:\/\/sulsc.com\/"},{"@type":"ListItem","position":2,"name":"Suspeito de feminic\u00eddio ocorrido no s\u00e1bado (23), em I\u00e7ara, \u00e9 preso em Florian\u00f3polis"}]},{"@type":"WebSite","@id":"https:\/\/sulsc.com\/#website","url":"https:\/\/sulsc.com\/","name":"","description":"","potentialAction":[{"@type":"SearchAction","target":{"@type":"EntryPoint","urlTemplate":"https:\/\/sulsc.com\/?s={search_term_string}"},"query-input":"required name=search_term_string"}],"inLanguage":"en-US"},{"@type":"Person","@id":"https:\/\/sulsc.com\/#\/schema\/person\/84d2fc571684f6248ba83092f07750a3","name":"Reda\u00e7\u00e3o Sul SC","image":{"@type":"ImageObject","inLanguage":"en-US","@id":"https:\/\/sulsc.com\/#\/schema\/person\/image\/e08d7fe2cc4ed596372063bbe852b8d0","url":"https:\/\/sulsc.com\/wp-content\/uploads\/2023\/09\/redacao.png","contentUrl":"https:\/\/sulsc.com\/wp-content\/uploads\/2023\/09\/redacao.png","caption":"Reda\u00e7\u00e3o Sul SC"},"description":"Foco em um jornalismo imparcial, voltado \u00e0 qualidade dos seus conte\u00fados e, assim, levar informa\u00e7\u00e3o de valor que agregue \u00e0 vida dos leitores. Esta \u00e9 grande miss\u00e3o do Portal de Not\u00edcias Sul SC. N\u00e3o \u00e9 quantidade que muda o mundo, sempre foi e seguir\u00e1 sendo qualidade!","sameAs":["https:\/\/sulsc.com\/","https:\/\/www.facebook.com\/profile.php?id=61559278119680","https:\/\/www.instagram.com\/sulscportal\/?hl=pt-br","https:\/\/twitter.com\/https:\/\/twitter.com\/PortalSulSC","https:\/\/www.youtube.com\/channel\/UCv_BE8GeySluDov2n8qhVmw"],"url":"https:\/\/sulsc.com\/index.php\/author\/redacao\/"}]}},"authors":[],"_links":{"self":[{"href":"https:\/\/sulsc.com\/index.php\/wp-json\/wp\/v2\/posts\/5930"}],"collection":[{"href":"https:\/\/sulsc.com\/index.php\/wp-json\/wp\/v2\/posts"}],"about":[{"href":"https:\/\/sulsc.com\/index.php\/wp-json\/wp\/v2\/types\/post"}],"author":[{"embeddable":true,"href":"https:\/\/sulsc.com\/index.php\/wp-json\/wp\/v2\/users\/3"}],"replies":[{"embeddable":true,"href":"https:\/\/sulsc.com\/index.php\/wp-json\/wp\/v2\/comments?post=5930"}],"version-history":[{"count":4,"href":"https:\/\/sulsc.com\/index.php\/wp-json\/wp\/v2\/posts\/5930\/revisions"}],"predecessor-version":[{"id":5939,"href":"https:\/\/sulsc.com\/index.php\/wp-json\/wp\/v2\/posts\/5930\/revisions\/5939"}],"wp:featuredmedia":[{"embeddable":true,"href":"https:\/\/sulsc.com\/index.php\/wp-json\/wp\/v2\/media\/5937"}],"wp:attachment":[{"href":"https:\/\/sulsc.com\/index.php\/wp-json\/wp\/v2\/media?parent=5930"}],"wp:term":[{"taxonomy":"category","embeddable":true,"href":"https:\/\/sulsc.com\/index.php\/wp-json\/wp\/v2\/categories?post=5930"},{"taxonomy":"post_tag","embeddable":true,"href":"https:\/\/sulsc.com\/index.php\/wp-json\/wp\/v2\/tags?post=5930"}],"curies":[{"name":"wp","href":"https:\/\/api.w.org\/{rel}","templated":true}]}}