{"id":5995,"date":"2023-12-28T07:20:48","date_gmt":"2023-12-28T10:20:48","guid":{"rendered":"https:\/\/sulsc.com\/?p=5995"},"modified":"2023-12-28T07:19:23","modified_gmt":"2023-12-28T10:19:23","slug":"sao-silvestre-500-mil-copos-de-agua-usados-pelos-atletas-serao-reciclados","status":"publish","type":"post","link":"https:\/\/sulsc.com\/index.php\/2023\/12\/28\/sao-silvestre-500-mil-copos-de-agua-usados-pelos-atletas-serao-reciclados\/","title":{"rendered":"S\u00e3o Silvestre: 500 mil copos de \u00e1gua usados pelos atletas ser\u00e3o reciclados"},"content":{"rendered":"<p><img fetchpriority=\"high\" decoding=\"async\" class=\"alignnone size-large wp-image-5996\" src=\"http:\/\/sulsc.com\/wp-content\/uploads\/2023\/12\/Sao-Silvestre-500-mil-copos-de-agua-usados-pelos-atletas-serao-reciclados-1024x576.webp\" alt=\"\" width=\"1024\" height=\"576\" srcset=\"https:\/\/sulsc.com\/wp-content\/uploads\/2023\/12\/Sao-Silvestre-500-mil-copos-de-agua-usados-pelos-atletas-serao-reciclados-1024x576.webp 1024w, https:\/\/sulsc.com\/wp-content\/uploads\/2023\/12\/Sao-Silvestre-500-mil-copos-de-agua-usados-pelos-atletas-serao-reciclados-300x169.webp 300w, https:\/\/sulsc.com\/wp-content\/uploads\/2023\/12\/Sao-Silvestre-500-mil-copos-de-agua-usados-pelos-atletas-serao-reciclados-768x432.webp 768w, https:\/\/sulsc.com\/wp-content\/uploads\/2023\/12\/Sao-Silvestre-500-mil-copos-de-agua-usados-pelos-atletas-serao-reciclados-1536x864.webp 1536w, https:\/\/sulsc.com\/wp-content\/uploads\/2023\/12\/Sao-Silvestre-500-mil-copos-de-agua-usados-pelos-atletas-serao-reciclados.webp 2048w\" sizes=\"(max-width: 1024px) 100vw, 1024px\" \/><\/p>\n<p>A tradicional corrida de S\u00e3o Silvestre, que acontece todo ano no dia 31 de dezembro, vai contar com a coleta e destina\u00e7\u00e3o correta dos copos de \u00e1gua usados pelos atletas.\u00a0Durante a ocasi\u00e3o, o Movimento Pl\u00e1stico Transforma, realizar\u00e1 a a\u00e7\u00e3o de coleta dos copos pl\u00e1sticos de \u00e1gua utilizados pelos participantes.\u00a0Esta ser\u00e1 a quarta edi\u00e7\u00e3o da iniciativa, que tem como parceiros a Funda\u00e7\u00e3o C\u00e1sper L\u00edbero e a Yescom.<\/p>\n<p>A estimativa \u00e9 que ao longo dos 15 km do percurso da corrida sejam distribu\u00eddos aos participantes cerca de 500 mil copos pl\u00e1sticos.\u00a0De acordo com os organizados, esses copos geralmente acabariam nas vias ou em lixeiras comuns, ap\u00f3s o consumo.\u00a0A equipe de coleta ser\u00e1 respons\u00e1vel por garantir que os copos sejam descartados corretamente, para que assim possam ser encaminhados para a reciclagem.<\/p>\n<p>A retirada do lacre de alum\u00ednio beneficiar\u00e1 a cooperativa de catadores YouGreen ap\u00f3s a coleta dos res\u00edduos.\u00a0J\u00e1 na Plastimil, eles fabricar\u00e3o a resina reciclada, e finalizando o processo, a mat\u00e9ria-prima reciclada ser\u00e1 transformada em novos produtos, que ser\u00e3o doados e retornar\u00e3o \u00e0 sociedade.<\/p>\n<p>&nbsp;<\/p>\n<p><strong>Aterro zero<\/strong><\/p>\n<div class=\"wp-block-spacer\" aria-hidden=\"true\">\n<figure id=\"attachment_23478\" aria-describedby=\"caption-attachment-23478\" style=\"width: 1024px\" class=\"wp-caption alignnone\"><img decoding=\"async\" class=\"webpexpress-processed entered lazyloaded wp-image-23478\" style=\"text-align: center; font-style: inherit; font-weight: inherit;\" src=\"https:\/\/portalsustentabilidade.com\/wp-content\/uploads\/2023\/12\/design-destaque-10-1-1024x576.jpg\" sizes=\"(max-width: 1024px) 100vw, 1024px\" srcset=\"https:\/\/portalsustentabilidade.com\/wp-content\/uploads\/2023\/12\/design-destaque-10-1-1024x576.jpg 1024w, https:\/\/portalsustentabilidade.com\/wp-content\/uploads\/2023\/12\/design-destaque-10-1-300x169.jpg 300w, https:\/\/portalsustentabilidade.com\/wp-content\/uploads\/2023\/12\/design-destaque-10-1-768x432.jpg 768w, https:\/\/portalsustentabilidade.com\/wp-content\/uploads\/2023\/12\/design-destaque-10-1-1536x864.jpg 1536w, https:\/\/portalsustentabilidade.com\/wp-content\/uploads\/2023\/12\/design-destaque-10-1-2048x1152.jpg 2048w\" alt=\"reciclagem\" width=\"1024\" height=\"576\" data-lazy-srcset=\"https:\/\/portalsustentabilidade.com\/wp-content\/uploads\/2023\/12\/design-destaque-10-1-1024x576.jpg 1024w, https:\/\/portalsustentabilidade.com\/wp-content\/uploads\/2023\/12\/design-destaque-10-1-300x169.jpg 300w, https:\/\/portalsustentabilidade.com\/wp-content\/uploads\/2023\/12\/design-destaque-10-1-768x432.jpg 768w, https:\/\/portalsustentabilidade.com\/wp-content\/uploads\/2023\/12\/design-destaque-10-1-1536x864.jpg 1536w, https:\/\/portalsustentabilidade.com\/wp-content\/uploads\/2023\/12\/design-destaque-10-1-2048x1152.jpg 2048w\" data-lazy-sizes=\"(max-width: 1024px) 100vw, 1024px\" data-lazy-src=\"https:\/\/portalsustentabilidade.com\/wp-content\/uploads\/2023\/12\/design-destaque-10-1-1024x576.jpg\" data-ll-status=\"loaded\" \/><figcaption id=\"caption-attachment-23478\" class=\"wp-caption-text\">Foto: Reprodu\u00e7\u00e3o\/Pexels<\/figcaption><\/figure>\n<\/div>\n<div class=\"wp-block-spacer\" aria-hidden=\"true\">\n<p>Os organizadores da S\u00e3o Silvestre 2023, pretendem atingir res\u00edduo zero dos copos pl\u00e1sticos, evitando assim que acabem nos aterros sanit\u00e1rios.\u00a0Al\u00e9m disso, a organiza\u00e7\u00e3o vai investir na conscientiza\u00e7\u00e3o do p\u00fablico sobre a import\u00e2ncia da reciclagem e da economia circular.<\/p>\n<p>De acordo com Mariana Cardoso, membro do grupo t\u00e9cnico do Movimento Pl\u00e1stico Transforma, essa a\u00e7\u00e3o tem o intuito de trazer consci\u00eancia a sociedade quanto aos benef\u00edcios provenientes da reciclagem, que se torna mais efetiva quando todos colaboram por meio da realiza\u00e7\u00e3o do descarte correto de res\u00edduos.<\/p>\n<p>\u201cA partir do recolhimento deste material ser\u00e1 poss\u00edvel retorn\u00e1-los \u00e0 sociedade com outras utilidades, e ao mesmo tempo colaborar com a preserva\u00e7\u00e3o do meio ambiente\u201d, explica.<\/p>\n<p>&nbsp;<\/p>\n<p><strong>Novos Materiais<\/strong><\/p>\n<\/div>\n<div class=\"wp-block-image\">\n<figure class=\"aligncenter size-large\"><picture><source srcset=\"https:\/\/portalsustentabilidade.com\/wp-content\/webp-express\/webp-images\/uploads\/2023\/12\/design-destaque-11-2-1024x576.jpg.webp 1024w, https:\/\/portalsustentabilidade.com\/wp-content\/webp-express\/webp-images\/uploads\/2023\/12\/design-destaque-11-2-300x169.jpg.webp 300w, https:\/\/portalsustentabilidade.com\/wp-content\/webp-express\/webp-images\/uploads\/2023\/12\/design-destaque-11-2-768x432.jpg.webp 768w, https:\/\/portalsustentabilidade.com\/wp-content\/webp-express\/webp-images\/uploads\/2023\/12\/design-destaque-11-2-1536x864.jpg.webp 1536w, https:\/\/portalsustentabilidade.com\/wp-content\/webp-express\/webp-images\/uploads\/2023\/12\/design-destaque-11-2-2048x1152.jpg.webp 2048w\" type=\"image\/webp\" sizes=\"(max-width: 1024px) 100vw, 1024px\" data-lazy-srcset=\"https:\/\/portalsustentabilidade.com\/wp-content\/webp-express\/webp-images\/uploads\/2023\/12\/design-destaque-11-2-1024x576.jpg.webp 1024w, https:\/\/portalsustentabilidade.com\/wp-content\/webp-express\/webp-images\/uploads\/2023\/12\/design-destaque-11-2-300x169.jpg.webp 300w, https:\/\/portalsustentabilidade.com\/wp-content\/webp-express\/webp-images\/uploads\/2023\/12\/design-destaque-11-2-768x432.jpg.webp 768w, https:\/\/portalsustentabilidade.com\/wp-content\/webp-express\/webp-images\/uploads\/2023\/12\/design-destaque-11-2-1536x864.jpg.webp 1536w, https:\/\/portalsustentabilidade.com\/wp-content\/webp-express\/webp-images\/uploads\/2023\/12\/design-destaque-11-2-2048x1152.jpg.webp 2048w\" \/><\/picture>\n<figure id=\"attachment_23479\" aria-describedby=\"caption-attachment-23479\" style=\"width: 1024px\" class=\"wp-caption alignnone\"><img decoding=\"async\" class=\"webpexpress-processed entered lazyloaded wp-image-23479\" src=\"https:\/\/portalsustentabilidade.com\/wp-content\/uploads\/2023\/12\/design-destaque-11-2-1024x576.jpg\" sizes=\"(max-width: 1024px) 100vw, 1024px\" srcset=\"https:\/\/portalsustentabilidade.com\/wp-content\/uploads\/2023\/12\/design-destaque-11-2-1024x576.jpg 1024w, https:\/\/portalsustentabilidade.com\/wp-content\/uploads\/2023\/12\/design-destaque-11-2-300x169.jpg 300w, https:\/\/portalsustentabilidade.com\/wp-content\/uploads\/2023\/12\/design-destaque-11-2-768x432.jpg 768w, https:\/\/portalsustentabilidade.com\/wp-content\/uploads\/2023\/12\/design-destaque-11-2-1536x864.jpg 1536w, https:\/\/portalsustentabilidade.com\/wp-content\/uploads\/2023\/12\/design-destaque-11-2-2048x1152.jpg 2048w\" alt=\"S\u00e3o Silvestre\" width=\"1024\" height=\"576\" data-lazy-srcset=\"https:\/\/portalsustentabilidade.com\/wp-content\/uploads\/2023\/12\/design-destaque-11-2-1024x576.jpg 1024w, https:\/\/portalsustentabilidade.com\/wp-content\/uploads\/2023\/12\/design-destaque-11-2-300x169.jpg 300w, https:\/\/portalsustentabilidade.com\/wp-content\/uploads\/2023\/12\/design-destaque-11-2-768x432.jpg 768w, https:\/\/portalsustentabilidade.com\/wp-content\/uploads\/2023\/12\/design-destaque-11-2-1536x864.jpg 1536w, https:\/\/portalsustentabilidade.com\/wp-content\/uploads\/2023\/12\/design-destaque-11-2-2048x1152.jpg 2048w\" data-lazy-sizes=\"(max-width: 1024px) 100vw, 1024px\" data-lazy-src=\"https:\/\/portalsustentabilidade.com\/wp-content\/uploads\/2023\/12\/design-destaque-11-2-1024x576.jpg\" data-ll-status=\"loaded\" \/><figcaption id=\"caption-attachment-23479\" class=\"wp-caption-text\">As mesas de Pernambuco \u2013 Foto: Movimento Pl\u00e1stico Transforma<\/figcaption><\/figure>\n<p style=\"text-align: left;\">Na \u00faltima edi\u00e7\u00e3o da a\u00e7\u00e3o, realizada em 2022, eles fabricaram 214 mesas e 420 cadeiras utilizando mat\u00e9ria-prima proveniente dos 190 mil copos pl\u00e1sticos coletados durante a corrida. O material beneficiou cerca de 682 crian\u00e7as de escolas p\u00fablicas de Pernambuco.<\/p>\n<p style=\"text-align: left;\">Em 2021, a a\u00e7\u00e3o transformou os 95 mil copos pl\u00e1sticos coletados e reciclados em 1.200 caixas organizadoras que beneficiaram aproximadamente 6.700 alunos de escolas p\u00fablicas de S\u00e3o Paulo.\u00a0Da mesma forma, em 2019, elas transformaram as embalagens em 1.800 lixeiras e doaram para escolas p\u00fablicas das cidades de Jaguari\u00fana e S\u00e3o Carlos, no Interior de S\u00e3o Paulo.<\/p>\n<\/figure>\n<\/div>\n<p>&nbsp;<\/p>\n<p>Fonte: Portal Sustentabilidade<\/p>\n","protected":false},"excerpt":{"rendered":"<p>A tradicional corrida de S\u00e3o Silvestre, que acontece todo ano no dia 31 de dezembro, vai contar com a coleta e destina\u00e7\u00e3o correta dos copos de \u00e1gua usados pelos atletas.\u00a0Durante a ocasi\u00e3o, o Movimento Pl\u00e1stico Transforma, realizar\u00e1 a a\u00e7\u00e3o de coleta dos copos pl\u00e1sticos de \u00e1gua utilizados pelos participantes.\u00a0Esta ser\u00e1 a quarta edi\u00e7\u00e3o da iniciativa, &hellip;<\/p>\n<p class=\"read-more\"> <a class=\"\" href=\"https:\/\/sulsc.com\/index.php\/2023\/12\/28\/sao-silvestre-500-mil-copos-de-agua-usados-pelos-atletas-serao-reciclados\/\"> <span class=\"screen-reader-text\">S\u00e3o Silvestre: 500 mil copos de \u00e1gua usados pelos atletas ser\u00e3o reciclados<\/span> Read More &raquo;<\/a><\/p>\n","protected":false},"author":3,"featured_media":5996,"comment_status":"open","ping_status":"open","sticky":false,"template":"","format":"standard","meta":{"site-sidebar-layout":"default","site-content-layout":"","ast-site-content-layout":"default","site-content-style":"default","site-sidebar-style":"default","ast-global-header-display":"","ast-banner-title-visibility":"","ast-main-header-display":"","ast-hfb-above-header-display":"","ast-hfb-below-header-display":"","ast-hfb-mobile-header-display":"","site-post-title":"","ast-breadcrumbs-content":"","ast-featured-img":"","footer-sml-layout":"","theme-transparent-header-meta":"default","adv-header-id-meta":"","stick-header-meta":"","header-above-stick-meta":"","header-main-stick-meta":"","header-below-stick-meta":"","astra-migrate-meta-layouts":"set","footnotes":""},"categories":[17],"tags":[],"yoast_head":"<!-- This site is optimized with the Yoast SEO plugin v21.4 - https:\/\/yoast.com\/wordpress\/plugins\/seo\/ -->\n<title>S\u00e3o Silvestre: 500 mil copos de \u00e1gua usados pelos atletas ser\u00e3o reciclados -<\/title>\n<meta name=\"description\" content=\"De acordo com os organizados, esses copos geralmente acabariam nas vias ou em lixeiras comuns, ap\u00f3s o consumo\" \/>\n<meta name=\"robots\" content=\"index, follow, max-snippet:-1, max-image-preview:large, max-video-preview:-1\" \/>\n<link rel=\"canonical\" href=\"https:\/\/sulsc.com\/index.php\/2023\/12\/28\/sao-silvestre-500-mil-copos-de-agua-usados-pelos-atletas-serao-reciclados\/\" \/>\n<meta property=\"og:locale\" content=\"en_US\" \/>\n<meta property=\"og:type\" content=\"article\" \/>\n<meta property=\"og:title\" content=\"S\u00e3o Silvestre: 500 mil copos de \u00e1gua usados pelos atletas ser\u00e3o reciclados -\" \/>\n<meta property=\"og:description\" content=\"De acordo com os organizados, esses copos geralmente acabariam nas vias ou em lixeiras comuns, ap\u00f3s o consumo\" \/>\n<meta property=\"og:url\" content=\"https:\/\/sulsc.com\/index.php\/2023\/12\/28\/sao-silvestre-500-mil-copos-de-agua-usados-pelos-atletas-serao-reciclados\/\" \/>\n<meta property=\"article:author\" content=\"https:\/\/www.facebook.com\/profile.php?id=61559278119680\" \/>\n<meta property=\"article:published_time\" content=\"2023-12-28T10:20:48+00:00\" \/>\n<meta property=\"article:modified_time\" content=\"2023-12-28T10:19:23+00:00\" \/>\n<meta property=\"og:image\" content=\"https:\/\/sulsc.com\/wp-content\/uploads\/2023\/12\/Sao-Silvestre-500-mil-copos-de-agua-usados-pelos-atletas-serao-reciclados.webp\" \/>\n\t<meta property=\"og:image:width\" content=\"2048\" \/>\n\t<meta property=\"og:image:height\" content=\"1152\" \/>\n\t<meta property=\"og:image:type\" content=\"image\/webp\" \/>\n<meta name=\"author\" content=\"Reda\u00e7\u00e3o Sul SC\" \/>\n<meta name=\"twitter:card\" content=\"summary_large_image\" \/>\n<meta name=\"twitter:creator\" content=\"@https:\/\/twitter.com\/PortalSulSC\" \/>\n<meta name=\"twitter:label1\" content=\"Written by\" \/>\n\t<meta name=\"twitter:data1\" content=\"Reda\u00e7\u00e3o Sul SC\" \/>\n\t<meta name=\"twitter:label2\" content=\"Est. reading time\" \/>\n\t<meta name=\"twitter:data2\" content=\"3 minutes\" \/>\n<script type=\"application\/ld+json\" class=\"yoast-schema-graph\">{\"@context\":\"https:\/\/schema.org\",\"@graph\":[{\"@type\":\"WebPage\",\"@id\":\"https:\/\/sulsc.com\/index.php\/2023\/12\/28\/sao-silvestre-500-mil-copos-de-agua-usados-pelos-atletas-serao-reciclados\/\",\"url\":\"https:\/\/sulsc.com\/index.php\/2023\/12\/28\/sao-silvestre-500-mil-copos-de-agua-usados-pelos-atletas-serao-reciclados\/\",\"name\":\"S\u00e3o Silvestre: 500 mil copos de \u00e1gua usados pelos atletas ser\u00e3o reciclados -\",\"isPartOf\":{\"@id\":\"https:\/\/sulsc.com\/#website\"},\"datePublished\":\"2023-12-28T10:20:48+00:00\",\"dateModified\":\"2023-12-28T10:19:23+00:00\",\"author\":{\"@id\":\"https:\/\/sulsc.com\/#\/schema\/person\/84d2fc571684f6248ba83092f07750a3\"},\"description\":\"De acordo com os organizados, esses copos geralmente acabariam nas vias ou em lixeiras comuns, ap\u00f3s o consumo\",\"breadcrumb\":{\"@id\":\"https:\/\/sulsc.com\/index.php\/2023\/12\/28\/sao-silvestre-500-mil-copos-de-agua-usados-pelos-atletas-serao-reciclados\/#breadcrumb\"},\"inLanguage\":\"en-US\",\"potentialAction\":[{\"@type\":\"ReadAction\",\"target\":[\"https:\/\/sulsc.com\/index.php\/2023\/12\/28\/sao-silvestre-500-mil-copos-de-agua-usados-pelos-atletas-serao-reciclados\/\"]}]},{\"@type\":\"BreadcrumbList\",\"@id\":\"https:\/\/sulsc.com\/index.php\/2023\/12\/28\/sao-silvestre-500-mil-copos-de-agua-usados-pelos-atletas-serao-reciclados\/#breadcrumb\",\"itemListElement\":[{\"@type\":\"ListItem\",\"position\":1,\"name\":\"In\u00edcio\",\"item\":\"https:\/\/sulsc.com\/\"},{\"@type\":\"ListItem\",\"position\":2,\"name\":\"S\u00e3o Silvestre: 500 mil copos de \u00e1gua usados pelos atletas ser\u00e3o reciclados\"}]},{\"@type\":\"WebSite\",\"@id\":\"https:\/\/sulsc.com\/#website\",\"url\":\"https:\/\/sulsc.com\/\",\"name\":\"\",\"description\":\"\",\"potentialAction\":[{\"@type\":\"SearchAction\",\"target\":{\"@type\":\"EntryPoint\",\"urlTemplate\":\"https:\/\/sulsc.com\/?s={search_term_string}\"},\"query-input\":\"required name=search_term_string\"}],\"inLanguage\":\"en-US\"},{\"@type\":\"Person\",\"@id\":\"https:\/\/sulsc.com\/#\/schema\/person\/84d2fc571684f6248ba83092f07750a3\",\"name\":\"Reda\u00e7\u00e3o Sul SC\",\"image\":{\"@type\":\"ImageObject\",\"inLanguage\":\"en-US\",\"@id\":\"https:\/\/sulsc.com\/#\/schema\/person\/image\/e08d7fe2cc4ed596372063bbe852b8d0\",\"url\":\"https:\/\/sulsc.com\/wp-content\/uploads\/2023\/09\/redacao.png\",\"contentUrl\":\"https:\/\/sulsc.com\/wp-content\/uploads\/2023\/09\/redacao.png\",\"caption\":\"Reda\u00e7\u00e3o Sul SC\"},\"description\":\"Foco em um jornalismo imparcial, voltado \u00e0 qualidade dos seus conte\u00fados e, assim, levar informa\u00e7\u00e3o de valor que agregue \u00e0 vida dos leitores. Esta \u00e9 grande miss\u00e3o do Portal de Not\u00edcias Sul SC. N\u00e3o \u00e9 quantidade que muda o mundo, sempre foi e seguir\u00e1 sendo qualidade!\",\"sameAs\":[\"https:\/\/sulsc.com\/\",\"https:\/\/www.facebook.com\/profile.php?id=61559278119680\",\"https:\/\/www.instagram.com\/sulscportal\/?hl=pt-br\",\"https:\/\/twitter.com\/https:\/\/twitter.com\/PortalSulSC\",\"https:\/\/www.youtube.com\/channel\/UCv_BE8GeySluDov2n8qhVmw\"],\"url\":\"https:\/\/sulsc.com\/index.php\/author\/redacao\/\"}]}<\/script>\n<!-- \/ Yoast SEO plugin. -->","yoast_head_json":{"title":"S\u00e3o Silvestre: 500 mil copos de \u00e1gua usados pelos atletas ser\u00e3o reciclados -","description":"De acordo com os organizados, esses copos geralmente acabariam nas vias ou em lixeiras comuns, ap\u00f3s o consumo","robots":{"index":"index","follow":"follow","max-snippet":"max-snippet:-1","max-image-preview":"max-image-preview:large","max-video-preview":"max-video-preview:-1"},"canonical":"https:\/\/sulsc.com\/index.php\/2023\/12\/28\/sao-silvestre-500-mil-copos-de-agua-usados-pelos-atletas-serao-reciclados\/","og_locale":"en_US","og_type":"article","og_title":"S\u00e3o Silvestre: 500 mil copos de \u00e1gua usados pelos atletas ser\u00e3o reciclados -","og_description":"De acordo com os organizados, esses copos geralmente acabariam nas vias ou em lixeiras comuns, ap\u00f3s o consumo","og_url":"https:\/\/sulsc.com\/index.php\/2023\/12\/28\/sao-silvestre-500-mil-copos-de-agua-usados-pelos-atletas-serao-reciclados\/","article_author":"https:\/\/www.facebook.com\/profile.php?id=61559278119680","article_published_time":"2023-12-28T10:20:48+00:00","article_modified_time":"2023-12-28T10:19:23+00:00","og_image":[{"width":2048,"height":1152,"url":"https:\/\/sulsc.com\/wp-content\/uploads\/2023\/12\/Sao-Silvestre-500-mil-copos-de-agua-usados-pelos-atletas-serao-reciclados.webp","type":"image\/webp"}],"author":"Reda\u00e7\u00e3o Sul SC","twitter_card":"summary_large_image","twitter_creator":"@https:\/\/twitter.com\/PortalSulSC","twitter_misc":{"Written by":"Reda\u00e7\u00e3o Sul SC","Est. reading time":"3 minutes"},"schema":{"@context":"https:\/\/schema.org","@graph":[{"@type":"WebPage","@id":"https:\/\/sulsc.com\/index.php\/2023\/12\/28\/sao-silvestre-500-mil-copos-de-agua-usados-pelos-atletas-serao-reciclados\/","url":"https:\/\/sulsc.com\/index.php\/2023\/12\/28\/sao-silvestre-500-mil-copos-de-agua-usados-pelos-atletas-serao-reciclados\/","name":"S\u00e3o Silvestre: 500 mil copos de \u00e1gua usados pelos atletas ser\u00e3o reciclados -","isPartOf":{"@id":"https:\/\/sulsc.com\/#website"},"datePublished":"2023-12-28T10:20:48+00:00","dateModified":"2023-12-28T10:19:23+00:00","author":{"@id":"https:\/\/sulsc.com\/#\/schema\/person\/84d2fc571684f6248ba83092f07750a3"},"description":"De acordo com os organizados, esses copos geralmente acabariam nas vias ou em lixeiras comuns, ap\u00f3s o consumo","breadcrumb":{"@id":"https:\/\/sulsc.com\/index.php\/2023\/12\/28\/sao-silvestre-500-mil-copos-de-agua-usados-pelos-atletas-serao-reciclados\/#breadcrumb"},"inLanguage":"en-US","potentialAction":[{"@type":"ReadAction","target":["https:\/\/sulsc.com\/index.php\/2023\/12\/28\/sao-silvestre-500-mil-copos-de-agua-usados-pelos-atletas-serao-reciclados\/"]}]},{"@type":"BreadcrumbList","@id":"https:\/\/sulsc.com\/index.php\/2023\/12\/28\/sao-silvestre-500-mil-copos-de-agua-usados-pelos-atletas-serao-reciclados\/#breadcrumb","itemListElement":[{"@type":"ListItem","position":1,"name":"In\u00edcio","item":"https:\/\/sulsc.com\/"},{"@type":"ListItem","position":2,"name":"S\u00e3o Silvestre: 500 mil copos de \u00e1gua usados pelos atletas ser\u00e3o reciclados"}]},{"@type":"WebSite","@id":"https:\/\/sulsc.com\/#website","url":"https:\/\/sulsc.com\/","name":"","description":"","potentialAction":[{"@type":"SearchAction","target":{"@type":"EntryPoint","urlTemplate":"https:\/\/sulsc.com\/?s={search_term_string}"},"query-input":"required name=search_term_string"}],"inLanguage":"en-US"},{"@type":"Person","@id":"https:\/\/sulsc.com\/#\/schema\/person\/84d2fc571684f6248ba83092f07750a3","name":"Reda\u00e7\u00e3o Sul SC","image":{"@type":"ImageObject","inLanguage":"en-US","@id":"https:\/\/sulsc.com\/#\/schema\/person\/image\/e08d7fe2cc4ed596372063bbe852b8d0","url":"https:\/\/sulsc.com\/wp-content\/uploads\/2023\/09\/redacao.png","contentUrl":"https:\/\/sulsc.com\/wp-content\/uploads\/2023\/09\/redacao.png","caption":"Reda\u00e7\u00e3o Sul SC"},"description":"Foco em um jornalismo imparcial, voltado \u00e0 qualidade dos seus conte\u00fados e, assim, levar informa\u00e7\u00e3o de valor que agregue \u00e0 vida dos leitores. Esta \u00e9 grande miss\u00e3o do Portal de Not\u00edcias Sul SC. N\u00e3o \u00e9 quantidade que muda o mundo, sempre foi e seguir\u00e1 sendo qualidade!","sameAs":["https:\/\/sulsc.com\/","https:\/\/www.facebook.com\/profile.php?id=61559278119680","https:\/\/www.instagram.com\/sulscportal\/?hl=pt-br","https:\/\/twitter.com\/https:\/\/twitter.com\/PortalSulSC","https:\/\/www.youtube.com\/channel\/UCv_BE8GeySluDov2n8qhVmw"],"url":"https:\/\/sulsc.com\/index.php\/author\/redacao\/"}]}},"authors":[],"_links":{"self":[{"href":"https:\/\/sulsc.com\/index.php\/wp-json\/wp\/v2\/posts\/5995"}],"collection":[{"href":"https:\/\/sulsc.com\/index.php\/wp-json\/wp\/v2\/posts"}],"about":[{"href":"https:\/\/sulsc.com\/index.php\/wp-json\/wp\/v2\/types\/post"}],"author":[{"embeddable":true,"href":"https:\/\/sulsc.com\/index.php\/wp-json\/wp\/v2\/users\/3"}],"replies":[{"embeddable":true,"href":"https:\/\/sulsc.com\/index.php\/wp-json\/wp\/v2\/comments?post=5995"}],"version-history":[{"count":1,"href":"https:\/\/sulsc.com\/index.php\/wp-json\/wp\/v2\/posts\/5995\/revisions"}],"predecessor-version":[{"id":5997,"href":"https:\/\/sulsc.com\/index.php\/wp-json\/wp\/v2\/posts\/5995\/revisions\/5997"}],"wp:featuredmedia":[{"embeddable":true,"href":"https:\/\/sulsc.com\/index.php\/wp-json\/wp\/v2\/media\/5996"}],"wp:attachment":[{"href":"https:\/\/sulsc.com\/index.php\/wp-json\/wp\/v2\/media?parent=5995"}],"wp:term":[{"taxonomy":"category","embeddable":true,"href":"https:\/\/sulsc.com\/index.php\/wp-json\/wp\/v2\/categories?post=5995"},{"taxonomy":"post_tag","embeddable":true,"href":"https:\/\/sulsc.com\/index.php\/wp-json\/wp\/v2\/tags?post=5995"}],"curies":[{"name":"wp","href":"https:\/\/api.w.org\/{rel}","templated":true}]}}