{"id":6095,"date":"2023-12-29T12:20:01","date_gmt":"2023-12-29T15:20:01","guid":{"rendered":"https:\/\/sulsc.com\/?p=6095"},"modified":"2023-12-29T12:05:03","modified_gmt":"2023-12-29T15:05:03","slug":"gravatal-comemora-nesta-sexta-feira-29-62-anos-de-emancipacao","status":"publish","type":"post","link":"https:\/\/sulsc.com\/index.php\/2023\/12\/29\/gravatal-comemora-nesta-sexta-feira-29-62-anos-de-emancipacao\/","title":{"rendered":"Gravatal comemora nesta sexta-feira (29), 62 anos de emancipa\u00e7\u00e3o"},"content":{"rendered":"<p>Situada no cora\u00e7\u00e3o de Santa Catarina, Gravatal possui muitas belezas naturais, hist\u00f3rias interessantes, culturas fascinantes e tradi\u00e7\u00f5es profundas que a tornam \u00fanica. Ao longo de seus 62 anos de emancipa\u00e7\u00e3o, comemorados nesta sexta-feira (29), o munic\u00edpio tamb\u00e9m \u00e9 marcado pelo desenvolvimento.<\/p>\n<p>A regi\u00e3o, que j\u00e1 foi habitada por ind\u00edgenas Guarani e kaingang, que viviam em harmonia com a natureza, foi colonizada por imigrantes alem\u00e3es, italianos e a\u00e7orianos que trouxeram consigo suas culturas e tradi\u00e7\u00f5es. Em comemora\u00e7\u00e3o a data, hoje, \u00e0s 19h30, uma missa festiva ser\u00e1 realizada no Santu\u00e1rio Sagrado Cora\u00e7\u00e3o de Jesus. Na celebra\u00e7\u00e3o, a bandeira de Gravatal estar\u00e1 no altar da igreja e o Hino do munic\u00edpio ser\u00e1 cantado pelo maestro e m\u00fasico Jos\u00e9 Albino.<\/p>\n<p>Por conta das \u00e1guas termais e a beleza natural da regi\u00e3o, desde 1950 Gravatal se tornou um destino tur\u00edstico. Hoje, \u00e9 uma cidade encantadora, com uma rica hist\u00f3ria e cultura, al\u00e9m de ser um lugar que oferece aos visitantes uma variedade de atra\u00e7\u00f5es.<\/p>\n<p>Focada no empreendedorismo, a cidade incentiva novos gestores tanto no meio rural quanto no meio urbano. Bastante diversificada, a cidade tem espa\u00e7o para v\u00e1rios setores que v\u00e3o desde a agroind\u00fastria, pecu\u00e1ria, turismo rural, f\u00e1bricas t\u00eaxtis, empresas familiares entre outros que fortalecem o nome do Munic\u00edpio.<\/p>\n<p><img fetchpriority=\"high\" decoding=\"async\" class=\"alignnone size-large wp-image-6096\" src=\"http:\/\/sulsc.com\/wp-content\/uploads\/2023\/12\/aerea-de-Gravatal-1024x663.jpeg\" alt=\"\" width=\"1024\" height=\"663\" srcset=\"https:\/\/sulsc.com\/wp-content\/uploads\/2023\/12\/aerea-de-Gravatal-1024x663.jpeg 1024w, https:\/\/sulsc.com\/wp-content\/uploads\/2023\/12\/aerea-de-Gravatal-300x194.jpeg 300w, https:\/\/sulsc.com\/wp-content\/uploads\/2023\/12\/aerea-de-Gravatal-768x497.jpeg 768w, https:\/\/sulsc.com\/wp-content\/uploads\/2023\/12\/aerea-de-Gravatal.jpeg 1080w\" sizes=\"(max-width: 1024px) 100vw, 1024px\" \/><\/p>\n<p><strong>Cerca de R$ 25 milh\u00f5es de investimentos<\/strong><\/p>\n<p>Nos \u00faltimos 24 meses, Gravatal deu um salto no desenvolvimento de sua infraestrutura com mais de 40 obras iniciadas, onde algumas j\u00e1 foram conclu\u00eddas e outras est\u00e3o em execu\u00e7\u00e3o. Para melhorias na infraestrutura, v\u00e1rias ruas t\u00eam recebido pavimenta\u00e7\u00f5es. Ao todo, foram entregues mais de R$ 3 milh\u00f5es em obras de vias p\u00fablicas. Na Educa\u00e7\u00e3o, somente no \u00faltimo ano, foram mais de R$ 1 milh\u00e3o em investimentos.<\/p>\n<p>Entre as obras realizadas nos \u00faltimos anos, algumas se destacam: como a constru\u00e7\u00e3o de um posto de sa\u00fade sustent\u00e1vel (Pouso Alto); in\u00edcio da constru\u00e7\u00e3o da primeira etapa do Centro de Eventos (Tiradentes), no valor de R$ 3,1 milh\u00f5es; reforma do Gin\u00e1sio Adolfo Kinderman (Centro) e constru\u00e7\u00e3o da Cancha de Bocha e \u00e1rea de churrasco (Centro; constru\u00e7\u00e3o do Centro de Conviv\u00eancia do Idoso (Termas); asfalto no bairro S\u00e3o Roque; duas pontes de concreto (bairros \u00c2ngulo e S\u00e3o Roque) e foi iniciada a constru\u00e7\u00e3o da creche modelo, no valor de R$ 3,8 milh\u00f5es.<\/p>\n<p>\u201cE tivemos a felicidade de ter apresentado o projeto do novo Centro Administrativo no valor de R$ 6,2 milh\u00f5es. \u00c9 uma das maiores obras dos \u00faltimos anos, aguardada h\u00e1 quase duas d\u00e9cadas pelos gravatalenses. Isso \u00e9 reflexo de muito trabalho. Um trabalho conjunto, com muita transpar\u00eancia e responsabilidade do Executivo com apoio do Legislativo, e as demais esferas envolvidas. Com isso, podemos entregar aos gravatalenses melhorias que v\u00e3o ser lembradas por gera\u00e7\u00f5es\u201d, diz o prefeito Clei Rodrigues. Os investimentos citados somam cerca de R$ 25 milh\u00f5es.<\/p>\n<p>&nbsp;<\/p>\n<p><strong>Setores em crescimento<\/strong><\/p>\n<p>Ao decorrer do ano, o Munic\u00edpio, mesmo diante das dificuldades impostas pelas enxurradas e desafios financeiros, conseguiu atingir feitos importantes. Dentre eles est\u00e3o: a cidade chegou a 78% do esgoto tratado na \u00e1rea urbana; foram feitas obras de drenagem em locais com mais de 20 anos sem manuten\u00e7\u00e3o; o acervo e biblioteca situados na sede da Secretaria de Turismo foram restaurados; o munic\u00edpio fez o pagamento do piso enfermagem; pergolados come\u00e7aram a ganhar forma; a Sala do Empreendedor foi destaque em atendimentos e a decora\u00e7\u00e3o natalina, com um varal de 6.000 l\u00e2mpadas e atra\u00e7\u00f5es, que surpreenderam moradores, turistas e visitantes.<\/p>\n<p>&nbsp;<\/p>\n<p><strong>Na Rota Tur\u00edstica das \u00c1guas Termais<\/strong><\/p>\n<p>Em 2023, Gravatal passou a fazer parte da Rota Tur\u00edstica das \u00c1guas Termais. Conhecida a Capital Catarinense das \u00c1guas Termominerais, o Munic\u00edpio foi inclu\u00eddo atrav\u00e9s de um projeto de lei aprovado na Assembleia Legislativa.<\/p>\n<p>Considerada por dois anos consecutivos (2017 e 2018) com a 3\u00aa melhor \u00e1gua termal do mundo, Gravatal tem um manancial que brota naturalmente da fonte a uma temperatura de 36\u00b0C. Cidade tur\u00edstica, Gravatal recebe em m\u00e9dia 400 mil visitantes por ano, mantendo mais de 1.600 leitos, tendo 70% de ocupa\u00e7\u00e3o durante todo os 365 dias do ano.<\/p>\n<p>Neste ano, Termas ganhou novidades como a pintura do Monumento \u00e0s \u00c1guas, a reforma da Concha Ac\u00fastica, a instala\u00e7\u00e3o de um novo parque infantil e a instala\u00e7\u00e3o de biciclet\u00e1rios na Pra\u00e7a dos Direitos Humanos, al\u00e9m da revitaliza\u00e7\u00e3o da pintura e sinaliza\u00e7\u00e3o de tr\u00e2nsito que deixaram o bairro tur\u00edstico ainda mais bonito.<\/p>\n","protected":false},"excerpt":{"rendered":"<p>Situada no cora\u00e7\u00e3o de Santa Catarina, Gravatal possui muitas belezas naturais, hist\u00f3rias interessantes, culturas fascinantes e tradi\u00e7\u00f5es profundas que a tornam \u00fanica. Ao longo de seus 62 anos de emancipa\u00e7\u00e3o, comemorados nesta sexta-feira (29), o munic\u00edpio tamb\u00e9m \u00e9 marcado pelo desenvolvimento. A regi\u00e3o, que j\u00e1 foi habitada por ind\u00edgenas Guarani e kaingang, que viviam em &hellip;<\/p>\n<p class=\"read-more\"> <a class=\"\" href=\"https:\/\/sulsc.com\/index.php\/2023\/12\/29\/gravatal-comemora-nesta-sexta-feira-29-62-anos-de-emancipacao\/\"> <span class=\"screen-reader-text\">Gravatal comemora nesta sexta-feira (29), 62 anos de emancipa\u00e7\u00e3o<\/span> Read More &raquo;<\/a><\/p>\n","protected":false},"author":3,"featured_media":6096,"comment_status":"open","ping_status":"open","sticky":false,"template":"","format":"standard","meta":{"site-sidebar-layout":"default","site-content-layout":"","ast-site-content-layout":"default","site-content-style":"default","site-sidebar-style":"default","ast-global-header-display":"","ast-banner-title-visibility":"","ast-main-header-display":"","ast-hfb-above-header-display":"","ast-hfb-below-header-display":"","ast-hfb-mobile-header-display":"","site-post-title":"","ast-breadcrumbs-content":"","ast-featured-img":"","footer-sml-layout":"","theme-transparent-header-meta":"default","adv-header-id-meta":"","stick-header-meta":"","header-above-stick-meta":"","header-main-stick-meta":"","header-below-stick-meta":"","astra-migrate-meta-layouts":"set","footnotes":""},"categories":[1],"tags":[233,94],"yoast_head":"<!-- This site is optimized with the Yoast SEO plugin v21.4 - https:\/\/yoast.com\/wordpress\/plugins\/seo\/ -->\n<title>Gravatal comemora nesta sexta-feira (29), 62 anos de emancipa\u00e7\u00e3o -<\/title>\n<meta name=\"description\" content=\"A regi\u00e3o, que j\u00e1 foi habitada por ind\u00edgenas Guarani e kaingang, foi colonizada por imigrantes alem\u00e3es, italianos e a\u00e7orianos\" \/>\n<meta name=\"robots\" content=\"index, follow, max-snippet:-1, max-image-preview:large, max-video-preview:-1\" \/>\n<link rel=\"canonical\" href=\"https:\/\/sulsc.com\/index.php\/2023\/12\/29\/gravatal-comemora-nesta-sexta-feira-29-62-anos-de-emancipacao\/\" \/>\n<meta property=\"og:locale\" content=\"en_US\" \/>\n<meta property=\"og:type\" content=\"article\" \/>\n<meta property=\"og:title\" content=\"Gravatal comemora nesta sexta-feira (29), 62 anos de emancipa\u00e7\u00e3o -\" \/>\n<meta property=\"og:description\" content=\"A regi\u00e3o, que j\u00e1 foi habitada por ind\u00edgenas Guarani e kaingang, foi colonizada por imigrantes alem\u00e3es, italianos e a\u00e7orianos\" \/>\n<meta property=\"og:url\" content=\"https:\/\/sulsc.com\/index.php\/2023\/12\/29\/gravatal-comemora-nesta-sexta-feira-29-62-anos-de-emancipacao\/\" \/>\n<meta property=\"article:author\" content=\"https:\/\/www.facebook.com\/profile.php?id=61559278119680\" \/>\n<meta property=\"article:published_time\" content=\"2023-12-29T15:20:01+00:00\" \/>\n<meta property=\"article:modified_time\" content=\"2023-12-29T15:05:03+00:00\" \/>\n<meta property=\"og:image\" content=\"https:\/\/sulsc.com\/wp-content\/uploads\/2023\/12\/aerea-de-Gravatal.jpeg\" \/>\n\t<meta property=\"og:image:width\" content=\"1080\" \/>\n\t<meta property=\"og:image:height\" content=\"699\" \/>\n\t<meta property=\"og:image:type\" content=\"image\/jpeg\" \/>\n<meta name=\"author\" content=\"Reda\u00e7\u00e3o Sul SC\" \/>\n<meta name=\"twitter:card\" content=\"summary_large_image\" \/>\n<meta name=\"twitter:creator\" content=\"@https:\/\/twitter.com\/PortalSulSC\" \/>\n<meta name=\"twitter:label1\" content=\"Written by\" \/>\n\t<meta name=\"twitter:data1\" content=\"Reda\u00e7\u00e3o Sul SC\" \/>\n\t<meta name=\"twitter:label2\" content=\"Est. reading time\" \/>\n\t<meta name=\"twitter:data2\" content=\"5 minutes\" \/>\n<script type=\"application\/ld+json\" class=\"yoast-schema-graph\">{\"@context\":\"https:\/\/schema.org\",\"@graph\":[{\"@type\":\"WebPage\",\"@id\":\"https:\/\/sulsc.com\/index.php\/2023\/12\/29\/gravatal-comemora-nesta-sexta-feira-29-62-anos-de-emancipacao\/\",\"url\":\"https:\/\/sulsc.com\/index.php\/2023\/12\/29\/gravatal-comemora-nesta-sexta-feira-29-62-anos-de-emancipacao\/\",\"name\":\"Gravatal comemora nesta sexta-feira (29), 62 anos de emancipa\u00e7\u00e3o -\",\"isPartOf\":{\"@id\":\"https:\/\/sulsc.com\/#website\"},\"datePublished\":\"2023-12-29T15:20:01+00:00\",\"dateModified\":\"2023-12-29T15:05:03+00:00\",\"author\":{\"@id\":\"https:\/\/sulsc.com\/#\/schema\/person\/84d2fc571684f6248ba83092f07750a3\"},\"description\":\"A regi\u00e3o, que j\u00e1 foi habitada por ind\u00edgenas Guarani e kaingang, foi colonizada por imigrantes alem\u00e3es, italianos e a\u00e7orianos\",\"breadcrumb\":{\"@id\":\"https:\/\/sulsc.com\/index.php\/2023\/12\/29\/gravatal-comemora-nesta-sexta-feira-29-62-anos-de-emancipacao\/#breadcrumb\"},\"inLanguage\":\"en-US\",\"potentialAction\":[{\"@type\":\"ReadAction\",\"target\":[\"https:\/\/sulsc.com\/index.php\/2023\/12\/29\/gravatal-comemora-nesta-sexta-feira-29-62-anos-de-emancipacao\/\"]}]},{\"@type\":\"BreadcrumbList\",\"@id\":\"https:\/\/sulsc.com\/index.php\/2023\/12\/29\/gravatal-comemora-nesta-sexta-feira-29-62-anos-de-emancipacao\/#breadcrumb\",\"itemListElement\":[{\"@type\":\"ListItem\",\"position\":1,\"name\":\"In\u00edcio\",\"item\":\"https:\/\/sulsc.com\/\"},{\"@type\":\"ListItem\",\"position\":2,\"name\":\"Gravatal comemora nesta sexta-feira (29), 62 anos de emancipa\u00e7\u00e3o\"}]},{\"@type\":\"WebSite\",\"@id\":\"https:\/\/sulsc.com\/#website\",\"url\":\"https:\/\/sulsc.com\/\",\"name\":\"\",\"description\":\"\",\"potentialAction\":[{\"@type\":\"SearchAction\",\"target\":{\"@type\":\"EntryPoint\",\"urlTemplate\":\"https:\/\/sulsc.com\/?s={search_term_string}\"},\"query-input\":\"required name=search_term_string\"}],\"inLanguage\":\"en-US\"},{\"@type\":\"Person\",\"@id\":\"https:\/\/sulsc.com\/#\/schema\/person\/84d2fc571684f6248ba83092f07750a3\",\"name\":\"Reda\u00e7\u00e3o Sul SC\",\"image\":{\"@type\":\"ImageObject\",\"inLanguage\":\"en-US\",\"@id\":\"https:\/\/sulsc.com\/#\/schema\/person\/image\/e08d7fe2cc4ed596372063bbe852b8d0\",\"url\":\"https:\/\/sulsc.com\/wp-content\/uploads\/2023\/09\/redacao.png\",\"contentUrl\":\"https:\/\/sulsc.com\/wp-content\/uploads\/2023\/09\/redacao.png\",\"caption\":\"Reda\u00e7\u00e3o Sul SC\"},\"description\":\"Foco em um jornalismo imparcial, voltado \u00e0 qualidade dos seus conte\u00fados e, assim, levar informa\u00e7\u00e3o de valor que agregue \u00e0 vida dos leitores. Esta \u00e9 grande miss\u00e3o do Portal de Not\u00edcias Sul SC. N\u00e3o \u00e9 quantidade que muda o mundo, sempre foi e seguir\u00e1 sendo qualidade!\",\"sameAs\":[\"https:\/\/sulsc.com\/\",\"https:\/\/www.facebook.com\/profile.php?id=61559278119680\",\"https:\/\/www.instagram.com\/sulscportal\/?hl=pt-br\",\"https:\/\/twitter.com\/https:\/\/twitter.com\/PortalSulSC\",\"https:\/\/www.youtube.com\/channel\/UCv_BE8GeySluDov2n8qhVmw\"],\"url\":\"https:\/\/sulsc.com\/index.php\/author\/redacao\/\"}]}<\/script>\n<!-- \/ Yoast SEO plugin. -->","yoast_head_json":{"title":"Gravatal comemora nesta sexta-feira (29), 62 anos de emancipa\u00e7\u00e3o -","description":"A regi\u00e3o, que j\u00e1 foi habitada por ind\u00edgenas Guarani e kaingang, foi colonizada por imigrantes alem\u00e3es, italianos e a\u00e7orianos","robots":{"index":"index","follow":"follow","max-snippet":"max-snippet:-1","max-image-preview":"max-image-preview:large","max-video-preview":"max-video-preview:-1"},"canonical":"https:\/\/sulsc.com\/index.php\/2023\/12\/29\/gravatal-comemora-nesta-sexta-feira-29-62-anos-de-emancipacao\/","og_locale":"en_US","og_type":"article","og_title":"Gravatal comemora nesta sexta-feira (29), 62 anos de emancipa\u00e7\u00e3o -","og_description":"A regi\u00e3o, que j\u00e1 foi habitada por ind\u00edgenas Guarani e kaingang, foi colonizada por imigrantes alem\u00e3es, italianos e a\u00e7orianos","og_url":"https:\/\/sulsc.com\/index.php\/2023\/12\/29\/gravatal-comemora-nesta-sexta-feira-29-62-anos-de-emancipacao\/","article_author":"https:\/\/www.facebook.com\/profile.php?id=61559278119680","article_published_time":"2023-12-29T15:20:01+00:00","article_modified_time":"2023-12-29T15:05:03+00:00","og_image":[{"width":1080,"height":699,"url":"https:\/\/sulsc.com\/wp-content\/uploads\/2023\/12\/aerea-de-Gravatal.jpeg","type":"image\/jpeg"}],"author":"Reda\u00e7\u00e3o Sul SC","twitter_card":"summary_large_image","twitter_creator":"@https:\/\/twitter.com\/PortalSulSC","twitter_misc":{"Written by":"Reda\u00e7\u00e3o Sul SC","Est. reading time":"5 minutes"},"schema":{"@context":"https:\/\/schema.org","@graph":[{"@type":"WebPage","@id":"https:\/\/sulsc.com\/index.php\/2023\/12\/29\/gravatal-comemora-nesta-sexta-feira-29-62-anos-de-emancipacao\/","url":"https:\/\/sulsc.com\/index.php\/2023\/12\/29\/gravatal-comemora-nesta-sexta-feira-29-62-anos-de-emancipacao\/","name":"Gravatal comemora nesta sexta-feira (29), 62 anos de emancipa\u00e7\u00e3o -","isPartOf":{"@id":"https:\/\/sulsc.com\/#website"},"datePublished":"2023-12-29T15:20:01+00:00","dateModified":"2023-12-29T15:05:03+00:00","author":{"@id":"https:\/\/sulsc.com\/#\/schema\/person\/84d2fc571684f6248ba83092f07750a3"},"description":"A regi\u00e3o, que j\u00e1 foi habitada por ind\u00edgenas Guarani e kaingang, foi colonizada por imigrantes alem\u00e3es, italianos e a\u00e7orianos","breadcrumb":{"@id":"https:\/\/sulsc.com\/index.php\/2023\/12\/29\/gravatal-comemora-nesta-sexta-feira-29-62-anos-de-emancipacao\/#breadcrumb"},"inLanguage":"en-US","potentialAction":[{"@type":"ReadAction","target":["https:\/\/sulsc.com\/index.php\/2023\/12\/29\/gravatal-comemora-nesta-sexta-feira-29-62-anos-de-emancipacao\/"]}]},{"@type":"BreadcrumbList","@id":"https:\/\/sulsc.com\/index.php\/2023\/12\/29\/gravatal-comemora-nesta-sexta-feira-29-62-anos-de-emancipacao\/#breadcrumb","itemListElement":[{"@type":"ListItem","position":1,"name":"In\u00edcio","item":"https:\/\/sulsc.com\/"},{"@type":"ListItem","position":2,"name":"Gravatal comemora nesta sexta-feira (29), 62 anos de emancipa\u00e7\u00e3o"}]},{"@type":"WebSite","@id":"https:\/\/sulsc.com\/#website","url":"https:\/\/sulsc.com\/","name":"","description":"","potentialAction":[{"@type":"SearchAction","target":{"@type":"EntryPoint","urlTemplate":"https:\/\/sulsc.com\/?s={search_term_string}"},"query-input":"required name=search_term_string"}],"inLanguage":"en-US"},{"@type":"Person","@id":"https:\/\/sulsc.com\/#\/schema\/person\/84d2fc571684f6248ba83092f07750a3","name":"Reda\u00e7\u00e3o Sul SC","image":{"@type":"ImageObject","inLanguage":"en-US","@id":"https:\/\/sulsc.com\/#\/schema\/person\/image\/e08d7fe2cc4ed596372063bbe852b8d0","url":"https:\/\/sulsc.com\/wp-content\/uploads\/2023\/09\/redacao.png","contentUrl":"https:\/\/sulsc.com\/wp-content\/uploads\/2023\/09\/redacao.png","caption":"Reda\u00e7\u00e3o Sul SC"},"description":"Foco em um jornalismo imparcial, voltado \u00e0 qualidade dos seus conte\u00fados e, assim, levar informa\u00e7\u00e3o de valor que agregue \u00e0 vida dos leitores. Esta \u00e9 grande miss\u00e3o do Portal de Not\u00edcias Sul SC. N\u00e3o \u00e9 quantidade que muda o mundo, sempre foi e seguir\u00e1 sendo qualidade!","sameAs":["https:\/\/sulsc.com\/","https:\/\/www.facebook.com\/profile.php?id=61559278119680","https:\/\/www.instagram.com\/sulscportal\/?hl=pt-br","https:\/\/twitter.com\/https:\/\/twitter.com\/PortalSulSC","https:\/\/www.youtube.com\/channel\/UCv_BE8GeySluDov2n8qhVmw"],"url":"https:\/\/sulsc.com\/index.php\/author\/redacao\/"}]}},"authors":[],"_links":{"self":[{"href":"https:\/\/sulsc.com\/index.php\/wp-json\/wp\/v2\/posts\/6095"}],"collection":[{"href":"https:\/\/sulsc.com\/index.php\/wp-json\/wp\/v2\/posts"}],"about":[{"href":"https:\/\/sulsc.com\/index.php\/wp-json\/wp\/v2\/types\/post"}],"author":[{"embeddable":true,"href":"https:\/\/sulsc.com\/index.php\/wp-json\/wp\/v2\/users\/3"}],"replies":[{"embeddable":true,"href":"https:\/\/sulsc.com\/index.php\/wp-json\/wp\/v2\/comments?post=6095"}],"version-history":[{"count":1,"href":"https:\/\/sulsc.com\/index.php\/wp-json\/wp\/v2\/posts\/6095\/revisions"}],"predecessor-version":[{"id":6097,"href":"https:\/\/sulsc.com\/index.php\/wp-json\/wp\/v2\/posts\/6095\/revisions\/6097"}],"wp:featuredmedia":[{"embeddable":true,"href":"https:\/\/sulsc.com\/index.php\/wp-json\/wp\/v2\/media\/6096"}],"wp:attachment":[{"href":"https:\/\/sulsc.com\/index.php\/wp-json\/wp\/v2\/media?parent=6095"}],"wp:term":[{"taxonomy":"category","embeddable":true,"href":"https:\/\/sulsc.com\/index.php\/wp-json\/wp\/v2\/categories?post=6095"},{"taxonomy":"post_tag","embeddable":true,"href":"https:\/\/sulsc.com\/index.php\/wp-json\/wp\/v2\/tags?post=6095"}],"curies":[{"name":"wp","href":"https:\/\/api.w.org\/{rel}","templated":true}]}}