{"id":6117,"date":"2023-12-29T16:09:20","date_gmt":"2023-12-29T19:09:20","guid":{"rendered":"https:\/\/sulsc.com\/?p=6117"},"modified":"2023-12-29T16:09:20","modified_gmt":"2023-12-29T19:09:20","slug":"158-misseis-em-um-so-dia-ucrania-sofre-o-maior-ataque-aereo-desde-o-inicio-da-guerra","status":"publish","type":"post","link":"https:\/\/sulsc.com\/index.php\/2023\/12\/29\/158-misseis-em-um-so-dia-ucrania-sofre-o-maior-ataque-aereo-desde-o-inicio-da-guerra\/","title":{"rendered":"158 m\u00edsseis em um s\u00f3 dia; Ucr\u00e2nia sofre o maior ataque a\u00e9reo desde o in\u00edcio da guerra"},"content":{"rendered":"<figure id=\"attachment_6118\" aria-describedby=\"caption-attachment-6118\" style=\"width: 1024px\" class=\"wp-caption aligncenter\"><img fetchpriority=\"high\" decoding=\"async\" class=\"size-full wp-image-6118\" src=\"http:\/\/sulsc.com\/wp-content\/uploads\/2023\/12\/1-4.webp\" alt=\"\" width=\"1024\" height=\"768\" srcset=\"https:\/\/sulsc.com\/wp-content\/uploads\/2023\/12\/1-4.webp 1024w, https:\/\/sulsc.com\/wp-content\/uploads\/2023\/12\/1-4-300x225.webp 300w, https:\/\/sulsc.com\/wp-content\/uploads\/2023\/12\/1-4-768x576.webp 768w\" sizes=\"(max-width: 1024px) 100vw, 1024px\" \/><figcaption id=\"caption-attachment-6118\" class=\"wp-caption-text\">Bombeiros respondem ap\u00f3s edif\u00edcio ser danificado em ataque russo em Kiev \/ Servi\u00e7o de Emerg\u00eancia Ucraniano\/AP<\/figcaption><\/figure>\n<p>A <strong>R\u00fassia<\/strong> lan\u00e7ou o maior ataque a\u00e9reo \u00e0 <strong>Ucr\u00e2nia<\/strong> desde o in\u00edcio da invas\u00e3o do pa\u00eds, em fevereiro de 2022, disseram militares ucranianos, com um n\u00famero sem precedentes de drones e m\u00edsseis disparados contra alvos em todo o pa\u00eds, matando pelo menos 12 pessoas e ferindo dezenas.<\/p>\n<p>A onda de ataques come\u00e7ou durante a noite desta quinta-feira (28) e atingiu v\u00e1rias regi\u00f5es, com explos\u00f5es relatadas na capital Kiev, bem como em uma maternidade na cidade central de Dnipro, em Kharkiv, no porto sudeste de Odesa e na cidade ocidental de Lviv, longe das linhas da frente.<\/p>\n<p>\u201cJ\u00e1 faz muito tempo que n\u00e3o vimos tantos alvos inimigos nos nossos monitores em todas as regi\u00f5es e em todas as dire\u00e7\u00f5es\u201d, disse Yurii Ihnat, porta-voz da For\u00e7a A\u00e9rea da Ucr\u00e2nia, \u00e0 televis\u00e3o nacional. \u201cTudo estava sendo disparado\u201d. A R\u00fassia usou 158 drones e m\u00edsseis, incluindo m\u00edsseis hipers\u00f4nicos Kinzhal, m\u00edsseis de cruzeiro e drones Shahed, para atacar alvos em Kiev, no leste, sul e oeste do pa\u00eds, disse a For\u00e7a A\u00e9rea da Ucr\u00e2nia.<\/p>\n<p>\u201cHoje o inimigo desferiu um golpe poderoso. H\u00e1 alvos abatidos, mas infelizmente tamb\u00e9m h\u00e1 v\u00edtimas\u201d, acrescentou Ihnat. Pelo menos uma pessoa morreu e 21 ficaram feridas em Kiev depois que a R\u00fassia atacou uma esta\u00e7\u00e3o de metr\u00f4 e edif\u00edcios residenciais. O prefeito da capital federal, Vitali Klitschko, disse que pelo menos tr\u00eas pessoas est\u00e3o presas sob os escombros de um armaz\u00e9m danificado no distrito de Shevchenkivskyi. Kharkiv foi atingida por um \u201cataque massivo\u201d, disse o primeiro-ministro ucraniano, Denys Shmyhal, com mais de 20 ataques relatados na regi\u00e3o, incluindo um hospital. Um homem de 35 anos foi morto e 11 pessoas ficaram feridas, segundo o chefe da administra\u00e7\u00e3o militar regional, Oleh Syniehubov.<\/p>\n<p>Mais ao Sul, um edif\u00edcio escolar foi atingido em Odesa, ferindo sete pessoas, incluindo uma crian\u00e7a. Pelo menos uma pessoa foi morta na regi\u00e3o, segundo o minist\u00e9rio da sa\u00fade da Ucr\u00e2nia. O ataque massivo durante a noite ocorre poucos dias depois de a Ucr\u00e2nia ter atingido um navio de desembarque da Marinha Russa na Crimeia, na ter\u00e7a-feira (26), causando graves danos ao navio, em outro grande golpe para a frota de Moscou no Mar Negro. Mas o ataque tamb\u00e9m ocorreu pouco depois de a Ucr\u00e2nia ter recebido o \u00faltimo pacote de ajuda militar dos Estados Unidos at\u00e9 que o Congresso aprovasse o pedido de financiamento da administra\u00e7\u00e3o Biden.<\/p>\n<p>Quase dois anos desde que o presidente russo, Vladimir Putin, lan\u00e7ou a sua invas\u00e3o \u00e0 Ucr\u00e2nia, em fevereiro de 2022, o seu hom\u00f3logo ucraniano, Volodymyr Zelensky, enfrenta uma contraofensiva em grande parte estagnada, enquanto a ajuda ocidental come\u00e7a a se esgotar. O chefe do Gabinete Presidencial da Ucr\u00e2nia, Andriy Yermak, pediu apoio enquanto o seu pa\u00eds luta contra os ataques a\u00e9reos russos.<\/p>\n<p>\u201cUm ataque terrorista massivo, foguetes est\u00e3o voando contra nossas cidades novamente e civis est\u00e3o sendo alvos\u201d, disse Yermak em uma publica\u00e7\u00e3o no Telegram nesta sexta (29). \u201cA Ucr\u00e2nia precisa de apoio. Estaremos ainda mais fortes, estamos fazendo de tudo para fortalecer nosso escudo a\u00e9reo. Mas o mundo precisa de ver que precisamos de mais apoio e for\u00e7a para parar este terror\u201d.<\/p>\n<p>O primeiro-ministro Shmyhal disse que os ataques \u201cvisaram infraestruturas sociais e cr\u00edticas\u201d, mas elogiou o trabalho da for\u00e7a a\u00e9rea ucraniana. \u201cAs for\u00e7as de defesa a\u00e9rea ucranianas demonstraram mais uma vez um elevado n\u00edvel de profissionalismo. A maioria dos alvos a\u00e9reos foram abatidos. Agradecemos aos soldados por salvarem vidas.\u201d<\/p>\n<p><strong>Bombardeiros no ar<\/strong><br \/>\nA For\u00e7a A\u00e9rea Ucraniana disse ter registrado \u201ca sa\u00edda de nove bombardeiros estrat\u00e9gicos Tu-95MS do campo de avia\u00e7\u00e3o \u2018Olenya\u2019 na regi\u00e3o de Murmansk, na R\u00fassia\u201d. O bombardeiro Tu-95 \u00e9 um dos pilares dos ataques a\u00e9reos da R\u00fassia \u00e0 Ucr\u00e2nia, capaz de lan\u00e7ar m\u00edsseis de cruzeiro contra o seu vizinho fora do alcance da maioria dos sistemas de defesa a\u00e9rea.<\/p>\n<p>Em Kiev, as autoridades alertaram os residentes para se abrigarem, pois uma \u201camea\u00e7a de UAV\u201d foi detectada na \u00e1rea, uma refer\u00eancia aos drones. O prefeito de Kiev disse que pelo menos sete pessoas foram hospitalizadas ap\u00f3s os ataques. Os trens foram interrompidos porque um pr\u00e9dio foi danificado na esta\u00e7\u00e3o de metr\u00f4 Lukianivska, no centro de Kiev, que tamb\u00e9m funciona como abrigo, acrescentou Klitschko.<\/p>\n<p>Muitos ficaram feridos e uma busca por v\u00edtimas est\u00e1 em andamento depois que um armaz\u00e9m pegou fogo no distrito de Podilskyi, na regi\u00e3o da capital, disse o chefe da administra\u00e7\u00e3o militar de Kiev, Serhiy Popko.<\/p>\n<p>A menos de 40 quil\u00f4metros da fronteira nordeste do pa\u00eds com a R\u00fassia, pelo menos seis explos\u00f5es foram ouvidas na cidade de Kharkiv, segundo o prefeito, Ihor Terekhov. Ele descreveu a cidade como \u201csob disparos massivos de foguetes\u201d. Pelo menos uma pessoa morreu e oito ficaram feridas at\u00e9 o momento, segundo Oleh Syniehubov, chefe da administra\u00e7\u00e3o militar da regi\u00e3o de Kharkiv. Os ataques com foguetes tamb\u00e9m danificaram instala\u00e7\u00f5es m\u00e9dicas, armaz\u00e9ns e outras infraestruturas civis, declarou Syniehubov. Em Sumy, numerosas explos\u00f5es foram ouvidas na noite de quinta-feira, hora local, ap\u00f3s o bombardeio russo \u201cnos territ\u00f3rios e assentamentos fronteiri\u00e7os\u201d, informou a administra\u00e7\u00e3o da \u00e1rea.<\/p>\n<p>Em Lviv, que faz fronteira com a Pol\u00f4nia, foram registadas explos\u00f5es enquanto as defesas a\u00e9reas interceptavam drones russos, disse Maksym Kozytskyi, chefe da administra\u00e7\u00e3o militar regional de Lviv. Um pr\u00e9dio residencial foi atingido e pegou fogo, informou o prefeito de Lviv, Andriy Sadovyi. Os ataques generalizados desta sexta seguiram-se ao lan\u00e7amento de 53 ataques pela R\u00fassia em todo o leste da Ucr\u00e2nia na quinta-feira, de acordo com uma publica\u00e7\u00e3o no Telegram do Estado-Maior ucraniano. A R\u00fassia lan\u00e7ou dezenas de ataques a\u00e9reos, ferindo civis e destruindo infraestruturas civis, afirmou o post.<\/p>\n<p><em>(Com informa\u00e7\u00f5es da CNN)<\/em><\/p>\n","protected":false},"excerpt":{"rendered":"<p>A R\u00fassia lan\u00e7ou o maior ataque a\u00e9reo \u00e0 Ucr\u00e2nia desde o in\u00edcio da invas\u00e3o do pa\u00eds, em fevereiro de 2022, disseram militares ucranianos, com um n\u00famero sem precedentes de drones e m\u00edsseis disparados contra alvos em todo o pa\u00eds, matando pelo menos 12 pessoas e ferindo dezenas. A onda de ataques come\u00e7ou durante a noite &hellip;<\/p>\n<p class=\"read-more\"> <a class=\"\" href=\"https:\/\/sulsc.com\/index.php\/2023\/12\/29\/158-misseis-em-um-so-dia-ucrania-sofre-o-maior-ataque-aereo-desde-o-inicio-da-guerra\/\"> <span class=\"screen-reader-text\">158 m\u00edsseis em um s\u00f3 dia; Ucr\u00e2nia sofre o maior ataque a\u00e9reo desde o in\u00edcio da guerra<\/span> Read More &raquo;<\/a><\/p>\n","protected":false},"author":3,"featured_media":6118,"comment_status":"open","ping_status":"open","sticky":false,"template":"","format":"standard","meta":{"site-sidebar-layout":"default","site-content-layout":"","ast-site-content-layout":"default","site-content-style":"default","site-sidebar-style":"default","ast-global-header-display":"","ast-banner-title-visibility":"","ast-main-header-display":"","ast-hfb-above-header-display":"","ast-hfb-below-header-display":"","ast-hfb-mobile-header-display":"","site-post-title":"","ast-breadcrumbs-content":"","ast-featured-img":"","footer-sml-layout":"","theme-transparent-header-meta":"default","adv-header-id-meta":"","stick-header-meta":"","header-above-stick-meta":"","header-main-stick-meta":"","header-below-stick-meta":"","astra-migrate-meta-layouts":"set","footnotes":""},"categories":[16],"tags":[568,567,569,558,559],"yoast_head":"<!-- This site is optimized with the Yoast SEO plugin v21.4 - https:\/\/yoast.com\/wordpress\/plugins\/seo\/ -->\n<title>158 m\u00edsseis em um s\u00f3 dia; Ucr\u00e2nia sofre o maior ataque a\u00e9reo desde o in\u00edcio da guerra -<\/title>\n<meta name=\"description\" content=\"O n\u00famero sem precedentes de drones e m\u00edsseis disparados contra alvos em todo o pa\u00eds matou pelo menos 12 pessoas e feriu dezenas.\" \/>\n<meta name=\"robots\" content=\"index, follow, max-snippet:-1, max-image-preview:large, max-video-preview:-1\" \/>\n<link rel=\"canonical\" href=\"https:\/\/sulsc.com\/index.php\/2023\/12\/29\/158-misseis-em-um-so-dia-ucrania-sofre-o-maior-ataque-aereo-desde-o-inicio-da-guerra\/\" \/>\n<meta property=\"og:locale\" content=\"en_US\" \/>\n<meta property=\"og:type\" content=\"article\" \/>\n<meta property=\"og:title\" content=\"158 m\u00edsseis em um s\u00f3 dia; Ucr\u00e2nia sofre o maior ataque a\u00e9reo desde o in\u00edcio da guerra -\" \/>\n<meta property=\"og:description\" content=\"O n\u00famero sem precedentes de drones e m\u00edsseis disparados contra alvos em todo o pa\u00eds matou pelo menos 12 pessoas e feriu dezenas.\" \/>\n<meta property=\"og:url\" content=\"https:\/\/sulsc.com\/index.php\/2023\/12\/29\/158-misseis-em-um-so-dia-ucrania-sofre-o-maior-ataque-aereo-desde-o-inicio-da-guerra\/\" \/>\n<meta property=\"article:author\" content=\"https:\/\/www.facebook.com\/profile.php?id=61559278119680\" \/>\n<meta property=\"article:published_time\" content=\"2023-12-29T19:09:20+00:00\" \/>\n<meta property=\"og:image\" content=\"http:\/\/sulsc.com\/wp-content\/uploads\/2023\/12\/1-4.webp\" \/>\n\t<meta property=\"og:image:width\" content=\"1024\" \/>\n\t<meta property=\"og:image:height\" content=\"768\" \/>\n\t<meta property=\"og:image:type\" content=\"image\/webp\" \/>\n<meta name=\"author\" content=\"Reda\u00e7\u00e3o Sul SC\" \/>\n<meta name=\"twitter:card\" content=\"summary_large_image\" \/>\n<meta name=\"twitter:creator\" content=\"@https:\/\/twitter.com\/PortalSulSC\" \/>\n<meta name=\"twitter:label1\" content=\"Written by\" \/>\n\t<meta name=\"twitter:data1\" content=\"Reda\u00e7\u00e3o Sul SC\" \/>\n\t<meta name=\"twitter:label2\" content=\"Est. reading time\" \/>\n\t<meta name=\"twitter:data2\" content=\"6 minutes\" \/>\n<script type=\"application\/ld+json\" class=\"yoast-schema-graph\">{\"@context\":\"https:\/\/schema.org\",\"@graph\":[{\"@type\":\"WebPage\",\"@id\":\"https:\/\/sulsc.com\/index.php\/2023\/12\/29\/158-misseis-em-um-so-dia-ucrania-sofre-o-maior-ataque-aereo-desde-o-inicio-da-guerra\/\",\"url\":\"https:\/\/sulsc.com\/index.php\/2023\/12\/29\/158-misseis-em-um-so-dia-ucrania-sofre-o-maior-ataque-aereo-desde-o-inicio-da-guerra\/\",\"name\":\"158 m\u00edsseis em um s\u00f3 dia; Ucr\u00e2nia sofre o maior ataque a\u00e9reo desde o in\u00edcio da guerra -\",\"isPartOf\":{\"@id\":\"https:\/\/sulsc.com\/#website\"},\"datePublished\":\"2023-12-29T19:09:20+00:00\",\"dateModified\":\"2023-12-29T19:09:20+00:00\",\"author\":{\"@id\":\"https:\/\/sulsc.com\/#\/schema\/person\/84d2fc571684f6248ba83092f07750a3\"},\"description\":\"O n\u00famero sem precedentes de drones e m\u00edsseis disparados contra alvos em todo o pa\u00eds matou pelo menos 12 pessoas e feriu dezenas.\",\"breadcrumb\":{\"@id\":\"https:\/\/sulsc.com\/index.php\/2023\/12\/29\/158-misseis-em-um-so-dia-ucrania-sofre-o-maior-ataque-aereo-desde-o-inicio-da-guerra\/#breadcrumb\"},\"inLanguage\":\"en-US\",\"potentialAction\":[{\"@type\":\"ReadAction\",\"target\":[\"https:\/\/sulsc.com\/index.php\/2023\/12\/29\/158-misseis-em-um-so-dia-ucrania-sofre-o-maior-ataque-aereo-desde-o-inicio-da-guerra\/\"]}]},{\"@type\":\"BreadcrumbList\",\"@id\":\"https:\/\/sulsc.com\/index.php\/2023\/12\/29\/158-misseis-em-um-so-dia-ucrania-sofre-o-maior-ataque-aereo-desde-o-inicio-da-guerra\/#breadcrumb\",\"itemListElement\":[{\"@type\":\"ListItem\",\"position\":1,\"name\":\"In\u00edcio\",\"item\":\"https:\/\/sulsc.com\/\"},{\"@type\":\"ListItem\",\"position\":2,\"name\":\"158 m\u00edsseis em um s\u00f3 dia; Ucr\u00e2nia sofre o maior ataque a\u00e9reo desde o in\u00edcio da guerra\"}]},{\"@type\":\"WebSite\",\"@id\":\"https:\/\/sulsc.com\/#website\",\"url\":\"https:\/\/sulsc.com\/\",\"name\":\"\",\"description\":\"\",\"potentialAction\":[{\"@type\":\"SearchAction\",\"target\":{\"@type\":\"EntryPoint\",\"urlTemplate\":\"https:\/\/sulsc.com\/?s={search_term_string}\"},\"query-input\":\"required name=search_term_string\"}],\"inLanguage\":\"en-US\"},{\"@type\":\"Person\",\"@id\":\"https:\/\/sulsc.com\/#\/schema\/person\/84d2fc571684f6248ba83092f07750a3\",\"name\":\"Reda\u00e7\u00e3o Sul SC\",\"image\":{\"@type\":\"ImageObject\",\"inLanguage\":\"en-US\",\"@id\":\"https:\/\/sulsc.com\/#\/schema\/person\/image\/e08d7fe2cc4ed596372063bbe852b8d0\",\"url\":\"https:\/\/sulsc.com\/wp-content\/uploads\/2023\/09\/redacao.png\",\"contentUrl\":\"https:\/\/sulsc.com\/wp-content\/uploads\/2023\/09\/redacao.png\",\"caption\":\"Reda\u00e7\u00e3o Sul SC\"},\"description\":\"Foco em um jornalismo imparcial, voltado \u00e0 qualidade dos seus conte\u00fados e, assim, levar informa\u00e7\u00e3o de valor que agregue \u00e0 vida dos leitores. Esta \u00e9 grande miss\u00e3o do Portal de Not\u00edcias Sul SC. N\u00e3o \u00e9 quantidade que muda o mundo, sempre foi e seguir\u00e1 sendo qualidade!\",\"sameAs\":[\"https:\/\/sulsc.com\/\",\"https:\/\/www.facebook.com\/profile.php?id=61559278119680\",\"https:\/\/www.instagram.com\/sulscportal\/?hl=pt-br\",\"https:\/\/twitter.com\/https:\/\/twitter.com\/PortalSulSC\",\"https:\/\/www.youtube.com\/channel\/UCv_BE8GeySluDov2n8qhVmw\"],\"url\":\"https:\/\/sulsc.com\/index.php\/author\/redacao\/\"}]}<\/script>\n<!-- \/ Yoast SEO plugin. -->","yoast_head_json":{"title":"158 m\u00edsseis em um s\u00f3 dia; Ucr\u00e2nia sofre o maior ataque a\u00e9reo desde o in\u00edcio da guerra -","description":"O n\u00famero sem precedentes de drones e m\u00edsseis disparados contra alvos em todo o pa\u00eds matou pelo menos 12 pessoas e feriu dezenas.","robots":{"index":"index","follow":"follow","max-snippet":"max-snippet:-1","max-image-preview":"max-image-preview:large","max-video-preview":"max-video-preview:-1"},"canonical":"https:\/\/sulsc.com\/index.php\/2023\/12\/29\/158-misseis-em-um-so-dia-ucrania-sofre-o-maior-ataque-aereo-desde-o-inicio-da-guerra\/","og_locale":"en_US","og_type":"article","og_title":"158 m\u00edsseis em um s\u00f3 dia; Ucr\u00e2nia sofre o maior ataque a\u00e9reo desde o in\u00edcio da guerra -","og_description":"O n\u00famero sem precedentes de drones e m\u00edsseis disparados contra alvos em todo o pa\u00eds matou pelo menos 12 pessoas e feriu dezenas.","og_url":"https:\/\/sulsc.com\/index.php\/2023\/12\/29\/158-misseis-em-um-so-dia-ucrania-sofre-o-maior-ataque-aereo-desde-o-inicio-da-guerra\/","article_author":"https:\/\/www.facebook.com\/profile.php?id=61559278119680","article_published_time":"2023-12-29T19:09:20+00:00","og_image":[{"width":1024,"height":768,"url":"http:\/\/sulsc.com\/wp-content\/uploads\/2023\/12\/1-4.webp","type":"image\/webp"}],"author":"Reda\u00e7\u00e3o Sul SC","twitter_card":"summary_large_image","twitter_creator":"@https:\/\/twitter.com\/PortalSulSC","twitter_misc":{"Written by":"Reda\u00e7\u00e3o Sul SC","Est. reading time":"6 minutes"},"schema":{"@context":"https:\/\/schema.org","@graph":[{"@type":"WebPage","@id":"https:\/\/sulsc.com\/index.php\/2023\/12\/29\/158-misseis-em-um-so-dia-ucrania-sofre-o-maior-ataque-aereo-desde-o-inicio-da-guerra\/","url":"https:\/\/sulsc.com\/index.php\/2023\/12\/29\/158-misseis-em-um-so-dia-ucrania-sofre-o-maior-ataque-aereo-desde-o-inicio-da-guerra\/","name":"158 m\u00edsseis em um s\u00f3 dia; Ucr\u00e2nia sofre o maior ataque a\u00e9reo desde o in\u00edcio da guerra -","isPartOf":{"@id":"https:\/\/sulsc.com\/#website"},"datePublished":"2023-12-29T19:09:20+00:00","dateModified":"2023-12-29T19:09:20+00:00","author":{"@id":"https:\/\/sulsc.com\/#\/schema\/person\/84d2fc571684f6248ba83092f07750a3"},"description":"O n\u00famero sem precedentes de drones e m\u00edsseis disparados contra alvos em todo o pa\u00eds matou pelo menos 12 pessoas e feriu dezenas.","breadcrumb":{"@id":"https:\/\/sulsc.com\/index.php\/2023\/12\/29\/158-misseis-em-um-so-dia-ucrania-sofre-o-maior-ataque-aereo-desde-o-inicio-da-guerra\/#breadcrumb"},"inLanguage":"en-US","potentialAction":[{"@type":"ReadAction","target":["https:\/\/sulsc.com\/index.php\/2023\/12\/29\/158-misseis-em-um-so-dia-ucrania-sofre-o-maior-ataque-aereo-desde-o-inicio-da-guerra\/"]}]},{"@type":"BreadcrumbList","@id":"https:\/\/sulsc.com\/index.php\/2023\/12\/29\/158-misseis-em-um-so-dia-ucrania-sofre-o-maior-ataque-aereo-desde-o-inicio-da-guerra\/#breadcrumb","itemListElement":[{"@type":"ListItem","position":1,"name":"In\u00edcio","item":"https:\/\/sulsc.com\/"},{"@type":"ListItem","position":2,"name":"158 m\u00edsseis em um s\u00f3 dia; Ucr\u00e2nia sofre o maior ataque a\u00e9reo desde o in\u00edcio da guerra"}]},{"@type":"WebSite","@id":"https:\/\/sulsc.com\/#website","url":"https:\/\/sulsc.com\/","name":"","description":"","potentialAction":[{"@type":"SearchAction","target":{"@type":"EntryPoint","urlTemplate":"https:\/\/sulsc.com\/?s={search_term_string}"},"query-input":"required name=search_term_string"}],"inLanguage":"en-US"},{"@type":"Person","@id":"https:\/\/sulsc.com\/#\/schema\/person\/84d2fc571684f6248ba83092f07750a3","name":"Reda\u00e7\u00e3o Sul SC","image":{"@type":"ImageObject","inLanguage":"en-US","@id":"https:\/\/sulsc.com\/#\/schema\/person\/image\/e08d7fe2cc4ed596372063bbe852b8d0","url":"https:\/\/sulsc.com\/wp-content\/uploads\/2023\/09\/redacao.png","contentUrl":"https:\/\/sulsc.com\/wp-content\/uploads\/2023\/09\/redacao.png","caption":"Reda\u00e7\u00e3o Sul SC"},"description":"Foco em um jornalismo imparcial, voltado \u00e0 qualidade dos seus conte\u00fados e, assim, levar informa\u00e7\u00e3o de valor que agregue \u00e0 vida dos leitores. Esta \u00e9 grande miss\u00e3o do Portal de Not\u00edcias Sul SC. N\u00e3o \u00e9 quantidade que muda o mundo, sempre foi e seguir\u00e1 sendo qualidade!","sameAs":["https:\/\/sulsc.com\/","https:\/\/www.facebook.com\/profile.php?id=61559278119680","https:\/\/www.instagram.com\/sulscportal\/?hl=pt-br","https:\/\/twitter.com\/https:\/\/twitter.com\/PortalSulSC","https:\/\/www.youtube.com\/channel\/UCv_BE8GeySluDov2n8qhVmw"],"url":"https:\/\/sulsc.com\/index.php\/author\/redacao\/"}]}},"authors":[],"_links":{"self":[{"href":"https:\/\/sulsc.com\/index.php\/wp-json\/wp\/v2\/posts\/6117"}],"collection":[{"href":"https:\/\/sulsc.com\/index.php\/wp-json\/wp\/v2\/posts"}],"about":[{"href":"https:\/\/sulsc.com\/index.php\/wp-json\/wp\/v2\/types\/post"}],"author":[{"embeddable":true,"href":"https:\/\/sulsc.com\/index.php\/wp-json\/wp\/v2\/users\/3"}],"replies":[{"embeddable":true,"href":"https:\/\/sulsc.com\/index.php\/wp-json\/wp\/v2\/comments?post=6117"}],"version-history":[{"count":1,"href":"https:\/\/sulsc.com\/index.php\/wp-json\/wp\/v2\/posts\/6117\/revisions"}],"predecessor-version":[{"id":6119,"href":"https:\/\/sulsc.com\/index.php\/wp-json\/wp\/v2\/posts\/6117\/revisions\/6119"}],"wp:featuredmedia":[{"embeddable":true,"href":"https:\/\/sulsc.com\/index.php\/wp-json\/wp\/v2\/media\/6118"}],"wp:attachment":[{"href":"https:\/\/sulsc.com\/index.php\/wp-json\/wp\/v2\/media?parent=6117"}],"wp:term":[{"taxonomy":"category","embeddable":true,"href":"https:\/\/sulsc.com\/index.php\/wp-json\/wp\/v2\/categories?post=6117"},{"taxonomy":"post_tag","embeddable":true,"href":"https:\/\/sulsc.com\/index.php\/wp-json\/wp\/v2\/tags?post=6117"}],"curies":[{"name":"wp","href":"https:\/\/api.w.org\/{rel}","templated":true}]}}