{"id":6122,"date":"2023-12-29T16:59:25","date_gmt":"2023-12-29T19:59:25","guid":{"rendered":"https:\/\/sulsc.com\/?p=6122"},"modified":"2023-12-29T16:59:25","modified_gmt":"2023-12-29T19:59:25","slug":"transito-tera-serie-de-modificacoes-durante-festas-de-reveillon-em-laguna","status":"publish","type":"post","link":"https:\/\/sulsc.com\/index.php\/2023\/12\/29\/transito-tera-serie-de-modificacoes-durante-festas-de-reveillon-em-laguna\/","title":{"rendered":"Tr\u00e2nsito ter\u00e1 s\u00e9rie de modifica\u00e7\u00f5es durante festas de R\u00e9veillon em Laguna"},"content":{"rendered":"<p><img fetchpriority=\"high\" decoding=\"async\" class=\"aligncenter size-full wp-image-6123\" src=\"http:\/\/sulsc.com\/wp-content\/uploads\/2023\/12\/10-1-scaled.jpg\" alt=\"\" width=\"2560\" height=\"2400\" srcset=\"https:\/\/sulsc.com\/wp-content\/uploads\/2023\/12\/10-1-scaled.jpg 2560w, https:\/\/sulsc.com\/wp-content\/uploads\/2023\/12\/10-1-300x281.jpg 300w, https:\/\/sulsc.com\/wp-content\/uploads\/2023\/12\/10-1-1024x960.jpg 1024w, https:\/\/sulsc.com\/wp-content\/uploads\/2023\/12\/10-1-768x720.jpg 768w, https:\/\/sulsc.com\/wp-content\/uploads\/2023\/12\/10-1-1536x1440.jpg 1536w, https:\/\/sulsc.com\/wp-content\/uploads\/2023\/12\/10-1-2048x1920.jpg 2048w\" sizes=\"(max-width: 2560px) 100vw, 2560px\" \/><\/p>\n<p>A maior festa de <strong>R\u00e9veillon<\/strong> de todo o Sul de Santa Catarina ocorre, tradicionalmente, em <strong>Laguna<\/strong>, mais especificamente na Praia do Mar Grosso, onde s\u00e3o esperadas cerca de <strong>120 mil pessoas<\/strong>.<\/p>\n<p>E para garantir mais seguran\u00e7a na circula\u00e7\u00e3o desta multid\u00e3o que ir\u00e1 assistir a queima de fogos de 12 minutos, a prefeitura elaborou um <strong>esquema especial de tr\u00e2nsito<\/strong> para as comemora\u00e7\u00f5es da virada do ano. Os bloqueios e desvios de rotas ser\u00e3o realizados a partir deste domingo, \u00e0s 6h, e prosseguem at\u00e9 segunda-feira (1\u00ba), \u00e0s 3h.<\/p>\n<p><strong>Confira as ruas que estar\u00e3o fechadas durante o per\u00edodo no bairro Mar Grosso:<\/strong><br \/>\nAvenida Maurilio Kfouri (orla beira mar) do Edif\u00edcio Solar Di Dalmine at\u00e9 o Edif\u00edcio Caet\u00e9;<br \/>\nTravessa Santa Rosa de Lima na esquina com a Av. Ant\u00f4nio Bessa at\u00e9 a esquina com a Rua Rene Rolin;<br \/>\nRua Rubens de Lima Uliss\u00e9a at\u00e9 a esquina com a Rua Paulo Cesar Quirino;<br \/>\nRua Rene Rolin na esquina com a Travessa Praia Grande;<br \/>\nRua Rene Rolin na esquina com a Travessa Armaz\u00e9m.<\/p>\n<p>J\u00e1 no bairro <strong>Farol de Santa Marta,<\/strong> para manter a seguran\u00e7a na circula\u00e7\u00e3o das pessoas que ir\u00e3o assistir a queima de fogos, os bloqueios e desvios de rotas ser\u00e3o realizados a partir do dia 31, \u00e0s 19h e prosseguem at\u00e9 o dia 1\u00ba, \u00e0s 3h.<\/p>\n<p><strong>Vias fechadas para circula\u00e7\u00e3o de ve\u00edculos:<\/strong><br \/>\n\u2013 Estrada Geral do Farol de Santa Marta (em dire\u00e7\u00e3o a Prainha).<\/p>\n<p><strong>Vias liberadas para circula\u00e7\u00e3o de ve\u00edculos:<\/strong><br \/>\n\u2013 Rua Geral da Prainha<\/p>\n","protected":false},"excerpt":{"rendered":"<p>A maior festa de R\u00e9veillon de todo o Sul de Santa Catarina ocorre, tradicionalmente, em Laguna, mais especificamente na Praia do Mar Grosso, onde s\u00e3o esperadas cerca de 120 mil pessoas. E para garantir mais seguran\u00e7a na circula\u00e7\u00e3o desta multid\u00e3o que ir\u00e1 assistir a queima de fogos de 12 minutos, a prefeitura elaborou um esquema &hellip;<\/p>\n<p class=\"read-more\"> <a class=\"\" href=\"https:\/\/sulsc.com\/index.php\/2023\/12\/29\/transito-tera-serie-de-modificacoes-durante-festas-de-reveillon-em-laguna\/\"> <span class=\"screen-reader-text\">Tr\u00e2nsito ter\u00e1 s\u00e9rie de modifica\u00e7\u00f5es durante festas de R\u00e9veillon em Laguna<\/span> Read More &raquo;<\/a><\/p>\n","protected":false},"author":3,"featured_media":6123,"comment_status":"open","ping_status":"open","sticky":false,"template":"","format":"standard","meta":{"site-sidebar-layout":"default","site-content-layout":"","ast-site-content-layout":"default","site-content-style":"default","site-sidebar-style":"default","ast-global-header-display":"","ast-banner-title-visibility":"","ast-main-header-display":"","ast-hfb-above-header-display":"","ast-hfb-below-header-display":"","ast-hfb-mobile-header-display":"","site-post-title":"","ast-breadcrumbs-content":"","ast-featured-img":"","footer-sml-layout":"","theme-transparent-header-meta":"default","adv-header-id-meta":"","stick-header-meta":"","header-above-stick-meta":"","header-main-stick-meta":"","header-below-stick-meta":"","astra-migrate-meta-layouts":"set","footnotes":""},"categories":[1],"tags":[384,65,409,258,530,570],"yoast_head":"<!-- This site is optimized with the Yoast SEO plugin v21.4 - https:\/\/yoast.com\/wordpress\/plugins\/seo\/ -->\n<title>Tr\u00e2nsito ter\u00e1 s\u00e9rie de modifica\u00e7\u00f5es durante festas de R\u00e9veillon em Laguna -<\/title>\n<meta name=\"description\" content=\"A maior festa de R\u00e9veillon de todo o Sul de Santa Catarina ocorre, tradicionalmente, em Laguna, mais especificamente na Praia do Mar Grosso, onde s\u00e3o esperadas cerca de 120 mil pessoas.\" \/>\n<meta name=\"robots\" content=\"index, follow, max-snippet:-1, max-image-preview:large, max-video-preview:-1\" \/>\n<link rel=\"canonical\" href=\"https:\/\/sulsc.com\/index.php\/2023\/12\/29\/transito-tera-serie-de-modificacoes-durante-festas-de-reveillon-em-laguna\/\" \/>\n<meta property=\"og:locale\" content=\"en_US\" \/>\n<meta property=\"og:type\" content=\"article\" \/>\n<meta property=\"og:title\" content=\"Tr\u00e2nsito ter\u00e1 s\u00e9rie de modifica\u00e7\u00f5es durante festas de R\u00e9veillon em Laguna -\" \/>\n<meta property=\"og:description\" content=\"A maior festa de R\u00e9veillon de todo o Sul de Santa Catarina ocorre, tradicionalmente, em Laguna, mais especificamente na Praia do Mar Grosso, onde s\u00e3o esperadas cerca de 120 mil pessoas.\" \/>\n<meta property=\"og:url\" content=\"https:\/\/sulsc.com\/index.php\/2023\/12\/29\/transito-tera-serie-de-modificacoes-durante-festas-de-reveillon-em-laguna\/\" \/>\n<meta property=\"article:author\" content=\"https:\/\/www.facebook.com\/profile.php?id=61559278119680\" \/>\n<meta property=\"article:published_time\" content=\"2023-12-29T19:59:25+00:00\" \/>\n<meta property=\"og:image\" content=\"http:\/\/sulsc.com\/wp-content\/uploads\/2023\/12\/10-1-scaled.jpg\" \/>\n\t<meta property=\"og:image:width\" content=\"2560\" \/>\n\t<meta property=\"og:image:height\" content=\"2400\" \/>\n\t<meta property=\"og:image:type\" content=\"image\/jpeg\" \/>\n<meta name=\"author\" content=\"Reda\u00e7\u00e3o Sul SC\" \/>\n<meta name=\"twitter:card\" content=\"summary_large_image\" \/>\n<meta name=\"twitter:creator\" content=\"@https:\/\/twitter.com\/PortalSulSC\" \/>\n<meta name=\"twitter:label1\" content=\"Written by\" \/>\n\t<meta name=\"twitter:data1\" content=\"Reda\u00e7\u00e3o Sul SC\" \/>\n\t<meta name=\"twitter:label2\" content=\"Est. reading time\" \/>\n\t<meta name=\"twitter:data2\" content=\"2 minutes\" \/>\n<script type=\"application\/ld+json\" class=\"yoast-schema-graph\">{\"@context\":\"https:\/\/schema.org\",\"@graph\":[{\"@type\":\"WebPage\",\"@id\":\"https:\/\/sulsc.com\/index.php\/2023\/12\/29\/transito-tera-serie-de-modificacoes-durante-festas-de-reveillon-em-laguna\/\",\"url\":\"https:\/\/sulsc.com\/index.php\/2023\/12\/29\/transito-tera-serie-de-modificacoes-durante-festas-de-reveillon-em-laguna\/\",\"name\":\"Tr\u00e2nsito ter\u00e1 s\u00e9rie de modifica\u00e7\u00f5es durante festas de R\u00e9veillon em Laguna -\",\"isPartOf\":{\"@id\":\"https:\/\/sulsc.com\/#website\"},\"datePublished\":\"2023-12-29T19:59:25+00:00\",\"dateModified\":\"2023-12-29T19:59:25+00:00\",\"author\":{\"@id\":\"https:\/\/sulsc.com\/#\/schema\/person\/84d2fc571684f6248ba83092f07750a3\"},\"description\":\"A maior festa de R\u00e9veillon de todo o Sul de Santa Catarina ocorre, tradicionalmente, em Laguna, mais especificamente na Praia do Mar Grosso, onde s\u00e3o esperadas cerca de 120 mil pessoas.\",\"breadcrumb\":{\"@id\":\"https:\/\/sulsc.com\/index.php\/2023\/12\/29\/transito-tera-serie-de-modificacoes-durante-festas-de-reveillon-em-laguna\/#breadcrumb\"},\"inLanguage\":\"en-US\",\"potentialAction\":[{\"@type\":\"ReadAction\",\"target\":[\"https:\/\/sulsc.com\/index.php\/2023\/12\/29\/transito-tera-serie-de-modificacoes-durante-festas-de-reveillon-em-laguna\/\"]}]},{\"@type\":\"BreadcrumbList\",\"@id\":\"https:\/\/sulsc.com\/index.php\/2023\/12\/29\/transito-tera-serie-de-modificacoes-durante-festas-de-reveillon-em-laguna\/#breadcrumb\",\"itemListElement\":[{\"@type\":\"ListItem\",\"position\":1,\"name\":\"In\u00edcio\",\"item\":\"https:\/\/sulsc.com\/\"},{\"@type\":\"ListItem\",\"position\":2,\"name\":\"Tr\u00e2nsito ter\u00e1 s\u00e9rie de modifica\u00e7\u00f5es durante festas de R\u00e9veillon em Laguna\"}]},{\"@type\":\"WebSite\",\"@id\":\"https:\/\/sulsc.com\/#website\",\"url\":\"https:\/\/sulsc.com\/\",\"name\":\"\",\"description\":\"\",\"potentialAction\":[{\"@type\":\"SearchAction\",\"target\":{\"@type\":\"EntryPoint\",\"urlTemplate\":\"https:\/\/sulsc.com\/?s={search_term_string}\"},\"query-input\":\"required name=search_term_string\"}],\"inLanguage\":\"en-US\"},{\"@type\":\"Person\",\"@id\":\"https:\/\/sulsc.com\/#\/schema\/person\/84d2fc571684f6248ba83092f07750a3\",\"name\":\"Reda\u00e7\u00e3o Sul SC\",\"image\":{\"@type\":\"ImageObject\",\"inLanguage\":\"en-US\",\"@id\":\"https:\/\/sulsc.com\/#\/schema\/person\/image\/e08d7fe2cc4ed596372063bbe852b8d0\",\"url\":\"https:\/\/sulsc.com\/wp-content\/uploads\/2023\/09\/redacao.png\",\"contentUrl\":\"https:\/\/sulsc.com\/wp-content\/uploads\/2023\/09\/redacao.png\",\"caption\":\"Reda\u00e7\u00e3o Sul SC\"},\"description\":\"Foco em um jornalismo imparcial, voltado \u00e0 qualidade dos seus conte\u00fados e, assim, levar informa\u00e7\u00e3o de valor que agregue \u00e0 vida dos leitores. Esta \u00e9 grande miss\u00e3o do Portal de Not\u00edcias Sul SC. N\u00e3o \u00e9 quantidade que muda o mundo, sempre foi e seguir\u00e1 sendo qualidade!\",\"sameAs\":[\"https:\/\/sulsc.com\/\",\"https:\/\/www.facebook.com\/profile.php?id=61559278119680\",\"https:\/\/www.instagram.com\/sulscportal\/?hl=pt-br\",\"https:\/\/twitter.com\/https:\/\/twitter.com\/PortalSulSC\",\"https:\/\/www.youtube.com\/channel\/UCv_BE8GeySluDov2n8qhVmw\"],\"url\":\"https:\/\/sulsc.com\/index.php\/author\/redacao\/\"}]}<\/script>\n<!-- \/ Yoast SEO plugin. -->","yoast_head_json":{"title":"Tr\u00e2nsito ter\u00e1 s\u00e9rie de modifica\u00e7\u00f5es durante festas de R\u00e9veillon em Laguna -","description":"A maior festa de R\u00e9veillon de todo o Sul de Santa Catarina ocorre, tradicionalmente, em Laguna, mais especificamente na Praia do Mar Grosso, onde s\u00e3o esperadas cerca de 120 mil pessoas.","robots":{"index":"index","follow":"follow","max-snippet":"max-snippet:-1","max-image-preview":"max-image-preview:large","max-video-preview":"max-video-preview:-1"},"canonical":"https:\/\/sulsc.com\/index.php\/2023\/12\/29\/transito-tera-serie-de-modificacoes-durante-festas-de-reveillon-em-laguna\/","og_locale":"en_US","og_type":"article","og_title":"Tr\u00e2nsito ter\u00e1 s\u00e9rie de modifica\u00e7\u00f5es durante festas de R\u00e9veillon em Laguna -","og_description":"A maior festa de R\u00e9veillon de todo o Sul de Santa Catarina ocorre, tradicionalmente, em Laguna, mais especificamente na Praia do Mar Grosso, onde s\u00e3o esperadas cerca de 120 mil pessoas.","og_url":"https:\/\/sulsc.com\/index.php\/2023\/12\/29\/transito-tera-serie-de-modificacoes-durante-festas-de-reveillon-em-laguna\/","article_author":"https:\/\/www.facebook.com\/profile.php?id=61559278119680","article_published_time":"2023-12-29T19:59:25+00:00","og_image":[{"width":2560,"height":2400,"url":"http:\/\/sulsc.com\/wp-content\/uploads\/2023\/12\/10-1-scaled.jpg","type":"image\/jpeg"}],"author":"Reda\u00e7\u00e3o Sul SC","twitter_card":"summary_large_image","twitter_creator":"@https:\/\/twitter.com\/PortalSulSC","twitter_misc":{"Written by":"Reda\u00e7\u00e3o Sul SC","Est. reading time":"2 minutes"},"schema":{"@context":"https:\/\/schema.org","@graph":[{"@type":"WebPage","@id":"https:\/\/sulsc.com\/index.php\/2023\/12\/29\/transito-tera-serie-de-modificacoes-durante-festas-de-reveillon-em-laguna\/","url":"https:\/\/sulsc.com\/index.php\/2023\/12\/29\/transito-tera-serie-de-modificacoes-durante-festas-de-reveillon-em-laguna\/","name":"Tr\u00e2nsito ter\u00e1 s\u00e9rie de modifica\u00e7\u00f5es durante festas de R\u00e9veillon em Laguna -","isPartOf":{"@id":"https:\/\/sulsc.com\/#website"},"datePublished":"2023-12-29T19:59:25+00:00","dateModified":"2023-12-29T19:59:25+00:00","author":{"@id":"https:\/\/sulsc.com\/#\/schema\/person\/84d2fc571684f6248ba83092f07750a3"},"description":"A maior festa de R\u00e9veillon de todo o Sul de Santa Catarina ocorre, tradicionalmente, em Laguna, mais especificamente na Praia do Mar Grosso, onde s\u00e3o esperadas cerca de 120 mil pessoas.","breadcrumb":{"@id":"https:\/\/sulsc.com\/index.php\/2023\/12\/29\/transito-tera-serie-de-modificacoes-durante-festas-de-reveillon-em-laguna\/#breadcrumb"},"inLanguage":"en-US","potentialAction":[{"@type":"ReadAction","target":["https:\/\/sulsc.com\/index.php\/2023\/12\/29\/transito-tera-serie-de-modificacoes-durante-festas-de-reveillon-em-laguna\/"]}]},{"@type":"BreadcrumbList","@id":"https:\/\/sulsc.com\/index.php\/2023\/12\/29\/transito-tera-serie-de-modificacoes-durante-festas-de-reveillon-em-laguna\/#breadcrumb","itemListElement":[{"@type":"ListItem","position":1,"name":"In\u00edcio","item":"https:\/\/sulsc.com\/"},{"@type":"ListItem","position":2,"name":"Tr\u00e2nsito ter\u00e1 s\u00e9rie de modifica\u00e7\u00f5es durante festas de R\u00e9veillon em Laguna"}]},{"@type":"WebSite","@id":"https:\/\/sulsc.com\/#website","url":"https:\/\/sulsc.com\/","name":"","description":"","potentialAction":[{"@type":"SearchAction","target":{"@type":"EntryPoint","urlTemplate":"https:\/\/sulsc.com\/?s={search_term_string}"},"query-input":"required name=search_term_string"}],"inLanguage":"en-US"},{"@type":"Person","@id":"https:\/\/sulsc.com\/#\/schema\/person\/84d2fc571684f6248ba83092f07750a3","name":"Reda\u00e7\u00e3o Sul SC","image":{"@type":"ImageObject","inLanguage":"en-US","@id":"https:\/\/sulsc.com\/#\/schema\/person\/image\/e08d7fe2cc4ed596372063bbe852b8d0","url":"https:\/\/sulsc.com\/wp-content\/uploads\/2023\/09\/redacao.png","contentUrl":"https:\/\/sulsc.com\/wp-content\/uploads\/2023\/09\/redacao.png","caption":"Reda\u00e7\u00e3o Sul SC"},"description":"Foco em um jornalismo imparcial, voltado \u00e0 qualidade dos seus conte\u00fados e, assim, levar informa\u00e7\u00e3o de valor que agregue \u00e0 vida dos leitores. Esta \u00e9 grande miss\u00e3o do Portal de Not\u00edcias Sul SC. N\u00e3o \u00e9 quantidade que muda o mundo, sempre foi e seguir\u00e1 sendo qualidade!","sameAs":["https:\/\/sulsc.com\/","https:\/\/www.facebook.com\/profile.php?id=61559278119680","https:\/\/www.instagram.com\/sulscportal\/?hl=pt-br","https:\/\/twitter.com\/https:\/\/twitter.com\/PortalSulSC","https:\/\/www.youtube.com\/channel\/UCv_BE8GeySluDov2n8qhVmw"],"url":"https:\/\/sulsc.com\/index.php\/author\/redacao\/"}]}},"authors":[],"_links":{"self":[{"href":"https:\/\/sulsc.com\/index.php\/wp-json\/wp\/v2\/posts\/6122"}],"collection":[{"href":"https:\/\/sulsc.com\/index.php\/wp-json\/wp\/v2\/posts"}],"about":[{"href":"https:\/\/sulsc.com\/index.php\/wp-json\/wp\/v2\/types\/post"}],"author":[{"embeddable":true,"href":"https:\/\/sulsc.com\/index.php\/wp-json\/wp\/v2\/users\/3"}],"replies":[{"embeddable":true,"href":"https:\/\/sulsc.com\/index.php\/wp-json\/wp\/v2\/comments?post=6122"}],"version-history":[{"count":1,"href":"https:\/\/sulsc.com\/index.php\/wp-json\/wp\/v2\/posts\/6122\/revisions"}],"predecessor-version":[{"id":6124,"href":"https:\/\/sulsc.com\/index.php\/wp-json\/wp\/v2\/posts\/6122\/revisions\/6124"}],"wp:featuredmedia":[{"embeddable":true,"href":"https:\/\/sulsc.com\/index.php\/wp-json\/wp\/v2\/media\/6123"}],"wp:attachment":[{"href":"https:\/\/sulsc.com\/index.php\/wp-json\/wp\/v2\/media?parent=6122"}],"wp:term":[{"taxonomy":"category","embeddable":true,"href":"https:\/\/sulsc.com\/index.php\/wp-json\/wp\/v2\/categories?post=6122"},{"taxonomy":"post_tag","embeddable":true,"href":"https:\/\/sulsc.com\/index.php\/wp-json\/wp\/v2\/tags?post=6122"}],"curies":[{"name":"wp","href":"https:\/\/api.w.org\/{rel}","templated":true}]}}