{"id":6133,"date":"2023-12-30T10:38:15","date_gmt":"2023-12-30T13:38:15","guid":{"rendered":"https:\/\/sulsc.com\/?p=6133"},"modified":"2023-12-30T10:39:40","modified_gmt":"2023-12-30T13:39:40","slug":"150-novos-leitos-de-uti-sao-abertos-em-santa-catarina","status":"publish","type":"post","link":"https:\/\/sulsc.com\/index.php\/2023\/12\/30\/150-novos-leitos-de-uti-sao-abertos-em-santa-catarina\/","title":{"rendered":"150 novos leitos de UTI s\u00e3o abertos no Estado, 26 no Sul de SC"},"content":{"rendered":"<figure id=\"attachment_6134\" aria-describedby=\"caption-attachment-6134\" style=\"width: 1200px\" class=\"wp-caption aligncenter\"><img fetchpriority=\"high\" decoding=\"async\" class=\"size-full wp-image-6134\" src=\"http:\/\/sulsc.com\/wp-content\/uploads\/2023\/12\/2-18.jpg\" alt=\"\" width=\"1200\" height=\"800\" srcset=\"https:\/\/sulsc.com\/wp-content\/uploads\/2023\/12\/2-18.jpg 1200w, https:\/\/sulsc.com\/wp-content\/uploads\/2023\/12\/2-18-300x200.jpg 300w, https:\/\/sulsc.com\/wp-content\/uploads\/2023\/12\/2-18-1024x683.jpg 1024w, https:\/\/sulsc.com\/wp-content\/uploads\/2023\/12\/2-18-768x512.jpg 768w\" sizes=\"(max-width: 1200px) 100vw, 1200px\" \/><figcaption id=\"caption-attachment-6134\" class=\"wp-caption-text\">Foto: Ascom SES\/Sul SC<\/figcaption><\/figure>\n<p>O sistema de <strong>sa\u00fade em Santa Catarina<\/strong> parece respirar com menos chiado ap\u00f3s anos sufocado por falta de leitos de <strong>UTI<\/strong>, os mais caros e complexos para manuten\u00e7\u00e3o da m\u00e1quina p\u00fablica. Para fortalecer a rede, a Secretaria de Estado da Sa\u00fade (SES) abriu 150 novos leitos de Unidade de Terapia Intensiva, somente em 2023.<\/p>\n<p>Os leitos est\u00e3o distribu\u00eddos entre neonatais (53), pedi\u00e1tricos (41) e adultos (56). A iniciativa tem impacto direto no aumento da capacidade de atendimento, proporcionando n\u00e3o apenas a amplia\u00e7\u00e3o do suporte a pacientes cr\u00edticos, mas tamb\u00e9m impulsionando a realiza\u00e7\u00e3o de cirurgias eletivas. \u201c\u00c9 muito melhor para o paciente receber o tratamento na sua regi\u00e3o, mais perto de casa e da fam\u00edlia. \u00c9 para isso o nosso esfor\u00e7o e a nossa determina\u00e7\u00e3o, para ampliar os atendimentos e encurtar as dist\u00e2ncias\u201d, frisa o governador <strong>Jorginho Mello<\/strong>.<\/p>\n<p>A secret\u00e1ria da Pasta, <strong>Carmen Zanotto<\/strong>, destacou o compromisso da gest\u00e3o em refor\u00e7ar a assist\u00eancia \u00e0 sa\u00fade em todo o estado. \u201cEstamos buscando ativar todos os leitos poss\u00edveis dentro da rede hospitalar pr\u00f3pria e da rede hospitalar conveniada, para isso, estamos trabalhando intensamente em parceria com os hospitais e as Secretarias Municipais de Sa\u00fade\u201d, afirma a secret\u00e1ria.<\/p>\n<p>Com a previs\u00e3o da entrega de mais 20 leitos, a iniciativa totalizar\u00e1 170 novas unidades. Os leitos foram destinados a hospitais de diversos munic\u00edpios catarinenses, abrangendo <strong>Ararangu\u00e1<\/strong>, Blumenau, Brusque, Itaja\u00ed, Lages, Mafra, S\u00e3o Jos\u00e9 e <strong>Sombrio<\/strong>.<\/p>\n<p><strong>Regi\u00f5es beneficiados:<\/strong><\/p>\n<p><strong>Sul<\/strong><br \/>\nArarangu\u00e1: 8 leitos neonatais no Hospital Regional Affonso Guizzo<br \/>\nSombrio: 10 leitos pedi\u00e1tricos e 8 leitos para adultos no Hospital Dom Joaquim<\/p>\n<p><strong>Vale do Itaja\u00ed<\/strong><br \/>\nBlumenau: 12 leitos neonatais no Hospital Santa Catarina e 10 neonatais no Hospital Santo Ant\u00f4nio.<br \/>\nBrusque: 21 leitos pedi\u00e1tricos, 10 neonatais e 10 leitos para adultos no Hospital Imigrantes, al\u00e9m de 6 neonatais e 10 leitos para adultos no Hospital Azambuja<\/p>\n<p><strong>Foz do Rio Itaja\u00ed<\/strong><br \/>\nItaja\u00ed: 20 leitos para adultos e previs\u00e3o de abertura de 10 neonatais no Hospital e Mat. Marieta Konder Bornhausen, al\u00e9m de 10 leitos pedi\u00e1tricos no Hospital Pequeno Anjo<\/p>\n<p><strong>Serra<\/strong><br \/>\nLages: 6 leitos neonatais no Hospital Tereza Ramos.<\/p>\n<p><strong>Planalto Norte<\/strong><br \/>\nMafra: 1 leito neonatal no Hospital Maternidade Catarina Kuss e 8 leitos para adultos no Hospital S\u00e3o Vicente (com a previs\u00e3o de abertura de mais 2 leitos adultos).<\/p>\n<p><strong>Grande Florian\u00f3polis<\/strong><br \/>\nS\u00e3o Jos\u00e9: 10 leitos neonatais no Hospital Regional de S\u00e3o Jos\u00e9.<\/p>\n<p><strong>Meio-Oeste<\/strong><br \/>\nCa\u00e7ador: O Hospital Maic\u00e9 tem a previs\u00e3o de abertura de 8 leitos para adultos.<\/p>\n","protected":false},"excerpt":{"rendered":"<p>O sistema de sa\u00fade em Santa Catarina parece respirar com menos chiado ap\u00f3s anos sufocado por falta de leitos de UTI, os mais caros e complexos para manuten\u00e7\u00e3o da m\u00e1quina p\u00fablica. Para fortalecer a rede, a Secretaria de Estado da Sa\u00fade (SES) abriu 150 novos leitos de Unidade de Terapia Intensiva, somente em 2023. Os &hellip;<\/p>\n<p class=\"read-more\"> <a class=\"\" href=\"https:\/\/sulsc.com\/index.php\/2023\/12\/30\/150-novos-leitos-de-uti-sao-abertos-em-santa-catarina\/\"> <span class=\"screen-reader-text\">150 novos leitos de UTI s\u00e3o abertos no Estado, 26 no Sul de SC<\/span> Read More &raquo;<\/a><\/p>\n","protected":false},"author":3,"featured_media":6134,"comment_status":"open","ping_status":"open","sticky":false,"template":"","format":"standard","meta":{"site-sidebar-layout":"default","site-content-layout":"","ast-site-content-layout":"default","site-content-style":"default","site-sidebar-style":"default","ast-global-header-display":"","ast-banner-title-visibility":"","ast-main-header-display":"","ast-hfb-above-header-display":"","ast-hfb-below-header-display":"","ast-hfb-mobile-header-display":"","site-post-title":"","ast-breadcrumbs-content":"","ast-featured-img":"","footer-sml-layout":"","theme-transparent-header-meta":"default","adv-header-id-meta":"","stick-header-meta":"","header-above-stick-meta":"","header-main-stick-meta":"","header-below-stick-meta":"","astra-migrate-meta-layouts":"set","footnotes":""},"categories":[24],"tags":[278,573,143,486,572],"yoast_head":"<!-- This site is optimized with the Yoast SEO plugin v21.4 - https:\/\/yoast.com\/wordpress\/plugins\/seo\/ -->\n<title>150 novos leitos de UTI s\u00e3o abertos no Estado, 26 no Sul de SC -<\/title>\n<meta name=\"description\" content=\"Ararangu\u00e1 ganhou oito leitos neonatais no Hospital Regional Affonso Guizzo, Sombrio foi beneficiado com dez leitos pedi\u00e1tricos e oito para adultos no Hospital Dom Joaquim\" \/>\n<meta name=\"robots\" content=\"index, follow, max-snippet:-1, max-image-preview:large, max-video-preview:-1\" \/>\n<link rel=\"canonical\" href=\"https:\/\/sulsc.com\/index.php\/2023\/12\/30\/150-novos-leitos-de-uti-sao-abertos-em-santa-catarina\/\" \/>\n<meta property=\"og:locale\" content=\"en_US\" \/>\n<meta property=\"og:type\" content=\"article\" \/>\n<meta property=\"og:title\" content=\"150 novos leitos de UTI s\u00e3o abertos no Estado, 26 no Sul de SC -\" \/>\n<meta property=\"og:description\" content=\"Ararangu\u00e1 ganhou oito leitos neonatais no Hospital Regional Affonso Guizzo, Sombrio foi beneficiado com dez leitos pedi\u00e1tricos e oito para adultos no Hospital Dom Joaquim\" \/>\n<meta property=\"og:url\" content=\"https:\/\/sulsc.com\/index.php\/2023\/12\/30\/150-novos-leitos-de-uti-sao-abertos-em-santa-catarina\/\" \/>\n<meta property=\"article:author\" content=\"https:\/\/www.facebook.com\/profile.php?id=61559278119680\" \/>\n<meta property=\"article:published_time\" content=\"2023-12-30T13:38:15+00:00\" \/>\n<meta property=\"article:modified_time\" content=\"2023-12-30T13:39:40+00:00\" \/>\n<meta property=\"og:image\" content=\"http:\/\/sulsc.com\/wp-content\/uploads\/2023\/12\/2-18.jpg\" \/>\n\t<meta property=\"og:image:width\" content=\"1200\" \/>\n\t<meta property=\"og:image:height\" content=\"800\" \/>\n\t<meta property=\"og:image:type\" content=\"image\/jpeg\" \/>\n<meta name=\"author\" content=\"Reda\u00e7\u00e3o Sul SC\" \/>\n<meta name=\"twitter:card\" content=\"summary_large_image\" \/>\n<meta name=\"twitter:creator\" content=\"@https:\/\/twitter.com\/PortalSulSC\" \/>\n<meta name=\"twitter:label1\" content=\"Written by\" \/>\n\t<meta name=\"twitter:data1\" content=\"Reda\u00e7\u00e3o Sul SC\" \/>\n\t<meta name=\"twitter:label2\" content=\"Est. reading time\" \/>\n\t<meta name=\"twitter:data2\" content=\"3 minutes\" \/>\n<script type=\"application\/ld+json\" class=\"yoast-schema-graph\">{\"@context\":\"https:\/\/schema.org\",\"@graph\":[{\"@type\":\"WebPage\",\"@id\":\"https:\/\/sulsc.com\/index.php\/2023\/12\/30\/150-novos-leitos-de-uti-sao-abertos-em-santa-catarina\/\",\"url\":\"https:\/\/sulsc.com\/index.php\/2023\/12\/30\/150-novos-leitos-de-uti-sao-abertos-em-santa-catarina\/\",\"name\":\"150 novos leitos de UTI s\u00e3o abertos no Estado, 26 no Sul de SC -\",\"isPartOf\":{\"@id\":\"https:\/\/sulsc.com\/#website\"},\"datePublished\":\"2023-12-30T13:38:15+00:00\",\"dateModified\":\"2023-12-30T13:39:40+00:00\",\"author\":{\"@id\":\"https:\/\/sulsc.com\/#\/schema\/person\/84d2fc571684f6248ba83092f07750a3\"},\"description\":\"Ararangu\u00e1 ganhou oito leitos neonatais no Hospital Regional Affonso Guizzo, Sombrio foi beneficiado com dez leitos pedi\u00e1tricos e oito para adultos no Hospital Dom Joaquim\",\"breadcrumb\":{\"@id\":\"https:\/\/sulsc.com\/index.php\/2023\/12\/30\/150-novos-leitos-de-uti-sao-abertos-em-santa-catarina\/#breadcrumb\"},\"inLanguage\":\"en-US\",\"potentialAction\":[{\"@type\":\"ReadAction\",\"target\":[\"https:\/\/sulsc.com\/index.php\/2023\/12\/30\/150-novos-leitos-de-uti-sao-abertos-em-santa-catarina\/\"]}]},{\"@type\":\"BreadcrumbList\",\"@id\":\"https:\/\/sulsc.com\/index.php\/2023\/12\/30\/150-novos-leitos-de-uti-sao-abertos-em-santa-catarina\/#breadcrumb\",\"itemListElement\":[{\"@type\":\"ListItem\",\"position\":1,\"name\":\"In\u00edcio\",\"item\":\"https:\/\/sulsc.com\/\"},{\"@type\":\"ListItem\",\"position\":2,\"name\":\"150 novos leitos de UTI s\u00e3o abertos no Estado, 26 no Sul de SC\"}]},{\"@type\":\"WebSite\",\"@id\":\"https:\/\/sulsc.com\/#website\",\"url\":\"https:\/\/sulsc.com\/\",\"name\":\"\",\"description\":\"\",\"potentialAction\":[{\"@type\":\"SearchAction\",\"target\":{\"@type\":\"EntryPoint\",\"urlTemplate\":\"https:\/\/sulsc.com\/?s={search_term_string}\"},\"query-input\":\"required name=search_term_string\"}],\"inLanguage\":\"en-US\"},{\"@type\":\"Person\",\"@id\":\"https:\/\/sulsc.com\/#\/schema\/person\/84d2fc571684f6248ba83092f07750a3\",\"name\":\"Reda\u00e7\u00e3o Sul SC\",\"image\":{\"@type\":\"ImageObject\",\"inLanguage\":\"en-US\",\"@id\":\"https:\/\/sulsc.com\/#\/schema\/person\/image\/e08d7fe2cc4ed596372063bbe852b8d0\",\"url\":\"https:\/\/sulsc.com\/wp-content\/uploads\/2023\/09\/redacao.png\",\"contentUrl\":\"https:\/\/sulsc.com\/wp-content\/uploads\/2023\/09\/redacao.png\",\"caption\":\"Reda\u00e7\u00e3o Sul SC\"},\"description\":\"Foco em um jornalismo imparcial, voltado \u00e0 qualidade dos seus conte\u00fados e, assim, levar informa\u00e7\u00e3o de valor que agregue \u00e0 vida dos leitores. Esta \u00e9 grande miss\u00e3o do Portal de Not\u00edcias Sul SC. N\u00e3o \u00e9 quantidade que muda o mundo, sempre foi e seguir\u00e1 sendo qualidade!\",\"sameAs\":[\"https:\/\/sulsc.com\/\",\"https:\/\/www.facebook.com\/profile.php?id=61559278119680\",\"https:\/\/www.instagram.com\/sulscportal\/?hl=pt-br\",\"https:\/\/twitter.com\/https:\/\/twitter.com\/PortalSulSC\",\"https:\/\/www.youtube.com\/channel\/UCv_BE8GeySluDov2n8qhVmw\"],\"url\":\"https:\/\/sulsc.com\/index.php\/author\/redacao\/\"}]}<\/script>\n<!-- \/ Yoast SEO plugin. -->","yoast_head_json":{"title":"150 novos leitos de UTI s\u00e3o abertos no Estado, 26 no Sul de SC -","description":"Ararangu\u00e1 ganhou oito leitos neonatais no Hospital Regional Affonso Guizzo, Sombrio foi beneficiado com dez leitos pedi\u00e1tricos e oito para adultos no Hospital Dom Joaquim","robots":{"index":"index","follow":"follow","max-snippet":"max-snippet:-1","max-image-preview":"max-image-preview:large","max-video-preview":"max-video-preview:-1"},"canonical":"https:\/\/sulsc.com\/index.php\/2023\/12\/30\/150-novos-leitos-de-uti-sao-abertos-em-santa-catarina\/","og_locale":"en_US","og_type":"article","og_title":"150 novos leitos de UTI s\u00e3o abertos no Estado, 26 no Sul de SC -","og_description":"Ararangu\u00e1 ganhou oito leitos neonatais no Hospital Regional Affonso Guizzo, Sombrio foi beneficiado com dez leitos pedi\u00e1tricos e oito para adultos no Hospital Dom Joaquim","og_url":"https:\/\/sulsc.com\/index.php\/2023\/12\/30\/150-novos-leitos-de-uti-sao-abertos-em-santa-catarina\/","article_author":"https:\/\/www.facebook.com\/profile.php?id=61559278119680","article_published_time":"2023-12-30T13:38:15+00:00","article_modified_time":"2023-12-30T13:39:40+00:00","og_image":[{"width":1200,"height":800,"url":"http:\/\/sulsc.com\/wp-content\/uploads\/2023\/12\/2-18.jpg","type":"image\/jpeg"}],"author":"Reda\u00e7\u00e3o Sul SC","twitter_card":"summary_large_image","twitter_creator":"@https:\/\/twitter.com\/PortalSulSC","twitter_misc":{"Written by":"Reda\u00e7\u00e3o Sul SC","Est. reading time":"3 minutes"},"schema":{"@context":"https:\/\/schema.org","@graph":[{"@type":"WebPage","@id":"https:\/\/sulsc.com\/index.php\/2023\/12\/30\/150-novos-leitos-de-uti-sao-abertos-em-santa-catarina\/","url":"https:\/\/sulsc.com\/index.php\/2023\/12\/30\/150-novos-leitos-de-uti-sao-abertos-em-santa-catarina\/","name":"150 novos leitos de UTI s\u00e3o abertos no Estado, 26 no Sul de SC -","isPartOf":{"@id":"https:\/\/sulsc.com\/#website"},"datePublished":"2023-12-30T13:38:15+00:00","dateModified":"2023-12-30T13:39:40+00:00","author":{"@id":"https:\/\/sulsc.com\/#\/schema\/person\/84d2fc571684f6248ba83092f07750a3"},"description":"Ararangu\u00e1 ganhou oito leitos neonatais no Hospital Regional Affonso Guizzo, Sombrio foi beneficiado com dez leitos pedi\u00e1tricos e oito para adultos no Hospital Dom Joaquim","breadcrumb":{"@id":"https:\/\/sulsc.com\/index.php\/2023\/12\/30\/150-novos-leitos-de-uti-sao-abertos-em-santa-catarina\/#breadcrumb"},"inLanguage":"en-US","potentialAction":[{"@type":"ReadAction","target":["https:\/\/sulsc.com\/index.php\/2023\/12\/30\/150-novos-leitos-de-uti-sao-abertos-em-santa-catarina\/"]}]},{"@type":"BreadcrumbList","@id":"https:\/\/sulsc.com\/index.php\/2023\/12\/30\/150-novos-leitos-de-uti-sao-abertos-em-santa-catarina\/#breadcrumb","itemListElement":[{"@type":"ListItem","position":1,"name":"In\u00edcio","item":"https:\/\/sulsc.com\/"},{"@type":"ListItem","position":2,"name":"150 novos leitos de UTI s\u00e3o abertos no Estado, 26 no Sul de SC"}]},{"@type":"WebSite","@id":"https:\/\/sulsc.com\/#website","url":"https:\/\/sulsc.com\/","name":"","description":"","potentialAction":[{"@type":"SearchAction","target":{"@type":"EntryPoint","urlTemplate":"https:\/\/sulsc.com\/?s={search_term_string}"},"query-input":"required name=search_term_string"}],"inLanguage":"en-US"},{"@type":"Person","@id":"https:\/\/sulsc.com\/#\/schema\/person\/84d2fc571684f6248ba83092f07750a3","name":"Reda\u00e7\u00e3o Sul SC","image":{"@type":"ImageObject","inLanguage":"en-US","@id":"https:\/\/sulsc.com\/#\/schema\/person\/image\/e08d7fe2cc4ed596372063bbe852b8d0","url":"https:\/\/sulsc.com\/wp-content\/uploads\/2023\/09\/redacao.png","contentUrl":"https:\/\/sulsc.com\/wp-content\/uploads\/2023\/09\/redacao.png","caption":"Reda\u00e7\u00e3o Sul SC"},"description":"Foco em um jornalismo imparcial, voltado \u00e0 qualidade dos seus conte\u00fados e, assim, levar informa\u00e7\u00e3o de valor que agregue \u00e0 vida dos leitores. Esta \u00e9 grande miss\u00e3o do Portal de Not\u00edcias Sul SC. N\u00e3o \u00e9 quantidade que muda o mundo, sempre foi e seguir\u00e1 sendo qualidade!","sameAs":["https:\/\/sulsc.com\/","https:\/\/www.facebook.com\/profile.php?id=61559278119680","https:\/\/www.instagram.com\/sulscportal\/?hl=pt-br","https:\/\/twitter.com\/https:\/\/twitter.com\/PortalSulSC","https:\/\/www.youtube.com\/channel\/UCv_BE8GeySluDov2n8qhVmw"],"url":"https:\/\/sulsc.com\/index.php\/author\/redacao\/"}]}},"authors":[],"_links":{"self":[{"href":"https:\/\/sulsc.com\/index.php\/wp-json\/wp\/v2\/posts\/6133"}],"collection":[{"href":"https:\/\/sulsc.com\/index.php\/wp-json\/wp\/v2\/posts"}],"about":[{"href":"https:\/\/sulsc.com\/index.php\/wp-json\/wp\/v2\/types\/post"}],"author":[{"embeddable":true,"href":"https:\/\/sulsc.com\/index.php\/wp-json\/wp\/v2\/users\/3"}],"replies":[{"embeddable":true,"href":"https:\/\/sulsc.com\/index.php\/wp-json\/wp\/v2\/comments?post=6133"}],"version-history":[{"count":2,"href":"https:\/\/sulsc.com\/index.php\/wp-json\/wp\/v2\/posts\/6133\/revisions"}],"predecessor-version":[{"id":6136,"href":"https:\/\/sulsc.com\/index.php\/wp-json\/wp\/v2\/posts\/6133\/revisions\/6136"}],"wp:featuredmedia":[{"embeddable":true,"href":"https:\/\/sulsc.com\/index.php\/wp-json\/wp\/v2\/media\/6134"}],"wp:attachment":[{"href":"https:\/\/sulsc.com\/index.php\/wp-json\/wp\/v2\/media?parent=6133"}],"wp:term":[{"taxonomy":"category","embeddable":true,"href":"https:\/\/sulsc.com\/index.php\/wp-json\/wp\/v2\/categories?post=6133"},{"taxonomy":"post_tag","embeddable":true,"href":"https:\/\/sulsc.com\/index.php\/wp-json\/wp\/v2\/tags?post=6133"}],"curies":[{"name":"wp","href":"https:\/\/api.w.org\/{rel}","templated":true}]}}