{"id":6263,"date":"2024-01-02T07:33:23","date_gmt":"2024-01-02T10:33:23","guid":{"rendered":"https:\/\/sulsc.com\/?p=6263"},"modified":"2024-01-02T07:33:23","modified_gmt":"2024-01-02T10:33:23","slug":"adolescente-e-assassinado-a-tiros-dentro-de-casa","status":"publish","type":"post","link":"https:\/\/sulsc.com\/index.php\/2024\/01\/02\/adolescente-e-assassinado-a-tiros-dentro-de-casa\/","title":{"rendered":"Adolescente \u00e9 assassinado a tiros dentro de casa"},"content":{"rendered":"<p>Um homic\u00eddio foi registrado no fim da da noite dessa segunda-feira (1), em Ararangu\u00e1. Um\u00a0adolescente, de 17 anos, foi morto a tiros dentro da pr\u00f3pria casa. O crime ocorreu minutos antes da meia-noite, na Favela do Ucca, no bairro Divin\u00e9ia.<\/p>\n<p>Conforme a Pol\u00edcia Militar (PM), quando a guarni\u00e7\u00e3o chegou no local, o adolescente estava deitado na cama j\u00e1 em \u00f3bito. Na casa estava a madrasta da v\u00edtima e a filha da mulher que relatou que as duas estavam deitadas em outro c\u00f4modo, quando ouviram um barulho na porta e em seguida v\u00e1rios disparos de arma de fogo.<\/p>\n<p>Ao verificar o que estava acontecendo, a mulher viu tr\u00eas homens saindo correndo de dentro da casa em dire\u00e7\u00e3o a rua. As Pol\u00edcias Civil e Cient\u00edfica (antigo Instituto Geral de Per\u00edcias), foram ao local e investigam o caso. Este foi o primeiro homic\u00eddio registrado no Extremo Sul Catarinense.<\/p>\n<p><img fetchpriority=\"high\" decoding=\"async\" class=\"alignnone size-full wp-image-6264\" src=\"http:\/\/sulsc.com\/wp-content\/uploads\/2024\/01\/Adolescente-e-executado-a-tiros-dentro-de-casa.webp\" alt=\"\" width=\"620\" height=\"500\" srcset=\"https:\/\/sulsc.com\/wp-content\/uploads\/2024\/01\/Adolescente-e-executado-a-tiros-dentro-de-casa.webp 620w, https:\/\/sulsc.com\/wp-content\/uploads\/2024\/01\/Adolescente-e-executado-a-tiros-dentro-de-casa-300x242.webp 300w\" sizes=\"(max-width: 620px) 100vw, 620px\" \/><\/p>\n<p>Fonte: Litoral Sul<\/p>\n","protected":false},"excerpt":{"rendered":"<p>Um homic\u00eddio foi registrado no fim da da noite dessa segunda-feira (1), em Ararangu\u00e1. Um\u00a0adolescente, de 17 anos, foi morto a tiros dentro da pr\u00f3pria casa. O crime ocorreu minutos antes da meia-noite, na Favela do Ucca, no bairro Divin\u00e9ia. Conforme a Pol\u00edcia Militar (PM), quando a guarni\u00e7\u00e3o chegou no local, o adolescente estava deitado &hellip;<\/p>\n<p class=\"read-more\"> <a class=\"\" href=\"https:\/\/sulsc.com\/index.php\/2024\/01\/02\/adolescente-e-assassinado-a-tiros-dentro-de-casa\/\"> <span class=\"screen-reader-text\">Adolescente \u00e9 assassinado a tiros dentro de casa<\/span> Read More &raquo;<\/a><\/p>\n","protected":false},"author":3,"featured_media":6264,"comment_status":"open","ping_status":"open","sticky":false,"template":"","format":"standard","meta":{"site-sidebar-layout":"default","site-content-layout":"","ast-site-content-layout":"default","site-content-style":"default","site-sidebar-style":"default","ast-global-header-display":"","ast-banner-title-visibility":"","ast-main-header-display":"","ast-hfb-above-header-display":"","ast-hfb-below-header-display":"","ast-hfb-mobile-header-display":"","site-post-title":"","ast-breadcrumbs-content":"","ast-featured-img":"","footer-sml-layout":"","theme-transparent-header-meta":"default","adv-header-id-meta":"","stick-header-meta":"","header-above-stick-meta":"","header-main-stick-meta":"","header-below-stick-meta":"","astra-migrate-meta-layouts":"set","footnotes":""},"categories":[24,8],"tags":[],"yoast_head":"<!-- This site is optimized with the Yoast SEO plugin v21.4 - https:\/\/yoast.com\/wordpress\/plugins\/seo\/ -->\n<title>Adolescente \u00e9 assassinado a tiros dentro de casa -<\/title>\n<meta name=\"description\" content=\"O crime ocorreu no final da noite dessa segunda-feira (1), em Ararangu\u00e1\" \/>\n<meta name=\"robots\" content=\"index, follow, max-snippet:-1, max-image-preview:large, max-video-preview:-1\" \/>\n<link rel=\"canonical\" href=\"https:\/\/sulsc.com\/index.php\/2024\/01\/02\/adolescente-e-assassinado-a-tiros-dentro-de-casa\/\" \/>\n<meta property=\"og:locale\" content=\"en_US\" \/>\n<meta property=\"og:type\" content=\"article\" \/>\n<meta property=\"og:title\" content=\"Adolescente \u00e9 assassinado a tiros dentro de casa -\" \/>\n<meta property=\"og:description\" content=\"O crime ocorreu no final da noite dessa segunda-feira (1), em Ararangu\u00e1\" \/>\n<meta property=\"og:url\" content=\"https:\/\/sulsc.com\/index.php\/2024\/01\/02\/adolescente-e-assassinado-a-tiros-dentro-de-casa\/\" \/>\n<meta property=\"article:author\" content=\"https:\/\/www.facebook.com\/profile.php?id=61559278119680\" \/>\n<meta property=\"article:published_time\" content=\"2024-01-02T10:33:23+00:00\" \/>\n<meta property=\"og:image\" content=\"http:\/\/sulsc.com\/wp-content\/uploads\/2024\/01\/Adolescente-e-executado-a-tiros-dentro-de-casa.webp\" \/>\n\t<meta property=\"og:image:width\" content=\"620\" \/>\n\t<meta property=\"og:image:height\" content=\"500\" \/>\n\t<meta property=\"og:image:type\" content=\"image\/webp\" \/>\n<meta name=\"author\" content=\"Reda\u00e7\u00e3o Sul SC\" \/>\n<meta name=\"twitter:card\" content=\"summary_large_image\" \/>\n<meta name=\"twitter:creator\" content=\"@https:\/\/twitter.com\/PortalSulSC\" \/>\n<meta name=\"twitter:label1\" content=\"Written by\" \/>\n\t<meta name=\"twitter:data1\" content=\"Reda\u00e7\u00e3o Sul SC\" \/>\n\t<meta name=\"twitter:label2\" content=\"Est. reading time\" \/>\n\t<meta name=\"twitter:data2\" content=\"2 minutes\" \/>\n<script type=\"application\/ld+json\" class=\"yoast-schema-graph\">{\"@context\":\"https:\/\/schema.org\",\"@graph\":[{\"@type\":\"WebPage\",\"@id\":\"https:\/\/sulsc.com\/index.php\/2024\/01\/02\/adolescente-e-assassinado-a-tiros-dentro-de-casa\/\",\"url\":\"https:\/\/sulsc.com\/index.php\/2024\/01\/02\/adolescente-e-assassinado-a-tiros-dentro-de-casa\/\",\"name\":\"Adolescente \u00e9 assassinado a tiros dentro de casa -\",\"isPartOf\":{\"@id\":\"https:\/\/sulsc.com\/#website\"},\"datePublished\":\"2024-01-02T10:33:23+00:00\",\"dateModified\":\"2024-01-02T10:33:23+00:00\",\"author\":{\"@id\":\"https:\/\/sulsc.com\/#\/schema\/person\/84d2fc571684f6248ba83092f07750a3\"},\"description\":\"O crime ocorreu no final da noite dessa segunda-feira (1), em Ararangu\u00e1\",\"breadcrumb\":{\"@id\":\"https:\/\/sulsc.com\/index.php\/2024\/01\/02\/adolescente-e-assassinado-a-tiros-dentro-de-casa\/#breadcrumb\"},\"inLanguage\":\"en-US\",\"potentialAction\":[{\"@type\":\"ReadAction\",\"target\":[\"https:\/\/sulsc.com\/index.php\/2024\/01\/02\/adolescente-e-assassinado-a-tiros-dentro-de-casa\/\"]}]},{\"@type\":\"BreadcrumbList\",\"@id\":\"https:\/\/sulsc.com\/index.php\/2024\/01\/02\/adolescente-e-assassinado-a-tiros-dentro-de-casa\/#breadcrumb\",\"itemListElement\":[{\"@type\":\"ListItem\",\"position\":1,\"name\":\"In\u00edcio\",\"item\":\"https:\/\/sulsc.com\/\"},{\"@type\":\"ListItem\",\"position\":2,\"name\":\"Adolescente \u00e9 assassinado a tiros dentro de casa\"}]},{\"@type\":\"WebSite\",\"@id\":\"https:\/\/sulsc.com\/#website\",\"url\":\"https:\/\/sulsc.com\/\",\"name\":\"\",\"description\":\"\",\"potentialAction\":[{\"@type\":\"SearchAction\",\"target\":{\"@type\":\"EntryPoint\",\"urlTemplate\":\"https:\/\/sulsc.com\/?s={search_term_string}\"},\"query-input\":\"required name=search_term_string\"}],\"inLanguage\":\"en-US\"},{\"@type\":\"Person\",\"@id\":\"https:\/\/sulsc.com\/#\/schema\/person\/84d2fc571684f6248ba83092f07750a3\",\"name\":\"Reda\u00e7\u00e3o Sul SC\",\"image\":{\"@type\":\"ImageObject\",\"inLanguage\":\"en-US\",\"@id\":\"https:\/\/sulsc.com\/#\/schema\/person\/image\/e08d7fe2cc4ed596372063bbe852b8d0\",\"url\":\"https:\/\/sulsc.com\/wp-content\/uploads\/2023\/09\/redacao.png\",\"contentUrl\":\"https:\/\/sulsc.com\/wp-content\/uploads\/2023\/09\/redacao.png\",\"caption\":\"Reda\u00e7\u00e3o Sul SC\"},\"description\":\"Foco em um jornalismo imparcial, voltado \u00e0 qualidade dos seus conte\u00fados e, assim, levar informa\u00e7\u00e3o de valor que agregue \u00e0 vida dos leitores. Esta \u00e9 grande miss\u00e3o do Portal de Not\u00edcias Sul SC. N\u00e3o \u00e9 quantidade que muda o mundo, sempre foi e seguir\u00e1 sendo qualidade!\",\"sameAs\":[\"https:\/\/sulsc.com\/\",\"https:\/\/www.facebook.com\/profile.php?id=61559278119680\",\"https:\/\/www.instagram.com\/sulscportal\/?hl=pt-br\",\"https:\/\/twitter.com\/https:\/\/twitter.com\/PortalSulSC\",\"https:\/\/www.youtube.com\/channel\/UCv_BE8GeySluDov2n8qhVmw\"],\"url\":\"https:\/\/sulsc.com\/index.php\/author\/redacao\/\"}]}<\/script>\n<!-- \/ Yoast SEO plugin. -->","yoast_head_json":{"title":"Adolescente \u00e9 assassinado a tiros dentro de casa -","description":"O crime ocorreu no final da noite dessa segunda-feira (1), em Ararangu\u00e1","robots":{"index":"index","follow":"follow","max-snippet":"max-snippet:-1","max-image-preview":"max-image-preview:large","max-video-preview":"max-video-preview:-1"},"canonical":"https:\/\/sulsc.com\/index.php\/2024\/01\/02\/adolescente-e-assassinado-a-tiros-dentro-de-casa\/","og_locale":"en_US","og_type":"article","og_title":"Adolescente \u00e9 assassinado a tiros dentro de casa -","og_description":"O crime ocorreu no final da noite dessa segunda-feira (1), em Ararangu\u00e1","og_url":"https:\/\/sulsc.com\/index.php\/2024\/01\/02\/adolescente-e-assassinado-a-tiros-dentro-de-casa\/","article_author":"https:\/\/www.facebook.com\/profile.php?id=61559278119680","article_published_time":"2024-01-02T10:33:23+00:00","og_image":[{"width":620,"height":500,"url":"http:\/\/sulsc.com\/wp-content\/uploads\/2024\/01\/Adolescente-e-executado-a-tiros-dentro-de-casa.webp","type":"image\/webp"}],"author":"Reda\u00e7\u00e3o Sul SC","twitter_card":"summary_large_image","twitter_creator":"@https:\/\/twitter.com\/PortalSulSC","twitter_misc":{"Written by":"Reda\u00e7\u00e3o Sul SC","Est. reading time":"2 minutes"},"schema":{"@context":"https:\/\/schema.org","@graph":[{"@type":"WebPage","@id":"https:\/\/sulsc.com\/index.php\/2024\/01\/02\/adolescente-e-assassinado-a-tiros-dentro-de-casa\/","url":"https:\/\/sulsc.com\/index.php\/2024\/01\/02\/adolescente-e-assassinado-a-tiros-dentro-de-casa\/","name":"Adolescente \u00e9 assassinado a tiros dentro de casa -","isPartOf":{"@id":"https:\/\/sulsc.com\/#website"},"datePublished":"2024-01-02T10:33:23+00:00","dateModified":"2024-01-02T10:33:23+00:00","author":{"@id":"https:\/\/sulsc.com\/#\/schema\/person\/84d2fc571684f6248ba83092f07750a3"},"description":"O crime ocorreu no final da noite dessa segunda-feira (1), em Ararangu\u00e1","breadcrumb":{"@id":"https:\/\/sulsc.com\/index.php\/2024\/01\/02\/adolescente-e-assassinado-a-tiros-dentro-de-casa\/#breadcrumb"},"inLanguage":"en-US","potentialAction":[{"@type":"ReadAction","target":["https:\/\/sulsc.com\/index.php\/2024\/01\/02\/adolescente-e-assassinado-a-tiros-dentro-de-casa\/"]}]},{"@type":"BreadcrumbList","@id":"https:\/\/sulsc.com\/index.php\/2024\/01\/02\/adolescente-e-assassinado-a-tiros-dentro-de-casa\/#breadcrumb","itemListElement":[{"@type":"ListItem","position":1,"name":"In\u00edcio","item":"https:\/\/sulsc.com\/"},{"@type":"ListItem","position":2,"name":"Adolescente \u00e9 assassinado a tiros dentro de casa"}]},{"@type":"WebSite","@id":"https:\/\/sulsc.com\/#website","url":"https:\/\/sulsc.com\/","name":"","description":"","potentialAction":[{"@type":"SearchAction","target":{"@type":"EntryPoint","urlTemplate":"https:\/\/sulsc.com\/?s={search_term_string}"},"query-input":"required name=search_term_string"}],"inLanguage":"en-US"},{"@type":"Person","@id":"https:\/\/sulsc.com\/#\/schema\/person\/84d2fc571684f6248ba83092f07750a3","name":"Reda\u00e7\u00e3o Sul SC","image":{"@type":"ImageObject","inLanguage":"en-US","@id":"https:\/\/sulsc.com\/#\/schema\/person\/image\/e08d7fe2cc4ed596372063bbe852b8d0","url":"https:\/\/sulsc.com\/wp-content\/uploads\/2023\/09\/redacao.png","contentUrl":"https:\/\/sulsc.com\/wp-content\/uploads\/2023\/09\/redacao.png","caption":"Reda\u00e7\u00e3o Sul SC"},"description":"Foco em um jornalismo imparcial, voltado \u00e0 qualidade dos seus conte\u00fados e, assim, levar informa\u00e7\u00e3o de valor que agregue \u00e0 vida dos leitores. Esta \u00e9 grande miss\u00e3o do Portal de Not\u00edcias Sul SC. N\u00e3o \u00e9 quantidade que muda o mundo, sempre foi e seguir\u00e1 sendo qualidade!","sameAs":["https:\/\/sulsc.com\/","https:\/\/www.facebook.com\/profile.php?id=61559278119680","https:\/\/www.instagram.com\/sulscportal\/?hl=pt-br","https:\/\/twitter.com\/https:\/\/twitter.com\/PortalSulSC","https:\/\/www.youtube.com\/channel\/UCv_BE8GeySluDov2n8qhVmw"],"url":"https:\/\/sulsc.com\/index.php\/author\/redacao\/"}]}},"authors":[],"_links":{"self":[{"href":"https:\/\/sulsc.com\/index.php\/wp-json\/wp\/v2\/posts\/6263"}],"collection":[{"href":"https:\/\/sulsc.com\/index.php\/wp-json\/wp\/v2\/posts"}],"about":[{"href":"https:\/\/sulsc.com\/index.php\/wp-json\/wp\/v2\/types\/post"}],"author":[{"embeddable":true,"href":"https:\/\/sulsc.com\/index.php\/wp-json\/wp\/v2\/users\/3"}],"replies":[{"embeddable":true,"href":"https:\/\/sulsc.com\/index.php\/wp-json\/wp\/v2\/comments?post=6263"}],"version-history":[{"count":1,"href":"https:\/\/sulsc.com\/index.php\/wp-json\/wp\/v2\/posts\/6263\/revisions"}],"predecessor-version":[{"id":6265,"href":"https:\/\/sulsc.com\/index.php\/wp-json\/wp\/v2\/posts\/6263\/revisions\/6265"}],"wp:featuredmedia":[{"embeddable":true,"href":"https:\/\/sulsc.com\/index.php\/wp-json\/wp\/v2\/media\/6264"}],"wp:attachment":[{"href":"https:\/\/sulsc.com\/index.php\/wp-json\/wp\/v2\/media?parent=6263"}],"wp:term":[{"taxonomy":"category","embeddable":true,"href":"https:\/\/sulsc.com\/index.php\/wp-json\/wp\/v2\/categories?post=6263"},{"taxonomy":"post_tag","embeddable":true,"href":"https:\/\/sulsc.com\/index.php\/wp-json\/wp\/v2\/tags?post=6263"}],"curies":[{"name":"wp","href":"https:\/\/api.w.org\/{rel}","templated":true}]}}