{"id":6394,"date":"2024-01-04T11:16:39","date_gmt":"2024-01-04T14:16:39","guid":{"rendered":"https:\/\/sulsc.com\/?p=6394"},"modified":"2024-01-04T11:16:39","modified_gmt":"2024-01-04T14:16:39","slug":"trafego-na-br-101-sul-sc-bate-recorde-durante-operacao-de-final-de-ano","status":"publish","type":"post","link":"https:\/\/sulsc.com\/index.php\/2024\/01\/04\/trafego-na-br-101-sul-sc-bate-recorde-durante-operacao-de-final-de-ano\/","title":{"rendered":"Tr\u00e1fego na BR-101 Sul\/SC bate recorde durante Opera\u00e7\u00e3o de Final de Ano"},"content":{"rendered":"<p>Aproximadamente, 2,1 milh\u00f5es de ve\u00edculos trafegaram pela BR-101sul\/SC trecho sul catarinense, entre Paulo Lopes e Passo de Torres, durante o per\u00edodo das festas de final de ano, entre os dias 22 de dezembro e 2 de janeiro. A informa\u00e7\u00e3o \u00e9 da CCR ViaCosteira. No \u00faltimo dia foi registrado recorde de ve\u00edculos que passaram pelas quatro pra\u00e7as da rodovia com mais de 244 mil ve\u00edculos nos dois sentidos, ao longo de todo o dia, destes, 134 mil seguiram sentido sul.<\/p>\n<p>No per\u00edodo de Natal, entre os dias 22 e 26 de dezembro, aproximadamente 814 mil ve\u00edculos transitaram pelo trecho sul catarinense, o que representou um aumento de 27% em compara\u00e7\u00e3o com o ano anterior. J\u00e1 no per\u00edodo de Ano-Novo, entre os dias 29 de dezembro e 2 de janeiro, o registro foi de mais de 900 mil ve\u00edculos, o que significa um aumento de 30% em compara\u00e7\u00e3o com o ano anterior.<\/p>\n<p>A concession\u00e1ria realizou 1.647 atendimentos aos usu\u00e1rios que trafegaram pela BR-101 Sul\/SC durante as festividades de fim de ano. Os dados indicam que, entre 22 de dezembro e 2 de janeiro, as panes (mec\u00e2nicas, el\u00e9tricas, falta de combust\u00edvel e pneu furado) foram os principais motivos dos atendimentos realizados pelas equipes de opera\u00e7\u00e3o durante o feriado.<\/p>\n<p><img fetchpriority=\"high\" decoding=\"async\" class=\"alignnone size-large wp-image-6399\" src=\"http:\/\/sulsc.com\/wp-content\/uploads\/2024\/01\/WhatsApp-Image-2024-01-03-at-14.39.59-1024x684.jpeg\" alt=\"\" width=\"1024\" height=\"684\" srcset=\"https:\/\/sulsc.com\/wp-content\/uploads\/2024\/01\/WhatsApp-Image-2024-01-03-at-14.39.59-1024x684.jpeg 1024w, https:\/\/sulsc.com\/wp-content\/uploads\/2024\/01\/WhatsApp-Image-2024-01-03-at-14.39.59-300x200.jpeg 300w, https:\/\/sulsc.com\/wp-content\/uploads\/2024\/01\/WhatsApp-Image-2024-01-03-at-14.39.59-768x513.jpeg 768w, https:\/\/sulsc.com\/wp-content\/uploads\/2024\/01\/WhatsApp-Image-2024-01-03-at-14.39.59-1536x1026.jpeg 1536w, https:\/\/sulsc.com\/wp-content\/uploads\/2024\/01\/WhatsApp-Image-2024-01-03-at-14.39.59.jpeg 1600w\" sizes=\"(max-width: 1024px) 100vw, 1024px\" \/><\/p>\n<p>Dos 1.647 atendimentos realizados durante os doze dias pela equipe do Servi\u00e7o de Atendimento ao Usu\u00e1rio (SAU), entre zero hora de sexta-feira (22) e a meia-noite de quarta-feira (3), 969 ocorr\u00eancias correspondem a atendimentos de panes em geral. Al\u00e9m disso, 551 foram outros tipos de atendimentos, como limpeza de rodovia, 66 ocorr\u00eancias de acidentes e 61 atendimentos cl\u00ednicos foram realizados pelas equipes de resgate ao longo dos 220 quil\u00f4metros da rodovia.<\/p>\n<p>De acordo com o balan\u00e7o de ocorr\u00eancias na BR-101sul\/SC, durante Opera\u00e7\u00e3o Final de Ano, os n\u00fameros s\u00e3o do per\u00edodo compreendido entre a zero hora de sexta-feira (22) e a meia-noite de quarta (3), doze dias de opera\u00e7\u00e3o, e se referem aos 220 quil\u00f4metros da rodovia entre Paulo Lopes e Passo de Torres, com o comparativo do ano anterior.<\/p>\n<p>No final o ano de 2023 o balan\u00e7o da opera\u00e7\u00e3o apontou 66 acidentes, 37 feridos e dois \u00f3bitos. J\u00e1 no ano anterior, o registro apontou 87 acidentes, 51 feridos e n\u00e3o houve registro de mortes.<\/p>\n<p>&nbsp;<\/p>\n<p><strong>Opera\u00e7\u00e3o Ver\u00e3o e F\u00e9rias segue at\u00e9 o Carnaval<\/strong><\/p>\n<p>Mesmo com a diminui\u00e7\u00e3o do tr\u00e1fego ap\u00f3s as festas de fim de ano, o Gerente de Atendimento Joelson Ferreira destaca que as a\u00e7\u00f5es espec\u00edficas para a Opera\u00e7\u00e3o Ver\u00e3o e F\u00e9rias permanecem.<\/p>\n<p>\u201c\u00c9 uma \u00e9poca caracter\u00edstica onde as pessoas costumam viajar, e, neste ano especialmente, com a proximidade do carnaval em fevereiro, faz com que muitos motoristas saiam novamente para a rodovia. Por isso, nossas a\u00e7\u00f5es seguem voltadas para a promo\u00e7\u00e3o da seguran\u00e7a e da fluidez do tr\u00e1fego por meio das a\u00e7\u00f5es de conscientiza\u00e7\u00e3o, sempre realizadas em parceria com a Pol\u00edcia Rodovi\u00e1ria Federal (PRF) e Ag\u00eancia Nacional de Transportes Terrestres (ANTT)\u201d, pontua.<\/p>\n<p>Para acompanhar a situa\u00e7\u00e3o das rodovias sob administra\u00e7\u00e3o da CCR ViaCosteira o usu\u00e1rio tem \u00e0 disposi\u00e7\u00e3o o <a href=\"http:\/\/www.ccrviacosteira.com.br\">site<\/a>, o Disque CCR ViaCosteira pelo 0800 255 5550, o WhatsApp pelo (48) 3211-3131 ou ainda o aplicativo CCR Rodovias Sul, gratuitamente para iOS e Android.<\/p>\n","protected":false},"excerpt":{"rendered":"<p>Aproximadamente, 2,1 milh\u00f5es de ve\u00edculos trafegaram pela BR-101sul\/SC trecho sul catarinense, entre Paulo Lopes e Passo de Torres, durante o per\u00edodo das festas de final de ano, entre os dias 22 de dezembro e 2 de janeiro. A informa\u00e7\u00e3o \u00e9 da CCR ViaCosteira. No \u00faltimo dia foi registrado recorde de ve\u00edculos que passaram pelas quatro &hellip;<\/p>\n<p class=\"read-more\"> <a class=\"\" href=\"https:\/\/sulsc.com\/index.php\/2024\/01\/04\/trafego-na-br-101-sul-sc-bate-recorde-durante-operacao-de-final-de-ano\/\"> <span class=\"screen-reader-text\">Tr\u00e1fego na BR-101 Sul\/SC bate recorde durante Opera\u00e7\u00e3o de Final de Ano<\/span> Read More &raquo;<\/a><\/p>\n","protected":false},"author":3,"featured_media":6399,"comment_status":"open","ping_status":"open","sticky":false,"template":"","format":"standard","meta":{"site-sidebar-layout":"default","site-content-layout":"","ast-site-content-layout":"default","site-content-style":"default","site-sidebar-style":"default","ast-global-header-display":"","ast-banner-title-visibility":"","ast-main-header-display":"","ast-hfb-above-header-display":"","ast-hfb-below-header-display":"","ast-hfb-mobile-header-display":"","site-post-title":"","ast-breadcrumbs-content":"","ast-featured-img":"","footer-sml-layout":"","theme-transparent-header-meta":"default","adv-header-id-meta":"","stick-header-meta":"","header-above-stick-meta":"","header-main-stick-meta":"","header-below-stick-meta":"","astra-migrate-meta-layouts":"set","footnotes":""},"categories":[1],"tags":[],"yoast_head":"<!-- This site is optimized with the Yoast SEO plugin v21.4 - https:\/\/yoast.com\/wordpress\/plugins\/seo\/ -->\n<title>Tr\u00e1fego na BR-101 Sul\/SC bate recorde durante Opera\u00e7\u00e3o de Final de Ano -<\/title>\n<meta name=\"description\" content=\"Aproximadamente, 2,1 milh\u00f5es de ve\u00edculos trafegaram pelo trecho sul catarinense entre Paulo Lopes e Passo de Torres\" \/>\n<meta name=\"robots\" content=\"index, follow, max-snippet:-1, max-image-preview:large, max-video-preview:-1\" \/>\n<link rel=\"canonical\" href=\"https:\/\/sulsc.com\/index.php\/2024\/01\/04\/trafego-na-br-101-sul-sc-bate-recorde-durante-operacao-de-final-de-ano\/\" \/>\n<meta property=\"og:locale\" content=\"en_US\" \/>\n<meta property=\"og:type\" content=\"article\" \/>\n<meta property=\"og:title\" content=\"Tr\u00e1fego na BR-101 Sul\/SC bate recorde durante Opera\u00e7\u00e3o de Final de Ano -\" \/>\n<meta property=\"og:description\" content=\"Aproximadamente, 2,1 milh\u00f5es de ve\u00edculos trafegaram pelo trecho sul catarinense entre Paulo Lopes e Passo de Torres\" \/>\n<meta property=\"og:url\" content=\"https:\/\/sulsc.com\/index.php\/2024\/01\/04\/trafego-na-br-101-sul-sc-bate-recorde-durante-operacao-de-final-de-ano\/\" \/>\n<meta property=\"article:author\" content=\"https:\/\/www.facebook.com\/profile.php?id=61559278119680\" \/>\n<meta property=\"article:published_time\" content=\"2024-01-04T14:16:39+00:00\" \/>\n<meta property=\"og:image\" content=\"http:\/\/sulsc.com\/wp-content\/uploads\/2024\/01\/WhatsApp-Image-2024-01-03-at-14.39.59.jpeg\" \/>\n\t<meta property=\"og:image:width\" content=\"1600\" \/>\n\t<meta property=\"og:image:height\" content=\"1069\" \/>\n\t<meta property=\"og:image:type\" content=\"image\/jpeg\" \/>\n<meta name=\"author\" content=\"Reda\u00e7\u00e3o Sul SC\" \/>\n<meta name=\"twitter:card\" content=\"summary_large_image\" \/>\n<meta name=\"twitter:creator\" content=\"@https:\/\/twitter.com\/PortalSulSC\" \/>\n<meta name=\"twitter:label1\" content=\"Written by\" \/>\n\t<meta name=\"twitter:data1\" content=\"Reda\u00e7\u00e3o Sul SC\" \/>\n\t<meta name=\"twitter:label2\" content=\"Est. reading time\" \/>\n\t<meta name=\"twitter:data2\" content=\"4 minutes\" \/>\n<script type=\"application\/ld+json\" class=\"yoast-schema-graph\">{\"@context\":\"https:\/\/schema.org\",\"@graph\":[{\"@type\":\"WebPage\",\"@id\":\"https:\/\/sulsc.com\/index.php\/2024\/01\/04\/trafego-na-br-101-sul-sc-bate-recorde-durante-operacao-de-final-de-ano\/\",\"url\":\"https:\/\/sulsc.com\/index.php\/2024\/01\/04\/trafego-na-br-101-sul-sc-bate-recorde-durante-operacao-de-final-de-ano\/\",\"name\":\"Tr\u00e1fego na BR-101 Sul\/SC bate recorde durante Opera\u00e7\u00e3o de Final de Ano -\",\"isPartOf\":{\"@id\":\"https:\/\/sulsc.com\/#website\"},\"datePublished\":\"2024-01-04T14:16:39+00:00\",\"dateModified\":\"2024-01-04T14:16:39+00:00\",\"author\":{\"@id\":\"https:\/\/sulsc.com\/#\/schema\/person\/84d2fc571684f6248ba83092f07750a3\"},\"description\":\"Aproximadamente, 2,1 milh\u00f5es de ve\u00edculos trafegaram pelo trecho sul catarinense entre Paulo Lopes e Passo de Torres\",\"breadcrumb\":{\"@id\":\"https:\/\/sulsc.com\/index.php\/2024\/01\/04\/trafego-na-br-101-sul-sc-bate-recorde-durante-operacao-de-final-de-ano\/#breadcrumb\"},\"inLanguage\":\"en-US\",\"potentialAction\":[{\"@type\":\"ReadAction\",\"target\":[\"https:\/\/sulsc.com\/index.php\/2024\/01\/04\/trafego-na-br-101-sul-sc-bate-recorde-durante-operacao-de-final-de-ano\/\"]}]},{\"@type\":\"BreadcrumbList\",\"@id\":\"https:\/\/sulsc.com\/index.php\/2024\/01\/04\/trafego-na-br-101-sul-sc-bate-recorde-durante-operacao-de-final-de-ano\/#breadcrumb\",\"itemListElement\":[{\"@type\":\"ListItem\",\"position\":1,\"name\":\"In\u00edcio\",\"item\":\"https:\/\/sulsc.com\/\"},{\"@type\":\"ListItem\",\"position\":2,\"name\":\"Tr\u00e1fego na BR-101 Sul\/SC bate recorde durante Opera\u00e7\u00e3o de Final de Ano\"}]},{\"@type\":\"WebSite\",\"@id\":\"https:\/\/sulsc.com\/#website\",\"url\":\"https:\/\/sulsc.com\/\",\"name\":\"\",\"description\":\"\",\"potentialAction\":[{\"@type\":\"SearchAction\",\"target\":{\"@type\":\"EntryPoint\",\"urlTemplate\":\"https:\/\/sulsc.com\/?s={search_term_string}\"},\"query-input\":\"required name=search_term_string\"}],\"inLanguage\":\"en-US\"},{\"@type\":\"Person\",\"@id\":\"https:\/\/sulsc.com\/#\/schema\/person\/84d2fc571684f6248ba83092f07750a3\",\"name\":\"Reda\u00e7\u00e3o Sul SC\",\"image\":{\"@type\":\"ImageObject\",\"inLanguage\":\"en-US\",\"@id\":\"https:\/\/sulsc.com\/#\/schema\/person\/image\/e08d7fe2cc4ed596372063bbe852b8d0\",\"url\":\"https:\/\/sulsc.com\/wp-content\/uploads\/2023\/09\/redacao.png\",\"contentUrl\":\"https:\/\/sulsc.com\/wp-content\/uploads\/2023\/09\/redacao.png\",\"caption\":\"Reda\u00e7\u00e3o Sul SC\"},\"description\":\"Foco em um jornalismo imparcial, voltado \u00e0 qualidade dos seus conte\u00fados e, assim, levar informa\u00e7\u00e3o de valor que agregue \u00e0 vida dos leitores. Esta \u00e9 grande miss\u00e3o do Portal de Not\u00edcias Sul SC. N\u00e3o \u00e9 quantidade que muda o mundo, sempre foi e seguir\u00e1 sendo qualidade!\",\"sameAs\":[\"https:\/\/sulsc.com\/\",\"https:\/\/www.facebook.com\/profile.php?id=61559278119680\",\"https:\/\/www.instagram.com\/sulscportal\/?hl=pt-br\",\"https:\/\/twitter.com\/https:\/\/twitter.com\/PortalSulSC\",\"https:\/\/www.youtube.com\/channel\/UCv_BE8GeySluDov2n8qhVmw\"],\"url\":\"https:\/\/sulsc.com\/index.php\/author\/redacao\/\"}]}<\/script>\n<!-- \/ Yoast SEO plugin. -->","yoast_head_json":{"title":"Tr\u00e1fego na BR-101 Sul\/SC bate recorde durante Opera\u00e7\u00e3o de Final de Ano -","description":"Aproximadamente, 2,1 milh\u00f5es de ve\u00edculos trafegaram pelo trecho sul catarinense entre Paulo Lopes e Passo de Torres","robots":{"index":"index","follow":"follow","max-snippet":"max-snippet:-1","max-image-preview":"max-image-preview:large","max-video-preview":"max-video-preview:-1"},"canonical":"https:\/\/sulsc.com\/index.php\/2024\/01\/04\/trafego-na-br-101-sul-sc-bate-recorde-durante-operacao-de-final-de-ano\/","og_locale":"en_US","og_type":"article","og_title":"Tr\u00e1fego na BR-101 Sul\/SC bate recorde durante Opera\u00e7\u00e3o de Final de Ano -","og_description":"Aproximadamente, 2,1 milh\u00f5es de ve\u00edculos trafegaram pelo trecho sul catarinense entre Paulo Lopes e Passo de Torres","og_url":"https:\/\/sulsc.com\/index.php\/2024\/01\/04\/trafego-na-br-101-sul-sc-bate-recorde-durante-operacao-de-final-de-ano\/","article_author":"https:\/\/www.facebook.com\/profile.php?id=61559278119680","article_published_time":"2024-01-04T14:16:39+00:00","og_image":[{"width":1600,"height":1069,"url":"http:\/\/sulsc.com\/wp-content\/uploads\/2024\/01\/WhatsApp-Image-2024-01-03-at-14.39.59.jpeg","type":"image\/jpeg"}],"author":"Reda\u00e7\u00e3o Sul SC","twitter_card":"summary_large_image","twitter_creator":"@https:\/\/twitter.com\/PortalSulSC","twitter_misc":{"Written by":"Reda\u00e7\u00e3o Sul SC","Est. reading time":"4 minutes"},"schema":{"@context":"https:\/\/schema.org","@graph":[{"@type":"WebPage","@id":"https:\/\/sulsc.com\/index.php\/2024\/01\/04\/trafego-na-br-101-sul-sc-bate-recorde-durante-operacao-de-final-de-ano\/","url":"https:\/\/sulsc.com\/index.php\/2024\/01\/04\/trafego-na-br-101-sul-sc-bate-recorde-durante-operacao-de-final-de-ano\/","name":"Tr\u00e1fego na BR-101 Sul\/SC bate recorde durante Opera\u00e7\u00e3o de Final de Ano -","isPartOf":{"@id":"https:\/\/sulsc.com\/#website"},"datePublished":"2024-01-04T14:16:39+00:00","dateModified":"2024-01-04T14:16:39+00:00","author":{"@id":"https:\/\/sulsc.com\/#\/schema\/person\/84d2fc571684f6248ba83092f07750a3"},"description":"Aproximadamente, 2,1 milh\u00f5es de ve\u00edculos trafegaram pelo trecho sul catarinense entre Paulo Lopes e Passo de Torres","breadcrumb":{"@id":"https:\/\/sulsc.com\/index.php\/2024\/01\/04\/trafego-na-br-101-sul-sc-bate-recorde-durante-operacao-de-final-de-ano\/#breadcrumb"},"inLanguage":"en-US","potentialAction":[{"@type":"ReadAction","target":["https:\/\/sulsc.com\/index.php\/2024\/01\/04\/trafego-na-br-101-sul-sc-bate-recorde-durante-operacao-de-final-de-ano\/"]}]},{"@type":"BreadcrumbList","@id":"https:\/\/sulsc.com\/index.php\/2024\/01\/04\/trafego-na-br-101-sul-sc-bate-recorde-durante-operacao-de-final-de-ano\/#breadcrumb","itemListElement":[{"@type":"ListItem","position":1,"name":"In\u00edcio","item":"https:\/\/sulsc.com\/"},{"@type":"ListItem","position":2,"name":"Tr\u00e1fego na BR-101 Sul\/SC bate recorde durante Opera\u00e7\u00e3o de Final de Ano"}]},{"@type":"WebSite","@id":"https:\/\/sulsc.com\/#website","url":"https:\/\/sulsc.com\/","name":"","description":"","potentialAction":[{"@type":"SearchAction","target":{"@type":"EntryPoint","urlTemplate":"https:\/\/sulsc.com\/?s={search_term_string}"},"query-input":"required name=search_term_string"}],"inLanguage":"en-US"},{"@type":"Person","@id":"https:\/\/sulsc.com\/#\/schema\/person\/84d2fc571684f6248ba83092f07750a3","name":"Reda\u00e7\u00e3o Sul SC","image":{"@type":"ImageObject","inLanguage":"en-US","@id":"https:\/\/sulsc.com\/#\/schema\/person\/image\/e08d7fe2cc4ed596372063bbe852b8d0","url":"https:\/\/sulsc.com\/wp-content\/uploads\/2023\/09\/redacao.png","contentUrl":"https:\/\/sulsc.com\/wp-content\/uploads\/2023\/09\/redacao.png","caption":"Reda\u00e7\u00e3o Sul SC"},"description":"Foco em um jornalismo imparcial, voltado \u00e0 qualidade dos seus conte\u00fados e, assim, levar informa\u00e7\u00e3o de valor que agregue \u00e0 vida dos leitores. Esta \u00e9 grande miss\u00e3o do Portal de Not\u00edcias Sul SC. N\u00e3o \u00e9 quantidade que muda o mundo, sempre foi e seguir\u00e1 sendo qualidade!","sameAs":["https:\/\/sulsc.com\/","https:\/\/www.facebook.com\/profile.php?id=61559278119680","https:\/\/www.instagram.com\/sulscportal\/?hl=pt-br","https:\/\/twitter.com\/https:\/\/twitter.com\/PortalSulSC","https:\/\/www.youtube.com\/channel\/UCv_BE8GeySluDov2n8qhVmw"],"url":"https:\/\/sulsc.com\/index.php\/author\/redacao\/"}]}},"authors":[],"_links":{"self":[{"href":"https:\/\/sulsc.com\/index.php\/wp-json\/wp\/v2\/posts\/6394"}],"collection":[{"href":"https:\/\/sulsc.com\/index.php\/wp-json\/wp\/v2\/posts"}],"about":[{"href":"https:\/\/sulsc.com\/index.php\/wp-json\/wp\/v2\/types\/post"}],"author":[{"embeddable":true,"href":"https:\/\/sulsc.com\/index.php\/wp-json\/wp\/v2\/users\/3"}],"replies":[{"embeddable":true,"href":"https:\/\/sulsc.com\/index.php\/wp-json\/wp\/v2\/comments?post=6394"}],"version-history":[{"count":1,"href":"https:\/\/sulsc.com\/index.php\/wp-json\/wp\/v2\/posts\/6394\/revisions"}],"predecessor-version":[{"id":6400,"href":"https:\/\/sulsc.com\/index.php\/wp-json\/wp\/v2\/posts\/6394\/revisions\/6400"}],"wp:featuredmedia":[{"embeddable":true,"href":"https:\/\/sulsc.com\/index.php\/wp-json\/wp\/v2\/media\/6399"}],"wp:attachment":[{"href":"https:\/\/sulsc.com\/index.php\/wp-json\/wp\/v2\/media?parent=6394"}],"wp:term":[{"taxonomy":"category","embeddable":true,"href":"https:\/\/sulsc.com\/index.php\/wp-json\/wp\/v2\/categories?post=6394"},{"taxonomy":"post_tag","embeddable":true,"href":"https:\/\/sulsc.com\/index.php\/wp-json\/wp\/v2\/tags?post=6394"}],"curies":[{"name":"wp","href":"https:\/\/api.w.org\/{rel}","templated":true}]}}