{"id":6419,"date":"2024-01-04T15:24:10","date_gmt":"2024-01-04T18:24:10","guid":{"rendered":"https:\/\/sulsc.com\/?p=6419"},"modified":"2024-01-04T15:24:10","modified_gmt":"2024-01-04T18:24:10","slug":"arroio-do-silva-sedia-encontro-de-carros-antigos-neste-fim-de-semana","status":"publish","type":"post","link":"https:\/\/sulsc.com\/index.php\/2024\/01\/04\/arroio-do-silva-sedia-encontro-de-carros-antigos-neste-fim-de-semana\/","title":{"rendered":"Arroio do Silva sedia encontro de carros antigos neste fim de semana"},"content":{"rendered":"<figure id=\"attachment_6420\" aria-describedby=\"caption-attachment-6420\" style=\"width: 1920px\" class=\"wp-caption aligncenter\"><img fetchpriority=\"high\" decoding=\"async\" class=\"size-full wp-image-6420\" src=\"http:\/\/sulsc.com\/wp-content\/uploads\/2024\/01\/3-1.jpg\" alt=\"\" width=\"1920\" height=\"1080\" srcset=\"https:\/\/sulsc.com\/wp-content\/uploads\/2024\/01\/3-1.jpg 1920w, https:\/\/sulsc.com\/wp-content\/uploads\/2024\/01\/3-1-300x169.jpg 300w, https:\/\/sulsc.com\/wp-content\/uploads\/2024\/01\/3-1-1024x576.jpg 1024w, https:\/\/sulsc.com\/wp-content\/uploads\/2024\/01\/3-1-768x432.jpg 768w, https:\/\/sulsc.com\/wp-content\/uploads\/2024\/01\/3-1-1536x864.jpg 1536w\" sizes=\"(max-width: 1920px) 100vw, 1920px\" \/><figcaption id=\"caption-attachment-6420\" class=\"wp-caption-text\">Evento de 2023 (Fotos: Rafael Fran\u00e7a\/Sul SC)<\/figcaption><\/figure>\n<p><strong>Balne\u00e1rio Arroio do Silva<\/strong>, na regi\u00e3o de Ararangu\u00e1, recebe, neste fim de semana, mais uma edi\u00e7\u00e3o do Beach Summer &#8211; Encontro de Carros Antigos. O evento ser\u00e1 realizado no domingo (7), na Pra\u00e7a Central.<\/p>\n<p>Na temporada passada, foram cerca de 200 ve\u00edculos e, neste ano, n\u00e3o ser\u00e1 diferente, a expectativa \u00e9 que 2050 rel\u00edquias sob rodas sejam apresentadas ao p\u00fablico. Al\u00e9m de atrair os amantes e admiradores de antigos, este tipo de evento fomenta o turismo local.<\/p>\n<p>Aos expositores que tiverem interesse em participar, a entrada ser\u00e1 de apenas um quilo de alimento n\u00e3o perec\u00edvel por carro. O encontro \u00e9 aberto ao p\u00fablico geral e inicia \u00e0s 9h, com apoio da municipalidade.<\/p>\n<p><img decoding=\"async\" class=\"aligncenter size-full wp-image-6421\" src=\"http:\/\/sulsc.com\/wp-content\/uploads\/2024\/01\/1-5.jpg\" alt=\"\" width=\"1920\" height=\"1080\" srcset=\"https:\/\/sulsc.com\/wp-content\/uploads\/2024\/01\/1-5.jpg 1920w, https:\/\/sulsc.com\/wp-content\/uploads\/2024\/01\/1-5-300x169.jpg 300w, https:\/\/sulsc.com\/wp-content\/uploads\/2024\/01\/1-5-1024x576.jpg 1024w, https:\/\/sulsc.com\/wp-content\/uploads\/2024\/01\/1-5-768x432.jpg 768w, https:\/\/sulsc.com\/wp-content\/uploads\/2024\/01\/1-5-1536x864.jpg 1536w\" sizes=\"(max-width: 1920px) 100vw, 1920px\" \/><\/p>\n","protected":false},"excerpt":{"rendered":"<p>Balne\u00e1rio Arroio do Silva, na regi\u00e3o de Ararangu\u00e1, recebe, neste fim de semana, mais uma edi\u00e7\u00e3o do Beach Summer &#8211; Encontro de Carros Antigos. O evento ser\u00e1 realizado no domingo (7), na Pra\u00e7a Central. Na temporada passada, foram cerca de 200 ve\u00edculos e, neste ano, n\u00e3o ser\u00e1 diferente, a expectativa \u00e9 que 2050 rel\u00edquias sob &hellip;<\/p>\n<p class=\"read-more\"> <a class=\"\" href=\"https:\/\/sulsc.com\/index.php\/2024\/01\/04\/arroio-do-silva-sedia-encontro-de-carros-antigos-neste-fim-de-semana\/\"> <span class=\"screen-reader-text\">Arroio do Silva sedia encontro de carros antigos neste fim de semana<\/span> Read More &raquo;<\/a><\/p>\n","protected":false},"author":3,"featured_media":6420,"comment_status":"open","ping_status":"open","sticky":false,"template":"","format":"standard","meta":{"site-sidebar-layout":"default","site-content-layout":"","ast-site-content-layout":"default","site-content-style":"default","site-sidebar-style":"default","ast-global-header-display":"","ast-banner-title-visibility":"","ast-main-header-display":"","ast-hfb-above-header-display":"","ast-hfb-below-header-display":"","ast-hfb-mobile-header-display":"","site-post-title":"","ast-breadcrumbs-content":"","ast-featured-img":"","footer-sml-layout":"","theme-transparent-header-meta":"default","adv-header-id-meta":"","stick-header-meta":"","header-above-stick-meta":"","header-main-stick-meta":"","header-below-stick-meta":"","astra-migrate-meta-layouts":"set","footnotes":""},"categories":[24],"tags":[472,653,655,654],"yoast_head":"<!-- This site is optimized with the Yoast SEO plugin v21.4 - https:\/\/yoast.com\/wordpress\/plugins\/seo\/ -->\n<title>Arroio do Silva sedia encontro de carros antigos neste fim de semana -<\/title>\n<meta name=\"description\" content=\"O encontro \u00e9 aberto ao p\u00fablico geral e inicia \u00e0s 9h, com apoio da municipalidade.\" \/>\n<meta name=\"robots\" content=\"index, follow, max-snippet:-1, max-image-preview:large, max-video-preview:-1\" \/>\n<link rel=\"canonical\" href=\"https:\/\/sulsc.com\/index.php\/2024\/01\/04\/arroio-do-silva-sedia-encontro-de-carros-antigos-neste-fim-de-semana\/\" \/>\n<meta property=\"og:locale\" content=\"en_US\" \/>\n<meta property=\"og:type\" content=\"article\" \/>\n<meta property=\"og:title\" content=\"Arroio do Silva sedia encontro de carros antigos neste fim de semana -\" \/>\n<meta property=\"og:description\" content=\"O encontro \u00e9 aberto ao p\u00fablico geral e inicia \u00e0s 9h, com apoio da municipalidade.\" \/>\n<meta property=\"og:url\" content=\"https:\/\/sulsc.com\/index.php\/2024\/01\/04\/arroio-do-silva-sedia-encontro-de-carros-antigos-neste-fim-de-semana\/\" \/>\n<meta property=\"article:author\" content=\"https:\/\/www.facebook.com\/profile.php?id=61559278119680\" \/>\n<meta property=\"article:published_time\" content=\"2024-01-04T18:24:10+00:00\" \/>\n<meta property=\"og:image\" content=\"http:\/\/sulsc.com\/wp-content\/uploads\/2024\/01\/3-1.jpg\" \/>\n\t<meta property=\"og:image:width\" content=\"1920\" \/>\n\t<meta property=\"og:image:height\" content=\"1080\" \/>\n\t<meta property=\"og:image:type\" content=\"image\/jpeg\" \/>\n<meta name=\"author\" content=\"Reda\u00e7\u00e3o Sul SC\" \/>\n<meta name=\"twitter:card\" content=\"summary_large_image\" \/>\n<meta name=\"twitter:creator\" content=\"@https:\/\/twitter.com\/PortalSulSC\" \/>\n<meta name=\"twitter:label1\" content=\"Written by\" \/>\n\t<meta name=\"twitter:data1\" content=\"Reda\u00e7\u00e3o Sul SC\" \/>\n\t<meta name=\"twitter:label2\" content=\"Est. reading time\" \/>\n\t<meta name=\"twitter:data2\" content=\"2 minutes\" \/>\n<script type=\"application\/ld+json\" class=\"yoast-schema-graph\">{\"@context\":\"https:\/\/schema.org\",\"@graph\":[{\"@type\":\"WebPage\",\"@id\":\"https:\/\/sulsc.com\/index.php\/2024\/01\/04\/arroio-do-silva-sedia-encontro-de-carros-antigos-neste-fim-de-semana\/\",\"url\":\"https:\/\/sulsc.com\/index.php\/2024\/01\/04\/arroio-do-silva-sedia-encontro-de-carros-antigos-neste-fim-de-semana\/\",\"name\":\"Arroio do Silva sedia encontro de carros antigos neste fim de semana -\",\"isPartOf\":{\"@id\":\"https:\/\/sulsc.com\/#website\"},\"datePublished\":\"2024-01-04T18:24:10+00:00\",\"dateModified\":\"2024-01-04T18:24:10+00:00\",\"author\":{\"@id\":\"https:\/\/sulsc.com\/#\/schema\/person\/84d2fc571684f6248ba83092f07750a3\"},\"description\":\"O encontro \u00e9 aberto ao p\u00fablico geral e inicia \u00e0s 9h, com apoio da municipalidade.\",\"breadcrumb\":{\"@id\":\"https:\/\/sulsc.com\/index.php\/2024\/01\/04\/arroio-do-silva-sedia-encontro-de-carros-antigos-neste-fim-de-semana\/#breadcrumb\"},\"inLanguage\":\"en-US\",\"potentialAction\":[{\"@type\":\"ReadAction\",\"target\":[\"https:\/\/sulsc.com\/index.php\/2024\/01\/04\/arroio-do-silva-sedia-encontro-de-carros-antigos-neste-fim-de-semana\/\"]}]},{\"@type\":\"BreadcrumbList\",\"@id\":\"https:\/\/sulsc.com\/index.php\/2024\/01\/04\/arroio-do-silva-sedia-encontro-de-carros-antigos-neste-fim-de-semana\/#breadcrumb\",\"itemListElement\":[{\"@type\":\"ListItem\",\"position\":1,\"name\":\"In\u00edcio\",\"item\":\"https:\/\/sulsc.com\/\"},{\"@type\":\"ListItem\",\"position\":2,\"name\":\"Arroio do Silva sedia encontro de carros antigos neste fim de semana\"}]},{\"@type\":\"WebSite\",\"@id\":\"https:\/\/sulsc.com\/#website\",\"url\":\"https:\/\/sulsc.com\/\",\"name\":\"\",\"description\":\"\",\"potentialAction\":[{\"@type\":\"SearchAction\",\"target\":{\"@type\":\"EntryPoint\",\"urlTemplate\":\"https:\/\/sulsc.com\/?s={search_term_string}\"},\"query-input\":\"required name=search_term_string\"}],\"inLanguage\":\"en-US\"},{\"@type\":\"Person\",\"@id\":\"https:\/\/sulsc.com\/#\/schema\/person\/84d2fc571684f6248ba83092f07750a3\",\"name\":\"Reda\u00e7\u00e3o Sul SC\",\"image\":{\"@type\":\"ImageObject\",\"inLanguage\":\"en-US\",\"@id\":\"https:\/\/sulsc.com\/#\/schema\/person\/image\/e08d7fe2cc4ed596372063bbe852b8d0\",\"url\":\"https:\/\/sulsc.com\/wp-content\/uploads\/2023\/09\/redacao.png\",\"contentUrl\":\"https:\/\/sulsc.com\/wp-content\/uploads\/2023\/09\/redacao.png\",\"caption\":\"Reda\u00e7\u00e3o Sul SC\"},\"description\":\"Foco em um jornalismo imparcial, voltado \u00e0 qualidade dos seus conte\u00fados e, assim, levar informa\u00e7\u00e3o de valor que agregue \u00e0 vida dos leitores. Esta \u00e9 grande miss\u00e3o do Portal de Not\u00edcias Sul SC. N\u00e3o \u00e9 quantidade que muda o mundo, sempre foi e seguir\u00e1 sendo qualidade!\",\"sameAs\":[\"https:\/\/sulsc.com\/\",\"https:\/\/www.facebook.com\/profile.php?id=61559278119680\",\"https:\/\/www.instagram.com\/sulscportal\/?hl=pt-br\",\"https:\/\/twitter.com\/https:\/\/twitter.com\/PortalSulSC\",\"https:\/\/www.youtube.com\/channel\/UCv_BE8GeySluDov2n8qhVmw\"],\"url\":\"https:\/\/sulsc.com\/index.php\/author\/redacao\/\"}]}<\/script>\n<!-- \/ Yoast SEO plugin. -->","yoast_head_json":{"title":"Arroio do Silva sedia encontro de carros antigos neste fim de semana -","description":"O encontro \u00e9 aberto ao p\u00fablico geral e inicia \u00e0s 9h, com apoio da municipalidade.","robots":{"index":"index","follow":"follow","max-snippet":"max-snippet:-1","max-image-preview":"max-image-preview:large","max-video-preview":"max-video-preview:-1"},"canonical":"https:\/\/sulsc.com\/index.php\/2024\/01\/04\/arroio-do-silva-sedia-encontro-de-carros-antigos-neste-fim-de-semana\/","og_locale":"en_US","og_type":"article","og_title":"Arroio do Silva sedia encontro de carros antigos neste fim de semana -","og_description":"O encontro \u00e9 aberto ao p\u00fablico geral e inicia \u00e0s 9h, com apoio da municipalidade.","og_url":"https:\/\/sulsc.com\/index.php\/2024\/01\/04\/arroio-do-silva-sedia-encontro-de-carros-antigos-neste-fim-de-semana\/","article_author":"https:\/\/www.facebook.com\/profile.php?id=61559278119680","article_published_time":"2024-01-04T18:24:10+00:00","og_image":[{"width":1920,"height":1080,"url":"http:\/\/sulsc.com\/wp-content\/uploads\/2024\/01\/3-1.jpg","type":"image\/jpeg"}],"author":"Reda\u00e7\u00e3o Sul SC","twitter_card":"summary_large_image","twitter_creator":"@https:\/\/twitter.com\/PortalSulSC","twitter_misc":{"Written by":"Reda\u00e7\u00e3o Sul SC","Est. reading time":"2 minutes"},"schema":{"@context":"https:\/\/schema.org","@graph":[{"@type":"WebPage","@id":"https:\/\/sulsc.com\/index.php\/2024\/01\/04\/arroio-do-silva-sedia-encontro-de-carros-antigos-neste-fim-de-semana\/","url":"https:\/\/sulsc.com\/index.php\/2024\/01\/04\/arroio-do-silva-sedia-encontro-de-carros-antigos-neste-fim-de-semana\/","name":"Arroio do Silva sedia encontro de carros antigos neste fim de semana -","isPartOf":{"@id":"https:\/\/sulsc.com\/#website"},"datePublished":"2024-01-04T18:24:10+00:00","dateModified":"2024-01-04T18:24:10+00:00","author":{"@id":"https:\/\/sulsc.com\/#\/schema\/person\/84d2fc571684f6248ba83092f07750a3"},"description":"O encontro \u00e9 aberto ao p\u00fablico geral e inicia \u00e0s 9h, com apoio da municipalidade.","breadcrumb":{"@id":"https:\/\/sulsc.com\/index.php\/2024\/01\/04\/arroio-do-silva-sedia-encontro-de-carros-antigos-neste-fim-de-semana\/#breadcrumb"},"inLanguage":"en-US","potentialAction":[{"@type":"ReadAction","target":["https:\/\/sulsc.com\/index.php\/2024\/01\/04\/arroio-do-silva-sedia-encontro-de-carros-antigos-neste-fim-de-semana\/"]}]},{"@type":"BreadcrumbList","@id":"https:\/\/sulsc.com\/index.php\/2024\/01\/04\/arroio-do-silva-sedia-encontro-de-carros-antigos-neste-fim-de-semana\/#breadcrumb","itemListElement":[{"@type":"ListItem","position":1,"name":"In\u00edcio","item":"https:\/\/sulsc.com\/"},{"@type":"ListItem","position":2,"name":"Arroio do Silva sedia encontro de carros antigos neste fim de semana"}]},{"@type":"WebSite","@id":"https:\/\/sulsc.com\/#website","url":"https:\/\/sulsc.com\/","name":"","description":"","potentialAction":[{"@type":"SearchAction","target":{"@type":"EntryPoint","urlTemplate":"https:\/\/sulsc.com\/?s={search_term_string}"},"query-input":"required name=search_term_string"}],"inLanguage":"en-US"},{"@type":"Person","@id":"https:\/\/sulsc.com\/#\/schema\/person\/84d2fc571684f6248ba83092f07750a3","name":"Reda\u00e7\u00e3o Sul SC","image":{"@type":"ImageObject","inLanguage":"en-US","@id":"https:\/\/sulsc.com\/#\/schema\/person\/image\/e08d7fe2cc4ed596372063bbe852b8d0","url":"https:\/\/sulsc.com\/wp-content\/uploads\/2023\/09\/redacao.png","contentUrl":"https:\/\/sulsc.com\/wp-content\/uploads\/2023\/09\/redacao.png","caption":"Reda\u00e7\u00e3o Sul SC"},"description":"Foco em um jornalismo imparcial, voltado \u00e0 qualidade dos seus conte\u00fados e, assim, levar informa\u00e7\u00e3o de valor que agregue \u00e0 vida dos leitores. Esta \u00e9 grande miss\u00e3o do Portal de Not\u00edcias Sul SC. N\u00e3o \u00e9 quantidade que muda o mundo, sempre foi e seguir\u00e1 sendo qualidade!","sameAs":["https:\/\/sulsc.com\/","https:\/\/www.facebook.com\/profile.php?id=61559278119680","https:\/\/www.instagram.com\/sulscportal\/?hl=pt-br","https:\/\/twitter.com\/https:\/\/twitter.com\/PortalSulSC","https:\/\/www.youtube.com\/channel\/UCv_BE8GeySluDov2n8qhVmw"],"url":"https:\/\/sulsc.com\/index.php\/author\/redacao\/"}]}},"authors":[],"_links":{"self":[{"href":"https:\/\/sulsc.com\/index.php\/wp-json\/wp\/v2\/posts\/6419"}],"collection":[{"href":"https:\/\/sulsc.com\/index.php\/wp-json\/wp\/v2\/posts"}],"about":[{"href":"https:\/\/sulsc.com\/index.php\/wp-json\/wp\/v2\/types\/post"}],"author":[{"embeddable":true,"href":"https:\/\/sulsc.com\/index.php\/wp-json\/wp\/v2\/users\/3"}],"replies":[{"embeddable":true,"href":"https:\/\/sulsc.com\/index.php\/wp-json\/wp\/v2\/comments?post=6419"}],"version-history":[{"count":1,"href":"https:\/\/sulsc.com\/index.php\/wp-json\/wp\/v2\/posts\/6419\/revisions"}],"predecessor-version":[{"id":6422,"href":"https:\/\/sulsc.com\/index.php\/wp-json\/wp\/v2\/posts\/6419\/revisions\/6422"}],"wp:featuredmedia":[{"embeddable":true,"href":"https:\/\/sulsc.com\/index.php\/wp-json\/wp\/v2\/media\/6420"}],"wp:attachment":[{"href":"https:\/\/sulsc.com\/index.php\/wp-json\/wp\/v2\/media?parent=6419"}],"wp:term":[{"taxonomy":"category","embeddable":true,"href":"https:\/\/sulsc.com\/index.php\/wp-json\/wp\/v2\/categories?post=6419"},{"taxonomy":"post_tag","embeddable":true,"href":"https:\/\/sulsc.com\/index.php\/wp-json\/wp\/v2\/tags?post=6419"}],"curies":[{"name":"wp","href":"https:\/\/api.w.org\/{rel}","templated":true}]}}