{"id":6499,"date":"2024-01-06T10:07:33","date_gmt":"2024-01-06T13:07:33","guid":{"rendered":"https:\/\/sulsc.com\/?p=6499"},"modified":"2024-01-06T10:07:33","modified_gmt":"2024-01-06T13:07:33","slug":"pulseirinhas-de-identificacao-sao-distribuidas-na-br-101-sul-sc","status":"publish","type":"post","link":"https:\/\/sulsc.com\/index.php\/2024\/01\/06\/pulseirinhas-de-identificacao-sao-distribuidas-na-br-101-sul-sc\/","title":{"rendered":"Pulseirinhas de identifica\u00e7\u00e3o s\u00e3o distribu\u00eddas na BR-101 Sul\/SC"},"content":{"rendered":"<p>A distribui\u00e7\u00e3o de pulseirinhas de identifica\u00e7\u00e3o de seguran\u00e7a para as fam\u00edlias que est\u00e3o em per\u00edodo de f\u00e9rias tem inicio neste s\u00e1bado (6). A a\u00e7\u00e3o, j\u00e1 tradicional durante a Opera\u00e7\u00e3o Ver\u00e3o e F\u00e9rias no trecho sul catarinense, visa contribuir para a seguran\u00e7a das fam\u00edlias que v\u00e3o \u00e0s praias no intuito de diminuir os casos de crian\u00e7as perdidas.<\/p>\n<p>A opera\u00e7\u00e3o \u00e9 uma parceria da CCR ViaCosteira com o Corpo de Bombeiros de Santa Catarina, Pol\u00edcia Rodovi\u00e1ria Federal (PRF) e Ag\u00eancia Nacional de Transportes Terrestres ( ANTT ).\u00a0No material distribu\u00eddo \u00e9 poss\u00edvel escrever o nome da crian\u00e7a e o local onde a fam\u00edlia est\u00e1 na praia, de forma a auxiliar no reencontro dos familiares no caso de a crian\u00e7a se perder.<\/p>\n<p>A distribui\u00e7\u00e3o acontecer\u00e1 nas pra\u00e7as de Laguna, Tubar\u00e3o, Ararangu\u00e1 e S\u00e3o Jo\u00e3o do Sul ao longo de toda a semana.\u00a0\u201cAtrav\u00e9s dessa colabora\u00e7\u00e3o almejamos fomentar a seguran\u00e7a dos usu\u00e1rios e turistas, especialmente aqueles acompanhados por crian\u00e7as, dado que o fluxo nesta temporada tende a se intensificar&#8221;, elucidou o Gerente de Atendimento e Opera\u00e7\u00f5es da CCR ViaCosteira, Joelson Ferreira.<\/p>\n<p><img fetchpriority=\"high\" decoding=\"async\" class=\"alignnone size-large wp-image-6500\" src=\"http:\/\/sulsc.com\/wp-content\/uploads\/2024\/01\/WhatsApp-Image-2024-01-06-at-09.57.59-1024x927.jpeg\" alt=\"\" width=\"1024\" height=\"927\" srcset=\"https:\/\/sulsc.com\/wp-content\/uploads\/2024\/01\/WhatsApp-Image-2024-01-06-at-09.57.59-1024x927.jpeg 1024w, https:\/\/sulsc.com\/wp-content\/uploads\/2024\/01\/WhatsApp-Image-2024-01-06-at-09.57.59-300x271.jpeg 300w, https:\/\/sulsc.com\/wp-content\/uploads\/2024\/01\/WhatsApp-Image-2024-01-06-at-09.57.59-768x695.jpeg 768w, https:\/\/sulsc.com\/wp-content\/uploads\/2024\/01\/WhatsApp-Image-2024-01-06-at-09.57.59.jpeg 1284w\" sizes=\"(max-width: 1024px) 100vw, 1024px\" \/><\/p>\n","protected":false},"excerpt":{"rendered":"<p>A distribui\u00e7\u00e3o de pulseirinhas de identifica\u00e7\u00e3o de seguran\u00e7a para as fam\u00edlias que est\u00e3o em per\u00edodo de f\u00e9rias tem inicio neste s\u00e1bado (6). A a\u00e7\u00e3o, j\u00e1 tradicional durante a Opera\u00e7\u00e3o Ver\u00e3o e F\u00e9rias no trecho sul catarinense, visa contribuir para a seguran\u00e7a das fam\u00edlias que v\u00e3o \u00e0s praias no intuito de diminuir os casos de crian\u00e7as &hellip;<\/p>\n<p class=\"read-more\"> <a class=\"\" href=\"https:\/\/sulsc.com\/index.php\/2024\/01\/06\/pulseirinhas-de-identificacao-sao-distribuidas-na-br-101-sul-sc\/\"> <span class=\"screen-reader-text\">Pulseirinhas de identifica\u00e7\u00e3o s\u00e3o distribu\u00eddas na BR-101 Sul\/SC<\/span> Read More &raquo;<\/a><\/p>\n","protected":false},"author":3,"featured_media":6500,"comment_status":"open","ping_status":"open","sticky":false,"template":"","format":"standard","meta":{"site-sidebar-layout":"default","site-content-layout":"","ast-site-content-layout":"default","site-content-style":"default","site-sidebar-style":"default","ast-global-header-display":"","ast-banner-title-visibility":"","ast-main-header-display":"","ast-hfb-above-header-display":"","ast-hfb-below-header-display":"","ast-hfb-mobile-header-display":"","site-post-title":"","ast-breadcrumbs-content":"","ast-featured-img":"","footer-sml-layout":"","theme-transparent-header-meta":"default","adv-header-id-meta":"","stick-header-meta":"","header-above-stick-meta":"","header-main-stick-meta":"","header-below-stick-meta":"","astra-migrate-meta-layouts":"set","footnotes":""},"categories":[1],"tags":[],"yoast_head":"<!-- This site is optimized with the Yoast SEO plugin v21.4 - https:\/\/yoast.com\/wordpress\/plugins\/seo\/ -->\n<title>Pulseirinhas de identifica\u00e7\u00e3o s\u00e3o distribu\u00eddas na BR-101 Sul\/SC -<\/title>\n<meta name=\"description\" content=\"Os 20 mil acess\u00f3rios ser\u00e3o entregues nas quatro pra\u00e7as de ped\u00e1gios do trecho sul catarinense, a partir deste s\u00e1bado (6)\" \/>\n<meta name=\"robots\" content=\"index, follow, max-snippet:-1, max-image-preview:large, max-video-preview:-1\" \/>\n<link rel=\"canonical\" href=\"https:\/\/sulsc.com\/index.php\/2024\/01\/06\/pulseirinhas-de-identificacao-sao-distribuidas-na-br-101-sul-sc\/\" \/>\n<meta property=\"og:locale\" content=\"en_US\" \/>\n<meta property=\"og:type\" content=\"article\" \/>\n<meta property=\"og:title\" content=\"Pulseirinhas de identifica\u00e7\u00e3o s\u00e3o distribu\u00eddas na BR-101 Sul\/SC -\" \/>\n<meta property=\"og:description\" content=\"Os 20 mil acess\u00f3rios ser\u00e3o entregues nas quatro pra\u00e7as de ped\u00e1gios do trecho sul catarinense, a partir deste s\u00e1bado (6)\" \/>\n<meta property=\"og:url\" content=\"https:\/\/sulsc.com\/index.php\/2024\/01\/06\/pulseirinhas-de-identificacao-sao-distribuidas-na-br-101-sul-sc\/\" \/>\n<meta property=\"article:author\" content=\"https:\/\/www.facebook.com\/profile.php?id=61559278119680\" \/>\n<meta property=\"article:published_time\" content=\"2024-01-06T13:07:33+00:00\" \/>\n<meta property=\"og:image\" content=\"http:\/\/sulsc.com\/wp-content\/uploads\/2024\/01\/WhatsApp-Image-2024-01-06-at-09.57.59.jpeg\" \/>\n\t<meta property=\"og:image:width\" content=\"1284\" \/>\n\t<meta property=\"og:image:height\" content=\"1162\" \/>\n\t<meta property=\"og:image:type\" content=\"image\/jpeg\" \/>\n<meta name=\"author\" content=\"Reda\u00e7\u00e3o Sul SC\" \/>\n<meta name=\"twitter:card\" content=\"summary_large_image\" \/>\n<meta name=\"twitter:creator\" content=\"@https:\/\/twitter.com\/PortalSulSC\" \/>\n<meta name=\"twitter:label1\" content=\"Written by\" \/>\n\t<meta name=\"twitter:data1\" content=\"Reda\u00e7\u00e3o Sul SC\" \/>\n\t<meta name=\"twitter:label2\" content=\"Est. reading time\" \/>\n\t<meta name=\"twitter:data2\" content=\"2 minutes\" \/>\n<script type=\"application\/ld+json\" class=\"yoast-schema-graph\">{\"@context\":\"https:\/\/schema.org\",\"@graph\":[{\"@type\":\"WebPage\",\"@id\":\"https:\/\/sulsc.com\/index.php\/2024\/01\/06\/pulseirinhas-de-identificacao-sao-distribuidas-na-br-101-sul-sc\/\",\"url\":\"https:\/\/sulsc.com\/index.php\/2024\/01\/06\/pulseirinhas-de-identificacao-sao-distribuidas-na-br-101-sul-sc\/\",\"name\":\"Pulseirinhas de identifica\u00e7\u00e3o s\u00e3o distribu\u00eddas na BR-101 Sul\/SC -\",\"isPartOf\":{\"@id\":\"https:\/\/sulsc.com\/#website\"},\"datePublished\":\"2024-01-06T13:07:33+00:00\",\"dateModified\":\"2024-01-06T13:07:33+00:00\",\"author\":{\"@id\":\"https:\/\/sulsc.com\/#\/schema\/person\/84d2fc571684f6248ba83092f07750a3\"},\"description\":\"Os 20 mil acess\u00f3rios ser\u00e3o entregues nas quatro pra\u00e7as de ped\u00e1gios do trecho sul catarinense, a partir deste s\u00e1bado (6)\",\"breadcrumb\":{\"@id\":\"https:\/\/sulsc.com\/index.php\/2024\/01\/06\/pulseirinhas-de-identificacao-sao-distribuidas-na-br-101-sul-sc\/#breadcrumb\"},\"inLanguage\":\"en-US\",\"potentialAction\":[{\"@type\":\"ReadAction\",\"target\":[\"https:\/\/sulsc.com\/index.php\/2024\/01\/06\/pulseirinhas-de-identificacao-sao-distribuidas-na-br-101-sul-sc\/\"]}]},{\"@type\":\"BreadcrumbList\",\"@id\":\"https:\/\/sulsc.com\/index.php\/2024\/01\/06\/pulseirinhas-de-identificacao-sao-distribuidas-na-br-101-sul-sc\/#breadcrumb\",\"itemListElement\":[{\"@type\":\"ListItem\",\"position\":1,\"name\":\"In\u00edcio\",\"item\":\"https:\/\/sulsc.com\/\"},{\"@type\":\"ListItem\",\"position\":2,\"name\":\"Pulseirinhas de identifica\u00e7\u00e3o s\u00e3o distribu\u00eddas na BR-101 Sul\/SC\"}]},{\"@type\":\"WebSite\",\"@id\":\"https:\/\/sulsc.com\/#website\",\"url\":\"https:\/\/sulsc.com\/\",\"name\":\"\",\"description\":\"\",\"potentialAction\":[{\"@type\":\"SearchAction\",\"target\":{\"@type\":\"EntryPoint\",\"urlTemplate\":\"https:\/\/sulsc.com\/?s={search_term_string}\"},\"query-input\":\"required name=search_term_string\"}],\"inLanguage\":\"en-US\"},{\"@type\":\"Person\",\"@id\":\"https:\/\/sulsc.com\/#\/schema\/person\/84d2fc571684f6248ba83092f07750a3\",\"name\":\"Reda\u00e7\u00e3o Sul SC\",\"image\":{\"@type\":\"ImageObject\",\"inLanguage\":\"en-US\",\"@id\":\"https:\/\/sulsc.com\/#\/schema\/person\/image\/e08d7fe2cc4ed596372063bbe852b8d0\",\"url\":\"https:\/\/sulsc.com\/wp-content\/uploads\/2023\/09\/redacao.png\",\"contentUrl\":\"https:\/\/sulsc.com\/wp-content\/uploads\/2023\/09\/redacao.png\",\"caption\":\"Reda\u00e7\u00e3o Sul SC\"},\"description\":\"Foco em um jornalismo imparcial, voltado \u00e0 qualidade dos seus conte\u00fados e, assim, levar informa\u00e7\u00e3o de valor que agregue \u00e0 vida dos leitores. Esta \u00e9 grande miss\u00e3o do Portal de Not\u00edcias Sul SC. N\u00e3o \u00e9 quantidade que muda o mundo, sempre foi e seguir\u00e1 sendo qualidade!\",\"sameAs\":[\"https:\/\/sulsc.com\/\",\"https:\/\/www.facebook.com\/profile.php?id=61559278119680\",\"https:\/\/www.instagram.com\/sulscportal\/?hl=pt-br\",\"https:\/\/twitter.com\/https:\/\/twitter.com\/PortalSulSC\",\"https:\/\/www.youtube.com\/channel\/UCv_BE8GeySluDov2n8qhVmw\"],\"url\":\"https:\/\/sulsc.com\/index.php\/author\/redacao\/\"}]}<\/script>\n<!-- \/ Yoast SEO plugin. -->","yoast_head_json":{"title":"Pulseirinhas de identifica\u00e7\u00e3o s\u00e3o distribu\u00eddas na BR-101 Sul\/SC -","description":"Os 20 mil acess\u00f3rios ser\u00e3o entregues nas quatro pra\u00e7as de ped\u00e1gios do trecho sul catarinense, a partir deste s\u00e1bado (6)","robots":{"index":"index","follow":"follow","max-snippet":"max-snippet:-1","max-image-preview":"max-image-preview:large","max-video-preview":"max-video-preview:-1"},"canonical":"https:\/\/sulsc.com\/index.php\/2024\/01\/06\/pulseirinhas-de-identificacao-sao-distribuidas-na-br-101-sul-sc\/","og_locale":"en_US","og_type":"article","og_title":"Pulseirinhas de identifica\u00e7\u00e3o s\u00e3o distribu\u00eddas na BR-101 Sul\/SC -","og_description":"Os 20 mil acess\u00f3rios ser\u00e3o entregues nas quatro pra\u00e7as de ped\u00e1gios do trecho sul catarinense, a partir deste s\u00e1bado (6)","og_url":"https:\/\/sulsc.com\/index.php\/2024\/01\/06\/pulseirinhas-de-identificacao-sao-distribuidas-na-br-101-sul-sc\/","article_author":"https:\/\/www.facebook.com\/profile.php?id=61559278119680","article_published_time":"2024-01-06T13:07:33+00:00","og_image":[{"width":1284,"height":1162,"url":"http:\/\/sulsc.com\/wp-content\/uploads\/2024\/01\/WhatsApp-Image-2024-01-06-at-09.57.59.jpeg","type":"image\/jpeg"}],"author":"Reda\u00e7\u00e3o Sul SC","twitter_card":"summary_large_image","twitter_creator":"@https:\/\/twitter.com\/PortalSulSC","twitter_misc":{"Written by":"Reda\u00e7\u00e3o Sul SC","Est. reading time":"2 minutes"},"schema":{"@context":"https:\/\/schema.org","@graph":[{"@type":"WebPage","@id":"https:\/\/sulsc.com\/index.php\/2024\/01\/06\/pulseirinhas-de-identificacao-sao-distribuidas-na-br-101-sul-sc\/","url":"https:\/\/sulsc.com\/index.php\/2024\/01\/06\/pulseirinhas-de-identificacao-sao-distribuidas-na-br-101-sul-sc\/","name":"Pulseirinhas de identifica\u00e7\u00e3o s\u00e3o distribu\u00eddas na BR-101 Sul\/SC -","isPartOf":{"@id":"https:\/\/sulsc.com\/#website"},"datePublished":"2024-01-06T13:07:33+00:00","dateModified":"2024-01-06T13:07:33+00:00","author":{"@id":"https:\/\/sulsc.com\/#\/schema\/person\/84d2fc571684f6248ba83092f07750a3"},"description":"Os 20 mil acess\u00f3rios ser\u00e3o entregues nas quatro pra\u00e7as de ped\u00e1gios do trecho sul catarinense, a partir deste s\u00e1bado (6)","breadcrumb":{"@id":"https:\/\/sulsc.com\/index.php\/2024\/01\/06\/pulseirinhas-de-identificacao-sao-distribuidas-na-br-101-sul-sc\/#breadcrumb"},"inLanguage":"en-US","potentialAction":[{"@type":"ReadAction","target":["https:\/\/sulsc.com\/index.php\/2024\/01\/06\/pulseirinhas-de-identificacao-sao-distribuidas-na-br-101-sul-sc\/"]}]},{"@type":"BreadcrumbList","@id":"https:\/\/sulsc.com\/index.php\/2024\/01\/06\/pulseirinhas-de-identificacao-sao-distribuidas-na-br-101-sul-sc\/#breadcrumb","itemListElement":[{"@type":"ListItem","position":1,"name":"In\u00edcio","item":"https:\/\/sulsc.com\/"},{"@type":"ListItem","position":2,"name":"Pulseirinhas de identifica\u00e7\u00e3o s\u00e3o distribu\u00eddas na BR-101 Sul\/SC"}]},{"@type":"WebSite","@id":"https:\/\/sulsc.com\/#website","url":"https:\/\/sulsc.com\/","name":"","description":"","potentialAction":[{"@type":"SearchAction","target":{"@type":"EntryPoint","urlTemplate":"https:\/\/sulsc.com\/?s={search_term_string}"},"query-input":"required name=search_term_string"}],"inLanguage":"en-US"},{"@type":"Person","@id":"https:\/\/sulsc.com\/#\/schema\/person\/84d2fc571684f6248ba83092f07750a3","name":"Reda\u00e7\u00e3o Sul SC","image":{"@type":"ImageObject","inLanguage":"en-US","@id":"https:\/\/sulsc.com\/#\/schema\/person\/image\/e08d7fe2cc4ed596372063bbe852b8d0","url":"https:\/\/sulsc.com\/wp-content\/uploads\/2023\/09\/redacao.png","contentUrl":"https:\/\/sulsc.com\/wp-content\/uploads\/2023\/09\/redacao.png","caption":"Reda\u00e7\u00e3o Sul SC"},"description":"Foco em um jornalismo imparcial, voltado \u00e0 qualidade dos seus conte\u00fados e, assim, levar informa\u00e7\u00e3o de valor que agregue \u00e0 vida dos leitores. Esta \u00e9 grande miss\u00e3o do Portal de Not\u00edcias Sul SC. N\u00e3o \u00e9 quantidade que muda o mundo, sempre foi e seguir\u00e1 sendo qualidade!","sameAs":["https:\/\/sulsc.com\/","https:\/\/www.facebook.com\/profile.php?id=61559278119680","https:\/\/www.instagram.com\/sulscportal\/?hl=pt-br","https:\/\/twitter.com\/https:\/\/twitter.com\/PortalSulSC","https:\/\/www.youtube.com\/channel\/UCv_BE8GeySluDov2n8qhVmw"],"url":"https:\/\/sulsc.com\/index.php\/author\/redacao\/"}]}},"authors":[],"_links":{"self":[{"href":"https:\/\/sulsc.com\/index.php\/wp-json\/wp\/v2\/posts\/6499"}],"collection":[{"href":"https:\/\/sulsc.com\/index.php\/wp-json\/wp\/v2\/posts"}],"about":[{"href":"https:\/\/sulsc.com\/index.php\/wp-json\/wp\/v2\/types\/post"}],"author":[{"embeddable":true,"href":"https:\/\/sulsc.com\/index.php\/wp-json\/wp\/v2\/users\/3"}],"replies":[{"embeddable":true,"href":"https:\/\/sulsc.com\/index.php\/wp-json\/wp\/v2\/comments?post=6499"}],"version-history":[{"count":1,"href":"https:\/\/sulsc.com\/index.php\/wp-json\/wp\/v2\/posts\/6499\/revisions"}],"predecessor-version":[{"id":6501,"href":"https:\/\/sulsc.com\/index.php\/wp-json\/wp\/v2\/posts\/6499\/revisions\/6501"}],"wp:featuredmedia":[{"embeddable":true,"href":"https:\/\/sulsc.com\/index.php\/wp-json\/wp\/v2\/media\/6500"}],"wp:attachment":[{"href":"https:\/\/sulsc.com\/index.php\/wp-json\/wp\/v2\/media?parent=6499"}],"wp:term":[{"taxonomy":"category","embeddable":true,"href":"https:\/\/sulsc.com\/index.php\/wp-json\/wp\/v2\/categories?post=6499"},{"taxonomy":"post_tag","embeddable":true,"href":"https:\/\/sulsc.com\/index.php\/wp-json\/wp\/v2\/tags?post=6499"}],"curies":[{"name":"wp","href":"https:\/\/api.w.org\/{rel}","templated":true}]}}