{"id":6502,"date":"2024-01-06T11:11:25","date_gmt":"2024-01-06T14:11:25","guid":{"rendered":"https:\/\/sulsc.com\/?p=6502"},"modified":"2024-01-06T11:16:47","modified_gmt":"2024-01-06T14:16:47","slug":"prazo-para-registro-e-monitoramento-sanitario-de-estabelecimentos-avicolas-de-pequena-escala-encerram-este-mes-em-sc","status":"publish","type":"post","link":"https:\/\/sulsc.com\/index.php\/2024\/01\/06\/prazo-para-registro-e-monitoramento-sanitario-de-estabelecimentos-avicolas-de-pequena-escala-encerram-este-mes-em-sc\/","title":{"rendered":"Prazo para registro e monitoramento sanit\u00e1rio de estabelecimentos av\u00edcolas de pequena escala encerram este m\u00eas, em SC"},"content":{"rendered":"<p><img fetchpriority=\"high\" decoding=\"async\" class=\"alignnone size-large wp-image-6504\" src=\"http:\/\/sulsc.com\/wp-content\/uploads\/2024\/01\/aa224497-a00e-47ec-99d1-a70aeb159529-1024x786.jpg\" alt=\"\" width=\"1024\" height=\"786\" srcset=\"https:\/\/sulsc.com\/wp-content\/uploads\/2024\/01\/aa224497-a00e-47ec-99d1-a70aeb159529-1024x786.jpg 1024w, https:\/\/sulsc.com\/wp-content\/uploads\/2024\/01\/aa224497-a00e-47ec-99d1-a70aeb159529-300x230.jpg 300w, https:\/\/sulsc.com\/wp-content\/uploads\/2024\/01\/aa224497-a00e-47ec-99d1-a70aeb159529-768x590.jpg 768w, https:\/\/sulsc.com\/wp-content\/uploads\/2024\/01\/aa224497-a00e-47ec-99d1-a70aeb159529.jpg 1280w\" sizes=\"(max-width: 1024px) 100vw, 1024px\" \/><\/p>\n<p>A data limite para cadastro, registro obrigat\u00f3rio e monitoramento sanit\u00e1rio dos estabelecimentos av\u00edcolas de pequena escala em Santa Catarina \u00e9 at\u00e9 o dia 19 de janeiro de 2024. A informa\u00e7\u00e3o foi divulgada pela Companhia Integrada de Desenvolvimento Agr\u00edcola de Santa Catarina (Cidasc).<\/p>\n<p>Conforme a Portaria n.\u00ba 3\/2022, de 19 de janeiro de 2022, da Secretaria de Estado da Agricultura (SAR), os estabelecimentos av\u00edcolas preexistentes t\u00eam para se adequarem aos termos desta regulamenta\u00e7\u00e3o.\u00a0A medida visa proteger o plantel av\u00edcola do estado em meio ao estado de emerg\u00eancia zoossanit\u00e1ria causado pela Influenza Avi\u00e1ria.<\/p>\n<p>A m\u00e9dica veterin\u00e1ria e coordenadora da Coordena\u00e7\u00e3o Estadual de Sanidade Av\u00edcola (Cesav), Carolina Damo, destaca a import\u00e2ncia da higiene e do controle de doen\u00e7as na avicultura, enfatizando que esses pequenos avi\u00e1rios desempenham um papel crucial na cadeia produtiva.<\/p>\n<p>Os estabelecimentos av\u00edcolas abrangidos pela medida s\u00e3o aqueles com uma popula\u00e7\u00e3o de at\u00e9 1.000 aves, envolvidos em atividades como venda de aves vivas, abate em estabelecimento com servi\u00e7o de inspe\u00e7\u00e3o oficial, produ\u00e7\u00e3o de ovos para consumo humano, uso em ensino e pesquisa, participa\u00e7\u00e3o em eventos agropecu\u00e1rios, entre outras, que realizam tr\u00e2nsito exclusivamente dentro do estado. Segundo a Portaria, tais estabelecimentos devem adquirir aves de locais registrados, certificados ou monitorados para as doen\u00e7as do Programa Nacional de Sanidade Av\u00edcola.<\/p>\n<p>A regulamenta\u00e7\u00e3o abrange estabelecimentos comerciais de corte, postura comercial, aves ornamentais, ensino e pesquisa. Carolina Damo ressalta que toda a estrutura desses estabelecimentos deve seguir as normas t\u00e9cnicas e sanit\u00e1rias definidas na Portaria, sujeita \u00e0 fiscaliza\u00e7\u00e3o da Cidasc, que deve cumprir as regras de tr\u00e2nsito de animais e os programas de vacina\u00e7\u00e3o obrigat\u00f3rios.<\/p>\n<p>Para mais informa\u00e7\u00f5es e orienta\u00e7\u00f5es sobre o processo de registro, os interessados podem contatar a Cidasc por meio dos canais de comunica\u00e7\u00e3o dispon\u00edveis em seu site oficial ou em um dos Departamentos Regionais da Cidasc no estado. Clique aqui e saiba mais sobre onde estamos.<\/p>\n","protected":false},"excerpt":{"rendered":"<p>A data limite para cadastro, registro obrigat\u00f3rio e monitoramento sanit\u00e1rio dos estabelecimentos av\u00edcolas de pequena escala em Santa Catarina \u00e9 at\u00e9 o dia 19 de janeiro de 2024. A informa\u00e7\u00e3o foi divulgada pela Companhia Integrada de Desenvolvimento Agr\u00edcola de Santa Catarina (Cidasc). Conforme a Portaria n.\u00ba 3\/2022, de 19 de janeiro de 2022, da Secretaria &hellip;<\/p>\n<p class=\"read-more\"> <a class=\"\" href=\"https:\/\/sulsc.com\/index.php\/2024\/01\/06\/prazo-para-registro-e-monitoramento-sanitario-de-estabelecimentos-avicolas-de-pequena-escala-encerram-este-mes-em-sc\/\"> <span class=\"screen-reader-text\">Prazo para registro e monitoramento sanit\u00e1rio de estabelecimentos av\u00edcolas de pequena escala encerram este m\u00eas, em SC<\/span> Read More &raquo;<\/a><\/p>\n","protected":false},"author":3,"featured_media":6504,"comment_status":"open","ping_status":"open","sticky":false,"template":"","format":"standard","meta":{"site-sidebar-layout":"default","site-content-layout":"","ast-site-content-layout":"default","site-content-style":"default","site-sidebar-style":"default","ast-global-header-display":"","ast-banner-title-visibility":"","ast-main-header-display":"","ast-hfb-above-header-display":"","ast-hfb-below-header-display":"","ast-hfb-mobile-header-display":"","site-post-title":"","ast-breadcrumbs-content":"","ast-featured-img":"","footer-sml-layout":"","theme-transparent-header-meta":"default","adv-header-id-meta":"","stick-header-meta":"","header-above-stick-meta":"","header-main-stick-meta":"","header-below-stick-meta":"","astra-migrate-meta-layouts":"set","footnotes":""},"categories":[1],"tags":[],"yoast_head":"<!-- This site is optimized with the Yoast SEO plugin v21.4 - https:\/\/yoast.com\/wordpress\/plugins\/seo\/ -->\n<title>Prazo para registro e monitoramento sanit\u00e1rio de estabelecimentos av\u00edcolas de pequena escala encerram este m\u00eas, em SC -<\/title>\n<meta name=\"robots\" content=\"index, follow, max-snippet:-1, max-image-preview:large, max-video-preview:-1\" \/>\n<link rel=\"canonical\" href=\"https:\/\/sulsc.com\/index.php\/2024\/01\/06\/prazo-para-registro-e-monitoramento-sanitario-de-estabelecimentos-avicolas-de-pequena-escala-encerram-este-mes-em-sc\/\" \/>\n<meta property=\"og:locale\" content=\"en_US\" \/>\n<meta property=\"og:type\" content=\"article\" \/>\n<meta property=\"og:title\" content=\"Prazo para registro e monitoramento sanit\u00e1rio de estabelecimentos av\u00edcolas de pequena escala encerram este m\u00eas, em SC -\" \/>\n<meta property=\"og:description\" content=\"A data limite para cadastro, registro obrigat\u00f3rio e monitoramento sanit\u00e1rio dos estabelecimentos av\u00edcolas de pequena escala em Santa Catarina \u00e9 at\u00e9 o dia 19 de janeiro de 2024. A informa\u00e7\u00e3o foi divulgada pela Companhia Integrada de Desenvolvimento Agr\u00edcola de Santa Catarina (Cidasc). Conforme a Portaria n.\u00ba 3\/2022, de 19 de janeiro de 2022, da Secretaria &hellip; Prazo para registro e monitoramento sanit\u00e1rio de estabelecimentos av\u00edcolas de pequena escala encerram este m\u00eas, em SC Read More &raquo;\" \/>\n<meta property=\"og:url\" content=\"https:\/\/sulsc.com\/index.php\/2024\/01\/06\/prazo-para-registro-e-monitoramento-sanitario-de-estabelecimentos-avicolas-de-pequena-escala-encerram-este-mes-em-sc\/\" \/>\n<meta property=\"article:author\" content=\"https:\/\/www.facebook.com\/profile.php?id=61559278119680\" \/>\n<meta property=\"article:published_time\" content=\"2024-01-06T14:11:25+00:00\" \/>\n<meta property=\"article:modified_time\" content=\"2024-01-06T14:16:47+00:00\" \/>\n<meta property=\"og:image\" content=\"http:\/\/sulsc.com\/wp-content\/uploads\/2024\/01\/aa224497-a00e-47ec-99d1-a70aeb159529.jpg\" \/>\n\t<meta property=\"og:image:width\" content=\"1280\" \/>\n\t<meta property=\"og:image:height\" content=\"983\" \/>\n\t<meta property=\"og:image:type\" content=\"image\/jpeg\" \/>\n<meta name=\"author\" content=\"Reda\u00e7\u00e3o Sul SC\" \/>\n<meta name=\"twitter:card\" content=\"summary_large_image\" \/>\n<meta name=\"twitter:creator\" content=\"@https:\/\/twitter.com\/PortalSulSC\" \/>\n<meta name=\"twitter:label1\" content=\"Written by\" \/>\n\t<meta name=\"twitter:data1\" content=\"Reda\u00e7\u00e3o Sul SC\" \/>\n\t<meta name=\"twitter:label2\" content=\"Est. reading time\" \/>\n\t<meta name=\"twitter:data2\" content=\"2 minutes\" \/>\n<script type=\"application\/ld+json\" class=\"yoast-schema-graph\">{\"@context\":\"https:\/\/schema.org\",\"@graph\":[{\"@type\":\"WebPage\",\"@id\":\"https:\/\/sulsc.com\/index.php\/2024\/01\/06\/prazo-para-registro-e-monitoramento-sanitario-de-estabelecimentos-avicolas-de-pequena-escala-encerram-este-mes-em-sc\/\",\"url\":\"https:\/\/sulsc.com\/index.php\/2024\/01\/06\/prazo-para-registro-e-monitoramento-sanitario-de-estabelecimentos-avicolas-de-pequena-escala-encerram-este-mes-em-sc\/\",\"name\":\"Prazo para registro e monitoramento sanit\u00e1rio de estabelecimentos av\u00edcolas de pequena escala encerram este m\u00eas, em SC -\",\"isPartOf\":{\"@id\":\"https:\/\/sulsc.com\/#website\"},\"datePublished\":\"2024-01-06T14:11:25+00:00\",\"dateModified\":\"2024-01-06T14:16:47+00:00\",\"author\":{\"@id\":\"https:\/\/sulsc.com\/#\/schema\/person\/84d2fc571684f6248ba83092f07750a3\"},\"breadcrumb\":{\"@id\":\"https:\/\/sulsc.com\/index.php\/2024\/01\/06\/prazo-para-registro-e-monitoramento-sanitario-de-estabelecimentos-avicolas-de-pequena-escala-encerram-este-mes-em-sc\/#breadcrumb\"},\"inLanguage\":\"en-US\",\"potentialAction\":[{\"@type\":\"ReadAction\",\"target\":[\"https:\/\/sulsc.com\/index.php\/2024\/01\/06\/prazo-para-registro-e-monitoramento-sanitario-de-estabelecimentos-avicolas-de-pequena-escala-encerram-este-mes-em-sc\/\"]}]},{\"@type\":\"BreadcrumbList\",\"@id\":\"https:\/\/sulsc.com\/index.php\/2024\/01\/06\/prazo-para-registro-e-monitoramento-sanitario-de-estabelecimentos-avicolas-de-pequena-escala-encerram-este-mes-em-sc\/#breadcrumb\",\"itemListElement\":[{\"@type\":\"ListItem\",\"position\":1,\"name\":\"In\u00edcio\",\"item\":\"https:\/\/sulsc.com\/\"},{\"@type\":\"ListItem\",\"position\":2,\"name\":\"Prazo para registro e monitoramento sanit\u00e1rio de estabelecimentos av\u00edcolas de pequena escala encerram este m\u00eas, em SC\"}]},{\"@type\":\"WebSite\",\"@id\":\"https:\/\/sulsc.com\/#website\",\"url\":\"https:\/\/sulsc.com\/\",\"name\":\"\",\"description\":\"\",\"potentialAction\":[{\"@type\":\"SearchAction\",\"target\":{\"@type\":\"EntryPoint\",\"urlTemplate\":\"https:\/\/sulsc.com\/?s={search_term_string}\"},\"query-input\":\"required name=search_term_string\"}],\"inLanguage\":\"en-US\"},{\"@type\":\"Person\",\"@id\":\"https:\/\/sulsc.com\/#\/schema\/person\/84d2fc571684f6248ba83092f07750a3\",\"name\":\"Reda\u00e7\u00e3o Sul SC\",\"image\":{\"@type\":\"ImageObject\",\"inLanguage\":\"en-US\",\"@id\":\"https:\/\/sulsc.com\/#\/schema\/person\/image\/e08d7fe2cc4ed596372063bbe852b8d0\",\"url\":\"https:\/\/sulsc.com\/wp-content\/uploads\/2023\/09\/redacao.png\",\"contentUrl\":\"https:\/\/sulsc.com\/wp-content\/uploads\/2023\/09\/redacao.png\",\"caption\":\"Reda\u00e7\u00e3o Sul SC\"},\"description\":\"Foco em um jornalismo imparcial, voltado \u00e0 qualidade dos seus conte\u00fados e, assim, levar informa\u00e7\u00e3o de valor que agregue \u00e0 vida dos leitores. Esta \u00e9 grande miss\u00e3o do Portal de Not\u00edcias Sul SC. N\u00e3o \u00e9 quantidade que muda o mundo, sempre foi e seguir\u00e1 sendo qualidade!\",\"sameAs\":[\"https:\/\/sulsc.com\/\",\"https:\/\/www.facebook.com\/profile.php?id=61559278119680\",\"https:\/\/www.instagram.com\/sulscportal\/?hl=pt-br\",\"https:\/\/twitter.com\/https:\/\/twitter.com\/PortalSulSC\",\"https:\/\/www.youtube.com\/channel\/UCv_BE8GeySluDov2n8qhVmw\"],\"url\":\"https:\/\/sulsc.com\/index.php\/author\/redacao\/\"}]}<\/script>\n<!-- \/ Yoast SEO plugin. -->","yoast_head_json":{"title":"Prazo para registro e monitoramento sanit\u00e1rio de estabelecimentos av\u00edcolas de pequena escala encerram este m\u00eas, em SC -","robots":{"index":"index","follow":"follow","max-snippet":"max-snippet:-1","max-image-preview":"max-image-preview:large","max-video-preview":"max-video-preview:-1"},"canonical":"https:\/\/sulsc.com\/index.php\/2024\/01\/06\/prazo-para-registro-e-monitoramento-sanitario-de-estabelecimentos-avicolas-de-pequena-escala-encerram-este-mes-em-sc\/","og_locale":"en_US","og_type":"article","og_title":"Prazo para registro e monitoramento sanit\u00e1rio de estabelecimentos av\u00edcolas de pequena escala encerram este m\u00eas, em SC -","og_description":"A data limite para cadastro, registro obrigat\u00f3rio e monitoramento sanit\u00e1rio dos estabelecimentos av\u00edcolas de pequena escala em Santa Catarina \u00e9 at\u00e9 o dia 19 de janeiro de 2024. A informa\u00e7\u00e3o foi divulgada pela Companhia Integrada de Desenvolvimento Agr\u00edcola de Santa Catarina (Cidasc). Conforme a Portaria n.\u00ba 3\/2022, de 19 de janeiro de 2022, da Secretaria &hellip; Prazo para registro e monitoramento sanit\u00e1rio de estabelecimentos av\u00edcolas de pequena escala encerram este m\u00eas, em SC Read More &raquo;","og_url":"https:\/\/sulsc.com\/index.php\/2024\/01\/06\/prazo-para-registro-e-monitoramento-sanitario-de-estabelecimentos-avicolas-de-pequena-escala-encerram-este-mes-em-sc\/","article_author":"https:\/\/www.facebook.com\/profile.php?id=61559278119680","article_published_time":"2024-01-06T14:11:25+00:00","article_modified_time":"2024-01-06T14:16:47+00:00","og_image":[{"width":1280,"height":983,"url":"http:\/\/sulsc.com\/wp-content\/uploads\/2024\/01\/aa224497-a00e-47ec-99d1-a70aeb159529.jpg","type":"image\/jpeg"}],"author":"Reda\u00e7\u00e3o Sul SC","twitter_card":"summary_large_image","twitter_creator":"@https:\/\/twitter.com\/PortalSulSC","twitter_misc":{"Written by":"Reda\u00e7\u00e3o Sul SC","Est. reading time":"2 minutes"},"schema":{"@context":"https:\/\/schema.org","@graph":[{"@type":"WebPage","@id":"https:\/\/sulsc.com\/index.php\/2024\/01\/06\/prazo-para-registro-e-monitoramento-sanitario-de-estabelecimentos-avicolas-de-pequena-escala-encerram-este-mes-em-sc\/","url":"https:\/\/sulsc.com\/index.php\/2024\/01\/06\/prazo-para-registro-e-monitoramento-sanitario-de-estabelecimentos-avicolas-de-pequena-escala-encerram-este-mes-em-sc\/","name":"Prazo para registro e monitoramento sanit\u00e1rio de estabelecimentos av\u00edcolas de pequena escala encerram este m\u00eas, em SC -","isPartOf":{"@id":"https:\/\/sulsc.com\/#website"},"datePublished":"2024-01-06T14:11:25+00:00","dateModified":"2024-01-06T14:16:47+00:00","author":{"@id":"https:\/\/sulsc.com\/#\/schema\/person\/84d2fc571684f6248ba83092f07750a3"},"breadcrumb":{"@id":"https:\/\/sulsc.com\/index.php\/2024\/01\/06\/prazo-para-registro-e-monitoramento-sanitario-de-estabelecimentos-avicolas-de-pequena-escala-encerram-este-mes-em-sc\/#breadcrumb"},"inLanguage":"en-US","potentialAction":[{"@type":"ReadAction","target":["https:\/\/sulsc.com\/index.php\/2024\/01\/06\/prazo-para-registro-e-monitoramento-sanitario-de-estabelecimentos-avicolas-de-pequena-escala-encerram-este-mes-em-sc\/"]}]},{"@type":"BreadcrumbList","@id":"https:\/\/sulsc.com\/index.php\/2024\/01\/06\/prazo-para-registro-e-monitoramento-sanitario-de-estabelecimentos-avicolas-de-pequena-escala-encerram-este-mes-em-sc\/#breadcrumb","itemListElement":[{"@type":"ListItem","position":1,"name":"In\u00edcio","item":"https:\/\/sulsc.com\/"},{"@type":"ListItem","position":2,"name":"Prazo para registro e monitoramento sanit\u00e1rio de estabelecimentos av\u00edcolas de pequena escala encerram este m\u00eas, em SC"}]},{"@type":"WebSite","@id":"https:\/\/sulsc.com\/#website","url":"https:\/\/sulsc.com\/","name":"","description":"","potentialAction":[{"@type":"SearchAction","target":{"@type":"EntryPoint","urlTemplate":"https:\/\/sulsc.com\/?s={search_term_string}"},"query-input":"required name=search_term_string"}],"inLanguage":"en-US"},{"@type":"Person","@id":"https:\/\/sulsc.com\/#\/schema\/person\/84d2fc571684f6248ba83092f07750a3","name":"Reda\u00e7\u00e3o Sul SC","image":{"@type":"ImageObject","inLanguage":"en-US","@id":"https:\/\/sulsc.com\/#\/schema\/person\/image\/e08d7fe2cc4ed596372063bbe852b8d0","url":"https:\/\/sulsc.com\/wp-content\/uploads\/2023\/09\/redacao.png","contentUrl":"https:\/\/sulsc.com\/wp-content\/uploads\/2023\/09\/redacao.png","caption":"Reda\u00e7\u00e3o Sul SC"},"description":"Foco em um jornalismo imparcial, voltado \u00e0 qualidade dos seus conte\u00fados e, assim, levar informa\u00e7\u00e3o de valor que agregue \u00e0 vida dos leitores. Esta \u00e9 grande miss\u00e3o do Portal de Not\u00edcias Sul SC. N\u00e3o \u00e9 quantidade que muda o mundo, sempre foi e seguir\u00e1 sendo qualidade!","sameAs":["https:\/\/sulsc.com\/","https:\/\/www.facebook.com\/profile.php?id=61559278119680","https:\/\/www.instagram.com\/sulscportal\/?hl=pt-br","https:\/\/twitter.com\/https:\/\/twitter.com\/PortalSulSC","https:\/\/www.youtube.com\/channel\/UCv_BE8GeySluDov2n8qhVmw"],"url":"https:\/\/sulsc.com\/index.php\/author\/redacao\/"}]}},"authors":[],"_links":{"self":[{"href":"https:\/\/sulsc.com\/index.php\/wp-json\/wp\/v2\/posts\/6502"}],"collection":[{"href":"https:\/\/sulsc.com\/index.php\/wp-json\/wp\/v2\/posts"}],"about":[{"href":"https:\/\/sulsc.com\/index.php\/wp-json\/wp\/v2\/types\/post"}],"author":[{"embeddable":true,"href":"https:\/\/sulsc.com\/index.php\/wp-json\/wp\/v2\/users\/3"}],"replies":[{"embeddable":true,"href":"https:\/\/sulsc.com\/index.php\/wp-json\/wp\/v2\/comments?post=6502"}],"version-history":[{"count":2,"href":"https:\/\/sulsc.com\/index.php\/wp-json\/wp\/v2\/posts\/6502\/revisions"}],"predecessor-version":[{"id":6505,"href":"https:\/\/sulsc.com\/index.php\/wp-json\/wp\/v2\/posts\/6502\/revisions\/6505"}],"wp:featuredmedia":[{"embeddable":true,"href":"https:\/\/sulsc.com\/index.php\/wp-json\/wp\/v2\/media\/6504"}],"wp:attachment":[{"href":"https:\/\/sulsc.com\/index.php\/wp-json\/wp\/v2\/media?parent=6502"}],"wp:term":[{"taxonomy":"category","embeddable":true,"href":"https:\/\/sulsc.com\/index.php\/wp-json\/wp\/v2\/categories?post=6502"},{"taxonomy":"post_tag","embeddable":true,"href":"https:\/\/sulsc.com\/index.php\/wp-json\/wp\/v2\/tags?post=6502"}],"curies":[{"name":"wp","href":"https:\/\/api.w.org\/{rel}","templated":true}]}}