{"id":6527,"date":"2024-01-07T08:54:32","date_gmt":"2024-01-07T11:54:32","guid":{"rendered":"https:\/\/sulsc.com\/?p=6527"},"modified":"2024-01-07T08:57:51","modified_gmt":"2024-01-07T11:57:51","slug":"domingo-7-conta-com-tempo-aberto-e-predominio-de-sol-em-sc","status":"publish","type":"post","link":"https:\/\/sulsc.com\/index.php\/2024\/01\/07\/domingo-7-conta-com-tempo-aberto-e-predominio-de-sol-em-sc\/","title":{"rendered":"Domingo (7) conta com tempo aberto e predom\u00ednio de sol, em SC"},"content":{"rendered":"<p>O domingo (7), ter\u00e1 tempo aberto com predom\u00ednio de sol do Grande oeste aos Planaltos e sol com varia\u00e7\u00e3o de nuvens no litoral e em \u00e1reas pr\u00f3ximas, com chance de chuva fraca e isolada nessas \u00e1reas nos extremos do dia em fun\u00e7\u00e3o da circula\u00e7\u00e3o mar\u00edtima. De acordo com a Defesa Civil, isso ocorre devido a influ\u00eancia de um sistema de alta press\u00e3o.<\/p>\n<p>O vento sopra com intensidade fraca de norte a nordeste no litoral e proximidades e de norte a noroeste nas demais regi\u00f5es do estado, com rajadas de at\u00e9 50 km\/h se concentrando principalmente na costa. N\u00e3o h\u00e1 risco para ocorr\u00eancias meteorol\u00f3gicas.<\/p>\n<p><img fetchpriority=\"high\" decoding=\"async\" class=\"alignnone size-large wp-image-6528\" src=\"http:\/\/sulsc.com\/wp-content\/uploads\/2024\/01\/mapa1-1024x693.png\" alt=\"\" width=\"1024\" height=\"693\" srcset=\"https:\/\/sulsc.com\/wp-content\/uploads\/2024\/01\/mapa1-1024x693.png 1024w, https:\/\/sulsc.com\/wp-content\/uploads\/2024\/01\/mapa1-300x203.png 300w, https:\/\/sulsc.com\/wp-content\/uploads\/2024\/01\/mapa1-768x520.png 768w, https:\/\/sulsc.com\/wp-content\/uploads\/2024\/01\/mapa1.png 1486w\" sizes=\"(max-width: 1024px) 100vw, 1024px\" \/><\/p>\n<p>A temperatura varia entre 18 e 22\u00b0C nas \u00e1reas costeiras, no Oeste e no Extremo Oeste e marcam entre 15 e 19\u00b0C nas demais regi\u00f5es. \u00c0 tarde as m\u00e1ximas sobem bastante, ficando pr\u00f3ximas de 30\u00b0C em parte do estado, passando dos 30\u00b0C no Planalto Norte e Meio-Oeste, chegando aos 36\u00b0C no Litoral Sul a aos 38\u00b0C no Oeste e Extremo Oeste.<\/p>\n<p>Mar agitado no Litoral Sul, com ondas de dire\u00e7\u00e3o leste e alturas entre 1,5 e 2,0 m, com picos de at\u00e9 2,5 m em alto mar, e mar pouco agitado da Grande Florian\u00f3polis ao Litoral Norte, com ondas entre 1,0 e 1,5 m e picos de at\u00e9 2,0 m em alto mar.<\/p>\n","protected":false},"excerpt":{"rendered":"<p>O domingo (7), ter\u00e1 tempo aberto com predom\u00ednio de sol do Grande oeste aos Planaltos e sol com varia\u00e7\u00e3o de nuvens no litoral e em \u00e1reas pr\u00f3ximas, com chance de chuva fraca e isolada nessas \u00e1reas nos extremos do dia em fun\u00e7\u00e3o da circula\u00e7\u00e3o mar\u00edtima. De acordo com a Defesa Civil, isso ocorre devido a &hellip;<\/p>\n<p class=\"read-more\"> <a class=\"\" href=\"https:\/\/sulsc.com\/index.php\/2024\/01\/07\/domingo-7-conta-com-tempo-aberto-e-predominio-de-sol-em-sc\/\"> <span class=\"screen-reader-text\">Domingo (7) conta com tempo aberto e predom\u00ednio de sol, em SC<\/span> Read More &raquo;<\/a><\/p>\n","protected":false},"author":3,"featured_media":1280,"comment_status":"open","ping_status":"open","sticky":false,"template":"","format":"standard","meta":{"site-sidebar-layout":"default","site-content-layout":"","ast-site-content-layout":"default","site-content-style":"default","site-sidebar-style":"default","ast-global-header-display":"","ast-banner-title-visibility":"","ast-main-header-display":"","ast-hfb-above-header-display":"","ast-hfb-below-header-display":"","ast-hfb-mobile-header-display":"","site-post-title":"","ast-breadcrumbs-content":"","ast-featured-img":"","footer-sml-layout":"","theme-transparent-header-meta":"default","adv-header-id-meta":"","stick-header-meta":"","header-above-stick-meta":"","header-main-stick-meta":"","header-below-stick-meta":"","astra-migrate-meta-layouts":"set","footnotes":""},"categories":[38],"tags":[90,362,89],"yoast_head":"<!-- This site is optimized with the Yoast SEO plugin v21.4 - https:\/\/yoast.com\/wordpress\/plugins\/seo\/ -->\n<title>Domingo (7) conta com tempo aberto e predom\u00ednio de sol, em SC -<\/title>\n<meta name=\"description\" content=\"De acordo com a Defesa Civil, h\u00e1 chance de chuva fraca e isolada nessas \u00e1reas nos extremos do dia em fun\u00e7\u00e3o da circula\u00e7\u00e3o mar\u00edtima.\" \/>\n<meta name=\"robots\" content=\"index, follow, max-snippet:-1, max-image-preview:large, max-video-preview:-1\" \/>\n<link rel=\"canonical\" href=\"https:\/\/sulsc.com\/index.php\/2024\/01\/07\/domingo-7-conta-com-tempo-aberto-e-predominio-de-sol-em-sc\/\" \/>\n<meta property=\"og:locale\" content=\"en_US\" \/>\n<meta property=\"og:type\" content=\"article\" \/>\n<meta property=\"og:title\" content=\"Domingo (7) conta com tempo aberto e predom\u00ednio de sol, em SC -\" \/>\n<meta property=\"og:description\" content=\"De acordo com a Defesa Civil, h\u00e1 chance de chuva fraca e isolada nessas \u00e1reas nos extremos do dia em fun\u00e7\u00e3o da circula\u00e7\u00e3o mar\u00edtima.\" \/>\n<meta property=\"og:url\" content=\"https:\/\/sulsc.com\/index.php\/2024\/01\/07\/domingo-7-conta-com-tempo-aberto-e-predominio-de-sol-em-sc\/\" \/>\n<meta property=\"article:author\" content=\"https:\/\/www.facebook.com\/profile.php?id=61559278119680\" \/>\n<meta property=\"article:published_time\" content=\"2024-01-07T11:54:32+00:00\" \/>\n<meta property=\"article:modified_time\" content=\"2024-01-07T11:57:51+00:00\" \/>\n<meta property=\"og:image\" content=\"http:\/\/sulsc.com\/wp-content\/uploads\/2023\/09\/sol-1-scaled.jpg\" \/>\n\t<meta property=\"og:image:width\" content=\"2560\" \/>\n\t<meta property=\"og:image:height\" content=\"1707\" \/>\n\t<meta property=\"og:image:type\" content=\"image\/jpeg\" \/>\n<meta name=\"author\" content=\"Reda\u00e7\u00e3o Sul SC\" \/>\n<meta name=\"twitter:card\" content=\"summary_large_image\" \/>\n<meta name=\"twitter:creator\" content=\"@https:\/\/twitter.com\/PortalSulSC\" \/>\n<meta name=\"twitter:label1\" content=\"Written by\" \/>\n\t<meta name=\"twitter:data1\" content=\"Reda\u00e7\u00e3o Sul SC\" \/>\n\t<meta name=\"twitter:label2\" content=\"Est. reading time\" \/>\n\t<meta name=\"twitter:data2\" content=\"2 minutes\" \/>\n<script type=\"application\/ld+json\" class=\"yoast-schema-graph\">{\"@context\":\"https:\/\/schema.org\",\"@graph\":[{\"@type\":\"WebPage\",\"@id\":\"https:\/\/sulsc.com\/index.php\/2024\/01\/07\/domingo-7-conta-com-tempo-aberto-e-predominio-de-sol-em-sc\/\",\"url\":\"https:\/\/sulsc.com\/index.php\/2024\/01\/07\/domingo-7-conta-com-tempo-aberto-e-predominio-de-sol-em-sc\/\",\"name\":\"Domingo (7) conta com tempo aberto e predom\u00ednio de sol, em SC -\",\"isPartOf\":{\"@id\":\"https:\/\/sulsc.com\/#website\"},\"datePublished\":\"2024-01-07T11:54:32+00:00\",\"dateModified\":\"2024-01-07T11:57:51+00:00\",\"author\":{\"@id\":\"https:\/\/sulsc.com\/#\/schema\/person\/84d2fc571684f6248ba83092f07750a3\"},\"description\":\"De acordo com a Defesa Civil, h\u00e1 chance de chuva fraca e isolada nessas \u00e1reas nos extremos do dia em fun\u00e7\u00e3o da circula\u00e7\u00e3o mar\u00edtima.\",\"breadcrumb\":{\"@id\":\"https:\/\/sulsc.com\/index.php\/2024\/01\/07\/domingo-7-conta-com-tempo-aberto-e-predominio-de-sol-em-sc\/#breadcrumb\"},\"inLanguage\":\"en-US\",\"potentialAction\":[{\"@type\":\"ReadAction\",\"target\":[\"https:\/\/sulsc.com\/index.php\/2024\/01\/07\/domingo-7-conta-com-tempo-aberto-e-predominio-de-sol-em-sc\/\"]}]},{\"@type\":\"BreadcrumbList\",\"@id\":\"https:\/\/sulsc.com\/index.php\/2024\/01\/07\/domingo-7-conta-com-tempo-aberto-e-predominio-de-sol-em-sc\/#breadcrumb\",\"itemListElement\":[{\"@type\":\"ListItem\",\"position\":1,\"name\":\"In\u00edcio\",\"item\":\"https:\/\/sulsc.com\/\"},{\"@type\":\"ListItem\",\"position\":2,\"name\":\"Domingo (7) conta com tempo aberto e predom\u00ednio de sol, em SC\"}]},{\"@type\":\"WebSite\",\"@id\":\"https:\/\/sulsc.com\/#website\",\"url\":\"https:\/\/sulsc.com\/\",\"name\":\"\",\"description\":\"\",\"potentialAction\":[{\"@type\":\"SearchAction\",\"target\":{\"@type\":\"EntryPoint\",\"urlTemplate\":\"https:\/\/sulsc.com\/?s={search_term_string}\"},\"query-input\":\"required name=search_term_string\"}],\"inLanguage\":\"en-US\"},{\"@type\":\"Person\",\"@id\":\"https:\/\/sulsc.com\/#\/schema\/person\/84d2fc571684f6248ba83092f07750a3\",\"name\":\"Reda\u00e7\u00e3o Sul SC\",\"image\":{\"@type\":\"ImageObject\",\"inLanguage\":\"en-US\",\"@id\":\"https:\/\/sulsc.com\/#\/schema\/person\/image\/e08d7fe2cc4ed596372063bbe852b8d0\",\"url\":\"https:\/\/sulsc.com\/wp-content\/uploads\/2023\/09\/redacao.png\",\"contentUrl\":\"https:\/\/sulsc.com\/wp-content\/uploads\/2023\/09\/redacao.png\",\"caption\":\"Reda\u00e7\u00e3o Sul SC\"},\"description\":\"Foco em um jornalismo imparcial, voltado \u00e0 qualidade dos seus conte\u00fados e, assim, levar informa\u00e7\u00e3o de valor que agregue \u00e0 vida dos leitores. Esta \u00e9 grande miss\u00e3o do Portal de Not\u00edcias Sul SC. N\u00e3o \u00e9 quantidade que muda o mundo, sempre foi e seguir\u00e1 sendo qualidade!\",\"sameAs\":[\"https:\/\/sulsc.com\/\",\"https:\/\/www.facebook.com\/profile.php?id=61559278119680\",\"https:\/\/www.instagram.com\/sulscportal\/?hl=pt-br\",\"https:\/\/twitter.com\/https:\/\/twitter.com\/PortalSulSC\",\"https:\/\/www.youtube.com\/channel\/UCv_BE8GeySluDov2n8qhVmw\"],\"url\":\"https:\/\/sulsc.com\/index.php\/author\/redacao\/\"}]}<\/script>\n<!-- \/ Yoast SEO plugin. -->","yoast_head_json":{"title":"Domingo (7) conta com tempo aberto e predom\u00ednio de sol, em SC -","description":"De acordo com a Defesa Civil, h\u00e1 chance de chuva fraca e isolada nessas \u00e1reas nos extremos do dia em fun\u00e7\u00e3o da circula\u00e7\u00e3o mar\u00edtima.","robots":{"index":"index","follow":"follow","max-snippet":"max-snippet:-1","max-image-preview":"max-image-preview:large","max-video-preview":"max-video-preview:-1"},"canonical":"https:\/\/sulsc.com\/index.php\/2024\/01\/07\/domingo-7-conta-com-tempo-aberto-e-predominio-de-sol-em-sc\/","og_locale":"en_US","og_type":"article","og_title":"Domingo (7) conta com tempo aberto e predom\u00ednio de sol, em SC -","og_description":"De acordo com a Defesa Civil, h\u00e1 chance de chuva fraca e isolada nessas \u00e1reas nos extremos do dia em fun\u00e7\u00e3o da circula\u00e7\u00e3o mar\u00edtima.","og_url":"https:\/\/sulsc.com\/index.php\/2024\/01\/07\/domingo-7-conta-com-tempo-aberto-e-predominio-de-sol-em-sc\/","article_author":"https:\/\/www.facebook.com\/profile.php?id=61559278119680","article_published_time":"2024-01-07T11:54:32+00:00","article_modified_time":"2024-01-07T11:57:51+00:00","og_image":[{"width":2560,"height":1707,"url":"http:\/\/sulsc.com\/wp-content\/uploads\/2023\/09\/sol-1-scaled.jpg","type":"image\/jpeg"}],"author":"Reda\u00e7\u00e3o Sul SC","twitter_card":"summary_large_image","twitter_creator":"@https:\/\/twitter.com\/PortalSulSC","twitter_misc":{"Written by":"Reda\u00e7\u00e3o Sul SC","Est. reading time":"2 minutes"},"schema":{"@context":"https:\/\/schema.org","@graph":[{"@type":"WebPage","@id":"https:\/\/sulsc.com\/index.php\/2024\/01\/07\/domingo-7-conta-com-tempo-aberto-e-predominio-de-sol-em-sc\/","url":"https:\/\/sulsc.com\/index.php\/2024\/01\/07\/domingo-7-conta-com-tempo-aberto-e-predominio-de-sol-em-sc\/","name":"Domingo (7) conta com tempo aberto e predom\u00ednio de sol, em SC -","isPartOf":{"@id":"https:\/\/sulsc.com\/#website"},"datePublished":"2024-01-07T11:54:32+00:00","dateModified":"2024-01-07T11:57:51+00:00","author":{"@id":"https:\/\/sulsc.com\/#\/schema\/person\/84d2fc571684f6248ba83092f07750a3"},"description":"De acordo com a Defesa Civil, h\u00e1 chance de chuva fraca e isolada nessas \u00e1reas nos extremos do dia em fun\u00e7\u00e3o da circula\u00e7\u00e3o mar\u00edtima.","breadcrumb":{"@id":"https:\/\/sulsc.com\/index.php\/2024\/01\/07\/domingo-7-conta-com-tempo-aberto-e-predominio-de-sol-em-sc\/#breadcrumb"},"inLanguage":"en-US","potentialAction":[{"@type":"ReadAction","target":["https:\/\/sulsc.com\/index.php\/2024\/01\/07\/domingo-7-conta-com-tempo-aberto-e-predominio-de-sol-em-sc\/"]}]},{"@type":"BreadcrumbList","@id":"https:\/\/sulsc.com\/index.php\/2024\/01\/07\/domingo-7-conta-com-tempo-aberto-e-predominio-de-sol-em-sc\/#breadcrumb","itemListElement":[{"@type":"ListItem","position":1,"name":"In\u00edcio","item":"https:\/\/sulsc.com\/"},{"@type":"ListItem","position":2,"name":"Domingo (7) conta com tempo aberto e predom\u00ednio de sol, em SC"}]},{"@type":"WebSite","@id":"https:\/\/sulsc.com\/#website","url":"https:\/\/sulsc.com\/","name":"","description":"","potentialAction":[{"@type":"SearchAction","target":{"@type":"EntryPoint","urlTemplate":"https:\/\/sulsc.com\/?s={search_term_string}"},"query-input":"required name=search_term_string"}],"inLanguage":"en-US"},{"@type":"Person","@id":"https:\/\/sulsc.com\/#\/schema\/person\/84d2fc571684f6248ba83092f07750a3","name":"Reda\u00e7\u00e3o Sul SC","image":{"@type":"ImageObject","inLanguage":"en-US","@id":"https:\/\/sulsc.com\/#\/schema\/person\/image\/e08d7fe2cc4ed596372063bbe852b8d0","url":"https:\/\/sulsc.com\/wp-content\/uploads\/2023\/09\/redacao.png","contentUrl":"https:\/\/sulsc.com\/wp-content\/uploads\/2023\/09\/redacao.png","caption":"Reda\u00e7\u00e3o Sul SC"},"description":"Foco em um jornalismo imparcial, voltado \u00e0 qualidade dos seus conte\u00fados e, assim, levar informa\u00e7\u00e3o de valor que agregue \u00e0 vida dos leitores. Esta \u00e9 grande miss\u00e3o do Portal de Not\u00edcias Sul SC. N\u00e3o \u00e9 quantidade que muda o mundo, sempre foi e seguir\u00e1 sendo qualidade!","sameAs":["https:\/\/sulsc.com\/","https:\/\/www.facebook.com\/profile.php?id=61559278119680","https:\/\/www.instagram.com\/sulscportal\/?hl=pt-br","https:\/\/twitter.com\/https:\/\/twitter.com\/PortalSulSC","https:\/\/www.youtube.com\/channel\/UCv_BE8GeySluDov2n8qhVmw"],"url":"https:\/\/sulsc.com\/index.php\/author\/redacao\/"}]}},"authors":[],"_links":{"self":[{"href":"https:\/\/sulsc.com\/index.php\/wp-json\/wp\/v2\/posts\/6527"}],"collection":[{"href":"https:\/\/sulsc.com\/index.php\/wp-json\/wp\/v2\/posts"}],"about":[{"href":"https:\/\/sulsc.com\/index.php\/wp-json\/wp\/v2\/types\/post"}],"author":[{"embeddable":true,"href":"https:\/\/sulsc.com\/index.php\/wp-json\/wp\/v2\/users\/3"}],"replies":[{"embeddable":true,"href":"https:\/\/sulsc.com\/index.php\/wp-json\/wp\/v2\/comments?post=6527"}],"version-history":[{"count":1,"href":"https:\/\/sulsc.com\/index.php\/wp-json\/wp\/v2\/posts\/6527\/revisions"}],"predecessor-version":[{"id":6529,"href":"https:\/\/sulsc.com\/index.php\/wp-json\/wp\/v2\/posts\/6527\/revisions\/6529"}],"wp:featuredmedia":[{"embeddable":true,"href":"https:\/\/sulsc.com\/index.php\/wp-json\/wp\/v2\/media\/1280"}],"wp:attachment":[{"href":"https:\/\/sulsc.com\/index.php\/wp-json\/wp\/v2\/media?parent=6527"}],"wp:term":[{"taxonomy":"category","embeddable":true,"href":"https:\/\/sulsc.com\/index.php\/wp-json\/wp\/v2\/categories?post=6527"},{"taxonomy":"post_tag","embeddable":true,"href":"https:\/\/sulsc.com\/index.php\/wp-json\/wp\/v2\/tags?post=6527"}],"curies":[{"name":"wp","href":"https:\/\/api.w.org\/{rel}","templated":true}]}}