{"id":6611,"date":"2024-01-08T12:58:48","date_gmt":"2024-01-08T15:58:48","guid":{"rendered":"https:\/\/sulsc.com\/?p=6611"},"modified":"2024-01-08T12:59:38","modified_gmt":"2024-01-08T15:59:38","slug":"campos-floridos-de-girassois-atraem-turistas-na-casa-dos-arcos-em-pg","status":"publish","type":"post","link":"https:\/\/sulsc.com\/index.php\/2024\/01\/08\/campos-floridos-de-girassois-atraem-turistas-na-casa-dos-arcos-em-pg\/","title":{"rendered":"Campos floridos de girass\u00f3is atraem turistas na Casa dos Arcos, em PG"},"content":{"rendered":"<figure id=\"attachment_6615\" aria-describedby=\"caption-attachment-6615\" style=\"width: 1280px\" class=\"wp-caption aligncenter\"><img fetchpriority=\"high\" decoding=\"async\" class=\"size-full wp-image-6615\" src=\"http:\/\/sulsc.com\/wp-content\/uploads\/2024\/01\/1-8.jpg\" alt=\"\" width=\"1280\" height=\"706\" srcset=\"https:\/\/sulsc.com\/wp-content\/uploads\/2024\/01\/1-8.jpg 1280w, https:\/\/sulsc.com\/wp-content\/uploads\/2024\/01\/1-8-300x165.jpg 300w, https:\/\/sulsc.com\/wp-content\/uploads\/2024\/01\/1-8-1024x565.jpg 1024w, https:\/\/sulsc.com\/wp-content\/uploads\/2024\/01\/1-8-768x424.jpg 768w\" sizes=\"(max-width: 1280px) 100vw, 1280px\" \/><figcaption id=\"caption-attachment-6615\" class=\"wp-caption-text\">Fotos: J\u00falio Cancelier\/Pref. de PG\/Sul SC<\/figcaption><\/figure>\n<p>O campo de girass\u00f3is plantado na frente da Casa dos Arcos, em <strong>Pedras Grandes<\/strong>, voltou a florir e j\u00e1 s\u00e3o muitos os visitantes que est\u00e3o parando na SC-390, entre <strong>Tubar\u00e3o<\/strong> e <strong>Orleans<\/strong>, para fotografar o espet\u00e1culo da natureza.<\/p>\n<p>S\u00e3o centenas de flores amarelas que passam o dia olhando para o sol e crescem a cada dia, transformando a paisagem e emoldurando a centen\u00e1ria casa constru\u00edda no per\u00edodo da imigra\u00e7\u00e3o italiana. Pedras Grandes aposta no turismo, apresentando um elenco de atrativos como a locomotiva a vapor de 1949, restaurada pelo Museu Ferrovi\u00e1rio de Tubar\u00e3o, um monumento aos tropeiros e muitas cachoeiras em seu territ\u00f3rio.<\/p>\n<p>O prefeito Agnaldo Filippi inicia, em breve, a constru\u00e7\u00e3o de uma miniponte Herc\u00edlio Luz, e ainda este ano deve ficar pronta a r\u00e9plica da Torre de Pisa, na regi\u00e3o de Azambuja.<\/p>\n<p><img decoding=\"async\" class=\"aligncenter size-full wp-image-6617\" src=\"http:\/\/sulsc.com\/wp-content\/uploads\/2024\/01\/2-3.jpg\" alt=\"\" width=\"1280\" height=\"720\" srcset=\"https:\/\/sulsc.com\/wp-content\/uploads\/2024\/01\/2-3.jpg 1280w, https:\/\/sulsc.com\/wp-content\/uploads\/2024\/01\/2-3-300x169.jpg 300w, https:\/\/sulsc.com\/wp-content\/uploads\/2024\/01\/2-3-1024x576.jpg 1024w, https:\/\/sulsc.com\/wp-content\/uploads\/2024\/01\/2-3-768x432.jpg 768w\" sizes=\"(max-width: 1280px) 100vw, 1280px\" \/><\/p>\n","protected":false},"excerpt":{"rendered":"<p>O campo de girass\u00f3is plantado na frente da Casa dos Arcos, em Pedras Grandes, voltou a florir e j\u00e1 s\u00e3o muitos os visitantes que est\u00e3o parando na SC-390, entre Tubar\u00e3o e Orleans, para fotografar o espet\u00e1culo da natureza. S\u00e3o centenas de flores amarelas que passam o dia olhando para o sol e crescem a cada &hellip;<\/p>\n<p class=\"read-more\"> <a class=\"\" href=\"https:\/\/sulsc.com\/index.php\/2024\/01\/08\/campos-floridos-de-girassois-atraem-turistas-na-casa-dos-arcos-em-pg\/\"> <span class=\"screen-reader-text\">Campos floridos de girass\u00f3is atraem turistas na Casa dos Arcos, em PG<\/span> Read More &raquo;<\/a><\/p>\n","protected":false},"author":3,"featured_media":6615,"comment_status":"open","ping_status":"open","sticky":false,"template":"","format":"standard","meta":{"site-sidebar-layout":"default","site-content-layout":"","ast-site-content-layout":"default","site-content-style":"default","site-sidebar-style":"default","ast-global-header-display":"","ast-banner-title-visibility":"","ast-main-header-display":"","ast-hfb-above-header-display":"","ast-hfb-below-header-display":"","ast-hfb-mobile-header-display":"","site-post-title":"","ast-breadcrumbs-content":"","ast-featured-img":"","footer-sml-layout":"","theme-transparent-header-meta":"default","adv-header-id-meta":"","stick-header-meta":"","header-above-stick-meta":"","header-main-stick-meta":"","header-below-stick-meta":"","astra-migrate-meta-layouts":"set","footnotes":""},"categories":[1],"tags":[692,693,227],"yoast_head":"<!-- This site is optimized with the Yoast SEO plugin v21.4 - https:\/\/yoast.com\/wordpress\/plugins\/seo\/ -->\n<title>Campos floridos de girass\u00f3is atraem turistas na Casa dos Arcos, em PG -<\/title>\n<meta name=\"description\" content=\"Pedras Grandes pretende se transformar em pot\u00eancia tur\u00edstica no Sul catarinense, com s\u00e9rie de a\u00e7\u00f5es planejadas j\u00e1 colocadas em pr\u00e1tica nos tr\u00eas \u00faltimos anos\" \/>\n<meta name=\"robots\" content=\"index, follow, max-snippet:-1, max-image-preview:large, max-video-preview:-1\" \/>\n<link rel=\"canonical\" href=\"https:\/\/sulsc.com\/index.php\/2024\/01\/08\/campos-floridos-de-girassois-atraem-turistas-na-casa-dos-arcos-em-pg\/\" \/>\n<meta property=\"og:locale\" content=\"en_US\" \/>\n<meta property=\"og:type\" content=\"article\" \/>\n<meta property=\"og:title\" content=\"Campos floridos de girass\u00f3is atraem turistas na Casa dos Arcos, em PG -\" \/>\n<meta property=\"og:description\" content=\"Pedras Grandes pretende se transformar em pot\u00eancia tur\u00edstica no Sul catarinense, com s\u00e9rie de a\u00e7\u00f5es planejadas j\u00e1 colocadas em pr\u00e1tica nos tr\u00eas \u00faltimos anos\" \/>\n<meta property=\"og:url\" content=\"https:\/\/sulsc.com\/index.php\/2024\/01\/08\/campos-floridos-de-girassois-atraem-turistas-na-casa-dos-arcos-em-pg\/\" \/>\n<meta property=\"article:author\" content=\"https:\/\/www.facebook.com\/profile.php?id=61559278119680\" \/>\n<meta property=\"article:published_time\" content=\"2024-01-08T15:58:48+00:00\" \/>\n<meta property=\"article:modified_time\" content=\"2024-01-08T15:59:38+00:00\" \/>\n<meta property=\"og:image\" content=\"http:\/\/sulsc.com\/wp-content\/uploads\/2024\/01\/1-8.jpg\" \/>\n\t<meta property=\"og:image:width\" content=\"1280\" \/>\n\t<meta property=\"og:image:height\" content=\"706\" \/>\n\t<meta property=\"og:image:type\" content=\"image\/jpeg\" \/>\n<meta name=\"author\" content=\"Reda\u00e7\u00e3o Sul SC\" \/>\n<meta name=\"twitter:card\" content=\"summary_large_image\" \/>\n<meta name=\"twitter:creator\" content=\"@https:\/\/twitter.com\/PortalSulSC\" \/>\n<meta name=\"twitter:label1\" content=\"Written by\" \/>\n\t<meta name=\"twitter:data1\" content=\"Reda\u00e7\u00e3o Sul SC\" \/>\n\t<meta name=\"twitter:label2\" content=\"Est. reading time\" \/>\n\t<meta name=\"twitter:data2\" content=\"2 minutes\" \/>\n<script type=\"application\/ld+json\" class=\"yoast-schema-graph\">{\"@context\":\"https:\/\/schema.org\",\"@graph\":[{\"@type\":\"WebPage\",\"@id\":\"https:\/\/sulsc.com\/index.php\/2024\/01\/08\/campos-floridos-de-girassois-atraem-turistas-na-casa-dos-arcos-em-pg\/\",\"url\":\"https:\/\/sulsc.com\/index.php\/2024\/01\/08\/campos-floridos-de-girassois-atraem-turistas-na-casa-dos-arcos-em-pg\/\",\"name\":\"Campos floridos de girass\u00f3is atraem turistas na Casa dos Arcos, em PG -\",\"isPartOf\":{\"@id\":\"https:\/\/sulsc.com\/#website\"},\"datePublished\":\"2024-01-08T15:58:48+00:00\",\"dateModified\":\"2024-01-08T15:59:38+00:00\",\"author\":{\"@id\":\"https:\/\/sulsc.com\/#\/schema\/person\/84d2fc571684f6248ba83092f07750a3\"},\"description\":\"Pedras Grandes pretende se transformar em pot\u00eancia tur\u00edstica no Sul catarinense, com s\u00e9rie de a\u00e7\u00f5es planejadas j\u00e1 colocadas em pr\u00e1tica nos tr\u00eas \u00faltimos anos\",\"breadcrumb\":{\"@id\":\"https:\/\/sulsc.com\/index.php\/2024\/01\/08\/campos-floridos-de-girassois-atraem-turistas-na-casa-dos-arcos-em-pg\/#breadcrumb\"},\"inLanguage\":\"en-US\",\"potentialAction\":[{\"@type\":\"ReadAction\",\"target\":[\"https:\/\/sulsc.com\/index.php\/2024\/01\/08\/campos-floridos-de-girassois-atraem-turistas-na-casa-dos-arcos-em-pg\/\"]}]},{\"@type\":\"BreadcrumbList\",\"@id\":\"https:\/\/sulsc.com\/index.php\/2024\/01\/08\/campos-floridos-de-girassois-atraem-turistas-na-casa-dos-arcos-em-pg\/#breadcrumb\",\"itemListElement\":[{\"@type\":\"ListItem\",\"position\":1,\"name\":\"In\u00edcio\",\"item\":\"https:\/\/sulsc.com\/\"},{\"@type\":\"ListItem\",\"position\":2,\"name\":\"Campos floridos de girass\u00f3is atraem turistas na Casa dos Arcos, em PG\"}]},{\"@type\":\"WebSite\",\"@id\":\"https:\/\/sulsc.com\/#website\",\"url\":\"https:\/\/sulsc.com\/\",\"name\":\"\",\"description\":\"\",\"potentialAction\":[{\"@type\":\"SearchAction\",\"target\":{\"@type\":\"EntryPoint\",\"urlTemplate\":\"https:\/\/sulsc.com\/?s={search_term_string}\"},\"query-input\":\"required name=search_term_string\"}],\"inLanguage\":\"en-US\"},{\"@type\":\"Person\",\"@id\":\"https:\/\/sulsc.com\/#\/schema\/person\/84d2fc571684f6248ba83092f07750a3\",\"name\":\"Reda\u00e7\u00e3o Sul SC\",\"image\":{\"@type\":\"ImageObject\",\"inLanguage\":\"en-US\",\"@id\":\"https:\/\/sulsc.com\/#\/schema\/person\/image\/e08d7fe2cc4ed596372063bbe852b8d0\",\"url\":\"https:\/\/sulsc.com\/wp-content\/uploads\/2023\/09\/redacao.png\",\"contentUrl\":\"https:\/\/sulsc.com\/wp-content\/uploads\/2023\/09\/redacao.png\",\"caption\":\"Reda\u00e7\u00e3o Sul SC\"},\"description\":\"Foco em um jornalismo imparcial, voltado \u00e0 qualidade dos seus conte\u00fados e, assim, levar informa\u00e7\u00e3o de valor que agregue \u00e0 vida dos leitores. Esta \u00e9 grande miss\u00e3o do Portal de Not\u00edcias Sul SC. N\u00e3o \u00e9 quantidade que muda o mundo, sempre foi e seguir\u00e1 sendo qualidade!\",\"sameAs\":[\"https:\/\/sulsc.com\/\",\"https:\/\/www.facebook.com\/profile.php?id=61559278119680\",\"https:\/\/www.instagram.com\/sulscportal\/?hl=pt-br\",\"https:\/\/twitter.com\/https:\/\/twitter.com\/PortalSulSC\",\"https:\/\/www.youtube.com\/channel\/UCv_BE8GeySluDov2n8qhVmw\"],\"url\":\"https:\/\/sulsc.com\/index.php\/author\/redacao\/\"}]}<\/script>\n<!-- \/ Yoast SEO plugin. -->","yoast_head_json":{"title":"Campos floridos de girass\u00f3is atraem turistas na Casa dos Arcos, em PG -","description":"Pedras Grandes pretende se transformar em pot\u00eancia tur\u00edstica no Sul catarinense, com s\u00e9rie de a\u00e7\u00f5es planejadas j\u00e1 colocadas em pr\u00e1tica nos tr\u00eas \u00faltimos anos","robots":{"index":"index","follow":"follow","max-snippet":"max-snippet:-1","max-image-preview":"max-image-preview:large","max-video-preview":"max-video-preview:-1"},"canonical":"https:\/\/sulsc.com\/index.php\/2024\/01\/08\/campos-floridos-de-girassois-atraem-turistas-na-casa-dos-arcos-em-pg\/","og_locale":"en_US","og_type":"article","og_title":"Campos floridos de girass\u00f3is atraem turistas na Casa dos Arcos, em PG -","og_description":"Pedras Grandes pretende se transformar em pot\u00eancia tur\u00edstica no Sul catarinense, com s\u00e9rie de a\u00e7\u00f5es planejadas j\u00e1 colocadas em pr\u00e1tica nos tr\u00eas \u00faltimos anos","og_url":"https:\/\/sulsc.com\/index.php\/2024\/01\/08\/campos-floridos-de-girassois-atraem-turistas-na-casa-dos-arcos-em-pg\/","article_author":"https:\/\/www.facebook.com\/profile.php?id=61559278119680","article_published_time":"2024-01-08T15:58:48+00:00","article_modified_time":"2024-01-08T15:59:38+00:00","og_image":[{"width":1280,"height":706,"url":"http:\/\/sulsc.com\/wp-content\/uploads\/2024\/01\/1-8.jpg","type":"image\/jpeg"}],"author":"Reda\u00e7\u00e3o Sul SC","twitter_card":"summary_large_image","twitter_creator":"@https:\/\/twitter.com\/PortalSulSC","twitter_misc":{"Written by":"Reda\u00e7\u00e3o Sul SC","Est. reading time":"2 minutes"},"schema":{"@context":"https:\/\/schema.org","@graph":[{"@type":"WebPage","@id":"https:\/\/sulsc.com\/index.php\/2024\/01\/08\/campos-floridos-de-girassois-atraem-turistas-na-casa-dos-arcos-em-pg\/","url":"https:\/\/sulsc.com\/index.php\/2024\/01\/08\/campos-floridos-de-girassois-atraem-turistas-na-casa-dos-arcos-em-pg\/","name":"Campos floridos de girass\u00f3is atraem turistas na Casa dos Arcos, em PG -","isPartOf":{"@id":"https:\/\/sulsc.com\/#website"},"datePublished":"2024-01-08T15:58:48+00:00","dateModified":"2024-01-08T15:59:38+00:00","author":{"@id":"https:\/\/sulsc.com\/#\/schema\/person\/84d2fc571684f6248ba83092f07750a3"},"description":"Pedras Grandes pretende se transformar em pot\u00eancia tur\u00edstica no Sul catarinense, com s\u00e9rie de a\u00e7\u00f5es planejadas j\u00e1 colocadas em pr\u00e1tica nos tr\u00eas \u00faltimos anos","breadcrumb":{"@id":"https:\/\/sulsc.com\/index.php\/2024\/01\/08\/campos-floridos-de-girassois-atraem-turistas-na-casa-dos-arcos-em-pg\/#breadcrumb"},"inLanguage":"en-US","potentialAction":[{"@type":"ReadAction","target":["https:\/\/sulsc.com\/index.php\/2024\/01\/08\/campos-floridos-de-girassois-atraem-turistas-na-casa-dos-arcos-em-pg\/"]}]},{"@type":"BreadcrumbList","@id":"https:\/\/sulsc.com\/index.php\/2024\/01\/08\/campos-floridos-de-girassois-atraem-turistas-na-casa-dos-arcos-em-pg\/#breadcrumb","itemListElement":[{"@type":"ListItem","position":1,"name":"In\u00edcio","item":"https:\/\/sulsc.com\/"},{"@type":"ListItem","position":2,"name":"Campos floridos de girass\u00f3is atraem turistas na Casa dos Arcos, em PG"}]},{"@type":"WebSite","@id":"https:\/\/sulsc.com\/#website","url":"https:\/\/sulsc.com\/","name":"","description":"","potentialAction":[{"@type":"SearchAction","target":{"@type":"EntryPoint","urlTemplate":"https:\/\/sulsc.com\/?s={search_term_string}"},"query-input":"required name=search_term_string"}],"inLanguage":"en-US"},{"@type":"Person","@id":"https:\/\/sulsc.com\/#\/schema\/person\/84d2fc571684f6248ba83092f07750a3","name":"Reda\u00e7\u00e3o Sul SC","image":{"@type":"ImageObject","inLanguage":"en-US","@id":"https:\/\/sulsc.com\/#\/schema\/person\/image\/e08d7fe2cc4ed596372063bbe852b8d0","url":"https:\/\/sulsc.com\/wp-content\/uploads\/2023\/09\/redacao.png","contentUrl":"https:\/\/sulsc.com\/wp-content\/uploads\/2023\/09\/redacao.png","caption":"Reda\u00e7\u00e3o Sul SC"},"description":"Foco em um jornalismo imparcial, voltado \u00e0 qualidade dos seus conte\u00fados e, assim, levar informa\u00e7\u00e3o de valor que agregue \u00e0 vida dos leitores. Esta \u00e9 grande miss\u00e3o do Portal de Not\u00edcias Sul SC. N\u00e3o \u00e9 quantidade que muda o mundo, sempre foi e seguir\u00e1 sendo qualidade!","sameAs":["https:\/\/sulsc.com\/","https:\/\/www.facebook.com\/profile.php?id=61559278119680","https:\/\/www.instagram.com\/sulscportal\/?hl=pt-br","https:\/\/twitter.com\/https:\/\/twitter.com\/PortalSulSC","https:\/\/www.youtube.com\/channel\/UCv_BE8GeySluDov2n8qhVmw"],"url":"https:\/\/sulsc.com\/index.php\/author\/redacao\/"}]}},"authors":[],"_links":{"self":[{"href":"https:\/\/sulsc.com\/index.php\/wp-json\/wp\/v2\/posts\/6611"}],"collection":[{"href":"https:\/\/sulsc.com\/index.php\/wp-json\/wp\/v2\/posts"}],"about":[{"href":"https:\/\/sulsc.com\/index.php\/wp-json\/wp\/v2\/types\/post"}],"author":[{"embeddable":true,"href":"https:\/\/sulsc.com\/index.php\/wp-json\/wp\/v2\/users\/3"}],"replies":[{"embeddable":true,"href":"https:\/\/sulsc.com\/index.php\/wp-json\/wp\/v2\/comments?post=6611"}],"version-history":[{"count":3,"href":"https:\/\/sulsc.com\/index.php\/wp-json\/wp\/v2\/posts\/6611\/revisions"}],"predecessor-version":[{"id":6618,"href":"https:\/\/sulsc.com\/index.php\/wp-json\/wp\/v2\/posts\/6611\/revisions\/6618"}],"wp:featuredmedia":[{"embeddable":true,"href":"https:\/\/sulsc.com\/index.php\/wp-json\/wp\/v2\/media\/6615"}],"wp:attachment":[{"href":"https:\/\/sulsc.com\/index.php\/wp-json\/wp\/v2\/media?parent=6611"}],"wp:term":[{"taxonomy":"category","embeddable":true,"href":"https:\/\/sulsc.com\/index.php\/wp-json\/wp\/v2\/categories?post=6611"},{"taxonomy":"post_tag","embeddable":true,"href":"https:\/\/sulsc.com\/index.php\/wp-json\/wp\/v2\/tags?post=6611"}],"curies":[{"name":"wp","href":"https:\/\/api.w.org\/{rel}","templated":true}]}}