{"id":6621,"date":"2024-01-08T14:04:31","date_gmt":"2024-01-08T17:04:31","guid":{"rendered":"https:\/\/sulsc.com\/?p=6621"},"modified":"2024-01-08T14:15:59","modified_gmt":"2024-01-08T17:15:59","slug":"artigo-cpi-da-saude-se-ha-fatos-de-crimes-por-que-votar-a-favor-dos-criminosos","status":"publish","type":"post","link":"https:\/\/sulsc.com\/index.php\/2024\/01\/08\/artigo-cpi-da-saude-se-ha-fatos-de-crimes-por-que-votar-a-favor-dos-criminosos\/","title":{"rendered":"ARTIGO &#8211; CPI da Sa\u00fade: Se h\u00e1 fatos de crimes, por que votar a favor dos criminosos?"},"content":{"rendered":"<p><img fetchpriority=\"high\" decoding=\"async\" class=\"aligncenter size-full wp-image-6624\" src=\"http:\/\/sulsc.com\/wp-content\/uploads\/2024\/01\/3-2.jpg\" alt=\"\" width=\"1500\" height=\"858\" srcset=\"https:\/\/sulsc.com\/wp-content\/uploads\/2024\/01\/3-2.jpg 1500w, https:\/\/sulsc.com\/wp-content\/uploads\/2024\/01\/3-2-300x172.jpg 300w, https:\/\/sulsc.com\/wp-content\/uploads\/2024\/01\/3-2-1024x586.jpg 1024w, https:\/\/sulsc.com\/wp-content\/uploads\/2024\/01\/3-2-768x439.jpg 768w\" sizes=\"(max-width: 1500px) 100vw, 1500px\" \/><\/p>\n<p>Costumo atuar com fatos, assim o fa\u00e7o nos \u00faltimos 23 anos trabalhando com jornalismo. E, por escolher este caminho, nessas quase duas d\u00e9cadas e meia nunca respondi a um processo judicial, e n\u00e3o ser\u00e1 neste ano, pode ter certeza. Ent\u00e3o, minha an\u00e1lise hoje \u00e9 bem sucinta e direta.<\/p>\n<p>\u00c9 sobre a famosa CPI da Sa\u00fade, instaurada pela C\u00e2mara de <strong>Laguna<\/strong> no ano passado e com relat\u00f3rio oficial conclu\u00eddo na \u00faltima semana, o qual apontou a forma\u00e7\u00e3o de uma organiza\u00e7\u00e3o criminosa e superfaturamento na compra dos famosos Kits Bucais, pela bagatela de quase R$ 600 cada, sendo distribu\u00eddo mais de dois mil deles a estudantes da rede municipal de ensino. O problema \u00e9 que cada um custa, no m\u00e1ximo, R$ 60. E ainda tinha pasta de dente vencida&#8230; S\u00e3o muitos os fatos que apontam fraude licitat\u00f3ria e desrespeito ao er\u00e1rio. Ou seja, falta de vergonha na cara com o dinheiro do povo. E os envolvidos ainda n\u00e3o t\u00eam rubor ao organizar coletiva de imprensa tentando explicar o inexplic\u00e1vel.<\/p>\n<p>O relat\u00f3rio ser\u00e1 analisado e votado em plen\u00e1rio na noite desta segunda-feira (8), em sess\u00e3o extraordin\u00e1ria que ir\u00e1 decidir o futuro pol\u00edtico de Laguna. A popula\u00e7\u00e3o promete lotar o apertado audit\u00f3rio da Casa do Povo, pressionando os parlamentares da situa\u00e7\u00e3o, ou um ou outro que, mesmo na teoria sendo oposi\u00e7\u00e3o, possa declinar, por motivos alheios e que muita gente sabe quais, seu voto a favor do prefeito Samir Ahmad e sua trupe envolvida diretamente no caso.<\/p>\n<p>Tem tudo para ser um 6&#215;6 e voto de minerva do presidente da C\u00e2mara, Hir\u00e3 Floriano Ramos, ou um 7&#215;5 a favor do arquivamento da CPI, o que seria um tapa na cara do cidad\u00e3o. Se n\u00e3o aprovarem o prosseguimento das investiga\u00e7\u00f5es, a Comiss\u00e3o Processante (CP), a qual, a\u00ed sim, poder\u00e1 cassar o mandato p\u00edfio, corruptivo e vergonhoso desta gest\u00e3o, seria a mesma coisa de dizer aos cidad\u00e3os lagunenses: &#8220;sabemos dos crimes e que h\u00e1 fatos deles, portanto, somos criminosos tamb\u00e9m, mas, como h\u00e1 brechas no sistema, ent\u00e3o arquiva-se e pronto&#8221;. Mesmo que esta discuss\u00e3o acabe nesta segunda, ela segue sendo investigada em outras esferas, como Pol\u00edcia Civil, Minist\u00e9rio P\u00fablico estadual e no Judici\u00e1rio. N\u00e3o h\u00e1 como fugir da fraude, j\u00e1 teve at\u00e9 mesmo um investigado que assumiu.<\/p>\n<p>Laguna tem estado nos holofotes estaduais e nacionais nos \u00faltimos meses, e de forma negativa politicamente em v\u00e1rios setores. Como ainda h\u00e1 esperan\u00e7as e os olhos da imprensa est\u00e3o voltados a esses 13 vereadores neste evento de hoje, esta pode ser a oportunidade da vida deles em prosseguirem seus cargos eletivos a partir do pr\u00f3ximo mandato, que inicia em 1\u00ba de janeiro de 2025.<\/p>\n<p>Portanto, se voc\u00eas, nobres edis (Anderson, Ant\u00f4nio, Deise, Edi, Eduardo, Gustavo, Hir\u00e3, Jaleel, Kleber, Luiz, Nadia, Patrick e Rhoomening), ainda t\u00eam \u00e9tica, moral, civilidade e amor por esta cidade, e pensam em participar do pleito de outubro pr\u00f3ximo, seria interessante ouvir a voz do povo, votar a favor do povo e do certo, e sair do plen\u00e1rio aplaudidos e lembrados por acatar o bem e o progresso, em vez do mal e do regresso. Mostrem esperan\u00e7a de que sim, ainda \u00e9 poss\u00edvel acreditar na pol\u00edtica e nos pol\u00edticos.<\/p>\n<figure id=\"attachment_6625\" aria-describedby=\"caption-attachment-6625\" style=\"width: 1600px\" class=\"wp-caption aligncenter\"><img decoding=\"async\" class=\"size-full wp-image-6625\" src=\"http:\/\/sulsc.com\/wp-content\/uploads\/2024\/01\/4-2.jpg\" alt=\"\" width=\"1600\" height=\"1142\" srcset=\"https:\/\/sulsc.com\/wp-content\/uploads\/2024\/01\/4-2.jpg 1600w, https:\/\/sulsc.com\/wp-content\/uploads\/2024\/01\/4-2-300x214.jpg 300w, https:\/\/sulsc.com\/wp-content\/uploads\/2024\/01\/4-2-1024x731.jpg 1024w, https:\/\/sulsc.com\/wp-content\/uploads\/2024\/01\/4-2-768x548.jpg 768w, https:\/\/sulsc.com\/wp-content\/uploads\/2024\/01\/4-2-1536x1096.jpg 1536w\" sizes=\"(max-width: 1600px) 100vw, 1600px\" \/><figcaption id=\"caption-attachment-6625\" class=\"wp-caption-text\">Charge de <strong>Ed Carlos<\/strong>\/Especial para o Sul SC<\/figcaption><\/figure>\n","protected":false},"excerpt":{"rendered":"<p>Costumo atuar com fatos, assim o fa\u00e7o nos \u00faltimos 23 anos trabalhando com jornalismo. E, por escolher este caminho, nessas quase duas d\u00e9cadas e meia nunca respondi a um processo judicial, e n\u00e3o ser\u00e1 neste ano, pode ter certeza. Ent\u00e3o, minha an\u00e1lise hoje \u00e9 bem sucinta e direta. \u00c9 sobre a famosa CPI da Sa\u00fade, &hellip;<\/p>\n<p class=\"read-more\"> <a class=\"\" href=\"https:\/\/sulsc.com\/index.php\/2024\/01\/08\/artigo-cpi-da-saude-se-ha-fatos-de-crimes-por-que-votar-a-favor-dos-criminosos\/\"> <span class=\"screen-reader-text\">ARTIGO &#8211; CPI da Sa\u00fade: Se h\u00e1 fatos de crimes, por que votar a favor dos criminosos?<\/span> Read More &raquo;<\/a><\/p>\n","protected":false},"author":3,"featured_media":6624,"comment_status":"open","ping_status":"open","sticky":false,"template":"","format":"standard","meta":{"site-sidebar-layout":"default","site-content-layout":"","ast-site-content-layout":"default","site-content-style":"default","site-sidebar-style":"default","ast-global-header-display":"","ast-banner-title-visibility":"","ast-main-header-display":"","ast-hfb-above-header-display":"","ast-hfb-below-header-display":"","ast-hfb-mobile-header-display":"","site-post-title":"","ast-breadcrumbs-content":"","ast-featured-img":"","footer-sml-layout":"","theme-transparent-header-meta":"default","adv-header-id-meta":"","stick-header-meta":"","header-above-stick-meta":"","header-main-stick-meta":"","header-below-stick-meta":"","astra-migrate-meta-layouts":"set","footnotes":""},"categories":[694],"tags":[271,65,603],"yoast_head":"<!-- This site is optimized with the Yoast SEO plugin v21.4 - https:\/\/yoast.com\/wordpress\/plugins\/seo\/ -->\n<title>ARTIGO - CPI da Sa\u00fade: Se h\u00e1 fatos de crimes, por que votar a favor dos criminosos? -<\/title>\n<meta name=\"description\" content=\"Vota\u00e7\u00e3o decisiva na C\u00e2mara ocorre na noite desta segunda-feira (8), e pode definir futuro pol\u00edtico do prefeito de Laguna, um dos investigados na CPI da Sa\u00fade\" \/>\n<meta name=\"robots\" content=\"index, follow, max-snippet:-1, max-image-preview:large, max-video-preview:-1\" \/>\n<link rel=\"canonical\" href=\"https:\/\/sulsc.com\/index.php\/2024\/01\/08\/artigo-cpi-da-saude-se-ha-fatos-de-crimes-por-que-votar-a-favor-dos-criminosos\/\" \/>\n<meta property=\"og:locale\" content=\"en_US\" \/>\n<meta property=\"og:type\" content=\"article\" \/>\n<meta property=\"og:title\" content=\"ARTIGO - CPI da Sa\u00fade: Se h\u00e1 fatos de crimes, por que votar a favor dos criminosos? -\" \/>\n<meta property=\"og:description\" content=\"Vota\u00e7\u00e3o decisiva na C\u00e2mara ocorre na noite desta segunda-feira (8), e pode definir futuro pol\u00edtico do prefeito de Laguna, um dos investigados na CPI da Sa\u00fade\" \/>\n<meta property=\"og:url\" content=\"https:\/\/sulsc.com\/index.php\/2024\/01\/08\/artigo-cpi-da-saude-se-ha-fatos-de-crimes-por-que-votar-a-favor-dos-criminosos\/\" \/>\n<meta property=\"article:author\" content=\"https:\/\/www.facebook.com\/profile.php?id=61559278119680\" \/>\n<meta property=\"article:published_time\" content=\"2024-01-08T17:04:31+00:00\" \/>\n<meta property=\"article:modified_time\" content=\"2024-01-08T17:15:59+00:00\" \/>\n<meta property=\"og:image\" content=\"http:\/\/sulsc.com\/wp-content\/uploads\/2024\/01\/3-2.jpg\" \/>\n\t<meta property=\"og:image:width\" content=\"1500\" \/>\n\t<meta property=\"og:image:height\" content=\"858\" \/>\n\t<meta property=\"og:image:type\" content=\"image\/jpeg\" \/>\n<meta name=\"author\" content=\"Reda\u00e7\u00e3o Sul SC\" \/>\n<meta name=\"twitter:card\" content=\"summary_large_image\" \/>\n<meta name=\"twitter:creator\" content=\"@https:\/\/twitter.com\/PortalSulSC\" \/>\n<meta name=\"twitter:label1\" content=\"Written by\" \/>\n\t<meta name=\"twitter:data1\" content=\"Reda\u00e7\u00e3o Sul SC\" \/>\n\t<meta name=\"twitter:label2\" content=\"Est. reading time\" \/>\n\t<meta name=\"twitter:data2\" content=\"4 minutes\" \/>\n<script type=\"application\/ld+json\" class=\"yoast-schema-graph\">{\"@context\":\"https:\/\/schema.org\",\"@graph\":[{\"@type\":\"WebPage\",\"@id\":\"https:\/\/sulsc.com\/index.php\/2024\/01\/08\/artigo-cpi-da-saude-se-ha-fatos-de-crimes-por-que-votar-a-favor-dos-criminosos\/\",\"url\":\"https:\/\/sulsc.com\/index.php\/2024\/01\/08\/artigo-cpi-da-saude-se-ha-fatos-de-crimes-por-que-votar-a-favor-dos-criminosos\/\",\"name\":\"ARTIGO - CPI da Sa\u00fade: Se h\u00e1 fatos de crimes, por que votar a favor dos criminosos? -\",\"isPartOf\":{\"@id\":\"https:\/\/sulsc.com\/#website\"},\"datePublished\":\"2024-01-08T17:04:31+00:00\",\"dateModified\":\"2024-01-08T17:15:59+00:00\",\"author\":{\"@id\":\"https:\/\/sulsc.com\/#\/schema\/person\/84d2fc571684f6248ba83092f07750a3\"},\"description\":\"Vota\u00e7\u00e3o decisiva na C\u00e2mara ocorre na noite desta segunda-feira (8), e pode definir futuro pol\u00edtico do prefeito de Laguna, um dos investigados na CPI da Sa\u00fade\",\"breadcrumb\":{\"@id\":\"https:\/\/sulsc.com\/index.php\/2024\/01\/08\/artigo-cpi-da-saude-se-ha-fatos-de-crimes-por-que-votar-a-favor-dos-criminosos\/#breadcrumb\"},\"inLanguage\":\"en-US\",\"potentialAction\":[{\"@type\":\"ReadAction\",\"target\":[\"https:\/\/sulsc.com\/index.php\/2024\/01\/08\/artigo-cpi-da-saude-se-ha-fatos-de-crimes-por-que-votar-a-favor-dos-criminosos\/\"]}]},{\"@type\":\"BreadcrumbList\",\"@id\":\"https:\/\/sulsc.com\/index.php\/2024\/01\/08\/artigo-cpi-da-saude-se-ha-fatos-de-crimes-por-que-votar-a-favor-dos-criminosos\/#breadcrumb\",\"itemListElement\":[{\"@type\":\"ListItem\",\"position\":1,\"name\":\"In\u00edcio\",\"item\":\"https:\/\/sulsc.com\/\"},{\"@type\":\"ListItem\",\"position\":2,\"name\":\"ARTIGO &#8211; CPI da Sa\u00fade: Se h\u00e1 fatos de crimes, por que votar a favor dos criminosos?\"}]},{\"@type\":\"WebSite\",\"@id\":\"https:\/\/sulsc.com\/#website\",\"url\":\"https:\/\/sulsc.com\/\",\"name\":\"\",\"description\":\"\",\"potentialAction\":[{\"@type\":\"SearchAction\",\"target\":{\"@type\":\"EntryPoint\",\"urlTemplate\":\"https:\/\/sulsc.com\/?s={search_term_string}\"},\"query-input\":\"required name=search_term_string\"}],\"inLanguage\":\"en-US\"},{\"@type\":\"Person\",\"@id\":\"https:\/\/sulsc.com\/#\/schema\/person\/84d2fc571684f6248ba83092f07750a3\",\"name\":\"Reda\u00e7\u00e3o Sul SC\",\"image\":{\"@type\":\"ImageObject\",\"inLanguage\":\"en-US\",\"@id\":\"https:\/\/sulsc.com\/#\/schema\/person\/image\/e08d7fe2cc4ed596372063bbe852b8d0\",\"url\":\"https:\/\/sulsc.com\/wp-content\/uploads\/2023\/09\/redacao.png\",\"contentUrl\":\"https:\/\/sulsc.com\/wp-content\/uploads\/2023\/09\/redacao.png\",\"caption\":\"Reda\u00e7\u00e3o Sul SC\"},\"description\":\"Foco em um jornalismo imparcial, voltado \u00e0 qualidade dos seus conte\u00fados e, assim, levar informa\u00e7\u00e3o de valor que agregue \u00e0 vida dos leitores. Esta \u00e9 grande miss\u00e3o do Portal de Not\u00edcias Sul SC. N\u00e3o \u00e9 quantidade que muda o mundo, sempre foi e seguir\u00e1 sendo qualidade!\",\"sameAs\":[\"https:\/\/sulsc.com\/\",\"https:\/\/www.facebook.com\/profile.php?id=61559278119680\",\"https:\/\/www.instagram.com\/sulscportal\/?hl=pt-br\",\"https:\/\/twitter.com\/https:\/\/twitter.com\/PortalSulSC\",\"https:\/\/www.youtube.com\/channel\/UCv_BE8GeySluDov2n8qhVmw\"],\"url\":\"https:\/\/sulsc.com\/index.php\/author\/redacao\/\"}]}<\/script>\n<!-- \/ Yoast SEO plugin. -->","yoast_head_json":{"title":"ARTIGO - CPI da Sa\u00fade: Se h\u00e1 fatos de crimes, por que votar a favor dos criminosos? -","description":"Vota\u00e7\u00e3o decisiva na C\u00e2mara ocorre na noite desta segunda-feira (8), e pode definir futuro pol\u00edtico do prefeito de Laguna, um dos investigados na CPI da Sa\u00fade","robots":{"index":"index","follow":"follow","max-snippet":"max-snippet:-1","max-image-preview":"max-image-preview:large","max-video-preview":"max-video-preview:-1"},"canonical":"https:\/\/sulsc.com\/index.php\/2024\/01\/08\/artigo-cpi-da-saude-se-ha-fatos-de-crimes-por-que-votar-a-favor-dos-criminosos\/","og_locale":"en_US","og_type":"article","og_title":"ARTIGO - CPI da Sa\u00fade: Se h\u00e1 fatos de crimes, por que votar a favor dos criminosos? -","og_description":"Vota\u00e7\u00e3o decisiva na C\u00e2mara ocorre na noite desta segunda-feira (8), e pode definir futuro pol\u00edtico do prefeito de Laguna, um dos investigados na CPI da Sa\u00fade","og_url":"https:\/\/sulsc.com\/index.php\/2024\/01\/08\/artigo-cpi-da-saude-se-ha-fatos-de-crimes-por-que-votar-a-favor-dos-criminosos\/","article_author":"https:\/\/www.facebook.com\/profile.php?id=61559278119680","article_published_time":"2024-01-08T17:04:31+00:00","article_modified_time":"2024-01-08T17:15:59+00:00","og_image":[{"width":1500,"height":858,"url":"http:\/\/sulsc.com\/wp-content\/uploads\/2024\/01\/3-2.jpg","type":"image\/jpeg"}],"author":"Reda\u00e7\u00e3o Sul SC","twitter_card":"summary_large_image","twitter_creator":"@https:\/\/twitter.com\/PortalSulSC","twitter_misc":{"Written by":"Reda\u00e7\u00e3o Sul SC","Est. reading time":"4 minutes"},"schema":{"@context":"https:\/\/schema.org","@graph":[{"@type":"WebPage","@id":"https:\/\/sulsc.com\/index.php\/2024\/01\/08\/artigo-cpi-da-saude-se-ha-fatos-de-crimes-por-que-votar-a-favor-dos-criminosos\/","url":"https:\/\/sulsc.com\/index.php\/2024\/01\/08\/artigo-cpi-da-saude-se-ha-fatos-de-crimes-por-que-votar-a-favor-dos-criminosos\/","name":"ARTIGO - CPI da Sa\u00fade: Se h\u00e1 fatos de crimes, por que votar a favor dos criminosos? -","isPartOf":{"@id":"https:\/\/sulsc.com\/#website"},"datePublished":"2024-01-08T17:04:31+00:00","dateModified":"2024-01-08T17:15:59+00:00","author":{"@id":"https:\/\/sulsc.com\/#\/schema\/person\/84d2fc571684f6248ba83092f07750a3"},"description":"Vota\u00e7\u00e3o decisiva na C\u00e2mara ocorre na noite desta segunda-feira (8), e pode definir futuro pol\u00edtico do prefeito de Laguna, um dos investigados na CPI da Sa\u00fade","breadcrumb":{"@id":"https:\/\/sulsc.com\/index.php\/2024\/01\/08\/artigo-cpi-da-saude-se-ha-fatos-de-crimes-por-que-votar-a-favor-dos-criminosos\/#breadcrumb"},"inLanguage":"en-US","potentialAction":[{"@type":"ReadAction","target":["https:\/\/sulsc.com\/index.php\/2024\/01\/08\/artigo-cpi-da-saude-se-ha-fatos-de-crimes-por-que-votar-a-favor-dos-criminosos\/"]}]},{"@type":"BreadcrumbList","@id":"https:\/\/sulsc.com\/index.php\/2024\/01\/08\/artigo-cpi-da-saude-se-ha-fatos-de-crimes-por-que-votar-a-favor-dos-criminosos\/#breadcrumb","itemListElement":[{"@type":"ListItem","position":1,"name":"In\u00edcio","item":"https:\/\/sulsc.com\/"},{"@type":"ListItem","position":2,"name":"ARTIGO &#8211; CPI da Sa\u00fade: Se h\u00e1 fatos de crimes, por que votar a favor dos criminosos?"}]},{"@type":"WebSite","@id":"https:\/\/sulsc.com\/#website","url":"https:\/\/sulsc.com\/","name":"","description":"","potentialAction":[{"@type":"SearchAction","target":{"@type":"EntryPoint","urlTemplate":"https:\/\/sulsc.com\/?s={search_term_string}"},"query-input":"required name=search_term_string"}],"inLanguage":"en-US"},{"@type":"Person","@id":"https:\/\/sulsc.com\/#\/schema\/person\/84d2fc571684f6248ba83092f07750a3","name":"Reda\u00e7\u00e3o Sul SC","image":{"@type":"ImageObject","inLanguage":"en-US","@id":"https:\/\/sulsc.com\/#\/schema\/person\/image\/e08d7fe2cc4ed596372063bbe852b8d0","url":"https:\/\/sulsc.com\/wp-content\/uploads\/2023\/09\/redacao.png","contentUrl":"https:\/\/sulsc.com\/wp-content\/uploads\/2023\/09\/redacao.png","caption":"Reda\u00e7\u00e3o Sul SC"},"description":"Foco em um jornalismo imparcial, voltado \u00e0 qualidade dos seus conte\u00fados e, assim, levar informa\u00e7\u00e3o de valor que agregue \u00e0 vida dos leitores. Esta \u00e9 grande miss\u00e3o do Portal de Not\u00edcias Sul SC. N\u00e3o \u00e9 quantidade que muda o mundo, sempre foi e seguir\u00e1 sendo qualidade!","sameAs":["https:\/\/sulsc.com\/","https:\/\/www.facebook.com\/profile.php?id=61559278119680","https:\/\/www.instagram.com\/sulscportal\/?hl=pt-br","https:\/\/twitter.com\/https:\/\/twitter.com\/PortalSulSC","https:\/\/www.youtube.com\/channel\/UCv_BE8GeySluDov2n8qhVmw"],"url":"https:\/\/sulsc.com\/index.php\/author\/redacao\/"}]}},"authors":[],"_links":{"self":[{"href":"https:\/\/sulsc.com\/index.php\/wp-json\/wp\/v2\/posts\/6621"}],"collection":[{"href":"https:\/\/sulsc.com\/index.php\/wp-json\/wp\/v2\/posts"}],"about":[{"href":"https:\/\/sulsc.com\/index.php\/wp-json\/wp\/v2\/types\/post"}],"author":[{"embeddable":true,"href":"https:\/\/sulsc.com\/index.php\/wp-json\/wp\/v2\/users\/3"}],"replies":[{"embeddable":true,"href":"https:\/\/sulsc.com\/index.php\/wp-json\/wp\/v2\/comments?post=6621"}],"version-history":[{"count":4,"href":"https:\/\/sulsc.com\/index.php\/wp-json\/wp\/v2\/posts\/6621\/revisions"}],"predecessor-version":[{"id":6630,"href":"https:\/\/sulsc.com\/index.php\/wp-json\/wp\/v2\/posts\/6621\/revisions\/6630"}],"wp:featuredmedia":[{"embeddable":true,"href":"https:\/\/sulsc.com\/index.php\/wp-json\/wp\/v2\/media\/6624"}],"wp:attachment":[{"href":"https:\/\/sulsc.com\/index.php\/wp-json\/wp\/v2\/media?parent=6621"}],"wp:term":[{"taxonomy":"category","embeddable":true,"href":"https:\/\/sulsc.com\/index.php\/wp-json\/wp\/v2\/categories?post=6621"},{"taxonomy":"post_tag","embeddable":true,"href":"https:\/\/sulsc.com\/index.php\/wp-json\/wp\/v2\/tags?post=6621"}],"curies":[{"name":"wp","href":"https:\/\/api.w.org\/{rel}","templated":true}]}}