{"id":6651,"date":"2024-01-08T18:06:45","date_gmt":"2024-01-08T21:06:45","guid":{"rendered":"https:\/\/sulsc.com\/?p=6651"},"modified":"2024-01-08T18:06:45","modified_gmt":"2024-01-08T21:06:45","slug":"estreia-sul-sc-traz-nova-opcao-aos-leitores-as-charges-do-ed-carlos","status":"publish","type":"post","link":"https:\/\/sulsc.com\/index.php\/2024\/01\/08\/estreia-sul-sc-traz-nova-opcao-aos-leitores-as-charges-do-ed-carlos\/","title":{"rendered":"ESTREIA: Sul SC traz nova op\u00e7\u00e3o aos leitores, as Charges do Ed Carlos"},"content":{"rendered":"<figure id=\"attachment_6652\" aria-describedby=\"caption-attachment-6652\" style=\"width: 1600px\" class=\"wp-caption aligncenter\"><img fetchpriority=\"high\" decoding=\"async\" class=\"size-full wp-image-6652\" src=\"http:\/\/sulsc.com\/wp-content\/uploads\/2024\/01\/Ed.jpg\" alt=\"\" width=\"1600\" height=\"900\" srcset=\"https:\/\/sulsc.com\/wp-content\/uploads\/2024\/01\/Ed.jpg 1600w, https:\/\/sulsc.com\/wp-content\/uploads\/2024\/01\/Ed-300x169.jpg 300w, https:\/\/sulsc.com\/wp-content\/uploads\/2024\/01\/Ed-1024x576.jpg 1024w, https:\/\/sulsc.com\/wp-content\/uploads\/2024\/01\/Ed-768x432.jpg 768w, https:\/\/sulsc.com\/wp-content\/uploads\/2024\/01\/Ed-1536x864.jpg 1536w\" sizes=\"(max-width: 1600px) 100vw, 1600px\" \/><figcaption id=\"caption-attachment-6652\" class=\"wp-caption-text\"><strong>Ed Carlos<\/strong>, chargista e cartunista premiado no Estado \u00e9 o mais novo integrante da equipe de colunistas e comunicadores do <strong>Grupo Sul SC<\/strong><\/figcaption><\/figure>\n<p>O <strong>Grupo Sul SC<\/strong>, que surgiu em 2023 e vem ganhando cada vez mais espa\u00e7o no campo da comunica\u00e7\u00e3o profissional da <strong>Amurel, Amrec e Amesc<\/strong>, traz, nesta segunda-feira (8), a mat\u00e9ria de apresenta\u00e7\u00e3o e <strong>coluna de estreia<\/strong> do mais novo integrante da equipe, o <strong>chargista e cartunista premiado Ed Carlos<\/strong>, especialista cria\u00e7\u00f5es em Santa Catarina. Inspirado nos desenhos desde crian\u00e7a, Ed come\u00e7ou a viver da arte das charges aos 22 anos, no Jornal Metr\u00f3poles, em S\u00e3o Vicente (SP), entre 2007 e 2008.<\/p>\n<p>&#8220;Trabalhei tamb\u00e9m publicando charges na cidade onde moro, Santos e, na sequ\u00eancia, migrei para jornais de outros Estados como Goi\u00e1s, Minas Gerais, Rio Grande do Sul e Santa Catarina&#8221;, informa. E \u00e9 no Estado barriga-verde a parceria mais longeva de Carlos. J\u00e1 s\u00e3o 15 anos trabalhando com ve\u00edculos daqui.<\/p>\n<p>Quando crian\u00e7a, gostava muito da mat\u00e9ria de Educa\u00e7\u00e3o Art\u00edstica na escola, mas ainda n\u00e3o tinha se descoberto no desenho. Surgiu mais na adolesc\u00eancia, como forma de distra\u00e7\u00e3o. O agora chargista e cartunista oficial do Sul SC recorda que sempre foi muito observador do comportamento alheio. &#8220;Mas a criatividade precisa ser trabalhada, embasada em refer\u00eancias. Desta forma, ao elaborar um trabalho, procuro mesclar o assunto principal com cultura pop, com personagens em voga, ou ainda, com acontecimentos de outros seguimentos mesmo que distantes da tem\u00e1tica principal&#8221;, explica o profissional, que \u00e9 especialista nas tem\u00e1ticas sociais e esportivas.<\/p>\n<p>O chargista apresenta sua opini\u00e3o baseado em fatos atuais, pontuais. O cartunista realiza ilustra\u00e7\u00f5es atemporais. &#8220;Mas, um n\u00e3o exclui o outro. \u00c9 poss\u00edvel fazer ambos&#8221;, resume Ed Carlos, de 48 anos, que atua exclusivamente com esta comunica\u00e7\u00e3o por meio da sua arte. &#8220;\u00c9 uma profiss\u00e3o que me preenche o lado profissional e de lazer. Al\u00e9m de charges, ilustro livros&#8221;, emenda.<\/p>\n<p>Sua inspira\u00e7\u00e3o eram os chargistas brasileiros mais not\u00f3rios, como Angeli, Glauco, Laerte. &#8220;Mais recentemente, descobri e me inspiro na maneira de interpretar as not\u00edcias dos chargistas americanos e franceses. E, atualmente, admiro a sutileza dos trabalhos de Jean Galv\u00e3o&#8221;, indica.<\/p>\n<p>Com Ed Carlos, a equipe de comunicadores, diretoria e colunistas do Grupo Sul SC j\u00e1 soma 11 pessoas. At\u00e9 o fim de 2024, a inten\u00e7\u00e3o \u00e9 compor este elenco por pelo menos 20 profissionais e colunistas, e chegar a 50 integrantes at\u00e9 dezembro de 2025 e, assim, poder ofertar ainda mais qualidade e diversidade aos leitores e internautas.<\/p>\n<p><strong>Charge de estreia do Ed Carlos:<\/strong><img decoding=\"async\" class=\"size-full wp-image-6653\" style=\"font-style: inherit; font-weight: bold; text-align: center;\" src=\"http:\/\/sulsc.com\/wp-content\/uploads\/2024\/01\/Charge-Sul-SC-01-scaled.jpg\" alt=\"\" width=\"2560\" height=\"1829\" srcset=\"https:\/\/sulsc.com\/wp-content\/uploads\/2024\/01\/Charge-Sul-SC-01-scaled.jpg 2560w, https:\/\/sulsc.com\/wp-content\/uploads\/2024\/01\/Charge-Sul-SC-01-300x214.jpg 300w, https:\/\/sulsc.com\/wp-content\/uploads\/2024\/01\/Charge-Sul-SC-01-1024x731.jpg 1024w, https:\/\/sulsc.com\/wp-content\/uploads\/2024\/01\/Charge-Sul-SC-01-768x549.jpg 768w, https:\/\/sulsc.com\/wp-content\/uploads\/2024\/01\/Charge-Sul-SC-01-1536x1097.jpg 1536w, https:\/\/sulsc.com\/wp-content\/uploads\/2024\/01\/Charge-Sul-SC-01-2048x1463.jpg 2048w\" sizes=\"(max-width: 2560px) 100vw, 2560px\" \/><\/p>\n<p>Cr\u00e9dito: Ed Carlos\/Sul SC<\/p>\n","protected":false},"excerpt":{"rendered":"<p>O Grupo Sul SC, que surgiu em 2023 e vem ganhando cada vez mais espa\u00e7o no campo da comunica\u00e7\u00e3o profissional da Amurel, Amrec e Amesc, traz, nesta segunda-feira (8), a mat\u00e9ria de apresenta\u00e7\u00e3o e coluna de estreia do mais novo integrante da equipe, o chargista e cartunista premiado Ed Carlos, especialista cria\u00e7\u00f5es em Santa Catarina. &hellip;<\/p>\n<p class=\"read-more\"> <a class=\"\" href=\"https:\/\/sulsc.com\/index.php\/2024\/01\/08\/estreia-sul-sc-traz-nova-opcao-aos-leitores-as-charges-do-ed-carlos\/\"> <span class=\"screen-reader-text\">ESTREIA: Sul SC traz nova op\u00e7\u00e3o aos leitores, as Charges do Ed Carlos<\/span> Read More &raquo;<\/a><\/p>\n","protected":false},"author":3,"featured_media":6652,"comment_status":"open","ping_status":"open","sticky":false,"template":"","format":"standard","meta":{"site-sidebar-layout":"default","site-content-layout":"","ast-site-content-layout":"default","site-content-style":"default","site-sidebar-style":"default","ast-global-header-display":"","ast-banner-title-visibility":"","ast-main-header-display":"","ast-hfb-above-header-display":"","ast-hfb-below-header-display":"","ast-hfb-mobile-header-display":"","site-post-title":"","ast-breadcrumbs-content":"","ast-featured-img":"","footer-sml-layout":"","theme-transparent-header-meta":"default","adv-header-id-meta":"","stick-header-meta":"","header-above-stick-meta":"","header-main-stick-meta":"","header-below-stick-meta":"","astra-migrate-meta-layouts":"set","footnotes":""},"categories":[13],"tags":[703,701,702,704,114],"yoast_head":"<!-- This site is optimized with the Yoast SEO plugin v21.4 - https:\/\/yoast.com\/wordpress\/plugins\/seo\/ -->\n<title>ESTREIA: Sul SC traz nova op\u00e7\u00e3o aos leitores, as Charges do Ed Carlos -<\/title>\n<meta name=\"description\" content=\"Com Ed Carlos, a equipe de comunicadores, diretoria e colunistas do Grupo Sul SC j\u00e1 soma 11 pessoas. At\u00e9 o fim de 2024, a inten\u00e7\u00e3o \u00e9 compor este elenco por pelo menos 20 profissionais e colunistas, e chegar a 50 integrantes at\u00e9 dezembro de 2025 e, assim, poder ofertar ainda mais qualidade e diversidade aos leitores e internautas.\" \/>\n<meta name=\"robots\" content=\"index, follow, max-snippet:-1, max-image-preview:large, max-video-preview:-1\" \/>\n<link rel=\"canonical\" href=\"https:\/\/sulsc.com\/index.php\/2024\/01\/08\/estreia-sul-sc-traz-nova-opcao-aos-leitores-as-charges-do-ed-carlos\/\" \/>\n<meta property=\"og:locale\" content=\"en_US\" \/>\n<meta property=\"og:type\" content=\"article\" \/>\n<meta property=\"og:title\" content=\"ESTREIA: Sul SC traz nova op\u00e7\u00e3o aos leitores, as Charges do Ed Carlos -\" \/>\n<meta property=\"og:description\" content=\"Com Ed Carlos, a equipe de comunicadores, diretoria e colunistas do Grupo Sul SC j\u00e1 soma 11 pessoas. At\u00e9 o fim de 2024, a inten\u00e7\u00e3o \u00e9 compor este elenco por pelo menos 20 profissionais e colunistas, e chegar a 50 integrantes at\u00e9 dezembro de 2025 e, assim, poder ofertar ainda mais qualidade e diversidade aos leitores e internautas.\" \/>\n<meta property=\"og:url\" content=\"https:\/\/sulsc.com\/index.php\/2024\/01\/08\/estreia-sul-sc-traz-nova-opcao-aos-leitores-as-charges-do-ed-carlos\/\" \/>\n<meta property=\"article:author\" content=\"https:\/\/www.facebook.com\/profile.php?id=61559278119680\" \/>\n<meta property=\"article:published_time\" content=\"2024-01-08T21:06:45+00:00\" \/>\n<meta property=\"og:image\" content=\"http:\/\/sulsc.com\/wp-content\/uploads\/2024\/01\/Ed.jpg\" \/>\n\t<meta property=\"og:image:width\" content=\"1600\" \/>\n\t<meta property=\"og:image:height\" content=\"900\" \/>\n\t<meta property=\"og:image:type\" content=\"image\/jpeg\" \/>\n<meta name=\"author\" content=\"Reda\u00e7\u00e3o Sul SC\" \/>\n<meta name=\"twitter:card\" content=\"summary_large_image\" \/>\n<meta name=\"twitter:creator\" content=\"@https:\/\/twitter.com\/PortalSulSC\" \/>\n<meta name=\"twitter:label1\" content=\"Written by\" \/>\n\t<meta name=\"twitter:data1\" content=\"Reda\u00e7\u00e3o Sul SC\" \/>\n\t<meta name=\"twitter:label2\" content=\"Est. reading time\" \/>\n\t<meta name=\"twitter:data2\" content=\"3 minutes\" \/>\n<script type=\"application\/ld+json\" class=\"yoast-schema-graph\">{\"@context\":\"https:\/\/schema.org\",\"@graph\":[{\"@type\":\"WebPage\",\"@id\":\"https:\/\/sulsc.com\/index.php\/2024\/01\/08\/estreia-sul-sc-traz-nova-opcao-aos-leitores-as-charges-do-ed-carlos\/\",\"url\":\"https:\/\/sulsc.com\/index.php\/2024\/01\/08\/estreia-sul-sc-traz-nova-opcao-aos-leitores-as-charges-do-ed-carlos\/\",\"name\":\"ESTREIA: Sul SC traz nova op\u00e7\u00e3o aos leitores, as Charges do Ed Carlos -\",\"isPartOf\":{\"@id\":\"https:\/\/sulsc.com\/#website\"},\"datePublished\":\"2024-01-08T21:06:45+00:00\",\"dateModified\":\"2024-01-08T21:06:45+00:00\",\"author\":{\"@id\":\"https:\/\/sulsc.com\/#\/schema\/person\/84d2fc571684f6248ba83092f07750a3\"},\"description\":\"Com Ed Carlos, a equipe de comunicadores, diretoria e colunistas do Grupo Sul SC j\u00e1 soma 11 pessoas. At\u00e9 o fim de 2024, a inten\u00e7\u00e3o \u00e9 compor este elenco por pelo menos 20 profissionais e colunistas, e chegar a 50 integrantes at\u00e9 dezembro de 2025 e, assim, poder ofertar ainda mais qualidade e diversidade aos leitores e internautas.\",\"breadcrumb\":{\"@id\":\"https:\/\/sulsc.com\/index.php\/2024\/01\/08\/estreia-sul-sc-traz-nova-opcao-aos-leitores-as-charges-do-ed-carlos\/#breadcrumb\"},\"inLanguage\":\"en-US\",\"potentialAction\":[{\"@type\":\"ReadAction\",\"target\":[\"https:\/\/sulsc.com\/index.php\/2024\/01\/08\/estreia-sul-sc-traz-nova-opcao-aos-leitores-as-charges-do-ed-carlos\/\"]}]},{\"@type\":\"BreadcrumbList\",\"@id\":\"https:\/\/sulsc.com\/index.php\/2024\/01\/08\/estreia-sul-sc-traz-nova-opcao-aos-leitores-as-charges-do-ed-carlos\/#breadcrumb\",\"itemListElement\":[{\"@type\":\"ListItem\",\"position\":1,\"name\":\"In\u00edcio\",\"item\":\"https:\/\/sulsc.com\/\"},{\"@type\":\"ListItem\",\"position\":2,\"name\":\"ESTREIA: Sul SC traz nova op\u00e7\u00e3o aos leitores, as Charges do Ed Carlos\"}]},{\"@type\":\"WebSite\",\"@id\":\"https:\/\/sulsc.com\/#website\",\"url\":\"https:\/\/sulsc.com\/\",\"name\":\"\",\"description\":\"\",\"potentialAction\":[{\"@type\":\"SearchAction\",\"target\":{\"@type\":\"EntryPoint\",\"urlTemplate\":\"https:\/\/sulsc.com\/?s={search_term_string}\"},\"query-input\":\"required name=search_term_string\"}],\"inLanguage\":\"en-US\"},{\"@type\":\"Person\",\"@id\":\"https:\/\/sulsc.com\/#\/schema\/person\/84d2fc571684f6248ba83092f07750a3\",\"name\":\"Reda\u00e7\u00e3o Sul SC\",\"image\":{\"@type\":\"ImageObject\",\"inLanguage\":\"en-US\",\"@id\":\"https:\/\/sulsc.com\/#\/schema\/person\/image\/e08d7fe2cc4ed596372063bbe852b8d0\",\"url\":\"https:\/\/sulsc.com\/wp-content\/uploads\/2023\/09\/redacao.png\",\"contentUrl\":\"https:\/\/sulsc.com\/wp-content\/uploads\/2023\/09\/redacao.png\",\"caption\":\"Reda\u00e7\u00e3o Sul SC\"},\"description\":\"Foco em um jornalismo imparcial, voltado \u00e0 qualidade dos seus conte\u00fados e, assim, levar informa\u00e7\u00e3o de valor que agregue \u00e0 vida dos leitores. Esta \u00e9 grande miss\u00e3o do Portal de Not\u00edcias Sul SC. N\u00e3o \u00e9 quantidade que muda o mundo, sempre foi e seguir\u00e1 sendo qualidade!\",\"sameAs\":[\"https:\/\/sulsc.com\/\",\"https:\/\/www.facebook.com\/profile.php?id=61559278119680\",\"https:\/\/www.instagram.com\/sulscportal\/?hl=pt-br\",\"https:\/\/twitter.com\/https:\/\/twitter.com\/PortalSulSC\",\"https:\/\/www.youtube.com\/channel\/UCv_BE8GeySluDov2n8qhVmw\"],\"url\":\"https:\/\/sulsc.com\/index.php\/author\/redacao\/\"}]}<\/script>\n<!-- \/ Yoast SEO plugin. -->","yoast_head_json":{"title":"ESTREIA: Sul SC traz nova op\u00e7\u00e3o aos leitores, as Charges do Ed Carlos -","description":"Com Ed Carlos, a equipe de comunicadores, diretoria e colunistas do Grupo Sul SC j\u00e1 soma 11 pessoas. At\u00e9 o fim de 2024, a inten\u00e7\u00e3o \u00e9 compor este elenco por pelo menos 20 profissionais e colunistas, e chegar a 50 integrantes at\u00e9 dezembro de 2025 e, assim, poder ofertar ainda mais qualidade e diversidade aos leitores e internautas.","robots":{"index":"index","follow":"follow","max-snippet":"max-snippet:-1","max-image-preview":"max-image-preview:large","max-video-preview":"max-video-preview:-1"},"canonical":"https:\/\/sulsc.com\/index.php\/2024\/01\/08\/estreia-sul-sc-traz-nova-opcao-aos-leitores-as-charges-do-ed-carlos\/","og_locale":"en_US","og_type":"article","og_title":"ESTREIA: Sul SC traz nova op\u00e7\u00e3o aos leitores, as Charges do Ed Carlos -","og_description":"Com Ed Carlos, a equipe de comunicadores, diretoria e colunistas do Grupo Sul SC j\u00e1 soma 11 pessoas. At\u00e9 o fim de 2024, a inten\u00e7\u00e3o \u00e9 compor este elenco por pelo menos 20 profissionais e colunistas, e chegar a 50 integrantes at\u00e9 dezembro de 2025 e, assim, poder ofertar ainda mais qualidade e diversidade aos leitores e internautas.","og_url":"https:\/\/sulsc.com\/index.php\/2024\/01\/08\/estreia-sul-sc-traz-nova-opcao-aos-leitores-as-charges-do-ed-carlos\/","article_author":"https:\/\/www.facebook.com\/profile.php?id=61559278119680","article_published_time":"2024-01-08T21:06:45+00:00","og_image":[{"width":1600,"height":900,"url":"http:\/\/sulsc.com\/wp-content\/uploads\/2024\/01\/Ed.jpg","type":"image\/jpeg"}],"author":"Reda\u00e7\u00e3o Sul SC","twitter_card":"summary_large_image","twitter_creator":"@https:\/\/twitter.com\/PortalSulSC","twitter_misc":{"Written by":"Reda\u00e7\u00e3o Sul SC","Est. reading time":"3 minutes"},"schema":{"@context":"https:\/\/schema.org","@graph":[{"@type":"WebPage","@id":"https:\/\/sulsc.com\/index.php\/2024\/01\/08\/estreia-sul-sc-traz-nova-opcao-aos-leitores-as-charges-do-ed-carlos\/","url":"https:\/\/sulsc.com\/index.php\/2024\/01\/08\/estreia-sul-sc-traz-nova-opcao-aos-leitores-as-charges-do-ed-carlos\/","name":"ESTREIA: Sul SC traz nova op\u00e7\u00e3o aos leitores, as Charges do Ed Carlos -","isPartOf":{"@id":"https:\/\/sulsc.com\/#website"},"datePublished":"2024-01-08T21:06:45+00:00","dateModified":"2024-01-08T21:06:45+00:00","author":{"@id":"https:\/\/sulsc.com\/#\/schema\/person\/84d2fc571684f6248ba83092f07750a3"},"description":"Com Ed Carlos, a equipe de comunicadores, diretoria e colunistas do Grupo Sul SC j\u00e1 soma 11 pessoas. At\u00e9 o fim de 2024, a inten\u00e7\u00e3o \u00e9 compor este elenco por pelo menos 20 profissionais e colunistas, e chegar a 50 integrantes at\u00e9 dezembro de 2025 e, assim, poder ofertar ainda mais qualidade e diversidade aos leitores e internautas.","breadcrumb":{"@id":"https:\/\/sulsc.com\/index.php\/2024\/01\/08\/estreia-sul-sc-traz-nova-opcao-aos-leitores-as-charges-do-ed-carlos\/#breadcrumb"},"inLanguage":"en-US","potentialAction":[{"@type":"ReadAction","target":["https:\/\/sulsc.com\/index.php\/2024\/01\/08\/estreia-sul-sc-traz-nova-opcao-aos-leitores-as-charges-do-ed-carlos\/"]}]},{"@type":"BreadcrumbList","@id":"https:\/\/sulsc.com\/index.php\/2024\/01\/08\/estreia-sul-sc-traz-nova-opcao-aos-leitores-as-charges-do-ed-carlos\/#breadcrumb","itemListElement":[{"@type":"ListItem","position":1,"name":"In\u00edcio","item":"https:\/\/sulsc.com\/"},{"@type":"ListItem","position":2,"name":"ESTREIA: Sul SC traz nova op\u00e7\u00e3o aos leitores, as Charges do Ed Carlos"}]},{"@type":"WebSite","@id":"https:\/\/sulsc.com\/#website","url":"https:\/\/sulsc.com\/","name":"","description":"","potentialAction":[{"@type":"SearchAction","target":{"@type":"EntryPoint","urlTemplate":"https:\/\/sulsc.com\/?s={search_term_string}"},"query-input":"required name=search_term_string"}],"inLanguage":"en-US"},{"@type":"Person","@id":"https:\/\/sulsc.com\/#\/schema\/person\/84d2fc571684f6248ba83092f07750a3","name":"Reda\u00e7\u00e3o Sul SC","image":{"@type":"ImageObject","inLanguage":"en-US","@id":"https:\/\/sulsc.com\/#\/schema\/person\/image\/e08d7fe2cc4ed596372063bbe852b8d0","url":"https:\/\/sulsc.com\/wp-content\/uploads\/2023\/09\/redacao.png","contentUrl":"https:\/\/sulsc.com\/wp-content\/uploads\/2023\/09\/redacao.png","caption":"Reda\u00e7\u00e3o Sul SC"},"description":"Foco em um jornalismo imparcial, voltado \u00e0 qualidade dos seus conte\u00fados e, assim, levar informa\u00e7\u00e3o de valor que agregue \u00e0 vida dos leitores. Esta \u00e9 grande miss\u00e3o do Portal de Not\u00edcias Sul SC. N\u00e3o \u00e9 quantidade que muda o mundo, sempre foi e seguir\u00e1 sendo qualidade!","sameAs":["https:\/\/sulsc.com\/","https:\/\/www.facebook.com\/profile.php?id=61559278119680","https:\/\/www.instagram.com\/sulscportal\/?hl=pt-br","https:\/\/twitter.com\/https:\/\/twitter.com\/PortalSulSC","https:\/\/www.youtube.com\/channel\/UCv_BE8GeySluDov2n8qhVmw"],"url":"https:\/\/sulsc.com\/index.php\/author\/redacao\/"}]}},"authors":[],"_links":{"self":[{"href":"https:\/\/sulsc.com\/index.php\/wp-json\/wp\/v2\/posts\/6651"}],"collection":[{"href":"https:\/\/sulsc.com\/index.php\/wp-json\/wp\/v2\/posts"}],"about":[{"href":"https:\/\/sulsc.com\/index.php\/wp-json\/wp\/v2\/types\/post"}],"author":[{"embeddable":true,"href":"https:\/\/sulsc.com\/index.php\/wp-json\/wp\/v2\/users\/3"}],"replies":[{"embeddable":true,"href":"https:\/\/sulsc.com\/index.php\/wp-json\/wp\/v2\/comments?post=6651"}],"version-history":[{"count":1,"href":"https:\/\/sulsc.com\/index.php\/wp-json\/wp\/v2\/posts\/6651\/revisions"}],"predecessor-version":[{"id":6654,"href":"https:\/\/sulsc.com\/index.php\/wp-json\/wp\/v2\/posts\/6651\/revisions\/6654"}],"wp:featuredmedia":[{"embeddable":true,"href":"https:\/\/sulsc.com\/index.php\/wp-json\/wp\/v2\/media\/6652"}],"wp:attachment":[{"href":"https:\/\/sulsc.com\/index.php\/wp-json\/wp\/v2\/media?parent=6651"}],"wp:term":[{"taxonomy":"category","embeddable":true,"href":"https:\/\/sulsc.com\/index.php\/wp-json\/wp\/v2\/categories?post=6651"},{"taxonomy":"post_tag","embeddable":true,"href":"https:\/\/sulsc.com\/index.php\/wp-json\/wp\/v2\/tags?post=6651"}],"curies":[{"name":"wp","href":"https:\/\/api.w.org\/{rel}","templated":true}]}}