{"id":6687,"date":"2024-01-09T10:29:49","date_gmt":"2024-01-09T13:29:49","guid":{"rendered":"https:\/\/sulsc.com\/?p=6687"},"modified":"2024-01-09T11:17:39","modified_gmt":"2024-01-09T14:17:39","slug":"filho-de-cofundador-do-hamas-deixou-grupo-terrorista-para-virar-espiao-de-israel-nao-me-senti-culpado","status":"publish","type":"post","link":"https:\/\/sulsc.com\/index.php\/2024\/01\/09\/filho-de-cofundador-do-hamas-deixou-grupo-terrorista-para-virar-espiao-de-israel-nao-me-senti-culpado\/","title":{"rendered":"Filho de cofundador do Hamas deixou grupo terrorista para virar espi\u00e3o de Israel: &#8216;N\u00e3o me senti culpado&#8217;"},"content":{"rendered":"<p><img fetchpriority=\"high\" decoding=\"async\" class=\"aligncenter wp-image-6688\" src=\"http:\/\/sulsc.com\/wp-content\/uploads\/2024\/01\/1-12.jpg\" alt=\"\" width=\"569\" height=\"733\" \/><\/p>\n<p><strong>Mosab Hassan Yousef<\/strong> passou dez anos colaborando com o servi\u00e7o para ajudar a prender terroristas do Hamas envolvidos em atentados com explosivos. Um relato impressionante sobre terrorismo, trai\u00e7\u00e3o, intrigas pol\u00edticas e escolhas impens\u00e1veis. Mosab, autor da obra juntamente com Ron Brackin, jornalista investigativo norte-americano especializado em Oriente M\u00e9dio, atualmente com 45 anos (nascido em 1978, em Ramallah, Cisjord\u00e2nia, capital administrativa da Palestina), vive na Calif\u00f3rnia h\u00e1 algum tempo e atende pelo nome de Joseph. Sua hist\u00f3ria impressiona mesmo: ele \u00e9 filho de um dos sete l\u00edderes fundadores da organiza\u00e7\u00e3o terrorista palestina <strong>Hamas<\/strong> (1987), xeique Hassan Yousef, e relata como acabou se tornando, por for\u00e7a das circunst\u00e2ncias, espi\u00e3o do Shin Bet, servi\u00e7o de seguran\u00e7a israelense, por cerca de 10 anos.<\/p>\n<p>Dados obtidos por meio da colabora\u00e7\u00e3o de Mosab com Israel permitiram evitar dezenas de atentados no pa\u00eds e salvar a vida de centenas de pessoas dos dois lados da fronteira, inclusive a do pr\u00f3prio pai, sem que este soubesse, claro. Vivendo nos bastidores do Hamas, Mosab testemunhou as manobras pol\u00edticas e militares que contribu\u00edram para aumentar a tens\u00e3o no Oriente M\u00e9dio, descambando v\u00e1rias vezes para sangrentas disputas entre palestinos e judeus. Recentemente, infelizmente, resultou no ataque terrorista de 7 de outubro, com consequ\u00eancias ainda imprevis\u00edveis.<\/p>\n<p>De modo geral, muitas crian\u00e7as palestinas crescem aprendendo a odiar os judeus (o que \u00e9 at\u00e9 ensinado nas escolas da ONU na Palestina) e s\u00e3o estimuladas a lutar contra eles, como aconteceu na inf\u00e2ncia e juventude de Mosab, n\u00e3o por influ\u00eancia do pai, ressalte-se. Preso por contrabando de armas aos 17 anos, ele \u00e9 interrogado pelo Shin Bet e enviado para a pris\u00e3o. L\u00e1, fica chocado e revoltado com a brutalidade que os membros da organiza\u00e7\u00e3o terrorista empregavam contra os pr\u00f3prios palestinos na pris\u00e3o por qualquer suspeita ou n\u00e3o ades\u00e3o \u00e0s suas ordens, como tamb\u00e9m se revolta com a crescente onda de atentados suicidas praticados contra os habitantes de Israel.<\/p>\n<p>Mosab disse: \u201cVoc\u00ea pode dizer que fui influenciado pela consci\u00eancia de Cristo. Algu\u00e9m que foi crucificado pela sua pr\u00f3pria verdade. E isso realmente me inspirou porque tive que crucificar meu ego. Tive que crucificar minhas identidades nacionais e culturais.&#8221;<\/p>\n<p>Ele se tornou espi\u00e3o do Shin Bet, o servi\u00e7o de seguran\u00e7a interna de Israel, para prender terroristas do Hamas envolvidos em atentados com explosivos. O Pr\u00edncipe Verde, como era chamado em alus\u00e3o \u00e0 cor do Hamas e \u00e0 import\u00e2ncia do seu pai na organiza\u00e7\u00e3o, passou 10 anos colaborando com o Shin Bet. Ap\u00f3s passar 16 meses em uma penitenci\u00e1ria israelense, decidiu que mudou sua vida para sempre.<\/p>\n<figure id=\"attachment_6373\" aria-describedby=\"caption-attachment-6373\" style=\"width: 1002px\" class=\"wp-caption aligncenter\"><img decoding=\"async\" class=\"size-full wp-image-6373\" src=\"http:\/\/sulsc.com\/wp-content\/uploads\/2024\/01\/Grupo-SulSC-Verao.png\" alt=\"\" width=\"1002\" height=\"187\" srcset=\"https:\/\/sulsc.com\/wp-content\/uploads\/2024\/01\/Grupo-SulSC-Verao.png 1002w, https:\/\/sulsc.com\/wp-content\/uploads\/2024\/01\/Grupo-SulSC-Verao-300x56.png 300w, https:\/\/sulsc.com\/wp-content\/uploads\/2024\/01\/Grupo-SulSC-Verao-768x143.png 768w\" sizes=\"(max-width: 1002px) 100vw, 1002px\" \/><figcaption id=\"caption-attachment-6373\" class=\"wp-caption-text\"><a href=\"https:\/\/sulscfm.com\/\">https:\/\/sulscfm.com\/<\/a><\/figcaption><\/figure>\n<p>\u201cPassei a ver a verdadeira natureza do Hamas enquanto eles torturavam o nosso pr\u00f3prio povo&#8221;, contou Mosab. Nesse tempo, ele passa a estudar e conhecer melhor o cristianismo, ao qual se converte depois que emigra para os Estados Unidos. Em 2010, publica &#8220;Filho de Hamas&#8221;, contando sua hist\u00f3ria. Atrav\u00e9s da leitura, vemos que os membros do Hamas e outros l\u00edderes de organiza\u00e7\u00f5es isl\u00e2micas, mesmo no passado, como Yasser Arafat, por exemplo, que Mosab detestava por sua falsidade, jamais se importam realmente com o destino dos palestinos. Alguns deles, os que de fato decidem as coisas, vivem longe da \u00e1rea de conflito, levam uma vida segura e confort\u00e1vel no Qatar.<\/p>\n<p>Esses mesmos milion\u00e1rios, conforme relata Mosab, nunca quiseram de verdade celebrar a paz com Israel, porque, sendo fan\u00e1ticos e aproveitadores, pretendem criar um estado isl\u00e2mico global e levar sua \u201cguerra santa\u201d contra todos os infi\u00e9is, ou seja, todos aqueles que n\u00e3o professam as mesmas ideias de Maom\u00e9. Empatia, compaix\u00e3o e \u00e9tica jamais far\u00e3o parte do vocabul\u00e1rio dos mu\u00e7ulmanos radicais. No Brasil, h\u00e1 uma por\u00e7\u00e3o de gente como o governo e jornalistas com ele comprometidos que, por raz\u00f5es ideol\u00f3gicas, recusam-se a classificar o Hamas como organiza\u00e7\u00e3o terrorista, o que de fato ele \u00e9 e fica amplamente provado nesta obra. A esquerda bajula a R\u00fassia e demoniza Israel e Estados Unidos.<\/p>\n<p>Em 7 de outubro de 2023, o grupo terrorista Hamas invadiu o territ\u00f3rio de Israel e matou cerca de 1,4 mil pessoas, sequestrando cerca de 200 que foram levadas para a Faixa de Gaza. No mesmo dia, Israel declarou guerra ao Hamas e, at\u00e9 o momento, matou 12,3 mil pessoas na Faixa de Gaza, segundo o governo do Hamas (os n\u00fameros n\u00e3o puderam ser verificados de forma independente).<\/p>\n","protected":false},"excerpt":{"rendered":"<p>Mosab Hassan Yousef passou dez anos colaborando com o servi\u00e7o para ajudar a prender terroristas do Hamas envolvidos em atentados com explosivos. Um relato impressionante sobre terrorismo, trai\u00e7\u00e3o, intrigas pol\u00edticas e escolhas impens\u00e1veis. Mosab, autor da obra juntamente com Ron Brackin, jornalista investigativo norte-americano especializado em Oriente M\u00e9dio, atualmente com 45 anos (nascido em 1978, &hellip;<\/p>\n<p class=\"read-more\"> <a class=\"\" href=\"https:\/\/sulsc.com\/index.php\/2024\/01\/09\/filho-de-cofundador-do-hamas-deixou-grupo-terrorista-para-virar-espiao-de-israel-nao-me-senti-culpado\/\"> <span class=\"screen-reader-text\">Filho de cofundador do Hamas deixou grupo terrorista para virar espi\u00e3o de Israel: &#8216;N\u00e3o me senti culpado&#8217;<\/span> Read More &raquo;<\/a><\/p>\n","protected":false},"author":15,"featured_media":6694,"comment_status":"open","ping_status":"open","sticky":false,"template":"","format":"standard","meta":{"site-sidebar-layout":"default","site-content-layout":"","ast-site-content-layout":"default","site-content-style":"default","site-sidebar-style":"default","ast-global-header-display":"","ast-banner-title-visibility":"","ast-main-header-display":"","ast-hfb-above-header-display":"","ast-hfb-below-header-display":"","ast-hfb-mobile-header-display":"","site-post-title":"","ast-breadcrumbs-content":"","ast-featured-img":"","footer-sml-layout":"","theme-transparent-header-meta":"default","adv-header-id-meta":"","stick-header-meta":"","header-above-stick-meta":"","header-main-stick-meta":"","header-below-stick-meta":"","astra-migrate-meta-layouts":"set","footnotes":""},"categories":[13],"tags":[125,62,63,112,517,705],"yoast_head":"<!-- This site is optimized with the Yoast SEO plugin v21.4 - https:\/\/yoast.com\/wordpress\/plugins\/seo\/ -->\n<title>Filho de cofundador do Hamas deixou grupo terrorista para virar espi\u00e3o de Israel: &#039;N\u00e3o me senti culpado&#039; -<\/title>\n<meta name=\"description\" content=\"Esses mesmos milion\u00e1rios, conforme relata Mosab, nunca quiseram de verdade celebrar a paz com Israel, porque, sendo fan\u00e1ticos e aproveitadores, pretendem criar um estado isl\u00e2mico global e levar sua \u201cguerra santa\u201d contra todos os infi\u00e9is, ou seja, todos aqueles que n\u00e3o professam as mesmas ideias de Maom\u00e9. Empatia, compaix\u00e3o e \u00e9tica jamais far\u00e3o parte do vocabul\u00e1rio dos mu\u00e7ulmanos radicais.\" \/>\n<meta name=\"robots\" content=\"index, follow, max-snippet:-1, max-image-preview:large, max-video-preview:-1\" \/>\n<link rel=\"canonical\" href=\"https:\/\/sulsc.com\/index.php\/2024\/01\/09\/filho-de-cofundador-do-hamas-deixou-grupo-terrorista-para-virar-espiao-de-israel-nao-me-senti-culpado\/\" \/>\n<meta property=\"og:locale\" content=\"en_US\" \/>\n<meta property=\"og:type\" content=\"article\" \/>\n<meta property=\"og:title\" content=\"Filho de cofundador do Hamas deixou grupo terrorista para virar espi\u00e3o de Israel: &#039;N\u00e3o me senti culpado&#039; -\" \/>\n<meta property=\"og:description\" content=\"Esses mesmos milion\u00e1rios, conforme relata Mosab, nunca quiseram de verdade celebrar a paz com Israel, porque, sendo fan\u00e1ticos e aproveitadores, pretendem criar um estado isl\u00e2mico global e levar sua \u201cguerra santa\u201d contra todos os infi\u00e9is, ou seja, todos aqueles que n\u00e3o professam as mesmas ideias de Maom\u00e9. Empatia, compaix\u00e3o e \u00e9tica jamais far\u00e3o parte do vocabul\u00e1rio dos mu\u00e7ulmanos radicais.\" \/>\n<meta property=\"og:url\" content=\"https:\/\/sulsc.com\/index.php\/2024\/01\/09\/filho-de-cofundador-do-hamas-deixou-grupo-terrorista-para-virar-espiao-de-israel-nao-me-senti-culpado\/\" \/>\n<meta property=\"article:published_time\" content=\"2024-01-09T13:29:49+00:00\" \/>\n<meta property=\"article:modified_time\" content=\"2024-01-09T14:17:39+00:00\" \/>\n<meta property=\"og:image\" content=\"http:\/\/sulsc.com\/wp-content\/uploads\/2024\/01\/GeoVisao-por-Ademir-Dias-Portal-1.png\" \/>\n\t<meta property=\"og:image:width\" content=\"1080\" \/>\n\t<meta property=\"og:image:height\" content=\"1080\" \/>\n\t<meta property=\"og:image:type\" content=\"image\/png\" \/>\n<meta name=\"author\" content=\"GeoVis\u00e3o por Ademir Dias\" \/>\n<meta name=\"twitter:card\" content=\"summary_large_image\" \/>\n<meta name=\"twitter:label1\" content=\"Written by\" \/>\n\t<meta name=\"twitter:data1\" content=\"GeoVis\u00e3o por Ademir Dias\" \/>\n\t<meta name=\"twitter:label2\" content=\"Est. reading time\" \/>\n\t<meta name=\"twitter:data2\" content=\"4 minutes\" \/>\n<script type=\"application\/ld+json\" class=\"yoast-schema-graph\">{\"@context\":\"https:\/\/schema.org\",\"@graph\":[{\"@type\":\"WebPage\",\"@id\":\"https:\/\/sulsc.com\/index.php\/2024\/01\/09\/filho-de-cofundador-do-hamas-deixou-grupo-terrorista-para-virar-espiao-de-israel-nao-me-senti-culpado\/\",\"url\":\"https:\/\/sulsc.com\/index.php\/2024\/01\/09\/filho-de-cofundador-do-hamas-deixou-grupo-terrorista-para-virar-espiao-de-israel-nao-me-senti-culpado\/\",\"name\":\"Filho de cofundador do Hamas deixou grupo terrorista para virar espi\u00e3o de Israel: 'N\u00e3o me senti culpado' -\",\"isPartOf\":{\"@id\":\"https:\/\/sulsc.com\/#website\"},\"datePublished\":\"2024-01-09T13:29:49+00:00\",\"dateModified\":\"2024-01-09T14:17:39+00:00\",\"author\":{\"@id\":\"https:\/\/sulsc.com\/#\/schema\/person\/9d216f8a6bc25b94f6eab5acf83ba9de\"},\"description\":\"Esses mesmos milion\u00e1rios, conforme relata Mosab, nunca quiseram de verdade celebrar a paz com Israel, porque, sendo fan\u00e1ticos e aproveitadores, pretendem criar um estado isl\u00e2mico global e levar sua \u201cguerra santa\u201d contra todos os infi\u00e9is, ou seja, todos aqueles que n\u00e3o professam as mesmas ideias de Maom\u00e9. Empatia, compaix\u00e3o e \u00e9tica jamais far\u00e3o parte do vocabul\u00e1rio dos mu\u00e7ulmanos radicais.\",\"breadcrumb\":{\"@id\":\"https:\/\/sulsc.com\/index.php\/2024\/01\/09\/filho-de-cofundador-do-hamas-deixou-grupo-terrorista-para-virar-espiao-de-israel-nao-me-senti-culpado\/#breadcrumb\"},\"inLanguage\":\"en-US\",\"potentialAction\":[{\"@type\":\"ReadAction\",\"target\":[\"https:\/\/sulsc.com\/index.php\/2024\/01\/09\/filho-de-cofundador-do-hamas-deixou-grupo-terrorista-para-virar-espiao-de-israel-nao-me-senti-culpado\/\"]}]},{\"@type\":\"BreadcrumbList\",\"@id\":\"https:\/\/sulsc.com\/index.php\/2024\/01\/09\/filho-de-cofundador-do-hamas-deixou-grupo-terrorista-para-virar-espiao-de-israel-nao-me-senti-culpado\/#breadcrumb\",\"itemListElement\":[{\"@type\":\"ListItem\",\"position\":1,\"name\":\"In\u00edcio\",\"item\":\"https:\/\/sulsc.com\/\"},{\"@type\":\"ListItem\",\"position\":2,\"name\":\"Filho de cofundador do Hamas deixou grupo terrorista para virar espi\u00e3o de Israel: &#8216;N\u00e3o me senti culpado&#8217;\"}]},{\"@type\":\"WebSite\",\"@id\":\"https:\/\/sulsc.com\/#website\",\"url\":\"https:\/\/sulsc.com\/\",\"name\":\"\",\"description\":\"\",\"potentialAction\":[{\"@type\":\"SearchAction\",\"target\":{\"@type\":\"EntryPoint\",\"urlTemplate\":\"https:\/\/sulsc.com\/?s={search_term_string}\"},\"query-input\":\"required name=search_term_string\"}],\"inLanguage\":\"en-US\"},{\"@type\":\"Person\",\"@id\":\"https:\/\/sulsc.com\/#\/schema\/person\/9d216f8a6bc25b94f6eab5acf83ba9de\",\"name\":\"GeoVis\u00e3o por Ademir Dias\",\"image\":{\"@type\":\"ImageObject\",\"inLanguage\":\"en-US\",\"@id\":\"https:\/\/sulsc.com\/#\/schema\/person\/image\/4bd023fa2091f43aa3f33f8953646246\",\"url\":\"https:\/\/sulsc.com\/wp-content\/uploads\/2023\/11\/Ademir-Dias-1.png\",\"contentUrl\":\"https:\/\/sulsc.com\/wp-content\/uploads\/2023\/11\/Ademir-Dias-1.png\",\"caption\":\"GeoVis\u00e3o por Ademir Dias\"},\"description\":\"Al\u00e9m de pesquisador e analista da pol\u00edtica mundial, Ademir \u00e9 bacharel em Direito e policial penal em Tubar\u00e3o. Tamb\u00e9m atua no campo social. \u00c9 professor de jiu-j\u00edtsu e leciona a arte marcial a crian\u00e7as e adolescentes autistas na Cidade Azul de forma volunt\u00e1ria.\",\"url\":\"https:\/\/sulsc.com\/index.php\/author\/ademir-ademir\/\"}]}<\/script>\n<!-- \/ Yoast SEO plugin. -->","yoast_head_json":{"title":"Filho de cofundador do Hamas deixou grupo terrorista para virar espi\u00e3o de Israel: 'N\u00e3o me senti culpado' -","description":"Esses mesmos milion\u00e1rios, conforme relata Mosab, nunca quiseram de verdade celebrar a paz com Israel, porque, sendo fan\u00e1ticos e aproveitadores, pretendem criar um estado isl\u00e2mico global e levar sua \u201cguerra santa\u201d contra todos os infi\u00e9is, ou seja, todos aqueles que n\u00e3o professam as mesmas ideias de Maom\u00e9. Empatia, compaix\u00e3o e \u00e9tica jamais far\u00e3o parte do vocabul\u00e1rio dos mu\u00e7ulmanos radicais.","robots":{"index":"index","follow":"follow","max-snippet":"max-snippet:-1","max-image-preview":"max-image-preview:large","max-video-preview":"max-video-preview:-1"},"canonical":"https:\/\/sulsc.com\/index.php\/2024\/01\/09\/filho-de-cofundador-do-hamas-deixou-grupo-terrorista-para-virar-espiao-de-israel-nao-me-senti-culpado\/","og_locale":"en_US","og_type":"article","og_title":"Filho de cofundador do Hamas deixou grupo terrorista para virar espi\u00e3o de Israel: 'N\u00e3o me senti culpado' -","og_description":"Esses mesmos milion\u00e1rios, conforme relata Mosab, nunca quiseram de verdade celebrar a paz com Israel, porque, sendo fan\u00e1ticos e aproveitadores, pretendem criar um estado isl\u00e2mico global e levar sua \u201cguerra santa\u201d contra todos os infi\u00e9is, ou seja, todos aqueles que n\u00e3o professam as mesmas ideias de Maom\u00e9. Empatia, compaix\u00e3o e \u00e9tica jamais far\u00e3o parte do vocabul\u00e1rio dos mu\u00e7ulmanos radicais.","og_url":"https:\/\/sulsc.com\/index.php\/2024\/01\/09\/filho-de-cofundador-do-hamas-deixou-grupo-terrorista-para-virar-espiao-de-israel-nao-me-senti-culpado\/","article_published_time":"2024-01-09T13:29:49+00:00","article_modified_time":"2024-01-09T14:17:39+00:00","og_image":[{"width":1080,"height":1080,"url":"http:\/\/sulsc.com\/wp-content\/uploads\/2024\/01\/GeoVisao-por-Ademir-Dias-Portal-1.png","type":"image\/png"}],"author":"GeoVis\u00e3o por Ademir Dias","twitter_card":"summary_large_image","twitter_misc":{"Written by":"GeoVis\u00e3o por Ademir Dias","Est. reading time":"4 minutes"},"schema":{"@context":"https:\/\/schema.org","@graph":[{"@type":"WebPage","@id":"https:\/\/sulsc.com\/index.php\/2024\/01\/09\/filho-de-cofundador-do-hamas-deixou-grupo-terrorista-para-virar-espiao-de-israel-nao-me-senti-culpado\/","url":"https:\/\/sulsc.com\/index.php\/2024\/01\/09\/filho-de-cofundador-do-hamas-deixou-grupo-terrorista-para-virar-espiao-de-israel-nao-me-senti-culpado\/","name":"Filho de cofundador do Hamas deixou grupo terrorista para virar espi\u00e3o de Israel: 'N\u00e3o me senti culpado' -","isPartOf":{"@id":"https:\/\/sulsc.com\/#website"},"datePublished":"2024-01-09T13:29:49+00:00","dateModified":"2024-01-09T14:17:39+00:00","author":{"@id":"https:\/\/sulsc.com\/#\/schema\/person\/9d216f8a6bc25b94f6eab5acf83ba9de"},"description":"Esses mesmos milion\u00e1rios, conforme relata Mosab, nunca quiseram de verdade celebrar a paz com Israel, porque, sendo fan\u00e1ticos e aproveitadores, pretendem criar um estado isl\u00e2mico global e levar sua \u201cguerra santa\u201d contra todos os infi\u00e9is, ou seja, todos aqueles que n\u00e3o professam as mesmas ideias de Maom\u00e9. Empatia, compaix\u00e3o e \u00e9tica jamais far\u00e3o parte do vocabul\u00e1rio dos mu\u00e7ulmanos radicais.","breadcrumb":{"@id":"https:\/\/sulsc.com\/index.php\/2024\/01\/09\/filho-de-cofundador-do-hamas-deixou-grupo-terrorista-para-virar-espiao-de-israel-nao-me-senti-culpado\/#breadcrumb"},"inLanguage":"en-US","potentialAction":[{"@type":"ReadAction","target":["https:\/\/sulsc.com\/index.php\/2024\/01\/09\/filho-de-cofundador-do-hamas-deixou-grupo-terrorista-para-virar-espiao-de-israel-nao-me-senti-culpado\/"]}]},{"@type":"BreadcrumbList","@id":"https:\/\/sulsc.com\/index.php\/2024\/01\/09\/filho-de-cofundador-do-hamas-deixou-grupo-terrorista-para-virar-espiao-de-israel-nao-me-senti-culpado\/#breadcrumb","itemListElement":[{"@type":"ListItem","position":1,"name":"In\u00edcio","item":"https:\/\/sulsc.com\/"},{"@type":"ListItem","position":2,"name":"Filho de cofundador do Hamas deixou grupo terrorista para virar espi\u00e3o de Israel: &#8216;N\u00e3o me senti culpado&#8217;"}]},{"@type":"WebSite","@id":"https:\/\/sulsc.com\/#website","url":"https:\/\/sulsc.com\/","name":"","description":"","potentialAction":[{"@type":"SearchAction","target":{"@type":"EntryPoint","urlTemplate":"https:\/\/sulsc.com\/?s={search_term_string}"},"query-input":"required name=search_term_string"}],"inLanguage":"en-US"},{"@type":"Person","@id":"https:\/\/sulsc.com\/#\/schema\/person\/9d216f8a6bc25b94f6eab5acf83ba9de","name":"GeoVis\u00e3o por Ademir Dias","image":{"@type":"ImageObject","inLanguage":"en-US","@id":"https:\/\/sulsc.com\/#\/schema\/person\/image\/4bd023fa2091f43aa3f33f8953646246","url":"https:\/\/sulsc.com\/wp-content\/uploads\/2023\/11\/Ademir-Dias-1.png","contentUrl":"https:\/\/sulsc.com\/wp-content\/uploads\/2023\/11\/Ademir-Dias-1.png","caption":"GeoVis\u00e3o por Ademir Dias"},"description":"Al\u00e9m de pesquisador e analista da pol\u00edtica mundial, Ademir \u00e9 bacharel em Direito e policial penal em Tubar\u00e3o. Tamb\u00e9m atua no campo social. \u00c9 professor de jiu-j\u00edtsu e leciona a arte marcial a crian\u00e7as e adolescentes autistas na Cidade Azul de forma volunt\u00e1ria.","url":"https:\/\/sulsc.com\/index.php\/author\/ademir-ademir\/"}]}},"authors":[],"_links":{"self":[{"href":"https:\/\/sulsc.com\/index.php\/wp-json\/wp\/v2\/posts\/6687"}],"collection":[{"href":"https:\/\/sulsc.com\/index.php\/wp-json\/wp\/v2\/posts"}],"about":[{"href":"https:\/\/sulsc.com\/index.php\/wp-json\/wp\/v2\/types\/post"}],"author":[{"embeddable":true,"href":"https:\/\/sulsc.com\/index.php\/wp-json\/wp\/v2\/users\/15"}],"replies":[{"embeddable":true,"href":"https:\/\/sulsc.com\/index.php\/wp-json\/wp\/v2\/comments?post=6687"}],"version-history":[{"count":4,"href":"https:\/\/sulsc.com\/index.php\/wp-json\/wp\/v2\/posts\/6687\/revisions"}],"predecessor-version":[{"id":6705,"href":"https:\/\/sulsc.com\/index.php\/wp-json\/wp\/v2\/posts\/6687\/revisions\/6705"}],"wp:featuredmedia":[{"embeddable":true,"href":"https:\/\/sulsc.com\/index.php\/wp-json\/wp\/v2\/media\/6694"}],"wp:attachment":[{"href":"https:\/\/sulsc.com\/index.php\/wp-json\/wp\/v2\/media?parent=6687"}],"wp:term":[{"taxonomy":"category","embeddable":true,"href":"https:\/\/sulsc.com\/index.php\/wp-json\/wp\/v2\/categories?post=6687"},{"taxonomy":"post_tag","embeddable":true,"href":"https:\/\/sulsc.com\/index.php\/wp-json\/wp\/v2\/tags?post=6687"}],"curies":[{"name":"wp","href":"https:\/\/api.w.org\/{rel}","templated":true}]}}