{"id":6713,"date":"2024-01-09T12:40:55","date_gmt":"2024-01-09T15:40:55","guid":{"rendered":"https:\/\/sulsc.com\/?p=6713"},"modified":"2024-01-09T12:41:08","modified_gmt":"2024-01-09T15:41:08","slug":"baixista-da-banda-ultraje-a-rigor-tem-alta-apos-4-meses-de-internacao","status":"publish","type":"post","link":"https:\/\/sulsc.com\/index.php\/2024\/01\/09\/baixista-da-banda-ultraje-a-rigor-tem-alta-apos-4-meses-de-internacao\/","title":{"rendered":"Baixista da banda Ultraje a Rigor tem alta ap\u00f3s 4 meses de interna\u00e7\u00e3o"},"content":{"rendered":"<div class=\"post-item-wrap\">\n<p>O baixista da banda Ultraje a Rigor, Rinaldo Oliveira Amaral, o Mingau, recebeu alta de interna\u00e7\u00e3o no Hospital S\u00e3o Luiz, da Rede D\u2019Or, na zona sul da capital paulista. Ele ficou internado por quatro meses, ap\u00f3s ter sido baleado na cabe\u00e7a, em Paraty (RJ), no dia 2 de setembro de 2023.<img decoding=\"async\" src=\"https:\/\/agenciabrasil.ebc.com.br\/ebc.png?id=1575745&amp;o=node\" \/><img decoding=\"async\" src=\"https:\/\/agenciabrasil.ebc.com.br\/ebc.gif?id=1575745&amp;o=node\" \/><\/p>\n<p>Ap\u00f3s receber os primeiros atendimentos no local, ele foi transferido para o hospital paulistano. No S\u00e3o Luiz, passou por tr\u00eas cirurgias e tratou de uma infec\u00e7\u00e3o. De acordo com nota divulgada pelo hospital, o paciente \u201creuniu condi\u00e7\u00f5es de alta com seguran\u00e7a\u201d e seguir\u00e1 o tratamento para reabilita\u00e7\u00e3o em uma cl\u00ednica.<\/p>\n<p>Ainda de acordo como o comunicado do hospital, Mingau n\u00e3o est\u00e1 mais sedado. respira espontaneamente e tem \u201cboa evolu\u00e7\u00e3o do quadro neurol\u00f3gico\u201d. Os dois suspeitos de envolvimento na a\u00e7\u00e3o que feriu o m\u00fasico foram presos.<\/p>\n<p><img fetchpriority=\"high\" decoding=\"async\" class=\"alignnone size-large wp-image-6718\" src=\"http:\/\/sulsc.com\/wp-content\/uploads\/2024\/01\/Baixista-da-banda-Ultraje-a-Rigor-tem-alta-apos-4-meses-de-internacao-1024x613.webp\" alt=\"\" width=\"1024\" height=\"613\" srcset=\"https:\/\/sulsc.com\/wp-content\/uploads\/2024\/01\/Baixista-da-banda-Ultraje-a-Rigor-tem-alta-apos-4-meses-de-internacao-1024x613.webp 1024w, https:\/\/sulsc.com\/wp-content\/uploads\/2024\/01\/Baixista-da-banda-Ultraje-a-Rigor-tem-alta-apos-4-meses-de-internacao-300x179.webp 300w, https:\/\/sulsc.com\/wp-content\/uploads\/2024\/01\/Baixista-da-banda-Ultraje-a-Rigor-tem-alta-apos-4-meses-de-internacao-768x459.webp 768w, https:\/\/sulsc.com\/wp-content\/uploads\/2024\/01\/Baixista-da-banda-Ultraje-a-Rigor-tem-alta-apos-4-meses-de-internacao.webp 1170w\" sizes=\"(max-width: 1024px) 100vw, 1024px\" \/><\/p>\n<\/div>\n","protected":false},"excerpt":{"rendered":"<p>O baixista da banda Ultraje a Rigor, Rinaldo Oliveira Amaral, o Mingau, recebeu alta de interna\u00e7\u00e3o no Hospital S\u00e3o Luiz, da Rede D\u2019Or, na zona sul da capital paulista. Ele ficou internado por quatro meses, ap\u00f3s ter sido baleado na cabe\u00e7a, em Paraty (RJ), no dia 2 de setembro de 2023. Ap\u00f3s receber os primeiros &hellip;<\/p>\n<p class=\"read-more\"> <a class=\"\" href=\"https:\/\/sulsc.com\/index.php\/2024\/01\/09\/baixista-da-banda-ultraje-a-rigor-tem-alta-apos-4-meses-de-internacao\/\"> <span class=\"screen-reader-text\">Baixista da banda Ultraje a Rigor tem alta ap\u00f3s 4 meses de interna\u00e7\u00e3o<\/span> Read More &raquo;<\/a><\/p>\n","protected":false},"author":3,"featured_media":6718,"comment_status":"open","ping_status":"open","sticky":false,"template":"","format":"standard","meta":{"site-sidebar-layout":"default","site-content-layout":"","ast-site-content-layout":"default","site-content-style":"default","site-sidebar-style":"default","ast-global-header-display":"","ast-banner-title-visibility":"","ast-main-header-display":"","ast-hfb-above-header-display":"","ast-hfb-below-header-display":"","ast-hfb-mobile-header-display":"","site-post-title":"","ast-breadcrumbs-content":"","ast-featured-img":"","footer-sml-layout":"","theme-transparent-header-meta":"default","adv-header-id-meta":"","stick-header-meta":"","header-above-stick-meta":"","header-main-stick-meta":"","header-below-stick-meta":"","astra-migrate-meta-layouts":"set","footnotes":""},"categories":[1],"tags":[],"yoast_head":"<!-- This site is optimized with the Yoast SEO plugin v21.4 - https:\/\/yoast.com\/wordpress\/plugins\/seo\/ -->\n<title>Baixista da banda Ultraje a Rigor tem alta ap\u00f3s 4 meses de interna\u00e7\u00e3o -<\/title>\n<meta name=\"description\" content=\"Mingau foi baleado na cabe\u00e7a em Paraty em setembro de 2023. Depois, passou por tr\u00eas cirurgias e tratou de uma infec\u00e7\u00e3o\" \/>\n<meta name=\"robots\" content=\"index, follow, max-snippet:-1, max-image-preview:large, max-video-preview:-1\" \/>\n<link rel=\"canonical\" href=\"https:\/\/sulsc.com\/index.php\/2024\/01\/09\/baixista-da-banda-ultraje-a-rigor-tem-alta-apos-4-meses-de-internacao\/\" \/>\n<meta property=\"og:locale\" content=\"en_US\" \/>\n<meta property=\"og:type\" content=\"article\" \/>\n<meta property=\"og:title\" content=\"Baixista da banda Ultraje a Rigor tem alta ap\u00f3s 4 meses de interna\u00e7\u00e3o -\" \/>\n<meta property=\"og:description\" content=\"Mingau foi baleado na cabe\u00e7a em Paraty em setembro de 2023. Depois, passou por tr\u00eas cirurgias e tratou de uma infec\u00e7\u00e3o\" \/>\n<meta property=\"og:url\" content=\"https:\/\/sulsc.com\/index.php\/2024\/01\/09\/baixista-da-banda-ultraje-a-rigor-tem-alta-apos-4-meses-de-internacao\/\" \/>\n<meta property=\"article:author\" content=\"https:\/\/www.facebook.com\/profile.php?id=61559278119680\" \/>\n<meta property=\"article:published_time\" content=\"2024-01-09T15:40:55+00:00\" \/>\n<meta property=\"article:modified_time\" content=\"2024-01-09T15:41:08+00:00\" \/>\n<meta property=\"og:image\" content=\"http:\/\/sulsc.com\/wp-content\/uploads\/2024\/01\/Baixista-da-banda-Ultraje-a-Rigor-tem-alta-apos-4-meses-de-internacao.webp\" \/>\n\t<meta property=\"og:image:width\" content=\"1170\" \/>\n\t<meta property=\"og:image:height\" content=\"700\" \/>\n\t<meta property=\"og:image:type\" content=\"image\/webp\" \/>\n<meta name=\"author\" content=\"Reda\u00e7\u00e3o Sul SC\" \/>\n<meta name=\"twitter:card\" content=\"summary_large_image\" \/>\n<meta name=\"twitter:creator\" content=\"@https:\/\/twitter.com\/PortalSulSC\" \/>\n<meta name=\"twitter:label1\" content=\"Written by\" \/>\n\t<meta name=\"twitter:data1\" content=\"Reda\u00e7\u00e3o Sul SC\" \/>\n\t<meta name=\"twitter:label2\" content=\"Est. reading time\" \/>\n\t<meta name=\"twitter:data2\" content=\"2 minutes\" \/>\n<script type=\"application\/ld+json\" class=\"yoast-schema-graph\">{\"@context\":\"https:\/\/schema.org\",\"@graph\":[{\"@type\":\"WebPage\",\"@id\":\"https:\/\/sulsc.com\/index.php\/2024\/01\/09\/baixista-da-banda-ultraje-a-rigor-tem-alta-apos-4-meses-de-internacao\/\",\"url\":\"https:\/\/sulsc.com\/index.php\/2024\/01\/09\/baixista-da-banda-ultraje-a-rigor-tem-alta-apos-4-meses-de-internacao\/\",\"name\":\"Baixista da banda Ultraje a Rigor tem alta ap\u00f3s 4 meses de interna\u00e7\u00e3o -\",\"isPartOf\":{\"@id\":\"https:\/\/sulsc.com\/#website\"},\"datePublished\":\"2024-01-09T15:40:55+00:00\",\"dateModified\":\"2024-01-09T15:41:08+00:00\",\"author\":{\"@id\":\"https:\/\/sulsc.com\/#\/schema\/person\/84d2fc571684f6248ba83092f07750a3\"},\"description\":\"Mingau foi baleado na cabe\u00e7a em Paraty em setembro de 2023. Depois, passou por tr\u00eas cirurgias e tratou de uma infec\u00e7\u00e3o\",\"breadcrumb\":{\"@id\":\"https:\/\/sulsc.com\/index.php\/2024\/01\/09\/baixista-da-banda-ultraje-a-rigor-tem-alta-apos-4-meses-de-internacao\/#breadcrumb\"},\"inLanguage\":\"en-US\",\"potentialAction\":[{\"@type\":\"ReadAction\",\"target\":[\"https:\/\/sulsc.com\/index.php\/2024\/01\/09\/baixista-da-banda-ultraje-a-rigor-tem-alta-apos-4-meses-de-internacao\/\"]}]},{\"@type\":\"BreadcrumbList\",\"@id\":\"https:\/\/sulsc.com\/index.php\/2024\/01\/09\/baixista-da-banda-ultraje-a-rigor-tem-alta-apos-4-meses-de-internacao\/#breadcrumb\",\"itemListElement\":[{\"@type\":\"ListItem\",\"position\":1,\"name\":\"In\u00edcio\",\"item\":\"https:\/\/sulsc.com\/\"},{\"@type\":\"ListItem\",\"position\":2,\"name\":\"Baixista da banda Ultraje a Rigor tem alta ap\u00f3s 4 meses de interna\u00e7\u00e3o\"}]},{\"@type\":\"WebSite\",\"@id\":\"https:\/\/sulsc.com\/#website\",\"url\":\"https:\/\/sulsc.com\/\",\"name\":\"\",\"description\":\"\",\"potentialAction\":[{\"@type\":\"SearchAction\",\"target\":{\"@type\":\"EntryPoint\",\"urlTemplate\":\"https:\/\/sulsc.com\/?s={search_term_string}\"},\"query-input\":\"required name=search_term_string\"}],\"inLanguage\":\"en-US\"},{\"@type\":\"Person\",\"@id\":\"https:\/\/sulsc.com\/#\/schema\/person\/84d2fc571684f6248ba83092f07750a3\",\"name\":\"Reda\u00e7\u00e3o Sul SC\",\"image\":{\"@type\":\"ImageObject\",\"inLanguage\":\"en-US\",\"@id\":\"https:\/\/sulsc.com\/#\/schema\/person\/image\/e08d7fe2cc4ed596372063bbe852b8d0\",\"url\":\"https:\/\/sulsc.com\/wp-content\/uploads\/2023\/09\/redacao.png\",\"contentUrl\":\"https:\/\/sulsc.com\/wp-content\/uploads\/2023\/09\/redacao.png\",\"caption\":\"Reda\u00e7\u00e3o Sul SC\"},\"description\":\"Foco em um jornalismo imparcial, voltado \u00e0 qualidade dos seus conte\u00fados e, assim, levar informa\u00e7\u00e3o de valor que agregue \u00e0 vida dos leitores. Esta \u00e9 grande miss\u00e3o do Portal de Not\u00edcias Sul SC. N\u00e3o \u00e9 quantidade que muda o mundo, sempre foi e seguir\u00e1 sendo qualidade!\",\"sameAs\":[\"https:\/\/sulsc.com\/\",\"https:\/\/www.facebook.com\/profile.php?id=61559278119680\",\"https:\/\/www.instagram.com\/sulscportal\/?hl=pt-br\",\"https:\/\/twitter.com\/https:\/\/twitter.com\/PortalSulSC\",\"https:\/\/www.youtube.com\/channel\/UCv_BE8GeySluDov2n8qhVmw\"],\"url\":\"https:\/\/sulsc.com\/index.php\/author\/redacao\/\"}]}<\/script>\n<!-- \/ Yoast SEO plugin. -->","yoast_head_json":{"title":"Baixista da banda Ultraje a Rigor tem alta ap\u00f3s 4 meses de interna\u00e7\u00e3o -","description":"Mingau foi baleado na cabe\u00e7a em Paraty em setembro de 2023. Depois, passou por tr\u00eas cirurgias e tratou de uma infec\u00e7\u00e3o","robots":{"index":"index","follow":"follow","max-snippet":"max-snippet:-1","max-image-preview":"max-image-preview:large","max-video-preview":"max-video-preview:-1"},"canonical":"https:\/\/sulsc.com\/index.php\/2024\/01\/09\/baixista-da-banda-ultraje-a-rigor-tem-alta-apos-4-meses-de-internacao\/","og_locale":"en_US","og_type":"article","og_title":"Baixista da banda Ultraje a Rigor tem alta ap\u00f3s 4 meses de interna\u00e7\u00e3o -","og_description":"Mingau foi baleado na cabe\u00e7a em Paraty em setembro de 2023. Depois, passou por tr\u00eas cirurgias e tratou de uma infec\u00e7\u00e3o","og_url":"https:\/\/sulsc.com\/index.php\/2024\/01\/09\/baixista-da-banda-ultraje-a-rigor-tem-alta-apos-4-meses-de-internacao\/","article_author":"https:\/\/www.facebook.com\/profile.php?id=61559278119680","article_published_time":"2024-01-09T15:40:55+00:00","article_modified_time":"2024-01-09T15:41:08+00:00","og_image":[{"width":1170,"height":700,"url":"http:\/\/sulsc.com\/wp-content\/uploads\/2024\/01\/Baixista-da-banda-Ultraje-a-Rigor-tem-alta-apos-4-meses-de-internacao.webp","type":"image\/webp"}],"author":"Reda\u00e7\u00e3o Sul SC","twitter_card":"summary_large_image","twitter_creator":"@https:\/\/twitter.com\/PortalSulSC","twitter_misc":{"Written by":"Reda\u00e7\u00e3o Sul SC","Est. reading time":"2 minutes"},"schema":{"@context":"https:\/\/schema.org","@graph":[{"@type":"WebPage","@id":"https:\/\/sulsc.com\/index.php\/2024\/01\/09\/baixista-da-banda-ultraje-a-rigor-tem-alta-apos-4-meses-de-internacao\/","url":"https:\/\/sulsc.com\/index.php\/2024\/01\/09\/baixista-da-banda-ultraje-a-rigor-tem-alta-apos-4-meses-de-internacao\/","name":"Baixista da banda Ultraje a Rigor tem alta ap\u00f3s 4 meses de interna\u00e7\u00e3o -","isPartOf":{"@id":"https:\/\/sulsc.com\/#website"},"datePublished":"2024-01-09T15:40:55+00:00","dateModified":"2024-01-09T15:41:08+00:00","author":{"@id":"https:\/\/sulsc.com\/#\/schema\/person\/84d2fc571684f6248ba83092f07750a3"},"description":"Mingau foi baleado na cabe\u00e7a em Paraty em setembro de 2023. Depois, passou por tr\u00eas cirurgias e tratou de uma infec\u00e7\u00e3o","breadcrumb":{"@id":"https:\/\/sulsc.com\/index.php\/2024\/01\/09\/baixista-da-banda-ultraje-a-rigor-tem-alta-apos-4-meses-de-internacao\/#breadcrumb"},"inLanguage":"en-US","potentialAction":[{"@type":"ReadAction","target":["https:\/\/sulsc.com\/index.php\/2024\/01\/09\/baixista-da-banda-ultraje-a-rigor-tem-alta-apos-4-meses-de-internacao\/"]}]},{"@type":"BreadcrumbList","@id":"https:\/\/sulsc.com\/index.php\/2024\/01\/09\/baixista-da-banda-ultraje-a-rigor-tem-alta-apos-4-meses-de-internacao\/#breadcrumb","itemListElement":[{"@type":"ListItem","position":1,"name":"In\u00edcio","item":"https:\/\/sulsc.com\/"},{"@type":"ListItem","position":2,"name":"Baixista da banda Ultraje a Rigor tem alta ap\u00f3s 4 meses de interna\u00e7\u00e3o"}]},{"@type":"WebSite","@id":"https:\/\/sulsc.com\/#website","url":"https:\/\/sulsc.com\/","name":"","description":"","potentialAction":[{"@type":"SearchAction","target":{"@type":"EntryPoint","urlTemplate":"https:\/\/sulsc.com\/?s={search_term_string}"},"query-input":"required name=search_term_string"}],"inLanguage":"en-US"},{"@type":"Person","@id":"https:\/\/sulsc.com\/#\/schema\/person\/84d2fc571684f6248ba83092f07750a3","name":"Reda\u00e7\u00e3o Sul SC","image":{"@type":"ImageObject","inLanguage":"en-US","@id":"https:\/\/sulsc.com\/#\/schema\/person\/image\/e08d7fe2cc4ed596372063bbe852b8d0","url":"https:\/\/sulsc.com\/wp-content\/uploads\/2023\/09\/redacao.png","contentUrl":"https:\/\/sulsc.com\/wp-content\/uploads\/2023\/09\/redacao.png","caption":"Reda\u00e7\u00e3o Sul SC"},"description":"Foco em um jornalismo imparcial, voltado \u00e0 qualidade dos seus conte\u00fados e, assim, levar informa\u00e7\u00e3o de valor que agregue \u00e0 vida dos leitores. Esta \u00e9 grande miss\u00e3o do Portal de Not\u00edcias Sul SC. N\u00e3o \u00e9 quantidade que muda o mundo, sempre foi e seguir\u00e1 sendo qualidade!","sameAs":["https:\/\/sulsc.com\/","https:\/\/www.facebook.com\/profile.php?id=61559278119680","https:\/\/www.instagram.com\/sulscportal\/?hl=pt-br","https:\/\/twitter.com\/https:\/\/twitter.com\/PortalSulSC","https:\/\/www.youtube.com\/channel\/UCv_BE8GeySluDov2n8qhVmw"],"url":"https:\/\/sulsc.com\/index.php\/author\/redacao\/"}]}},"authors":[],"_links":{"self":[{"href":"https:\/\/sulsc.com\/index.php\/wp-json\/wp\/v2\/posts\/6713"}],"collection":[{"href":"https:\/\/sulsc.com\/index.php\/wp-json\/wp\/v2\/posts"}],"about":[{"href":"https:\/\/sulsc.com\/index.php\/wp-json\/wp\/v2\/types\/post"}],"author":[{"embeddable":true,"href":"https:\/\/sulsc.com\/index.php\/wp-json\/wp\/v2\/users\/3"}],"replies":[{"embeddable":true,"href":"https:\/\/sulsc.com\/index.php\/wp-json\/wp\/v2\/comments?post=6713"}],"version-history":[{"count":1,"href":"https:\/\/sulsc.com\/index.php\/wp-json\/wp\/v2\/posts\/6713\/revisions"}],"predecessor-version":[{"id":6719,"href":"https:\/\/sulsc.com\/index.php\/wp-json\/wp\/v2\/posts\/6713\/revisions\/6719"}],"wp:featuredmedia":[{"embeddable":true,"href":"https:\/\/sulsc.com\/index.php\/wp-json\/wp\/v2\/media\/6718"}],"wp:attachment":[{"href":"https:\/\/sulsc.com\/index.php\/wp-json\/wp\/v2\/media?parent=6713"}],"wp:term":[{"taxonomy":"category","embeddable":true,"href":"https:\/\/sulsc.com\/index.php\/wp-json\/wp\/v2\/categories?post=6713"},{"taxonomy":"post_tag","embeddable":true,"href":"https:\/\/sulsc.com\/index.php\/wp-json\/wp\/v2\/tags?post=6713"}],"curies":[{"name":"wp","href":"https:\/\/api.w.org\/{rel}","templated":true}]}}