{"id":6813,"date":"2024-01-10T19:44:26","date_gmt":"2024-01-10T22:44:26","guid":{"rendered":"https:\/\/sulsc.com\/?p=6813"},"modified":"2024-01-10T19:50:07","modified_gmt":"2024-01-10T22:50:07","slug":"o-bambu-vai-quebrar-mar-abre-ou-nao-moises-aguas-de-marco-didi-trapalhao-jo-joao-beto-que-peninha-e-muito-mais","status":"publish","type":"post","link":"https:\/\/sulsc.com\/index.php\/2024\/01\/10\/o-bambu-vai-quebrar-mar-abre-ou-nao-moises-aguas-de-marco-didi-trapalhao-jo-joao-beto-que-peninha-e-muito-mais\/","title":{"rendered":"O bambu vai quebrar; Mar abre ou n\u00e3o, Mois\u00e9s?; \u00c1guas de mar\u00e7o; Didi trapalh\u00e3o; J\u00f3; Jo\u00e3o; Beto; Que Peninha; e muito mais"},"content":{"rendered":"<figure id=\"attachment_6816\" aria-describedby=\"caption-attachment-6816\" style=\"width: 1600px\" class=\"wp-caption aligncenter\"><img fetchpriority=\"high\" decoding=\"async\" class=\"size-full wp-image-6816\" src=\"http:\/\/sulsc.com\/wp-content\/uploads\/2024\/01\/1a-1.jpg\" alt=\"\" width=\"1600\" height=\"1059\" srcset=\"https:\/\/sulsc.com\/wp-content\/uploads\/2024\/01\/1a-1.jpg 1600w, https:\/\/sulsc.com\/wp-content\/uploads\/2024\/01\/1a-1-300x199.jpg 300w, https:\/\/sulsc.com\/wp-content\/uploads\/2024\/01\/1a-1-1024x678.jpg 1024w, https:\/\/sulsc.com\/wp-content\/uploads\/2024\/01\/1a-1-768x508.jpg 768w, https:\/\/sulsc.com\/wp-content\/uploads\/2024\/01\/1a-1-1536x1017.jpg 1536w\" sizes=\"(max-width: 1600px) 100vw, 1600px\" \/><figcaption id=\"caption-attachment-6816\" class=\"wp-caption-text\">Teve vereador que saiu escoltado pela pol\u00edcia na \u00faltima segunda-feira, em Laguna &#8211; charge e nota 3 (Foto: Liliane Dias\/Sul SC)<\/figcaption><\/figure>\n<p><strong>A taxa do eu sei<\/strong><br \/>\nRumores fortes dentro do pa\u00e7o municipal tubaronense dizem que um certo cargo comissionado teve uma discuss\u00e3o acalorada com o prefeito Jairo Cascaes, ap\u00f3s um pedido seu em favor de uma servidora ser negado pelo chefe do executivo. Fontes muito pr\u00f3ximas ao prefeito relataram que est\u00e3o at\u00e9 agora sem entender por que este cargo comissionado, que entra governo e sai governo continua, quando n\u00e3o no primeiro escal\u00e3o, mas em postos de relev\u00e2ncia, como ger\u00eancia. Pode ser a famosa taxa do eu sei. Ser\u00e1? Agora, o comissionado esquentadinho, segundo as fontes ligadas a este colunista, relataram que um dos motivos do desentendimento com o prefeito n\u00e3o foi somente o seu pedido negado em favor da servidora, mas iniciou quando foi sacado das primeiras fileiras do governo para um departamento onde estaria sem poder e conhecimento das novas diretrizes da administra\u00e7\u00e3o.<\/p>\n<p><strong>Bambu t\u00e1 tremendo <em>(parte 2)<\/em><\/strong><br \/>\nEnquanto na capital energ\u00e9tica algumas pessoas ligadas \u00e0 antiga administra\u00e7\u00e3o do ex-prefeito, Vicente, est\u00e3o tremendo como uma vara verde de bambu em um dia ventoso ao sa\u00edrem na rua, outros ligados ao antigo governo que, por sinal e diga-se de passagem, com poderes muito fortes como o do prefeito \u00e0 \u00e9poca, ou poderes esses muitas vezes de &#8216;prefeito&#8217;, n\u00e3o est\u00e3o tremendo, mas sim se deleitando com churrascadas para um grupo seleto e muito bem fechado de amigos em terras de Anita.<\/p>\n<p><strong>A escolta da vergonha<\/strong><br \/>\nNa \u00faltima sess\u00e3o da C\u00e2mara de Vereadores em Laguna, o edil Ant\u00f4nio de P\u00e1dua Heleodoro de Souza Filho (PL), o Didi, ap\u00f3s um \u00e1udio seu vazar nas redes sociais esculachando os moradores da cidade de Laguna, saiu escoltado por duas viaturas na \u00faltima segunda-feira (8), da Casa do povo lagunense. O que se espanta o porqu\u00ea desse aparato policial todo? Teria essa prote\u00e7\u00e3o n\u00e3o s\u00f3 por ter xingado o povo lagunense ou por que foi um dos que se absteve na vota\u00e7\u00e3o para a instaura\u00e7\u00e3o da CP? Didi foi um dos vereadores que articularam arduamente a tentativa de salvar o prefeito Samir Ahmad de uma suposta organiza\u00e7\u00e3o criminosa cravada hoje nas entranhas da administra\u00e7\u00e3o municipal.<\/p>\n<figure id=\"attachment_6815\" aria-describedby=\"caption-attachment-6815\" style=\"width: 2560px\" class=\"wp-caption aligncenter\"><img decoding=\"async\" class=\"wp-image-6815 size-full\" src=\"http:\/\/sulsc.com\/wp-content\/uploads\/2024\/01\/Charge-Sul-SC-04-scaled.jpg\" alt=\"\" width=\"2560\" height=\"1829\" srcset=\"https:\/\/sulsc.com\/wp-content\/uploads\/2024\/01\/Charge-Sul-SC-04-scaled.jpg 2560w, https:\/\/sulsc.com\/wp-content\/uploads\/2024\/01\/Charge-Sul-SC-04-300x214.jpg 300w, https:\/\/sulsc.com\/wp-content\/uploads\/2024\/01\/Charge-Sul-SC-04-1024x731.jpg 1024w, https:\/\/sulsc.com\/wp-content\/uploads\/2024\/01\/Charge-Sul-SC-04-768x549.jpg 768w, https:\/\/sulsc.com\/wp-content\/uploads\/2024\/01\/Charge-Sul-SC-04-1536x1097.jpg 1536w, https:\/\/sulsc.com\/wp-content\/uploads\/2024\/01\/Charge-Sul-SC-04-2048x1463.jpg 2048w\" sizes=\"(max-width: 2560px) 100vw, 2560px\" \/><figcaption id=\"caption-attachment-6815\" class=\"wp-caption-text\">Cr\u00e9dito de Ed Carlos\/Sul SC<\/figcaption><\/figure>\n<p><strong>Passagem comprada<\/strong><br \/>\nAo ritmo cadenciado e de espera das \u00e1guas de mar\u00e7o, os compassos pol\u00edticos em Tubar\u00e3o alinham-se, indicando que o m\u00eas vindouro trar\u00e1 decis\u00f5es cruciais para o cen\u00e1rio pol\u00edtico local. \u00c9 o fim do caminho para algumas indefini\u00e7\u00f5es que pairam sobre a cidade, especialmente no que diz respeito ao vice-prefeito, Mois\u00e9s Nunes. Num cen\u00e1rio onde o Partido Progressista (PP) j\u00e1 n\u00e3o oferece o solo pol\u00edtico f\u00e9rtil, surge a incerteza sobre o destino pol\u00edtico de Mois\u00e9s. Qual caminho ele escolher\u00e1 diante da falta de sintonia com a poss\u00edvel candidatura majorit\u00e1ria de Gelson Bento, respaldada pelos poss\u00edveis articuladores La\u00e9rcio Menegaz e o ex prefeito, Joares Ponticelli, este \u00faltimo envolto na teia da Opera\u00e7\u00e3o Mensageiro. Dizem que Nunes tem um grupo pr\u00f3ximo a ele tra\u00e7ando estrat\u00e9gias para uma poss\u00edvel composi\u00e7\u00e3o futura. O murm\u00fario dos corredores pol\u00edticos sugere a possibilidade de v\u00ea-lo como vice em uma chapa que se desenha no horizonte. A dan\u00e7a das \u00e1guas de mar\u00e7o, em Tubar\u00e3o, parece ser tamb\u00e9m a dan\u00e7a das defini\u00e7\u00f5es e encaminhamentos pol\u00edticos que moldar\u00e3o o futuro da cidade.<\/p>\n<p><strong>Incertezas no ninho<\/strong><br \/>\n\u00c9 o p\u00e9, \u00e9 o ch\u00e3o, \u00e9 a marcha estradeira, e nesse ritmo caracter\u00edstico paira a d\u00favida sobre os passos que o vereador Denis, do PSDB, ir\u00e1 trilhar. Coment\u00e1rios sussurram que sua sa\u00edda iminente do PSDB \u00e9 quase uma certeza, um movimento que parece n\u00e3o ter retorno. A menos, \u00e9 claro, que ocorra um daqueles movimentos calculados, t\u00edpicos de grupos pol\u00edticos fortes, que poderiam estar a caminho do PSDB, fortalecendo sua posi\u00e7\u00e3o. Denis se encontra em uma encruzilhada, onde sua perman\u00eancia ou sa\u00edda da sigla poder\u00e1 definir seu papel em futuras empreitadas majorit\u00e1rias. O compasso da pol\u00edtica local aguarda para ver qual nota ele escolher\u00e1 tocar nessa sinfonia pol\u00edtica.<\/p>\n<p><strong>O acordo<\/strong><br \/>\nNa mesma sinfonia musical, encontra-se o vereador Dr. Jean, tamb\u00e9m buscando definir seu caminho. Comenta-se que ele est\u00e1 se posicionando no PSD como um poss\u00edvel candidato majorit\u00e1rio, cogitando liderar a chapa dentro do partido ou at\u00e9 mesmo assumir o papel de vice em uma composi\u00e7\u00e3o futura com alguma outra sigla da cidade. Os sussurros pol\u00edticos sugerem a exist\u00eancia de um acordo consolidado dentro do PSD entre o prefeito Jairo Cascaes e Dr. Jean. Se Jairo n\u00e3o lan\u00e7ar sua candidatura, naturalmente, o nome de Dr. Jean ganhar\u00e1 uma for\u00e7a consider\u00e1vel dentro do partido, contando com um grupo robusto para apoi\u00e1-lo. O compasso pol\u00edtico parece estar conduzindo Dr. Jean para um palco de decis\u00f5es importantes.<\/p>\n<p><strong>Rompimento \u00e0 vista<\/strong><br \/>\nNo compasso de espera, Jo\u00e3o Fernandes, ex-vereador, aguarda ansioso pela decis\u00e3o do agora deputado Est\u00eaner Soratto, do PL. Comenta-se nos bastidores que, se Soratto confirmar sua candidatura, Jo\u00e3o Fernandes enfrentar\u00e1 uma decis\u00e3o desafiadora: romper com o grupo do PL em Tubar\u00e3o e encontrar uma sigla, que, segundo informa\u00e7\u00f5es, j\u00e1 existe para apoiar sua candidatura \u00e0 prefeitura. No entanto, n\u00e3o se surpreendam se Jo\u00e3o tiver alguma carta na manga; sua estreita liga\u00e7\u00e3o com o advogado Felipe Mello, filho do governador, pode indicar que ele tem um trunfo guardado na cartola. O enredo pol\u00edtico em Tubar\u00e3o parece estar cheio de suspense e reviravoltas.<\/p>\n<p><strong>Press\u00e3o na casa de m\u00e1quina<\/strong><br \/>\nA movimenta\u00e7\u00e3o no Uni\u00e3o Brasil de Tubar\u00e3o sugere que a candidatura a prefeito de J\u00f3 Kruger de Carvalho est\u00e1 quase certa. Kruger tem percorrido todos os cantos da cidade, evidenciando seu comprometimento com a comunidade. Fontes indicam que o presidente, Fl\u00e1vio Alves, estaria articulando essa candidatura com a seguran\u00e7a de que, com esse movimento, o partido garantiria duas candidaturas a vereador com elei\u00e7\u00e3o praticamente assegurada. Os bastidores pol\u00edticos continuam a fervilhar com estrat\u00e9gias e acordos em busca de fortalecimento.<\/p>\n<p><strong>N\u00e3o tem tu, vai tu mesmo!<\/strong><br \/>\nNa outra extremidade, tamb\u00e9m \u00e9 considerada certa a candidatura de Olavio Falchetti pelo Partido dos Trabalhadores. Olavio tem circulado pela cidade de maneira tranquila, consolidando-se como o nome de consenso dentro do PT. Esse movimento \u00e9 resultado de uma articula\u00e7\u00e3o eficiente liderada pelo presidente do PT, Matheus Madeira. Os preparativos para a corrida eleitoral est\u00e3o em pleno curso, e a presen\u00e7a marcante de Olavio na cena pol\u00edtica local promete intensificar ainda mais o cen\u00e1rio eleitoral.<\/p>\n<p><strong>Acord\u00e3o x Oposi\u00e7\u00e3o<\/strong><br \/>\nNa cidade de S\u00e3o Martinho, a pol\u00edtica est\u00e1 se movimentando intensamente. O prefeito, Robson Jean Back, do MDB, n\u00e3o poder\u00e1 mais concorrer \u00e0 reelei\u00e7\u00e3o. H\u00e1 rumores de um acordo entre MDB e PL, com a possibilidade de o PL encabe\u00e7ar a chapa majorit\u00e1ria. O nome especulado para liderar essa chapa \u00e9 o da vereadora Anelise Wiemes, do PL, e seu poss\u00edvel vice seria o vereador Casc\u00e3o, do MDB. No entanto, h\u00e1 tamb\u00e9m men\u00e7\u00f5es de que o vice-prefeito, Jerry Steiner, poderia ser mantido como uma op\u00e7\u00e3o de vice na chapa, mantendo a coliga\u00e7\u00e3o. Al\u00e9m disso, comenta-se que Jeferson Hemkemeier, do MDB, tamb\u00e9m pode ser uma op\u00e7\u00e3o considerada pelo prefeito Robson na forma\u00e7\u00e3o dessa coliga\u00e7\u00e3o. No grupo de oposi\u00e7\u00e3o ao governo municipal de S\u00e3o Martinho, os nomes de Leonete Back Loffi e Gervasio Back Loffi, ex-prefeitos, surgem como fortes op\u00e7\u00f5es pelo PSD. No entanto, nos bastidores h\u00e1 murm\u00farios sobre o nome de Nelci, ex-secret\u00e1ria na \u00e9poca de Gervasio, que tem ganhado muita for\u00e7a, sendo considerada uma renova\u00e7\u00e3o no grupo. Outro nome que circula com bastante destaque \u00e9 o do vereador Nilmo Bechtold, do Podemos, conhecido por sua expressiva vota\u00e7\u00e3o e habilidade articulat\u00f3ria. Parece que os pr\u00f3ximos meses reservam surpresas e movimenta\u00e7\u00f5es intensas na pol\u00edtica de S\u00e3o Martinho.<\/p>\n<p><strong>O retorno<\/strong><br \/>\nNo munic\u00edpio de Santa Rosa de Lima, nos bastidores, comenta-se sobre o poss\u00edvel retorno do ex-prefeito. Celso Heidemann. pelo Progressistas. Essa movimenta\u00e7\u00e3o sugere a manuten\u00e7\u00e3o do grupo que atualmente comanda a prefeitura, considerando o eficiente trabalho realizado pelo atual prefeito, Salesio Wiemes, e seu vice, Alfonso Kulkamp. Essa parceria mant\u00e9m a coliga\u00e7\u00e3o formada pelo PT, PP, PSD e PSB. Como uma potencial for\u00e7a de oposi\u00e7\u00e3o a esse grupo, surge o nome do empres\u00e1rio Valdir Carvalho, conhecido por sua proximidade com o deputado Volnei Weber. O cen\u00e1rio pol\u00edtico em Santa Rosa de Lima parece estar se moldando para poss\u00edveis confrontos e disputas nos pr\u00f3ximos cap\u00edtulos.<\/p>\n<p><strong>Fim de cena para Peninha<\/strong><br \/>\nEm Imbituba, como mencionei na semana passada, Beto Martins j\u00e1 come\u00e7ou a dar as cartas e articular. Pudemos observar, em uma entrevista na R\u00e1dio Difusora, que Cristiano Lopes se colocou \u00e0 disposi\u00e7\u00e3o como pr\u00e9-candidato, mostrando que est\u00e1 entrando no jogo. Com esse movimento, fica cada vez mais evidente que Michel Peninha n\u00e3o decolou e est\u00e3o prontos para retir\u00e1-lo de cena. Dizem que j\u00e1 existe uma articula\u00e7\u00e3o para a ida de Cristiano para o PL, isolando, assim, Michel Peninha, que enfrenta suas dificuldades internas. O jogo est\u00e1 esquentando por l\u00e1. Coment\u00e1rios intensos nos corredores de Imbituba indicam que a decis\u00e3o sobre quem ser\u00e1 o candidato pelo PL ficar\u00e1 para o m\u00eas de maio, quando os postulante j\u00e1 n\u00e3o poder\u00e3o mais se retirar. Ao que parece, o PL j\u00e1 tem em Peninha uma vaga certa para sua reelei\u00e7\u00e3o na C\u00e2mara de Vereadores. O cen\u00e1rio pol\u00edtico na cidade promete emo\u00e7\u00f5es e reviravoltas nos pr\u00f3ximos meses.<\/p>\n<p><strong>Corre \u00e0 Boca Pequena:<\/strong> Que o slogan de Jo\u00e3o Fernandes dentro do PL tubaronense ser\u00e1: Ou vai, ou racha!<\/p>\n<figure id=\"attachment_6373\" aria-describedby=\"caption-attachment-6373\" style=\"width: 1002px\" class=\"wp-caption alignleft\"><img decoding=\"async\" class=\"size-full wp-image-6373\" src=\"http:\/\/sulsc.com\/wp-content\/uploads\/2024\/01\/Grupo-SulSC-Verao.png\" alt=\"\" width=\"1002\" height=\"187\" srcset=\"https:\/\/sulsc.com\/wp-content\/uploads\/2024\/01\/Grupo-SulSC-Verao.png 1002w, https:\/\/sulsc.com\/wp-content\/uploads\/2024\/01\/Grupo-SulSC-Verao-300x56.png 300w, https:\/\/sulsc.com\/wp-content\/uploads\/2024\/01\/Grupo-SulSC-Verao-768x143.png 768w\" sizes=\"(max-width: 1002px) 100vw, 1002px\" \/><figcaption id=\"caption-attachment-6373\" class=\"wp-caption-text\"><a href=\"https:\/\/sulscfm.com\/\">https:\/\/sulscfm.com\/<\/a><\/figcaption><\/figure>\n","protected":false},"excerpt":{"rendered":"<p>A taxa do eu sei Rumores fortes dentro do pa\u00e7o municipal tubaronense dizem que um certo cargo comissionado teve uma discuss\u00e3o acalorada com o prefeito Jairo Cascaes, ap\u00f3s um pedido seu em favor de uma servidora ser negado pelo chefe do executivo. Fontes muito pr\u00f3ximas ao prefeito relataram que est\u00e3o at\u00e9 agora sem entender por &hellip;<\/p>\n<p class=\"read-more\"> <a class=\"\" href=\"https:\/\/sulsc.com\/index.php\/2024\/01\/10\/o-bambu-vai-quebrar-mar-abre-ou-nao-moises-aguas-de-marco-didi-trapalhao-jo-joao-beto-que-peninha-e-muito-mais\/\"> <span class=\"screen-reader-text\">O bambu vai quebrar; Mar abre ou n\u00e3o, Mois\u00e9s?; \u00c1guas de mar\u00e7o; Didi trapalh\u00e3o; J\u00f3; Jo\u00e3o; Beto; Que Peninha; e muito mais<\/span> Read More &raquo;<\/a><\/p>\n","protected":false},"author":3,"featured_media":6817,"comment_status":"open","ping_status":"open","sticky":false,"template":"","format":"standard","meta":{"site-sidebar-layout":"default","site-content-layout":"","ast-site-content-layout":"default","site-content-style":"default","site-sidebar-style":"default","ast-global-header-display":"","ast-banner-title-visibility":"","ast-main-header-display":"","ast-hfb-above-header-display":"","ast-hfb-below-header-display":"","ast-hfb-mobile-header-display":"","site-post-title":"","ast-breadcrumbs-content":"","ast-featured-img":"","footer-sml-layout":"","theme-transparent-header-meta":"default","adv-header-id-meta":"","stick-header-meta":"","header-above-stick-meta":"","header-main-stick-meta":"","header-below-stick-meta":"","astra-migrate-meta-layouts":"set","footnotes":""},"categories":[13],"tags":[172,62,63,88],"yoast_head":"<!-- This site is optimized with the Yoast SEO plugin v21.4 - https:\/\/yoast.com\/wordpress\/plugins\/seo\/ -->\n<title>O bambu vai quebrar; Mar abre ou n\u00e3o, Mois\u00e9s?; \u00c1guas de mar\u00e7o; Didi trapalh\u00e3o; J\u00f3; Jo\u00e3o; Beto; Que Peninha; e muito mais -<\/title>\n<meta name=\"description\" content=\"A dan\u00e7a das \u00e1guas de mar\u00e7o, em Tubar\u00e3o, parece ser tamb\u00e9m a dan\u00e7a das defini\u00e7\u00f5es e encaminhamentos pol\u00edticos que moldar\u00e3o o futuro da cidade\" \/>\n<meta name=\"robots\" content=\"index, follow, max-snippet:-1, max-image-preview:large, max-video-preview:-1\" \/>\n<link rel=\"canonical\" href=\"https:\/\/sulsc.com\/index.php\/2024\/01\/10\/o-bambu-vai-quebrar-mar-abre-ou-nao-moises-aguas-de-marco-didi-trapalhao-jo-joao-beto-que-peninha-e-muito-mais\/\" \/>\n<meta property=\"og:locale\" content=\"en_US\" \/>\n<meta property=\"og:type\" content=\"article\" \/>\n<meta property=\"og:title\" content=\"O bambu vai quebrar; Mar abre ou n\u00e3o, Mois\u00e9s?; \u00c1guas de mar\u00e7o; Didi trapalh\u00e3o; J\u00f3; Jo\u00e3o; Beto; Que Peninha; e muito mais -\" \/>\n<meta property=\"og:description\" content=\"A dan\u00e7a das \u00e1guas de mar\u00e7o, em Tubar\u00e3o, parece ser tamb\u00e9m a dan\u00e7a das defini\u00e7\u00f5es e encaminhamentos pol\u00edticos que moldar\u00e3o o futuro da cidade\" \/>\n<meta property=\"og:url\" content=\"https:\/\/sulsc.com\/index.php\/2024\/01\/10\/o-bambu-vai-quebrar-mar-abre-ou-nao-moises-aguas-de-marco-didi-trapalhao-jo-joao-beto-que-peninha-e-muito-mais\/\" \/>\n<meta property=\"article:author\" content=\"https:\/\/www.facebook.com\/profile.php?id=61559278119680\" \/>\n<meta property=\"article:published_time\" content=\"2024-01-10T22:44:26+00:00\" \/>\n<meta property=\"article:modified_time\" content=\"2024-01-10T22:50:07+00:00\" \/>\n<meta property=\"og:image\" content=\"http:\/\/sulsc.com\/wp-content\/uploads\/2024\/01\/Simples-assim-por-Barnney-Netto-portal-2.png\" \/>\n\t<meta property=\"og:image:width\" content=\"1080\" \/>\n\t<meta property=\"og:image:height\" content=\"1080\" \/>\n\t<meta property=\"og:image:type\" content=\"image\/png\" \/>\n<meta name=\"author\" content=\"Reda\u00e7\u00e3o Sul SC\" \/>\n<meta name=\"twitter:card\" content=\"summary_large_image\" \/>\n<meta name=\"twitter:creator\" content=\"@https:\/\/twitter.com\/PortalSulSC\" \/>\n<meta name=\"twitter:label1\" content=\"Written by\" \/>\n\t<meta name=\"twitter:data1\" content=\"Reda\u00e7\u00e3o Sul SC\" \/>\n\t<meta name=\"twitter:label2\" content=\"Est. reading time\" \/>\n\t<meta name=\"twitter:data2\" content=\"10 minutes\" \/>\n<script type=\"application\/ld+json\" class=\"yoast-schema-graph\">{\"@context\":\"https:\/\/schema.org\",\"@graph\":[{\"@type\":\"WebPage\",\"@id\":\"https:\/\/sulsc.com\/index.php\/2024\/01\/10\/o-bambu-vai-quebrar-mar-abre-ou-nao-moises-aguas-de-marco-didi-trapalhao-jo-joao-beto-que-peninha-e-muito-mais\/\",\"url\":\"https:\/\/sulsc.com\/index.php\/2024\/01\/10\/o-bambu-vai-quebrar-mar-abre-ou-nao-moises-aguas-de-marco-didi-trapalhao-jo-joao-beto-que-peninha-e-muito-mais\/\",\"name\":\"O bambu vai quebrar; Mar abre ou n\u00e3o, Mois\u00e9s?; \u00c1guas de mar\u00e7o; Didi trapalh\u00e3o; J\u00f3; Jo\u00e3o; Beto; Que Peninha; e muito mais -\",\"isPartOf\":{\"@id\":\"https:\/\/sulsc.com\/#website\"},\"datePublished\":\"2024-01-10T22:44:26+00:00\",\"dateModified\":\"2024-01-10T22:50:07+00:00\",\"author\":{\"@id\":\"https:\/\/sulsc.com\/#\/schema\/person\/84d2fc571684f6248ba83092f07750a3\"},\"description\":\"A dan\u00e7a das \u00e1guas de mar\u00e7o, em Tubar\u00e3o, parece ser tamb\u00e9m a dan\u00e7a das defini\u00e7\u00f5es e encaminhamentos pol\u00edticos que moldar\u00e3o o futuro da cidade\",\"breadcrumb\":{\"@id\":\"https:\/\/sulsc.com\/index.php\/2024\/01\/10\/o-bambu-vai-quebrar-mar-abre-ou-nao-moises-aguas-de-marco-didi-trapalhao-jo-joao-beto-que-peninha-e-muito-mais\/#breadcrumb\"},\"inLanguage\":\"en-US\",\"potentialAction\":[{\"@type\":\"ReadAction\",\"target\":[\"https:\/\/sulsc.com\/index.php\/2024\/01\/10\/o-bambu-vai-quebrar-mar-abre-ou-nao-moises-aguas-de-marco-didi-trapalhao-jo-joao-beto-que-peninha-e-muito-mais\/\"]}]},{\"@type\":\"BreadcrumbList\",\"@id\":\"https:\/\/sulsc.com\/index.php\/2024\/01\/10\/o-bambu-vai-quebrar-mar-abre-ou-nao-moises-aguas-de-marco-didi-trapalhao-jo-joao-beto-que-peninha-e-muito-mais\/#breadcrumb\",\"itemListElement\":[{\"@type\":\"ListItem\",\"position\":1,\"name\":\"In\u00edcio\",\"item\":\"https:\/\/sulsc.com\/\"},{\"@type\":\"ListItem\",\"position\":2,\"name\":\"O bambu vai quebrar; Mar abre ou n\u00e3o, Mois\u00e9s?; \u00c1guas de mar\u00e7o; Didi trapalh\u00e3o; J\u00f3; Jo\u00e3o; Beto; Que Peninha; e muito mais\"}]},{\"@type\":\"WebSite\",\"@id\":\"https:\/\/sulsc.com\/#website\",\"url\":\"https:\/\/sulsc.com\/\",\"name\":\"\",\"description\":\"\",\"potentialAction\":[{\"@type\":\"SearchAction\",\"target\":{\"@type\":\"EntryPoint\",\"urlTemplate\":\"https:\/\/sulsc.com\/?s={search_term_string}\"},\"query-input\":\"required name=search_term_string\"}],\"inLanguage\":\"en-US\"},{\"@type\":\"Person\",\"@id\":\"https:\/\/sulsc.com\/#\/schema\/person\/84d2fc571684f6248ba83092f07750a3\",\"name\":\"Reda\u00e7\u00e3o Sul SC\",\"image\":{\"@type\":\"ImageObject\",\"inLanguage\":\"en-US\",\"@id\":\"https:\/\/sulsc.com\/#\/schema\/person\/image\/e08d7fe2cc4ed596372063bbe852b8d0\",\"url\":\"https:\/\/sulsc.com\/wp-content\/uploads\/2023\/09\/redacao.png\",\"contentUrl\":\"https:\/\/sulsc.com\/wp-content\/uploads\/2023\/09\/redacao.png\",\"caption\":\"Reda\u00e7\u00e3o Sul SC\"},\"description\":\"Foco em um jornalismo imparcial, voltado \u00e0 qualidade dos seus conte\u00fados e, assim, levar informa\u00e7\u00e3o de valor que agregue \u00e0 vida dos leitores. Esta \u00e9 grande miss\u00e3o do Portal de Not\u00edcias Sul SC. N\u00e3o \u00e9 quantidade que muda o mundo, sempre foi e seguir\u00e1 sendo qualidade!\",\"sameAs\":[\"https:\/\/sulsc.com\/\",\"https:\/\/www.facebook.com\/profile.php?id=61559278119680\",\"https:\/\/www.instagram.com\/sulscportal\/?hl=pt-br\",\"https:\/\/twitter.com\/https:\/\/twitter.com\/PortalSulSC\",\"https:\/\/www.youtube.com\/channel\/UCv_BE8GeySluDov2n8qhVmw\"],\"url\":\"https:\/\/sulsc.com\/index.php\/author\/redacao\/\"}]}<\/script>\n<!-- \/ Yoast SEO plugin. -->","yoast_head_json":{"title":"O bambu vai quebrar; Mar abre ou n\u00e3o, Mois\u00e9s?; \u00c1guas de mar\u00e7o; Didi trapalh\u00e3o; J\u00f3; Jo\u00e3o; Beto; Que Peninha; e muito mais -","description":"A dan\u00e7a das \u00e1guas de mar\u00e7o, em Tubar\u00e3o, parece ser tamb\u00e9m a dan\u00e7a das defini\u00e7\u00f5es e encaminhamentos pol\u00edticos que moldar\u00e3o o futuro da cidade","robots":{"index":"index","follow":"follow","max-snippet":"max-snippet:-1","max-image-preview":"max-image-preview:large","max-video-preview":"max-video-preview:-1"},"canonical":"https:\/\/sulsc.com\/index.php\/2024\/01\/10\/o-bambu-vai-quebrar-mar-abre-ou-nao-moises-aguas-de-marco-didi-trapalhao-jo-joao-beto-que-peninha-e-muito-mais\/","og_locale":"en_US","og_type":"article","og_title":"O bambu vai quebrar; Mar abre ou n\u00e3o, Mois\u00e9s?; \u00c1guas de mar\u00e7o; Didi trapalh\u00e3o; J\u00f3; Jo\u00e3o; Beto; Que Peninha; e muito mais -","og_description":"A dan\u00e7a das \u00e1guas de mar\u00e7o, em Tubar\u00e3o, parece ser tamb\u00e9m a dan\u00e7a das defini\u00e7\u00f5es e encaminhamentos pol\u00edticos que moldar\u00e3o o futuro da cidade","og_url":"https:\/\/sulsc.com\/index.php\/2024\/01\/10\/o-bambu-vai-quebrar-mar-abre-ou-nao-moises-aguas-de-marco-didi-trapalhao-jo-joao-beto-que-peninha-e-muito-mais\/","article_author":"https:\/\/www.facebook.com\/profile.php?id=61559278119680","article_published_time":"2024-01-10T22:44:26+00:00","article_modified_time":"2024-01-10T22:50:07+00:00","og_image":[{"width":1080,"height":1080,"url":"http:\/\/sulsc.com\/wp-content\/uploads\/2024\/01\/Simples-assim-por-Barnney-Netto-portal-2.png","type":"image\/png"}],"author":"Reda\u00e7\u00e3o Sul SC","twitter_card":"summary_large_image","twitter_creator":"@https:\/\/twitter.com\/PortalSulSC","twitter_misc":{"Written by":"Reda\u00e7\u00e3o Sul SC","Est. reading time":"10 minutes"},"schema":{"@context":"https:\/\/schema.org","@graph":[{"@type":"WebPage","@id":"https:\/\/sulsc.com\/index.php\/2024\/01\/10\/o-bambu-vai-quebrar-mar-abre-ou-nao-moises-aguas-de-marco-didi-trapalhao-jo-joao-beto-que-peninha-e-muito-mais\/","url":"https:\/\/sulsc.com\/index.php\/2024\/01\/10\/o-bambu-vai-quebrar-mar-abre-ou-nao-moises-aguas-de-marco-didi-trapalhao-jo-joao-beto-que-peninha-e-muito-mais\/","name":"O bambu vai quebrar; Mar abre ou n\u00e3o, Mois\u00e9s?; \u00c1guas de mar\u00e7o; Didi trapalh\u00e3o; J\u00f3; Jo\u00e3o; Beto; Que Peninha; e muito mais -","isPartOf":{"@id":"https:\/\/sulsc.com\/#website"},"datePublished":"2024-01-10T22:44:26+00:00","dateModified":"2024-01-10T22:50:07+00:00","author":{"@id":"https:\/\/sulsc.com\/#\/schema\/person\/84d2fc571684f6248ba83092f07750a3"},"description":"A dan\u00e7a das \u00e1guas de mar\u00e7o, em Tubar\u00e3o, parece ser tamb\u00e9m a dan\u00e7a das defini\u00e7\u00f5es e encaminhamentos pol\u00edticos que moldar\u00e3o o futuro da cidade","breadcrumb":{"@id":"https:\/\/sulsc.com\/index.php\/2024\/01\/10\/o-bambu-vai-quebrar-mar-abre-ou-nao-moises-aguas-de-marco-didi-trapalhao-jo-joao-beto-que-peninha-e-muito-mais\/#breadcrumb"},"inLanguage":"en-US","potentialAction":[{"@type":"ReadAction","target":["https:\/\/sulsc.com\/index.php\/2024\/01\/10\/o-bambu-vai-quebrar-mar-abre-ou-nao-moises-aguas-de-marco-didi-trapalhao-jo-joao-beto-que-peninha-e-muito-mais\/"]}]},{"@type":"BreadcrumbList","@id":"https:\/\/sulsc.com\/index.php\/2024\/01\/10\/o-bambu-vai-quebrar-mar-abre-ou-nao-moises-aguas-de-marco-didi-trapalhao-jo-joao-beto-que-peninha-e-muito-mais\/#breadcrumb","itemListElement":[{"@type":"ListItem","position":1,"name":"In\u00edcio","item":"https:\/\/sulsc.com\/"},{"@type":"ListItem","position":2,"name":"O bambu vai quebrar; Mar abre ou n\u00e3o, Mois\u00e9s?; \u00c1guas de mar\u00e7o; Didi trapalh\u00e3o; J\u00f3; Jo\u00e3o; Beto; Que Peninha; e muito mais"}]},{"@type":"WebSite","@id":"https:\/\/sulsc.com\/#website","url":"https:\/\/sulsc.com\/","name":"","description":"","potentialAction":[{"@type":"SearchAction","target":{"@type":"EntryPoint","urlTemplate":"https:\/\/sulsc.com\/?s={search_term_string}"},"query-input":"required name=search_term_string"}],"inLanguage":"en-US"},{"@type":"Person","@id":"https:\/\/sulsc.com\/#\/schema\/person\/84d2fc571684f6248ba83092f07750a3","name":"Reda\u00e7\u00e3o Sul SC","image":{"@type":"ImageObject","inLanguage":"en-US","@id":"https:\/\/sulsc.com\/#\/schema\/person\/image\/e08d7fe2cc4ed596372063bbe852b8d0","url":"https:\/\/sulsc.com\/wp-content\/uploads\/2023\/09\/redacao.png","contentUrl":"https:\/\/sulsc.com\/wp-content\/uploads\/2023\/09\/redacao.png","caption":"Reda\u00e7\u00e3o Sul SC"},"description":"Foco em um jornalismo imparcial, voltado \u00e0 qualidade dos seus conte\u00fados e, assim, levar informa\u00e7\u00e3o de valor que agregue \u00e0 vida dos leitores. Esta \u00e9 grande miss\u00e3o do Portal de Not\u00edcias Sul SC. N\u00e3o \u00e9 quantidade que muda o mundo, sempre foi e seguir\u00e1 sendo qualidade!","sameAs":["https:\/\/sulsc.com\/","https:\/\/www.facebook.com\/profile.php?id=61559278119680","https:\/\/www.instagram.com\/sulscportal\/?hl=pt-br","https:\/\/twitter.com\/https:\/\/twitter.com\/PortalSulSC","https:\/\/www.youtube.com\/channel\/UCv_BE8GeySluDov2n8qhVmw"],"url":"https:\/\/sulsc.com\/index.php\/author\/redacao\/"}]}},"authors":[],"_links":{"self":[{"href":"https:\/\/sulsc.com\/index.php\/wp-json\/wp\/v2\/posts\/6813"}],"collection":[{"href":"https:\/\/sulsc.com\/index.php\/wp-json\/wp\/v2\/posts"}],"about":[{"href":"https:\/\/sulsc.com\/index.php\/wp-json\/wp\/v2\/types\/post"}],"author":[{"embeddable":true,"href":"https:\/\/sulsc.com\/index.php\/wp-json\/wp\/v2\/users\/3"}],"replies":[{"embeddable":true,"href":"https:\/\/sulsc.com\/index.php\/wp-json\/wp\/v2\/comments?post=6813"}],"version-history":[{"count":1,"href":"https:\/\/sulsc.com\/index.php\/wp-json\/wp\/v2\/posts\/6813\/revisions"}],"predecessor-version":[{"id":6818,"href":"https:\/\/sulsc.com\/index.php\/wp-json\/wp\/v2\/posts\/6813\/revisions\/6818"}],"wp:featuredmedia":[{"embeddable":true,"href":"https:\/\/sulsc.com\/index.php\/wp-json\/wp\/v2\/media\/6817"}],"wp:attachment":[{"href":"https:\/\/sulsc.com\/index.php\/wp-json\/wp\/v2\/media?parent=6813"}],"wp:term":[{"taxonomy":"category","embeddable":true,"href":"https:\/\/sulsc.com\/index.php\/wp-json\/wp\/v2\/categories?post=6813"},{"taxonomy":"post_tag","embeddable":true,"href":"https:\/\/sulsc.com\/index.php\/wp-json\/wp\/v2\/tags?post=6813"}],"curies":[{"name":"wp","href":"https:\/\/api.w.org\/{rel}","templated":true}]}}