{"id":6892,"date":"2024-01-12T08:54:03","date_gmt":"2024-01-12T11:54:03","guid":{"rendered":"https:\/\/sulsc.com\/?p=6892"},"modified":"2024-01-12T08:54:03","modified_gmt":"2024-01-12T11:54:03","slug":"200-toneladas-de-lixo-eletronico-foram-recicladas-em-11-anos-pela-cdl-de-tb","status":"publish","type":"post","link":"https:\/\/sulsc.com\/index.php\/2024\/01\/12\/200-toneladas-de-lixo-eletronico-foram-recicladas-em-11-anos-pela-cdl-de-tb\/","title":{"rendered":"200 toneladas de lixo eletr\u00f4nico foram recicladas em 11 anos pela CDL de TB"},"content":{"rendered":"<figure id=\"attachment_6895\" aria-describedby=\"caption-attachment-6895\" style=\"width: 1600px\" class=\"wp-caption aligncenter\"><img fetchpriority=\"high\" decoding=\"async\" class=\"wp-image-6895 size-full\" src=\"http:\/\/sulsc.com\/wp-content\/uploads\/2024\/01\/2-8.jpg\" alt=\"Foto: Priscila Loch\/CDL\/Sul SC\" width=\"1600\" height=\"1120\" srcset=\"https:\/\/sulsc.com\/wp-content\/uploads\/2024\/01\/2-8.jpg 1600w, https:\/\/sulsc.com\/wp-content\/uploads\/2024\/01\/2-8-300x210.jpg 300w, https:\/\/sulsc.com\/wp-content\/uploads\/2024\/01\/2-8-1024x717.jpg 1024w, https:\/\/sulsc.com\/wp-content\/uploads\/2024\/01\/2-8-768x538.jpg 768w, https:\/\/sulsc.com\/wp-content\/uploads\/2024\/01\/2-8-1536x1075.jpg 1536w\" sizes=\"(max-width: 1600px) 100vw, 1600px\" \/><figcaption id=\"caption-attachment-6895\" class=\"wp-caption-text\">Foto: Priscila Loch\/CDL\/Sul SC<\/figcaption><\/figure>\n<p>Desenvolvido h\u00e1 11 anos, o Projeto Recicla CDL j\u00e1 recolheu mais de 200 toneladas de lixo eletr\u00f4nico em <strong>Tubar\u00e3o<\/strong>. A m\u00e9dia \u00e9 de 20 mil quilos coletados por ano durante as edi\u00e7\u00f5es do Dia D.<\/p>\n<p>Mar\u00e7o e abril normalmente s\u00e3o os meses com maior quantidade recolhida. Isso porque n\u00e3o h\u00e1 coleta em janeiro e fevereiro, per\u00edodo em que o Dia D est\u00e1 de recesso em raz\u00e3o da alta temporada de ver\u00e3o.<\/p>\n<p>O recebimento de celulares, computadores, micro-ondas, televisores e outros objetos \u00e9 feito em frente \u00e0 Casa da Cidadania, onde mensalmente \u00e9 montado o QG da empresa parceira da CDL Tubar\u00e3o.<\/p>\n<p>\u201cO Recicla CDL possibilita que a popula\u00e7\u00e3o descarte corretamente objetos e componentes que poderiam causar s\u00e9rios problemas ao meio ambiente. \u00c9 uma iniciativa muito importante que nos orgulha demais por ter sido abra\u00e7ada pelos tubaronenses\u201d, envolve o presidente da CDL Tubar\u00e3o, Fernando Nandi.<\/p>\n<p>A pr\u00f3xima coleta ocorrer\u00e1 em mar\u00e7o, no primeiro ou segundo s\u00e1bado do m\u00eas, durante o Dia D do com\u00e9rcio.<\/p>\n","protected":false},"excerpt":{"rendered":"<p>Desenvolvido h\u00e1 11 anos, o Projeto Recicla CDL j\u00e1 recolheu mais de 200 toneladas de lixo eletr\u00f4nico em Tubar\u00e3o. A m\u00e9dia \u00e9 de 20 mil quilos coletados por ano durante as edi\u00e7\u00f5es do Dia D. Mar\u00e7o e abril normalmente s\u00e3o os meses com maior quantidade recolhida. Isso porque n\u00e3o h\u00e1 coleta em janeiro e fevereiro, &hellip;<\/p>\n<p class=\"read-more\"> <a class=\"\" href=\"https:\/\/sulsc.com\/index.php\/2024\/01\/12\/200-toneladas-de-lixo-eletronico-foram-recicladas-em-11-anos-pela-cdl-de-tb\/\"> <span class=\"screen-reader-text\">200 toneladas de lixo eletr\u00f4nico foram recicladas em 11 anos pela CDL de TB<\/span> Read More &raquo;<\/a><\/p>\n","protected":false},"author":3,"featured_media":6895,"comment_status":"open","ping_status":"open","sticky":false,"template":"","format":"standard","meta":{"site-sidebar-layout":"default","site-content-layout":"","ast-site-content-layout":"default","site-content-style":"default","site-sidebar-style":"default","ast-global-header-display":"","ast-banner-title-visibility":"","ast-main-header-display":"","ast-hfb-above-header-display":"","ast-hfb-below-header-display":"","ast-hfb-mobile-header-display":"","site-post-title":"","ast-breadcrumbs-content":"","ast-featured-img":"","footer-sml-layout":"","theme-transparent-header-meta":"default","adv-header-id-meta":"","stick-header-meta":"","header-above-stick-meta":"","header-main-stick-meta":"","header-below-stick-meta":"","astra-migrate-meta-layouts":"set","footnotes":""},"categories":[17],"tags":[138,755,753,754,72],"yoast_head":"<!-- This site is optimized with the Yoast SEO plugin v21.4 - https:\/\/yoast.com\/wordpress\/plugins\/seo\/ -->\n<title>200 toneladas de lixo eletr\u00f4nico foram recicladas em 11 anos pela CDL de TB -<\/title>\n<meta name=\"description\" content=\"O recebimento de celulares, computadores, micro-ondas, televisores e outros objetos \u00e9 feito em frente \u00e0 Casa da Cidadania\" \/>\n<meta name=\"robots\" content=\"index, follow, max-snippet:-1, max-image-preview:large, max-video-preview:-1\" \/>\n<link rel=\"canonical\" href=\"https:\/\/sulsc.com\/index.php\/2024\/01\/12\/200-toneladas-de-lixo-eletronico-foram-recicladas-em-11-anos-pela-cdl-de-tb\/\" \/>\n<meta property=\"og:locale\" content=\"en_US\" \/>\n<meta property=\"og:type\" content=\"article\" \/>\n<meta property=\"og:title\" content=\"200 toneladas de lixo eletr\u00f4nico foram recicladas em 11 anos pela CDL de TB -\" \/>\n<meta property=\"og:description\" content=\"O recebimento de celulares, computadores, micro-ondas, televisores e outros objetos \u00e9 feito em frente \u00e0 Casa da Cidadania\" \/>\n<meta property=\"og:url\" content=\"https:\/\/sulsc.com\/index.php\/2024\/01\/12\/200-toneladas-de-lixo-eletronico-foram-recicladas-em-11-anos-pela-cdl-de-tb\/\" \/>\n<meta property=\"article:author\" content=\"https:\/\/www.facebook.com\/profile.php?id=61559278119680\" \/>\n<meta property=\"article:published_time\" content=\"2024-01-12T11:54:03+00:00\" \/>\n<meta property=\"og:image\" content=\"http:\/\/sulsc.com\/wp-content\/uploads\/2024\/01\/2-8.jpg\" \/>\n\t<meta property=\"og:image:width\" content=\"1600\" \/>\n\t<meta property=\"og:image:height\" content=\"1120\" \/>\n\t<meta property=\"og:image:type\" content=\"image\/jpeg\" \/>\n<meta name=\"author\" content=\"Reda\u00e7\u00e3o Sul SC\" \/>\n<meta name=\"twitter:card\" content=\"summary_large_image\" \/>\n<meta name=\"twitter:creator\" content=\"@https:\/\/twitter.com\/PortalSulSC\" \/>\n<meta name=\"twitter:label1\" content=\"Written by\" \/>\n\t<meta name=\"twitter:data1\" content=\"Reda\u00e7\u00e3o Sul SC\" \/>\n\t<meta name=\"twitter:label2\" content=\"Est. reading time\" \/>\n\t<meta name=\"twitter:data2\" content=\"2 minutes\" \/>\n<script type=\"application\/ld+json\" class=\"yoast-schema-graph\">{\"@context\":\"https:\/\/schema.org\",\"@graph\":[{\"@type\":\"WebPage\",\"@id\":\"https:\/\/sulsc.com\/index.php\/2024\/01\/12\/200-toneladas-de-lixo-eletronico-foram-recicladas-em-11-anos-pela-cdl-de-tb\/\",\"url\":\"https:\/\/sulsc.com\/index.php\/2024\/01\/12\/200-toneladas-de-lixo-eletronico-foram-recicladas-em-11-anos-pela-cdl-de-tb\/\",\"name\":\"200 toneladas de lixo eletr\u00f4nico foram recicladas em 11 anos pela CDL de TB -\",\"isPartOf\":{\"@id\":\"https:\/\/sulsc.com\/#website\"},\"datePublished\":\"2024-01-12T11:54:03+00:00\",\"dateModified\":\"2024-01-12T11:54:03+00:00\",\"author\":{\"@id\":\"https:\/\/sulsc.com\/#\/schema\/person\/84d2fc571684f6248ba83092f07750a3\"},\"description\":\"O recebimento de celulares, computadores, micro-ondas, televisores e outros objetos \u00e9 feito em frente \u00e0 Casa da Cidadania\",\"breadcrumb\":{\"@id\":\"https:\/\/sulsc.com\/index.php\/2024\/01\/12\/200-toneladas-de-lixo-eletronico-foram-recicladas-em-11-anos-pela-cdl-de-tb\/#breadcrumb\"},\"inLanguage\":\"en-US\",\"potentialAction\":[{\"@type\":\"ReadAction\",\"target\":[\"https:\/\/sulsc.com\/index.php\/2024\/01\/12\/200-toneladas-de-lixo-eletronico-foram-recicladas-em-11-anos-pela-cdl-de-tb\/\"]}]},{\"@type\":\"BreadcrumbList\",\"@id\":\"https:\/\/sulsc.com\/index.php\/2024\/01\/12\/200-toneladas-de-lixo-eletronico-foram-recicladas-em-11-anos-pela-cdl-de-tb\/#breadcrumb\",\"itemListElement\":[{\"@type\":\"ListItem\",\"position\":1,\"name\":\"In\u00edcio\",\"item\":\"https:\/\/sulsc.com\/\"},{\"@type\":\"ListItem\",\"position\":2,\"name\":\"200 toneladas de lixo eletr\u00f4nico foram recicladas em 11 anos pela CDL de TB\"}]},{\"@type\":\"WebSite\",\"@id\":\"https:\/\/sulsc.com\/#website\",\"url\":\"https:\/\/sulsc.com\/\",\"name\":\"\",\"description\":\"\",\"potentialAction\":[{\"@type\":\"SearchAction\",\"target\":{\"@type\":\"EntryPoint\",\"urlTemplate\":\"https:\/\/sulsc.com\/?s={search_term_string}\"},\"query-input\":\"required name=search_term_string\"}],\"inLanguage\":\"en-US\"},{\"@type\":\"Person\",\"@id\":\"https:\/\/sulsc.com\/#\/schema\/person\/84d2fc571684f6248ba83092f07750a3\",\"name\":\"Reda\u00e7\u00e3o Sul SC\",\"image\":{\"@type\":\"ImageObject\",\"inLanguage\":\"en-US\",\"@id\":\"https:\/\/sulsc.com\/#\/schema\/person\/image\/e08d7fe2cc4ed596372063bbe852b8d0\",\"url\":\"https:\/\/sulsc.com\/wp-content\/uploads\/2023\/09\/redacao.png\",\"contentUrl\":\"https:\/\/sulsc.com\/wp-content\/uploads\/2023\/09\/redacao.png\",\"caption\":\"Reda\u00e7\u00e3o Sul SC\"},\"description\":\"Foco em um jornalismo imparcial, voltado \u00e0 qualidade dos seus conte\u00fados e, assim, levar informa\u00e7\u00e3o de valor que agregue \u00e0 vida dos leitores. Esta \u00e9 grande miss\u00e3o do Portal de Not\u00edcias Sul SC. N\u00e3o \u00e9 quantidade que muda o mundo, sempre foi e seguir\u00e1 sendo qualidade!\",\"sameAs\":[\"https:\/\/sulsc.com\/\",\"https:\/\/www.facebook.com\/profile.php?id=61559278119680\",\"https:\/\/www.instagram.com\/sulscportal\/?hl=pt-br\",\"https:\/\/twitter.com\/https:\/\/twitter.com\/PortalSulSC\",\"https:\/\/www.youtube.com\/channel\/UCv_BE8GeySluDov2n8qhVmw\"],\"url\":\"https:\/\/sulsc.com\/index.php\/author\/redacao\/\"}]}<\/script>\n<!-- \/ Yoast SEO plugin. -->","yoast_head_json":{"title":"200 toneladas de lixo eletr\u00f4nico foram recicladas em 11 anos pela CDL de TB -","description":"O recebimento de celulares, computadores, micro-ondas, televisores e outros objetos \u00e9 feito em frente \u00e0 Casa da Cidadania","robots":{"index":"index","follow":"follow","max-snippet":"max-snippet:-1","max-image-preview":"max-image-preview:large","max-video-preview":"max-video-preview:-1"},"canonical":"https:\/\/sulsc.com\/index.php\/2024\/01\/12\/200-toneladas-de-lixo-eletronico-foram-recicladas-em-11-anos-pela-cdl-de-tb\/","og_locale":"en_US","og_type":"article","og_title":"200 toneladas de lixo eletr\u00f4nico foram recicladas em 11 anos pela CDL de TB -","og_description":"O recebimento de celulares, computadores, micro-ondas, televisores e outros objetos \u00e9 feito em frente \u00e0 Casa da Cidadania","og_url":"https:\/\/sulsc.com\/index.php\/2024\/01\/12\/200-toneladas-de-lixo-eletronico-foram-recicladas-em-11-anos-pela-cdl-de-tb\/","article_author":"https:\/\/www.facebook.com\/profile.php?id=61559278119680","article_published_time":"2024-01-12T11:54:03+00:00","og_image":[{"width":1600,"height":1120,"url":"http:\/\/sulsc.com\/wp-content\/uploads\/2024\/01\/2-8.jpg","type":"image\/jpeg"}],"author":"Reda\u00e7\u00e3o Sul SC","twitter_card":"summary_large_image","twitter_creator":"@https:\/\/twitter.com\/PortalSulSC","twitter_misc":{"Written by":"Reda\u00e7\u00e3o Sul SC","Est. reading time":"2 minutes"},"schema":{"@context":"https:\/\/schema.org","@graph":[{"@type":"WebPage","@id":"https:\/\/sulsc.com\/index.php\/2024\/01\/12\/200-toneladas-de-lixo-eletronico-foram-recicladas-em-11-anos-pela-cdl-de-tb\/","url":"https:\/\/sulsc.com\/index.php\/2024\/01\/12\/200-toneladas-de-lixo-eletronico-foram-recicladas-em-11-anos-pela-cdl-de-tb\/","name":"200 toneladas de lixo eletr\u00f4nico foram recicladas em 11 anos pela CDL de TB -","isPartOf":{"@id":"https:\/\/sulsc.com\/#website"},"datePublished":"2024-01-12T11:54:03+00:00","dateModified":"2024-01-12T11:54:03+00:00","author":{"@id":"https:\/\/sulsc.com\/#\/schema\/person\/84d2fc571684f6248ba83092f07750a3"},"description":"O recebimento de celulares, computadores, micro-ondas, televisores e outros objetos \u00e9 feito em frente \u00e0 Casa da Cidadania","breadcrumb":{"@id":"https:\/\/sulsc.com\/index.php\/2024\/01\/12\/200-toneladas-de-lixo-eletronico-foram-recicladas-em-11-anos-pela-cdl-de-tb\/#breadcrumb"},"inLanguage":"en-US","potentialAction":[{"@type":"ReadAction","target":["https:\/\/sulsc.com\/index.php\/2024\/01\/12\/200-toneladas-de-lixo-eletronico-foram-recicladas-em-11-anos-pela-cdl-de-tb\/"]}]},{"@type":"BreadcrumbList","@id":"https:\/\/sulsc.com\/index.php\/2024\/01\/12\/200-toneladas-de-lixo-eletronico-foram-recicladas-em-11-anos-pela-cdl-de-tb\/#breadcrumb","itemListElement":[{"@type":"ListItem","position":1,"name":"In\u00edcio","item":"https:\/\/sulsc.com\/"},{"@type":"ListItem","position":2,"name":"200 toneladas de lixo eletr\u00f4nico foram recicladas em 11 anos pela CDL de TB"}]},{"@type":"WebSite","@id":"https:\/\/sulsc.com\/#website","url":"https:\/\/sulsc.com\/","name":"","description":"","potentialAction":[{"@type":"SearchAction","target":{"@type":"EntryPoint","urlTemplate":"https:\/\/sulsc.com\/?s={search_term_string}"},"query-input":"required name=search_term_string"}],"inLanguage":"en-US"},{"@type":"Person","@id":"https:\/\/sulsc.com\/#\/schema\/person\/84d2fc571684f6248ba83092f07750a3","name":"Reda\u00e7\u00e3o Sul SC","image":{"@type":"ImageObject","inLanguage":"en-US","@id":"https:\/\/sulsc.com\/#\/schema\/person\/image\/e08d7fe2cc4ed596372063bbe852b8d0","url":"https:\/\/sulsc.com\/wp-content\/uploads\/2023\/09\/redacao.png","contentUrl":"https:\/\/sulsc.com\/wp-content\/uploads\/2023\/09\/redacao.png","caption":"Reda\u00e7\u00e3o Sul SC"},"description":"Foco em um jornalismo imparcial, voltado \u00e0 qualidade dos seus conte\u00fados e, assim, levar informa\u00e7\u00e3o de valor que agregue \u00e0 vida dos leitores. Esta \u00e9 grande miss\u00e3o do Portal de Not\u00edcias Sul SC. N\u00e3o \u00e9 quantidade que muda o mundo, sempre foi e seguir\u00e1 sendo qualidade!","sameAs":["https:\/\/sulsc.com\/","https:\/\/www.facebook.com\/profile.php?id=61559278119680","https:\/\/www.instagram.com\/sulscportal\/?hl=pt-br","https:\/\/twitter.com\/https:\/\/twitter.com\/PortalSulSC","https:\/\/www.youtube.com\/channel\/UCv_BE8GeySluDov2n8qhVmw"],"url":"https:\/\/sulsc.com\/index.php\/author\/redacao\/"}]}},"authors":[],"_links":{"self":[{"href":"https:\/\/sulsc.com\/index.php\/wp-json\/wp\/v2\/posts\/6892"}],"collection":[{"href":"https:\/\/sulsc.com\/index.php\/wp-json\/wp\/v2\/posts"}],"about":[{"href":"https:\/\/sulsc.com\/index.php\/wp-json\/wp\/v2\/types\/post"}],"author":[{"embeddable":true,"href":"https:\/\/sulsc.com\/index.php\/wp-json\/wp\/v2\/users\/3"}],"replies":[{"embeddable":true,"href":"https:\/\/sulsc.com\/index.php\/wp-json\/wp\/v2\/comments?post=6892"}],"version-history":[{"count":1,"href":"https:\/\/sulsc.com\/index.php\/wp-json\/wp\/v2\/posts\/6892\/revisions"}],"predecessor-version":[{"id":6896,"href":"https:\/\/sulsc.com\/index.php\/wp-json\/wp\/v2\/posts\/6892\/revisions\/6896"}],"wp:featuredmedia":[{"embeddable":true,"href":"https:\/\/sulsc.com\/index.php\/wp-json\/wp\/v2\/media\/6895"}],"wp:attachment":[{"href":"https:\/\/sulsc.com\/index.php\/wp-json\/wp\/v2\/media?parent=6892"}],"wp:term":[{"taxonomy":"category","embeddable":true,"href":"https:\/\/sulsc.com\/index.php\/wp-json\/wp\/v2\/categories?post=6892"},{"taxonomy":"post_tag","embeddable":true,"href":"https:\/\/sulsc.com\/index.php\/wp-json\/wp\/v2\/tags?post=6892"}],"curies":[{"name":"wp","href":"https:\/\/api.w.org\/{rel}","templated":true}]}}