{"id":6897,"date":"2024-01-12T09:46:22","date_gmt":"2024-01-12T12:46:22","guid":{"rendered":"https:\/\/sulsc.com\/?p=6897"},"modified":"2024-01-12T09:46:22","modified_gmt":"2024-01-12T12:46:22","slug":"equipamentos-de-protecao-sao-dispostos-por-prefeitura-a-pm-de-imbituba","status":"publish","type":"post","link":"https:\/\/sulsc.com\/index.php\/2024\/01\/12\/equipamentos-de-protecao-sao-dispostos-por-prefeitura-a-pm-de-imbituba\/","title":{"rendered":"Equipamentos de prote\u00e7\u00e3o s\u00e3o dispostos por prefeitura \u00e0 PM de Imbituba"},"content":{"rendered":"<figure id=\"attachment_6898\" aria-describedby=\"caption-attachment-6898\" style=\"width: 1024px\" class=\"wp-caption alignleft\"><img fetchpriority=\"high\" decoding=\"async\" class=\"wp-image-6898 size-full\" src=\"http:\/\/sulsc.com\/wp-content\/uploads\/2024\/01\/4-1.jpeg\" alt=\"Foto: Pref. de Imbituba\/Sul SC\" width=\"1024\" height=\"577\" srcset=\"https:\/\/sulsc.com\/wp-content\/uploads\/2024\/01\/4-1.jpeg 1024w, https:\/\/sulsc.com\/wp-content\/uploads\/2024\/01\/4-1-300x169.jpeg 300w, https:\/\/sulsc.com\/wp-content\/uploads\/2024\/01\/4-1-768x433.jpeg 768w\" sizes=\"(max-width: 1024px) 100vw, 1024px\" \/><figcaption id=\"caption-attachment-6898\" class=\"wp-caption-text\">Foto: Pref. de Imbituba\/Sul SC<\/figcaption><\/figure>\n<p>Na tarde de quinta-feira (11), o 34\u00ba Batalh\u00e3o de Pol\u00edcia Militar de <strong>Imbituba<\/strong> promoveu a solenidade do Programa de Participa\u00e7\u00e3o na Escolha de Equipamentos de Prote\u00e7\u00e3o, conhecido como Proteja 34, na C\u00e2mara de Vereadores. Durante o evento, o chefe de Gabinete, Renato Carlos de Figueiredo, representou o prefeito Rosenvaldo da Silva J\u00fanior, enquanto o vice-prefeito, Cl\u00e9sio do Marc\u00e3o, tamb\u00e9m esteve presente.<\/p>\n<p>Os recursos do Programa Proteja-34 resultam de uma parceria entre a Pol\u00edcia Militar e a Prefeitura de Imbituba, com R$ 88 mil provenientes do conv\u00eanio de gest\u00e3o compartilhada. &#8220;Este montante n\u00e3o apenas representa um investimento financeiro, mas tamb\u00e9m reflete o uso consciente e estrat\u00e9gico dos recursos dispon\u00edveis&#8221;, resume Cl\u00e9sio.<\/p>\n<p>De acordo com o comando do 34\u00ba Batalh\u00e3o de Pol\u00edcia Militar, cada colete, coldre, lanterna, fardamento e material de atendimento pr\u00e9-hospitalar (APH) simbolizam a confian\u00e7a da institui\u00e7\u00e3o no profissionalismo e dedica\u00e7\u00e3o daqueles que servem \u00e0 comunidade.<\/p>\n","protected":false},"excerpt":{"rendered":"<p>Na tarde de quinta-feira (11), o 34\u00ba Batalh\u00e3o de Pol\u00edcia Militar de Imbituba promoveu a solenidade do Programa de Participa\u00e7\u00e3o na Escolha de Equipamentos de Prote\u00e7\u00e3o, conhecido como Proteja 34, na C\u00e2mara de Vereadores. Durante o evento, o chefe de Gabinete, Renato Carlos de Figueiredo, representou o prefeito Rosenvaldo da Silva J\u00fanior, enquanto o vice-prefeito, &hellip;<\/p>\n<p class=\"read-more\"> <a class=\"\" href=\"https:\/\/sulsc.com\/index.php\/2024\/01\/12\/equipamentos-de-protecao-sao-dispostos-por-prefeitura-a-pm-de-imbituba\/\"> <span class=\"screen-reader-text\">Equipamentos de prote\u00e7\u00e3o s\u00e3o dispostos por prefeitura \u00e0 PM de Imbituba<\/span> Read More &raquo;<\/a><\/p>\n","protected":false},"author":3,"featured_media":6898,"comment_status":"open","ping_status":"open","sticky":false,"template":"","format":"standard","meta":{"site-sidebar-layout":"default","site-content-layout":"","ast-site-content-layout":"default","site-content-style":"default","site-sidebar-style":"default","ast-global-header-display":"","ast-banner-title-visibility":"","ast-main-header-display":"","ast-hfb-above-header-display":"","ast-hfb-below-header-display":"","ast-hfb-mobile-header-display":"","site-post-title":"","ast-breadcrumbs-content":"","ast-featured-img":"","footer-sml-layout":"","theme-transparent-header-meta":"default","adv-header-id-meta":"","stick-header-meta":"","header-above-stick-meta":"","header-main-stick-meta":"","header-below-stick-meta":"","astra-migrate-meta-layouts":"set","footnotes":""},"categories":[41],"tags":[756,133,93,258],"yoast_head":"<!-- This site is optimized with the Yoast SEO plugin v21.4 - https:\/\/yoast.com\/wordpress\/plugins\/seo\/ -->\n<title>Equipamentos de prote\u00e7\u00e3o s\u00e3o dispostos por prefeitura \u00e0 PM de Imbituba -<\/title>\n<meta name=\"description\" content=\"Os recursos do Programa Proteja-34 resultam de uma parceria entre a Pol\u00edcia Militar e a Prefeitura de Imbituba, com R$ 88 mil provenientes do conv\u00eanio de gest\u00e3o compartilhada.\" \/>\n<meta name=\"robots\" content=\"index, follow, max-snippet:-1, max-image-preview:large, max-video-preview:-1\" \/>\n<link rel=\"canonical\" href=\"https:\/\/sulsc.com\/index.php\/2024\/01\/12\/equipamentos-de-protecao-sao-dispostos-por-prefeitura-a-pm-de-imbituba\/\" \/>\n<meta property=\"og:locale\" content=\"en_US\" \/>\n<meta property=\"og:type\" content=\"article\" \/>\n<meta property=\"og:title\" content=\"Equipamentos de prote\u00e7\u00e3o s\u00e3o dispostos por prefeitura \u00e0 PM de Imbituba -\" \/>\n<meta property=\"og:description\" content=\"Os recursos do Programa Proteja-34 resultam de uma parceria entre a Pol\u00edcia Militar e a Prefeitura de Imbituba, com R$ 88 mil provenientes do conv\u00eanio de gest\u00e3o compartilhada.\" \/>\n<meta property=\"og:url\" content=\"https:\/\/sulsc.com\/index.php\/2024\/01\/12\/equipamentos-de-protecao-sao-dispostos-por-prefeitura-a-pm-de-imbituba\/\" \/>\n<meta property=\"article:author\" content=\"https:\/\/www.facebook.com\/profile.php?id=61559278119680\" \/>\n<meta property=\"article:published_time\" content=\"2024-01-12T12:46:22+00:00\" \/>\n<meta property=\"og:image\" content=\"http:\/\/sulsc.com\/wp-content\/uploads\/2024\/01\/4-1.jpeg\" \/>\n\t<meta property=\"og:image:width\" content=\"1024\" \/>\n\t<meta property=\"og:image:height\" content=\"577\" \/>\n\t<meta property=\"og:image:type\" content=\"image\/jpeg\" \/>\n<meta name=\"author\" content=\"Reda\u00e7\u00e3o Sul SC\" \/>\n<meta name=\"twitter:card\" content=\"summary_large_image\" \/>\n<meta name=\"twitter:creator\" content=\"@https:\/\/twitter.com\/PortalSulSC\" \/>\n<meta name=\"twitter:label1\" content=\"Written by\" \/>\n\t<meta name=\"twitter:data1\" content=\"Reda\u00e7\u00e3o Sul SC\" \/>\n\t<meta name=\"twitter:label2\" content=\"Est. reading time\" \/>\n\t<meta name=\"twitter:data2\" content=\"2 minutes\" \/>\n<script type=\"application\/ld+json\" class=\"yoast-schema-graph\">{\"@context\":\"https:\/\/schema.org\",\"@graph\":[{\"@type\":\"WebPage\",\"@id\":\"https:\/\/sulsc.com\/index.php\/2024\/01\/12\/equipamentos-de-protecao-sao-dispostos-por-prefeitura-a-pm-de-imbituba\/\",\"url\":\"https:\/\/sulsc.com\/index.php\/2024\/01\/12\/equipamentos-de-protecao-sao-dispostos-por-prefeitura-a-pm-de-imbituba\/\",\"name\":\"Equipamentos de prote\u00e7\u00e3o s\u00e3o dispostos por prefeitura \u00e0 PM de Imbituba -\",\"isPartOf\":{\"@id\":\"https:\/\/sulsc.com\/#website\"},\"datePublished\":\"2024-01-12T12:46:22+00:00\",\"dateModified\":\"2024-01-12T12:46:22+00:00\",\"author\":{\"@id\":\"https:\/\/sulsc.com\/#\/schema\/person\/84d2fc571684f6248ba83092f07750a3\"},\"description\":\"Os recursos do Programa Proteja-34 resultam de uma parceria entre a Pol\u00edcia Militar e a Prefeitura de Imbituba, com R$ 88 mil provenientes do conv\u00eanio de gest\u00e3o compartilhada.\",\"breadcrumb\":{\"@id\":\"https:\/\/sulsc.com\/index.php\/2024\/01\/12\/equipamentos-de-protecao-sao-dispostos-por-prefeitura-a-pm-de-imbituba\/#breadcrumb\"},\"inLanguage\":\"en-US\",\"potentialAction\":[{\"@type\":\"ReadAction\",\"target\":[\"https:\/\/sulsc.com\/index.php\/2024\/01\/12\/equipamentos-de-protecao-sao-dispostos-por-prefeitura-a-pm-de-imbituba\/\"]}]},{\"@type\":\"BreadcrumbList\",\"@id\":\"https:\/\/sulsc.com\/index.php\/2024\/01\/12\/equipamentos-de-protecao-sao-dispostos-por-prefeitura-a-pm-de-imbituba\/#breadcrumb\",\"itemListElement\":[{\"@type\":\"ListItem\",\"position\":1,\"name\":\"In\u00edcio\",\"item\":\"https:\/\/sulsc.com\/\"},{\"@type\":\"ListItem\",\"position\":2,\"name\":\"Equipamentos de prote\u00e7\u00e3o s\u00e3o dispostos por prefeitura \u00e0 PM de Imbituba\"}]},{\"@type\":\"WebSite\",\"@id\":\"https:\/\/sulsc.com\/#website\",\"url\":\"https:\/\/sulsc.com\/\",\"name\":\"\",\"description\":\"\",\"potentialAction\":[{\"@type\":\"SearchAction\",\"target\":{\"@type\":\"EntryPoint\",\"urlTemplate\":\"https:\/\/sulsc.com\/?s={search_term_string}\"},\"query-input\":\"required name=search_term_string\"}],\"inLanguage\":\"en-US\"},{\"@type\":\"Person\",\"@id\":\"https:\/\/sulsc.com\/#\/schema\/person\/84d2fc571684f6248ba83092f07750a3\",\"name\":\"Reda\u00e7\u00e3o Sul SC\",\"image\":{\"@type\":\"ImageObject\",\"inLanguage\":\"en-US\",\"@id\":\"https:\/\/sulsc.com\/#\/schema\/person\/image\/e08d7fe2cc4ed596372063bbe852b8d0\",\"url\":\"https:\/\/sulsc.com\/wp-content\/uploads\/2023\/09\/redacao.png\",\"contentUrl\":\"https:\/\/sulsc.com\/wp-content\/uploads\/2023\/09\/redacao.png\",\"caption\":\"Reda\u00e7\u00e3o Sul SC\"},\"description\":\"Foco em um jornalismo imparcial, voltado \u00e0 qualidade dos seus conte\u00fados e, assim, levar informa\u00e7\u00e3o de valor que agregue \u00e0 vida dos leitores. Esta \u00e9 grande miss\u00e3o do Portal de Not\u00edcias Sul SC. N\u00e3o \u00e9 quantidade que muda o mundo, sempre foi e seguir\u00e1 sendo qualidade!\",\"sameAs\":[\"https:\/\/sulsc.com\/\",\"https:\/\/www.facebook.com\/profile.php?id=61559278119680\",\"https:\/\/www.instagram.com\/sulscportal\/?hl=pt-br\",\"https:\/\/twitter.com\/https:\/\/twitter.com\/PortalSulSC\",\"https:\/\/www.youtube.com\/channel\/UCv_BE8GeySluDov2n8qhVmw\"],\"url\":\"https:\/\/sulsc.com\/index.php\/author\/redacao\/\"}]}<\/script>\n<!-- \/ Yoast SEO plugin. -->","yoast_head_json":{"title":"Equipamentos de prote\u00e7\u00e3o s\u00e3o dispostos por prefeitura \u00e0 PM de Imbituba -","description":"Os recursos do Programa Proteja-34 resultam de uma parceria entre a Pol\u00edcia Militar e a Prefeitura de Imbituba, com R$ 88 mil provenientes do conv\u00eanio de gest\u00e3o compartilhada.","robots":{"index":"index","follow":"follow","max-snippet":"max-snippet:-1","max-image-preview":"max-image-preview:large","max-video-preview":"max-video-preview:-1"},"canonical":"https:\/\/sulsc.com\/index.php\/2024\/01\/12\/equipamentos-de-protecao-sao-dispostos-por-prefeitura-a-pm-de-imbituba\/","og_locale":"en_US","og_type":"article","og_title":"Equipamentos de prote\u00e7\u00e3o s\u00e3o dispostos por prefeitura \u00e0 PM de Imbituba -","og_description":"Os recursos do Programa Proteja-34 resultam de uma parceria entre a Pol\u00edcia Militar e a Prefeitura de Imbituba, com R$ 88 mil provenientes do conv\u00eanio de gest\u00e3o compartilhada.","og_url":"https:\/\/sulsc.com\/index.php\/2024\/01\/12\/equipamentos-de-protecao-sao-dispostos-por-prefeitura-a-pm-de-imbituba\/","article_author":"https:\/\/www.facebook.com\/profile.php?id=61559278119680","article_published_time":"2024-01-12T12:46:22+00:00","og_image":[{"width":1024,"height":577,"url":"http:\/\/sulsc.com\/wp-content\/uploads\/2024\/01\/4-1.jpeg","type":"image\/jpeg"}],"author":"Reda\u00e7\u00e3o Sul SC","twitter_card":"summary_large_image","twitter_creator":"@https:\/\/twitter.com\/PortalSulSC","twitter_misc":{"Written by":"Reda\u00e7\u00e3o Sul SC","Est. reading time":"2 minutes"},"schema":{"@context":"https:\/\/schema.org","@graph":[{"@type":"WebPage","@id":"https:\/\/sulsc.com\/index.php\/2024\/01\/12\/equipamentos-de-protecao-sao-dispostos-por-prefeitura-a-pm-de-imbituba\/","url":"https:\/\/sulsc.com\/index.php\/2024\/01\/12\/equipamentos-de-protecao-sao-dispostos-por-prefeitura-a-pm-de-imbituba\/","name":"Equipamentos de prote\u00e7\u00e3o s\u00e3o dispostos por prefeitura \u00e0 PM de Imbituba -","isPartOf":{"@id":"https:\/\/sulsc.com\/#website"},"datePublished":"2024-01-12T12:46:22+00:00","dateModified":"2024-01-12T12:46:22+00:00","author":{"@id":"https:\/\/sulsc.com\/#\/schema\/person\/84d2fc571684f6248ba83092f07750a3"},"description":"Os recursos do Programa Proteja-34 resultam de uma parceria entre a Pol\u00edcia Militar e a Prefeitura de Imbituba, com R$ 88 mil provenientes do conv\u00eanio de gest\u00e3o compartilhada.","breadcrumb":{"@id":"https:\/\/sulsc.com\/index.php\/2024\/01\/12\/equipamentos-de-protecao-sao-dispostos-por-prefeitura-a-pm-de-imbituba\/#breadcrumb"},"inLanguage":"en-US","potentialAction":[{"@type":"ReadAction","target":["https:\/\/sulsc.com\/index.php\/2024\/01\/12\/equipamentos-de-protecao-sao-dispostos-por-prefeitura-a-pm-de-imbituba\/"]}]},{"@type":"BreadcrumbList","@id":"https:\/\/sulsc.com\/index.php\/2024\/01\/12\/equipamentos-de-protecao-sao-dispostos-por-prefeitura-a-pm-de-imbituba\/#breadcrumb","itemListElement":[{"@type":"ListItem","position":1,"name":"In\u00edcio","item":"https:\/\/sulsc.com\/"},{"@type":"ListItem","position":2,"name":"Equipamentos de prote\u00e7\u00e3o s\u00e3o dispostos por prefeitura \u00e0 PM de Imbituba"}]},{"@type":"WebSite","@id":"https:\/\/sulsc.com\/#website","url":"https:\/\/sulsc.com\/","name":"","description":"","potentialAction":[{"@type":"SearchAction","target":{"@type":"EntryPoint","urlTemplate":"https:\/\/sulsc.com\/?s={search_term_string}"},"query-input":"required name=search_term_string"}],"inLanguage":"en-US"},{"@type":"Person","@id":"https:\/\/sulsc.com\/#\/schema\/person\/84d2fc571684f6248ba83092f07750a3","name":"Reda\u00e7\u00e3o Sul SC","image":{"@type":"ImageObject","inLanguage":"en-US","@id":"https:\/\/sulsc.com\/#\/schema\/person\/image\/e08d7fe2cc4ed596372063bbe852b8d0","url":"https:\/\/sulsc.com\/wp-content\/uploads\/2023\/09\/redacao.png","contentUrl":"https:\/\/sulsc.com\/wp-content\/uploads\/2023\/09\/redacao.png","caption":"Reda\u00e7\u00e3o Sul SC"},"description":"Foco em um jornalismo imparcial, voltado \u00e0 qualidade dos seus conte\u00fados e, assim, levar informa\u00e7\u00e3o de valor que agregue \u00e0 vida dos leitores. Esta \u00e9 grande miss\u00e3o do Portal de Not\u00edcias Sul SC. N\u00e3o \u00e9 quantidade que muda o mundo, sempre foi e seguir\u00e1 sendo qualidade!","sameAs":["https:\/\/sulsc.com\/","https:\/\/www.facebook.com\/profile.php?id=61559278119680","https:\/\/www.instagram.com\/sulscportal\/?hl=pt-br","https:\/\/twitter.com\/https:\/\/twitter.com\/PortalSulSC","https:\/\/www.youtube.com\/channel\/UCv_BE8GeySluDov2n8qhVmw"],"url":"https:\/\/sulsc.com\/index.php\/author\/redacao\/"}]}},"authors":[],"_links":{"self":[{"href":"https:\/\/sulsc.com\/index.php\/wp-json\/wp\/v2\/posts\/6897"}],"collection":[{"href":"https:\/\/sulsc.com\/index.php\/wp-json\/wp\/v2\/posts"}],"about":[{"href":"https:\/\/sulsc.com\/index.php\/wp-json\/wp\/v2\/types\/post"}],"author":[{"embeddable":true,"href":"https:\/\/sulsc.com\/index.php\/wp-json\/wp\/v2\/users\/3"}],"replies":[{"embeddable":true,"href":"https:\/\/sulsc.com\/index.php\/wp-json\/wp\/v2\/comments?post=6897"}],"version-history":[{"count":1,"href":"https:\/\/sulsc.com\/index.php\/wp-json\/wp\/v2\/posts\/6897\/revisions"}],"predecessor-version":[{"id":6899,"href":"https:\/\/sulsc.com\/index.php\/wp-json\/wp\/v2\/posts\/6897\/revisions\/6899"}],"wp:featuredmedia":[{"embeddable":true,"href":"https:\/\/sulsc.com\/index.php\/wp-json\/wp\/v2\/media\/6898"}],"wp:attachment":[{"href":"https:\/\/sulsc.com\/index.php\/wp-json\/wp\/v2\/media?parent=6897"}],"wp:term":[{"taxonomy":"category","embeddable":true,"href":"https:\/\/sulsc.com\/index.php\/wp-json\/wp\/v2\/categories?post=6897"},{"taxonomy":"post_tag","embeddable":true,"href":"https:\/\/sulsc.com\/index.php\/wp-json\/wp\/v2\/tags?post=6897"}],"curies":[{"name":"wp","href":"https:\/\/api.w.org\/{rel}","templated":true}]}}