{"id":7045,"date":"2024-01-14T15:42:24","date_gmt":"2024-01-14T18:42:24","guid":{"rendered":"https:\/\/sulsc.com\/?p=7045"},"modified":"2024-01-14T15:42:24","modified_gmt":"2024-01-14T18:42:24","slug":"grau-3-adolescente-de-17-anos-e-resgatada-apos-se-afogar-em-balneario-arroio-do-silva","status":"publish","type":"post","link":"https:\/\/sulsc.com\/index.php\/2024\/01\/14\/grau-3-adolescente-de-17-anos-e-resgatada-apos-se-afogar-em-balneario-arroio-do-silva\/","title":{"rendered":"Grau 3: Adolescente de 17 anos \u00e9 resgatada ap\u00f3s se afogar em Balne\u00e1rio Arroio do Silva"},"content":{"rendered":"<p><img fetchpriority=\"high\" decoding=\"async\" class=\"aligncenter size-full wp-image-7046\" src=\"http:\/\/sulsc.com\/wp-content\/uploads\/2024\/01\/a-4.jpg\" alt=\"\" width=\"1600\" height=\"1200\" srcset=\"https:\/\/sulsc.com\/wp-content\/uploads\/2024\/01\/a-4.jpg 1600w, https:\/\/sulsc.com\/wp-content\/uploads\/2024\/01\/a-4-300x225.jpg 300w, https:\/\/sulsc.com\/wp-content\/uploads\/2024\/01\/a-4-1024x768.jpg 1024w, https:\/\/sulsc.com\/wp-content\/uploads\/2024\/01\/a-4-768x576.jpg 768w, https:\/\/sulsc.com\/wp-content\/uploads\/2024\/01\/a-4-1536x1152.jpg 1536w\" sizes=\"(max-width: 1600px) 100vw, 1600px\" \/><\/p>\n<p>Uma ocorr\u00eancia de afogamento mobilizou as equipes de resgate no <strong>Balne\u00e1rio Arroio do Silva<\/strong> neste domingo (14), por volta das 11h05. A v\u00edtima, uma adolescente de 17 anos, foi prontamente atendida pela equipe da viatura ASU-305, que agiu com rapidez para garantir sua seguran\u00e7a.<\/p>\n<p>As guarni\u00e7\u00f5es AR 128 e a ASU-305 foram acionadas pelo Cobom para atender a um poss\u00edvel afogamento na Beira-Mar da Praia Pescador. Ao chegarem ao local, os socorristas constataram que a situa\u00e7\u00e3o envolvia um jovem casal, ambos j\u00e1 fora d&#8217;\u00e1gua.<\/p>\n<p>O masculino, maior, foi atendido e encaminhado pela equipe do Saer, para avalia\u00e7\u00e3o e cuidados adicionais. Enquanto isso, a mo\u00e7a, consciente, mas com sinais vitais alterados e satura\u00e7\u00e3o em 81%, indicando um grau 3 de afogamento, foi prontamente assistida pela equipe do ASU-305.<\/p>\n<p>Ap\u00f3s os procedimentos habituais de atendimento a casos de afogamento e estabiliza\u00e7\u00e3o da v\u00edtima, a jovem foi conduzida ao Hospital Regional de Ararangu\u00e1 para avalia\u00e7\u00e3o m\u00e9dica mais detalhada. O trabalho das equipes de resgate no Balne\u00e1rio Arroio do Silva destaca a import\u00e2ncia da prontid\u00e3o e compet\u00eancia dos socorristas para lidar com situa\u00e7\u00f5es de emerg\u00eancia, garantindo a seguran\u00e7a da popula\u00e7\u00e3o durante as atividades de lazer \u00e0 beira-mar.<\/p>\n","protected":false},"excerpt":{"rendered":"<p>Uma ocorr\u00eancia de afogamento mobilizou as equipes de resgate no Balne\u00e1rio Arroio do Silva neste domingo (14), por volta das 11h05. A v\u00edtima, uma adolescente de 17 anos, foi prontamente atendida pela equipe da viatura ASU-305, que agiu com rapidez para garantir sua seguran\u00e7a. As guarni\u00e7\u00f5es AR 128 e a ASU-305 foram acionadas pelo Cobom &hellip;<\/p>\n<p class=\"read-more\"> <a class=\"\" href=\"https:\/\/sulsc.com\/index.php\/2024\/01\/14\/grau-3-adolescente-de-17-anos-e-resgatada-apos-se-afogar-em-balneario-arroio-do-silva\/\"> <span class=\"screen-reader-text\">Grau 3: Adolescente de 17 anos \u00e9 resgatada ap\u00f3s se afogar em Balne\u00e1rio Arroio do Silva<\/span> Read More &raquo;<\/a><\/p>\n","protected":false},"author":3,"featured_media":7046,"comment_status":"open","ping_status":"open","sticky":false,"template":"","format":"standard","meta":{"site-sidebar-layout":"default","site-content-layout":"","ast-site-content-layout":"default","site-content-style":"default","site-sidebar-style":"default","ast-global-header-display":"","ast-banner-title-visibility":"","ast-main-header-display":"","ast-hfb-above-header-display":"","ast-hfb-below-header-display":"","ast-hfb-mobile-header-display":"","site-post-title":"","ast-breadcrumbs-content":"","ast-featured-img":"","footer-sml-layout":"","theme-transparent-header-meta":"default","adv-header-id-meta":"","stick-header-meta":"","header-above-stick-meta":"","header-main-stick-meta":"","header-below-stick-meta":"","astra-migrate-meta-layouts":"set","footnotes":""},"categories":[24],"tags":[499,472,102,790],"yoast_head":"<!-- This site is optimized with the Yoast SEO plugin v21.4 - https:\/\/yoast.com\/wordpress\/plugins\/seo\/ -->\n<title>Grau 3: Adolescente de 17 anos \u00e9 resgatada ap\u00f3s se afogar em Balne\u00e1rio Arroio do Silva -<\/title>\n<meta name=\"description\" content=\"Equipes de resgate atuaram com agilidade na ocorr\u00eancia, registrada na Praia Pescador.\" \/>\n<meta name=\"robots\" content=\"index, follow, max-snippet:-1, max-image-preview:large, max-video-preview:-1\" \/>\n<link rel=\"canonical\" href=\"https:\/\/sulsc.com\/index.php\/2024\/01\/14\/grau-3-adolescente-de-17-anos-e-resgatada-apos-se-afogar-em-balneario-arroio-do-silva\/\" \/>\n<meta property=\"og:locale\" content=\"en_US\" \/>\n<meta property=\"og:type\" content=\"article\" \/>\n<meta property=\"og:title\" content=\"Grau 3: Adolescente de 17 anos \u00e9 resgatada ap\u00f3s se afogar em Balne\u00e1rio Arroio do Silva -\" \/>\n<meta property=\"og:description\" content=\"Equipes de resgate atuaram com agilidade na ocorr\u00eancia, registrada na Praia Pescador.\" \/>\n<meta property=\"og:url\" content=\"https:\/\/sulsc.com\/index.php\/2024\/01\/14\/grau-3-adolescente-de-17-anos-e-resgatada-apos-se-afogar-em-balneario-arroio-do-silva\/\" \/>\n<meta property=\"article:author\" content=\"https:\/\/www.facebook.com\/profile.php?id=61559278119680\" \/>\n<meta property=\"article:published_time\" content=\"2024-01-14T18:42:24+00:00\" \/>\n<meta property=\"og:image\" content=\"http:\/\/sulsc.com\/wp-content\/uploads\/2024\/01\/a-4.jpg\" \/>\n\t<meta property=\"og:image:width\" content=\"1600\" \/>\n\t<meta property=\"og:image:height\" content=\"1200\" \/>\n\t<meta property=\"og:image:type\" content=\"image\/jpeg\" \/>\n<meta name=\"author\" content=\"Reda\u00e7\u00e3o Sul SC\" \/>\n<meta name=\"twitter:card\" content=\"summary_large_image\" \/>\n<meta name=\"twitter:creator\" content=\"@https:\/\/twitter.com\/PortalSulSC\" \/>\n<meta name=\"twitter:label1\" content=\"Written by\" \/>\n\t<meta name=\"twitter:data1\" content=\"Reda\u00e7\u00e3o Sul SC\" \/>\n\t<meta name=\"twitter:label2\" content=\"Est. reading time\" \/>\n\t<meta name=\"twitter:data2\" content=\"2 minutes\" \/>\n<script type=\"application\/ld+json\" class=\"yoast-schema-graph\">{\"@context\":\"https:\/\/schema.org\",\"@graph\":[{\"@type\":\"WebPage\",\"@id\":\"https:\/\/sulsc.com\/index.php\/2024\/01\/14\/grau-3-adolescente-de-17-anos-e-resgatada-apos-se-afogar-em-balneario-arroio-do-silva\/\",\"url\":\"https:\/\/sulsc.com\/index.php\/2024\/01\/14\/grau-3-adolescente-de-17-anos-e-resgatada-apos-se-afogar-em-balneario-arroio-do-silva\/\",\"name\":\"Grau 3: Adolescente de 17 anos \u00e9 resgatada ap\u00f3s se afogar em Balne\u00e1rio Arroio do Silva -\",\"isPartOf\":{\"@id\":\"https:\/\/sulsc.com\/#website\"},\"datePublished\":\"2024-01-14T18:42:24+00:00\",\"dateModified\":\"2024-01-14T18:42:24+00:00\",\"author\":{\"@id\":\"https:\/\/sulsc.com\/#\/schema\/person\/84d2fc571684f6248ba83092f07750a3\"},\"description\":\"Equipes de resgate atuaram com agilidade na ocorr\u00eancia, registrada na Praia Pescador.\",\"breadcrumb\":{\"@id\":\"https:\/\/sulsc.com\/index.php\/2024\/01\/14\/grau-3-adolescente-de-17-anos-e-resgatada-apos-se-afogar-em-balneario-arroio-do-silva\/#breadcrumb\"},\"inLanguage\":\"en-US\",\"potentialAction\":[{\"@type\":\"ReadAction\",\"target\":[\"https:\/\/sulsc.com\/index.php\/2024\/01\/14\/grau-3-adolescente-de-17-anos-e-resgatada-apos-se-afogar-em-balneario-arroio-do-silva\/\"]}]},{\"@type\":\"BreadcrumbList\",\"@id\":\"https:\/\/sulsc.com\/index.php\/2024\/01\/14\/grau-3-adolescente-de-17-anos-e-resgatada-apos-se-afogar-em-balneario-arroio-do-silva\/#breadcrumb\",\"itemListElement\":[{\"@type\":\"ListItem\",\"position\":1,\"name\":\"In\u00edcio\",\"item\":\"https:\/\/sulsc.com\/\"},{\"@type\":\"ListItem\",\"position\":2,\"name\":\"Grau 3: Adolescente de 17 anos \u00e9 resgatada ap\u00f3s se afogar em Balne\u00e1rio Arroio do Silva\"}]},{\"@type\":\"WebSite\",\"@id\":\"https:\/\/sulsc.com\/#website\",\"url\":\"https:\/\/sulsc.com\/\",\"name\":\"\",\"description\":\"\",\"potentialAction\":[{\"@type\":\"SearchAction\",\"target\":{\"@type\":\"EntryPoint\",\"urlTemplate\":\"https:\/\/sulsc.com\/?s={search_term_string}\"},\"query-input\":\"required name=search_term_string\"}],\"inLanguage\":\"en-US\"},{\"@type\":\"Person\",\"@id\":\"https:\/\/sulsc.com\/#\/schema\/person\/84d2fc571684f6248ba83092f07750a3\",\"name\":\"Reda\u00e7\u00e3o Sul SC\",\"image\":{\"@type\":\"ImageObject\",\"inLanguage\":\"en-US\",\"@id\":\"https:\/\/sulsc.com\/#\/schema\/person\/image\/e08d7fe2cc4ed596372063bbe852b8d0\",\"url\":\"https:\/\/sulsc.com\/wp-content\/uploads\/2023\/09\/redacao.png\",\"contentUrl\":\"https:\/\/sulsc.com\/wp-content\/uploads\/2023\/09\/redacao.png\",\"caption\":\"Reda\u00e7\u00e3o Sul SC\"},\"description\":\"Foco em um jornalismo imparcial, voltado \u00e0 qualidade dos seus conte\u00fados e, assim, levar informa\u00e7\u00e3o de valor que agregue \u00e0 vida dos leitores. Esta \u00e9 grande miss\u00e3o do Portal de Not\u00edcias Sul SC. N\u00e3o \u00e9 quantidade que muda o mundo, sempre foi e seguir\u00e1 sendo qualidade!\",\"sameAs\":[\"https:\/\/sulsc.com\/\",\"https:\/\/www.facebook.com\/profile.php?id=61559278119680\",\"https:\/\/www.instagram.com\/sulscportal\/?hl=pt-br\",\"https:\/\/twitter.com\/https:\/\/twitter.com\/PortalSulSC\",\"https:\/\/www.youtube.com\/channel\/UCv_BE8GeySluDov2n8qhVmw\"],\"url\":\"https:\/\/sulsc.com\/index.php\/author\/redacao\/\"}]}<\/script>\n<!-- \/ Yoast SEO plugin. -->","yoast_head_json":{"title":"Grau 3: Adolescente de 17 anos \u00e9 resgatada ap\u00f3s se afogar em Balne\u00e1rio Arroio do Silva -","description":"Equipes de resgate atuaram com agilidade na ocorr\u00eancia, registrada na Praia Pescador.","robots":{"index":"index","follow":"follow","max-snippet":"max-snippet:-1","max-image-preview":"max-image-preview:large","max-video-preview":"max-video-preview:-1"},"canonical":"https:\/\/sulsc.com\/index.php\/2024\/01\/14\/grau-3-adolescente-de-17-anos-e-resgatada-apos-se-afogar-em-balneario-arroio-do-silva\/","og_locale":"en_US","og_type":"article","og_title":"Grau 3: Adolescente de 17 anos \u00e9 resgatada ap\u00f3s se afogar em Balne\u00e1rio Arroio do Silva -","og_description":"Equipes de resgate atuaram com agilidade na ocorr\u00eancia, registrada na Praia Pescador.","og_url":"https:\/\/sulsc.com\/index.php\/2024\/01\/14\/grau-3-adolescente-de-17-anos-e-resgatada-apos-se-afogar-em-balneario-arroio-do-silva\/","article_author":"https:\/\/www.facebook.com\/profile.php?id=61559278119680","article_published_time":"2024-01-14T18:42:24+00:00","og_image":[{"width":1600,"height":1200,"url":"http:\/\/sulsc.com\/wp-content\/uploads\/2024\/01\/a-4.jpg","type":"image\/jpeg"}],"author":"Reda\u00e7\u00e3o Sul SC","twitter_card":"summary_large_image","twitter_creator":"@https:\/\/twitter.com\/PortalSulSC","twitter_misc":{"Written by":"Reda\u00e7\u00e3o Sul SC","Est. reading time":"2 minutes"},"schema":{"@context":"https:\/\/schema.org","@graph":[{"@type":"WebPage","@id":"https:\/\/sulsc.com\/index.php\/2024\/01\/14\/grau-3-adolescente-de-17-anos-e-resgatada-apos-se-afogar-em-balneario-arroio-do-silva\/","url":"https:\/\/sulsc.com\/index.php\/2024\/01\/14\/grau-3-adolescente-de-17-anos-e-resgatada-apos-se-afogar-em-balneario-arroio-do-silva\/","name":"Grau 3: Adolescente de 17 anos \u00e9 resgatada ap\u00f3s se afogar em Balne\u00e1rio Arroio do Silva -","isPartOf":{"@id":"https:\/\/sulsc.com\/#website"},"datePublished":"2024-01-14T18:42:24+00:00","dateModified":"2024-01-14T18:42:24+00:00","author":{"@id":"https:\/\/sulsc.com\/#\/schema\/person\/84d2fc571684f6248ba83092f07750a3"},"description":"Equipes de resgate atuaram com agilidade na ocorr\u00eancia, registrada na Praia Pescador.","breadcrumb":{"@id":"https:\/\/sulsc.com\/index.php\/2024\/01\/14\/grau-3-adolescente-de-17-anos-e-resgatada-apos-se-afogar-em-balneario-arroio-do-silva\/#breadcrumb"},"inLanguage":"en-US","potentialAction":[{"@type":"ReadAction","target":["https:\/\/sulsc.com\/index.php\/2024\/01\/14\/grau-3-adolescente-de-17-anos-e-resgatada-apos-se-afogar-em-balneario-arroio-do-silva\/"]}]},{"@type":"BreadcrumbList","@id":"https:\/\/sulsc.com\/index.php\/2024\/01\/14\/grau-3-adolescente-de-17-anos-e-resgatada-apos-se-afogar-em-balneario-arroio-do-silva\/#breadcrumb","itemListElement":[{"@type":"ListItem","position":1,"name":"In\u00edcio","item":"https:\/\/sulsc.com\/"},{"@type":"ListItem","position":2,"name":"Grau 3: Adolescente de 17 anos \u00e9 resgatada ap\u00f3s se afogar em Balne\u00e1rio Arroio do Silva"}]},{"@type":"WebSite","@id":"https:\/\/sulsc.com\/#website","url":"https:\/\/sulsc.com\/","name":"","description":"","potentialAction":[{"@type":"SearchAction","target":{"@type":"EntryPoint","urlTemplate":"https:\/\/sulsc.com\/?s={search_term_string}"},"query-input":"required name=search_term_string"}],"inLanguage":"en-US"},{"@type":"Person","@id":"https:\/\/sulsc.com\/#\/schema\/person\/84d2fc571684f6248ba83092f07750a3","name":"Reda\u00e7\u00e3o Sul SC","image":{"@type":"ImageObject","inLanguage":"en-US","@id":"https:\/\/sulsc.com\/#\/schema\/person\/image\/e08d7fe2cc4ed596372063bbe852b8d0","url":"https:\/\/sulsc.com\/wp-content\/uploads\/2023\/09\/redacao.png","contentUrl":"https:\/\/sulsc.com\/wp-content\/uploads\/2023\/09\/redacao.png","caption":"Reda\u00e7\u00e3o Sul SC"},"description":"Foco em um jornalismo imparcial, voltado \u00e0 qualidade dos seus conte\u00fados e, assim, levar informa\u00e7\u00e3o de valor que agregue \u00e0 vida dos leitores. Esta \u00e9 grande miss\u00e3o do Portal de Not\u00edcias Sul SC. N\u00e3o \u00e9 quantidade que muda o mundo, sempre foi e seguir\u00e1 sendo qualidade!","sameAs":["https:\/\/sulsc.com\/","https:\/\/www.facebook.com\/profile.php?id=61559278119680","https:\/\/www.instagram.com\/sulscportal\/?hl=pt-br","https:\/\/twitter.com\/https:\/\/twitter.com\/PortalSulSC","https:\/\/www.youtube.com\/channel\/UCv_BE8GeySluDov2n8qhVmw"],"url":"https:\/\/sulsc.com\/index.php\/author\/redacao\/"}]}},"authors":[],"_links":{"self":[{"href":"https:\/\/sulsc.com\/index.php\/wp-json\/wp\/v2\/posts\/7045"}],"collection":[{"href":"https:\/\/sulsc.com\/index.php\/wp-json\/wp\/v2\/posts"}],"about":[{"href":"https:\/\/sulsc.com\/index.php\/wp-json\/wp\/v2\/types\/post"}],"author":[{"embeddable":true,"href":"https:\/\/sulsc.com\/index.php\/wp-json\/wp\/v2\/users\/3"}],"replies":[{"embeddable":true,"href":"https:\/\/sulsc.com\/index.php\/wp-json\/wp\/v2\/comments?post=7045"}],"version-history":[{"count":1,"href":"https:\/\/sulsc.com\/index.php\/wp-json\/wp\/v2\/posts\/7045\/revisions"}],"predecessor-version":[{"id":7047,"href":"https:\/\/sulsc.com\/index.php\/wp-json\/wp\/v2\/posts\/7045\/revisions\/7047"}],"wp:featuredmedia":[{"embeddable":true,"href":"https:\/\/sulsc.com\/index.php\/wp-json\/wp\/v2\/media\/7046"}],"wp:attachment":[{"href":"https:\/\/sulsc.com\/index.php\/wp-json\/wp\/v2\/media?parent=7045"}],"wp:term":[{"taxonomy":"category","embeddable":true,"href":"https:\/\/sulsc.com\/index.php\/wp-json\/wp\/v2\/categories?post=7045"},{"taxonomy":"post_tag","embeddable":true,"href":"https:\/\/sulsc.com\/index.php\/wp-json\/wp\/v2\/tags?post=7045"}],"curies":[{"name":"wp","href":"https:\/\/api.w.org\/{rel}","templated":true}]}}