{"id":7063,"date":"2024-01-15T07:08:54","date_gmt":"2024-01-15T10:08:54","guid":{"rendered":"https:\/\/sulsc.com\/?p=7063"},"modified":"2024-01-15T09:17:43","modified_gmt":"2024-01-15T12:17:43","slug":"semana-comeca-com-sensacao-de-abafamento-e-chuva-em-sc","status":"publish","type":"post","link":"https:\/\/sulsc.com\/index.php\/2024\/01\/15\/semana-comeca-com-sensacao-de-abafamento-e-chuva-em-sc\/","title":{"rendered":"Semana come\u00e7a com sensa\u00e7\u00e3o de abafamento e chuva, em SC"},"content":{"rendered":"<p>A segunda-feira (15) ser\u00e1 mais um dia com calor e sensa\u00e7\u00e3o de abafamento. De acordo com a Defesa Civil, as temperaturas ficam pr\u00f3ximas ou acima dos 30\u00b0C na maioria das regi\u00f5es com destaque para \u00e1reas da Grande Florian\u00f3polis, Baixo e M\u00e9dio Vale do Itaja\u00ed e Litoral Norte que podem registrar marcas entre 32\u00b0C e 37\u00b0C.<\/p>\n<p>O risco \u00e9 baixo a moderado para ocorr\u00eancias como insola\u00e7\u00e3o, desidrata\u00e7\u00e3o e agravamento de doen\u00e7as cardiovasculares e respirat\u00f3rias. Durante a manh\u00e3, sol e varia\u00e7\u00e3o de nuvens na maioria das regi\u00f5es, n\u00e3o descartando-se pancadas de chuva e temporais isolados nas \u00e1reas de divisa com o Rio Grande do Sul.<\/p>\n<p>A partir da tarde, a combina\u00e7\u00e3o de calor e umidade e a frente fria no oceano, favorecem a forma\u00e7\u00e3o temporais isolados por todo estado, especialmente nas \u00e1reas mais quentes. O risco \u00e9 baixo a moderado para ocorr\u00eancias como destelhamentos, queda de galhos e \u00e1rvores, danos na rede el\u00e9trica e alagamentos pontuais.<\/p>\n<p><img fetchpriority=\"high\" decoding=\"async\" class=\"alignnone size-large wp-image-7073\" src=\"http:\/\/sulsc.com\/wp-content\/uploads\/2024\/01\/Captura-de-tela-2024-01-15-022537-1-1024x699.png\" alt=\"\" width=\"1024\" height=\"699\" srcset=\"https:\/\/sulsc.com\/wp-content\/uploads\/2024\/01\/Captura-de-tela-2024-01-15-022537-1-1024x699.png 1024w, https:\/\/sulsc.com\/wp-content\/uploads\/2024\/01\/Captura-de-tela-2024-01-15-022537-1-300x205.png 300w, https:\/\/sulsc.com\/wp-content\/uploads\/2024\/01\/Captura-de-tela-2024-01-15-022537-1-768x524.png 768w, https:\/\/sulsc.com\/wp-content\/uploads\/2024\/01\/Captura-de-tela-2024-01-15-022537-1.png 1191w\" sizes=\"(max-width: 1024px) 100vw, 1024px\" \/><\/p>\n","protected":false},"excerpt":{"rendered":"<p>A segunda-feira (15) ser\u00e1 mais um dia com calor e sensa\u00e7\u00e3o de abafamento. De acordo com a Defesa Civil, as temperaturas ficam pr\u00f3ximas ou acima dos 30\u00b0C na maioria das regi\u00f5es com destaque para \u00e1reas da Grande Florian\u00f3polis, Baixo e M\u00e9dio Vale do Itaja\u00ed e Litoral Norte que podem registrar marcas entre 32\u00b0C e 37\u00b0C. &hellip;<\/p>\n<p class=\"read-more\"> <a class=\"\" href=\"https:\/\/sulsc.com\/index.php\/2024\/01\/15\/semana-comeca-com-sensacao-de-abafamento-e-chuva-em-sc\/\"> <span class=\"screen-reader-text\">Semana come\u00e7a com sensa\u00e7\u00e3o de abafamento e chuva, em SC<\/span> Read More &raquo;<\/a><\/p>\n","protected":false},"author":3,"featured_media":4923,"comment_status":"open","ping_status":"open","sticky":false,"template":"","format":"standard","meta":{"site-sidebar-layout":"default","site-content-layout":"","ast-site-content-layout":"default","site-content-style":"default","site-sidebar-style":"default","ast-global-header-display":"","ast-banner-title-visibility":"","ast-main-header-display":"","ast-hfb-above-header-display":"","ast-hfb-below-header-display":"","ast-hfb-mobile-header-display":"","site-post-title":"","ast-breadcrumbs-content":"","ast-featured-img":"","footer-sml-layout":"","theme-transparent-header-meta":"default","adv-header-id-meta":"","stick-header-meta":"","header-above-stick-meta":"","header-main-stick-meta":"","header-below-stick-meta":"","astra-migrate-meta-layouts":"set","footnotes":""},"categories":[38],"tags":[],"yoast_head":"<!-- This site is optimized with the Yoast SEO plugin v21.4 - https:\/\/yoast.com\/wordpress\/plugins\/seo\/ -->\n<title>Semana come\u00e7a com sensa\u00e7\u00e3o de abafamento e chuva, em SC -<\/title>\n<meta name=\"description\" content=\"Durante a manh\u00e3, sol e nuvens na maioria das regi\u00f5es, a tarde, calor, umidade e a frente fria no oceano, favorecem temporais isolados\" \/>\n<meta name=\"robots\" content=\"index, follow, max-snippet:-1, max-image-preview:large, max-video-preview:-1\" \/>\n<link rel=\"canonical\" href=\"https:\/\/sulsc.com\/index.php\/2024\/01\/15\/semana-comeca-com-sensacao-de-abafamento-e-chuva-em-sc\/\" \/>\n<meta property=\"og:locale\" content=\"en_US\" \/>\n<meta property=\"og:type\" content=\"article\" \/>\n<meta property=\"og:title\" content=\"Semana come\u00e7a com sensa\u00e7\u00e3o de abafamento e chuva, em SC -\" \/>\n<meta property=\"og:description\" content=\"Durante a manh\u00e3, sol e nuvens na maioria das regi\u00f5es, a tarde, calor, umidade e a frente fria no oceano, favorecem temporais isolados\" \/>\n<meta property=\"og:url\" content=\"https:\/\/sulsc.com\/index.php\/2024\/01\/15\/semana-comeca-com-sensacao-de-abafamento-e-chuva-em-sc\/\" \/>\n<meta property=\"article:author\" content=\"https:\/\/www.facebook.com\/profile.php?id=61559278119680\" \/>\n<meta property=\"article:published_time\" content=\"2024-01-15T10:08:54+00:00\" \/>\n<meta property=\"article:modified_time\" content=\"2024-01-15T12:17:43+00:00\" \/>\n<meta property=\"og:image\" content=\"http:\/\/sulsc.com\/wp-content\/uploads\/2023\/12\/imagem-do-close-up-de-uma-janela-em-um-dia-chuvoso-gotas-de-chuva-rolando-pela-janela-scaled.jpg\" \/>\n\t<meta property=\"og:image:width\" content=\"2560\" \/>\n\t<meta property=\"og:image:height\" content=\"1707\" \/>\n\t<meta property=\"og:image:type\" content=\"image\/jpeg\" \/>\n<meta name=\"author\" content=\"Reda\u00e7\u00e3o Sul SC\" \/>\n<meta name=\"twitter:card\" content=\"summary_large_image\" \/>\n<meta name=\"twitter:creator\" content=\"@https:\/\/twitter.com\/PortalSulSC\" \/>\n<meta name=\"twitter:label1\" content=\"Written by\" \/>\n\t<meta name=\"twitter:data1\" content=\"Reda\u00e7\u00e3o Sul SC\" \/>\n\t<meta name=\"twitter:label2\" content=\"Est. reading time\" \/>\n\t<meta name=\"twitter:data2\" content=\"1 minute\" \/>\n<script type=\"application\/ld+json\" class=\"yoast-schema-graph\">{\"@context\":\"https:\/\/schema.org\",\"@graph\":[{\"@type\":\"WebPage\",\"@id\":\"https:\/\/sulsc.com\/index.php\/2024\/01\/15\/semana-comeca-com-sensacao-de-abafamento-e-chuva-em-sc\/\",\"url\":\"https:\/\/sulsc.com\/index.php\/2024\/01\/15\/semana-comeca-com-sensacao-de-abafamento-e-chuva-em-sc\/\",\"name\":\"Semana come\u00e7a com sensa\u00e7\u00e3o de abafamento e chuva, em SC -\",\"isPartOf\":{\"@id\":\"https:\/\/sulsc.com\/#website\"},\"datePublished\":\"2024-01-15T10:08:54+00:00\",\"dateModified\":\"2024-01-15T12:17:43+00:00\",\"author\":{\"@id\":\"https:\/\/sulsc.com\/#\/schema\/person\/84d2fc571684f6248ba83092f07750a3\"},\"description\":\"Durante a manh\u00e3, sol e nuvens na maioria das regi\u00f5es, a tarde, calor, umidade e a frente fria no oceano, favorecem temporais isolados\",\"breadcrumb\":{\"@id\":\"https:\/\/sulsc.com\/index.php\/2024\/01\/15\/semana-comeca-com-sensacao-de-abafamento-e-chuva-em-sc\/#breadcrumb\"},\"inLanguage\":\"en-US\",\"potentialAction\":[{\"@type\":\"ReadAction\",\"target\":[\"https:\/\/sulsc.com\/index.php\/2024\/01\/15\/semana-comeca-com-sensacao-de-abafamento-e-chuva-em-sc\/\"]}]},{\"@type\":\"BreadcrumbList\",\"@id\":\"https:\/\/sulsc.com\/index.php\/2024\/01\/15\/semana-comeca-com-sensacao-de-abafamento-e-chuva-em-sc\/#breadcrumb\",\"itemListElement\":[{\"@type\":\"ListItem\",\"position\":1,\"name\":\"In\u00edcio\",\"item\":\"https:\/\/sulsc.com\/\"},{\"@type\":\"ListItem\",\"position\":2,\"name\":\"Semana come\u00e7a com sensa\u00e7\u00e3o de abafamento e chuva, em SC\"}]},{\"@type\":\"WebSite\",\"@id\":\"https:\/\/sulsc.com\/#website\",\"url\":\"https:\/\/sulsc.com\/\",\"name\":\"\",\"description\":\"\",\"potentialAction\":[{\"@type\":\"SearchAction\",\"target\":{\"@type\":\"EntryPoint\",\"urlTemplate\":\"https:\/\/sulsc.com\/?s={search_term_string}\"},\"query-input\":\"required name=search_term_string\"}],\"inLanguage\":\"en-US\"},{\"@type\":\"Person\",\"@id\":\"https:\/\/sulsc.com\/#\/schema\/person\/84d2fc571684f6248ba83092f07750a3\",\"name\":\"Reda\u00e7\u00e3o Sul SC\",\"image\":{\"@type\":\"ImageObject\",\"inLanguage\":\"en-US\",\"@id\":\"https:\/\/sulsc.com\/#\/schema\/person\/image\/e08d7fe2cc4ed596372063bbe852b8d0\",\"url\":\"https:\/\/sulsc.com\/wp-content\/uploads\/2023\/09\/redacao.png\",\"contentUrl\":\"https:\/\/sulsc.com\/wp-content\/uploads\/2023\/09\/redacao.png\",\"caption\":\"Reda\u00e7\u00e3o Sul SC\"},\"description\":\"Foco em um jornalismo imparcial, voltado \u00e0 qualidade dos seus conte\u00fados e, assim, levar informa\u00e7\u00e3o de valor que agregue \u00e0 vida dos leitores. Esta \u00e9 grande miss\u00e3o do Portal de Not\u00edcias Sul SC. N\u00e3o \u00e9 quantidade que muda o mundo, sempre foi e seguir\u00e1 sendo qualidade!\",\"sameAs\":[\"https:\/\/sulsc.com\/\",\"https:\/\/www.facebook.com\/profile.php?id=61559278119680\",\"https:\/\/www.instagram.com\/sulscportal\/?hl=pt-br\",\"https:\/\/twitter.com\/https:\/\/twitter.com\/PortalSulSC\",\"https:\/\/www.youtube.com\/channel\/UCv_BE8GeySluDov2n8qhVmw\"],\"url\":\"https:\/\/sulsc.com\/index.php\/author\/redacao\/\"}]}<\/script>\n<!-- \/ Yoast SEO plugin. -->","yoast_head_json":{"title":"Semana come\u00e7a com sensa\u00e7\u00e3o de abafamento e chuva, em SC -","description":"Durante a manh\u00e3, sol e nuvens na maioria das regi\u00f5es, a tarde, calor, umidade e a frente fria no oceano, favorecem temporais isolados","robots":{"index":"index","follow":"follow","max-snippet":"max-snippet:-1","max-image-preview":"max-image-preview:large","max-video-preview":"max-video-preview:-1"},"canonical":"https:\/\/sulsc.com\/index.php\/2024\/01\/15\/semana-comeca-com-sensacao-de-abafamento-e-chuva-em-sc\/","og_locale":"en_US","og_type":"article","og_title":"Semana come\u00e7a com sensa\u00e7\u00e3o de abafamento e chuva, em SC -","og_description":"Durante a manh\u00e3, sol e nuvens na maioria das regi\u00f5es, a tarde, calor, umidade e a frente fria no oceano, favorecem temporais isolados","og_url":"https:\/\/sulsc.com\/index.php\/2024\/01\/15\/semana-comeca-com-sensacao-de-abafamento-e-chuva-em-sc\/","article_author":"https:\/\/www.facebook.com\/profile.php?id=61559278119680","article_published_time":"2024-01-15T10:08:54+00:00","article_modified_time":"2024-01-15T12:17:43+00:00","og_image":[{"width":2560,"height":1707,"url":"http:\/\/sulsc.com\/wp-content\/uploads\/2023\/12\/imagem-do-close-up-de-uma-janela-em-um-dia-chuvoso-gotas-de-chuva-rolando-pela-janela-scaled.jpg","type":"image\/jpeg"}],"author":"Reda\u00e7\u00e3o Sul SC","twitter_card":"summary_large_image","twitter_creator":"@https:\/\/twitter.com\/PortalSulSC","twitter_misc":{"Written by":"Reda\u00e7\u00e3o Sul SC","Est. reading time":"1 minute"},"schema":{"@context":"https:\/\/schema.org","@graph":[{"@type":"WebPage","@id":"https:\/\/sulsc.com\/index.php\/2024\/01\/15\/semana-comeca-com-sensacao-de-abafamento-e-chuva-em-sc\/","url":"https:\/\/sulsc.com\/index.php\/2024\/01\/15\/semana-comeca-com-sensacao-de-abafamento-e-chuva-em-sc\/","name":"Semana come\u00e7a com sensa\u00e7\u00e3o de abafamento e chuva, em SC -","isPartOf":{"@id":"https:\/\/sulsc.com\/#website"},"datePublished":"2024-01-15T10:08:54+00:00","dateModified":"2024-01-15T12:17:43+00:00","author":{"@id":"https:\/\/sulsc.com\/#\/schema\/person\/84d2fc571684f6248ba83092f07750a3"},"description":"Durante a manh\u00e3, sol e nuvens na maioria das regi\u00f5es, a tarde, calor, umidade e a frente fria no oceano, favorecem temporais isolados","breadcrumb":{"@id":"https:\/\/sulsc.com\/index.php\/2024\/01\/15\/semana-comeca-com-sensacao-de-abafamento-e-chuva-em-sc\/#breadcrumb"},"inLanguage":"en-US","potentialAction":[{"@type":"ReadAction","target":["https:\/\/sulsc.com\/index.php\/2024\/01\/15\/semana-comeca-com-sensacao-de-abafamento-e-chuva-em-sc\/"]}]},{"@type":"BreadcrumbList","@id":"https:\/\/sulsc.com\/index.php\/2024\/01\/15\/semana-comeca-com-sensacao-de-abafamento-e-chuva-em-sc\/#breadcrumb","itemListElement":[{"@type":"ListItem","position":1,"name":"In\u00edcio","item":"https:\/\/sulsc.com\/"},{"@type":"ListItem","position":2,"name":"Semana come\u00e7a com sensa\u00e7\u00e3o de abafamento e chuva, em SC"}]},{"@type":"WebSite","@id":"https:\/\/sulsc.com\/#website","url":"https:\/\/sulsc.com\/","name":"","description":"","potentialAction":[{"@type":"SearchAction","target":{"@type":"EntryPoint","urlTemplate":"https:\/\/sulsc.com\/?s={search_term_string}"},"query-input":"required name=search_term_string"}],"inLanguage":"en-US"},{"@type":"Person","@id":"https:\/\/sulsc.com\/#\/schema\/person\/84d2fc571684f6248ba83092f07750a3","name":"Reda\u00e7\u00e3o Sul SC","image":{"@type":"ImageObject","inLanguage":"en-US","@id":"https:\/\/sulsc.com\/#\/schema\/person\/image\/e08d7fe2cc4ed596372063bbe852b8d0","url":"https:\/\/sulsc.com\/wp-content\/uploads\/2023\/09\/redacao.png","contentUrl":"https:\/\/sulsc.com\/wp-content\/uploads\/2023\/09\/redacao.png","caption":"Reda\u00e7\u00e3o Sul SC"},"description":"Foco em um jornalismo imparcial, voltado \u00e0 qualidade dos seus conte\u00fados e, assim, levar informa\u00e7\u00e3o de valor que agregue \u00e0 vida dos leitores. Esta \u00e9 grande miss\u00e3o do Portal de Not\u00edcias Sul SC. N\u00e3o \u00e9 quantidade que muda o mundo, sempre foi e seguir\u00e1 sendo qualidade!","sameAs":["https:\/\/sulsc.com\/","https:\/\/www.facebook.com\/profile.php?id=61559278119680","https:\/\/www.instagram.com\/sulscportal\/?hl=pt-br","https:\/\/twitter.com\/https:\/\/twitter.com\/PortalSulSC","https:\/\/www.youtube.com\/channel\/UCv_BE8GeySluDov2n8qhVmw"],"url":"https:\/\/sulsc.com\/index.php\/author\/redacao\/"}]}},"authors":[],"_links":{"self":[{"href":"https:\/\/sulsc.com\/index.php\/wp-json\/wp\/v2\/posts\/7063"}],"collection":[{"href":"https:\/\/sulsc.com\/index.php\/wp-json\/wp\/v2\/posts"}],"about":[{"href":"https:\/\/sulsc.com\/index.php\/wp-json\/wp\/v2\/types\/post"}],"author":[{"embeddable":true,"href":"https:\/\/sulsc.com\/index.php\/wp-json\/wp\/v2\/users\/3"}],"replies":[{"embeddable":true,"href":"https:\/\/sulsc.com\/index.php\/wp-json\/wp\/v2\/comments?post=7063"}],"version-history":[{"count":2,"href":"https:\/\/sulsc.com\/index.php\/wp-json\/wp\/v2\/posts\/7063\/revisions"}],"predecessor-version":[{"id":7074,"href":"https:\/\/sulsc.com\/index.php\/wp-json\/wp\/v2\/posts\/7063\/revisions\/7074"}],"wp:featuredmedia":[{"embeddable":true,"href":"https:\/\/sulsc.com\/index.php\/wp-json\/wp\/v2\/media\/4923"}],"wp:attachment":[{"href":"https:\/\/sulsc.com\/index.php\/wp-json\/wp\/v2\/media?parent=7063"}],"wp:term":[{"taxonomy":"category","embeddable":true,"href":"https:\/\/sulsc.com\/index.php\/wp-json\/wp\/v2\/categories?post=7063"},{"taxonomy":"post_tag","embeddable":true,"href":"https:\/\/sulsc.com\/index.php\/wp-json\/wp\/v2\/tags?post=7063"}],"curies":[{"name":"wp","href":"https:\/\/api.w.org\/{rel}","templated":true}]}}