{"id":7212,"date":"2024-01-17T11:00:19","date_gmt":"2024-01-17T14:00:19","guid":{"rendered":"https:\/\/sulsc.com\/?p=7212"},"modified":"2024-01-17T10:41:44","modified_gmt":"2024-01-17T13:41:44","slug":"chamada-para-vigilantes-permanentes-em-escolas-e-ceis-de-braco-do-norte-e-autorizada","status":"publish","type":"post","link":"https:\/\/sulsc.com\/index.php\/2024\/01\/17\/chamada-para-vigilantes-permanentes-em-escolas-e-ceis-de-braco-do-norte-e-autorizada\/","title":{"rendered":"Chamada para vigilantes permanentes em escolas e CEIs de Bra\u00e7o do Norte \u00e9 autorizada"},"content":{"rendered":"<p>Os tr\u00e2mites burocr\u00e1ticos para a chamada de vigilantes permanentes em escolas e CEIs da rede municipal de ensino tiveram in\u00edcio. O prefeito de Bra\u00e7o do Norte, Beto Kuerten Marcelino, autorizou o secret\u00e1rio de Administra\u00e7\u00e3o e Fazenda, Allan Lopes Prud\u00eancio a iniciar o processo na tarde desta ter\u00e7a-feira (16).<\/p>\n<p>O munic\u00edpio tem mais de 4 mil alunos matriculados na rede municipal de ensino, o que despertou a precau\u00e7\u00e3o das secret\u00e1rias de Educa\u00e7\u00e3o e Desporto, Nivea Willemann Rocha e Joana Silva Lessa. Segundo o prefeito, todas as 23 unidades contar\u00e3o com a presen\u00e7a dos profissionais.<\/p>\n<p>\u201cFizemos o compromisso de que far\u00edamos o poss\u00edvel para termos um ambiente escolar seguro, pois foi uma solicita\u00e7\u00e3o da grande maioria dos pais e respons\u00e1veis pelos nossos alunos. Tamb\u00e9m ajustamos port\u00f5es, muros e grades, al\u00e9m de refor\u00e7ar a seguran\u00e7a atrav\u00e9s de c\u00e2meras de videomonitoramento\u201d, comentou.<\/p>\n<p>Beto lembra ainda que Bra\u00e7o do Norte \u00e9 um dos poucos munic\u00edpios do Sul do Estado a contar com a vigil\u00e2ncia permanente e que para maior transpar\u00eancia na contrata\u00e7\u00e3o um concurso foi realizado. \u201cTamb\u00e9m seguimos com outras a\u00e7\u00f5es com o programa Aluno Cidad\u00e3o, da Pol\u00edcia Militar de Bra\u00e7o do Norte, que estreita os la\u00e7os dos alunos com a corpora\u00e7\u00e3o e, tamb\u00e9m, a presen\u00e7a da PM no ambiente escolar. Temos certeza de que a presen\u00e7a dos vigilantes aumentar\u00e1 a seguran\u00e7a nas unidades, n\u00e3o apenas para alunos e pais, mas tamb\u00e9m para os profissionais que est\u00e3o dia a dia nas institui\u00e7\u00f5es\u201d, encerrou.<\/p>\n<p><img fetchpriority=\"high\" decoding=\"async\" class=\"alignnone size-large wp-image-7219\" src=\"http:\/\/sulsc.com\/wp-content\/uploads\/2024\/01\/WhatsApp-Image-2024-01-16-at-19.39.21-768x1024.jpeg\" alt=\"\" width=\"768\" height=\"1024\" srcset=\"https:\/\/sulsc.com\/wp-content\/uploads\/2024\/01\/WhatsApp-Image-2024-01-16-at-19.39.21-768x1024.jpeg 768w, https:\/\/sulsc.com\/wp-content\/uploads\/2024\/01\/WhatsApp-Image-2024-01-16-at-19.39.21-225x300.jpeg 225w, https:\/\/sulsc.com\/wp-content\/uploads\/2024\/01\/WhatsApp-Image-2024-01-16-at-19.39.21-1152x1536.jpeg 1152w, https:\/\/sulsc.com\/wp-content\/uploads\/2024\/01\/WhatsApp-Image-2024-01-16-at-19.39.21.jpeg 1200w\" sizes=\"(max-width: 768px) 100vw, 768px\" \/><\/p>\n","protected":false},"excerpt":{"rendered":"<p>Os tr\u00e2mites burocr\u00e1ticos para a chamada de vigilantes permanentes em escolas e CEIs da rede municipal de ensino tiveram in\u00edcio. O prefeito de Bra\u00e7o do Norte, Beto Kuerten Marcelino, autorizou o secret\u00e1rio de Administra\u00e7\u00e3o e Fazenda, Allan Lopes Prud\u00eancio a iniciar o processo na tarde desta ter\u00e7a-feira (16). O munic\u00edpio tem mais de 4 mil &hellip;<\/p>\n<p class=\"read-more\"> <a class=\"\" href=\"https:\/\/sulsc.com\/index.php\/2024\/01\/17\/chamada-para-vigilantes-permanentes-em-escolas-e-ceis-de-braco-do-norte-e-autorizada\/\"> <span class=\"screen-reader-text\">Chamada para vigilantes permanentes em escolas e CEIs de Bra\u00e7o do Norte \u00e9 autorizada<\/span> Read More &raquo;<\/a><\/p>\n","protected":false},"author":3,"featured_media":7219,"comment_status":"open","ping_status":"open","sticky":false,"template":"","format":"standard","meta":{"site-sidebar-layout":"default","site-content-layout":"","ast-site-content-layout":"default","site-content-style":"default","site-sidebar-style":"default","ast-global-header-display":"","ast-banner-title-visibility":"","ast-main-header-display":"","ast-hfb-above-header-display":"","ast-hfb-below-header-display":"","ast-hfb-mobile-header-display":"","site-post-title":"","ast-breadcrumbs-content":"","ast-featured-img":"","footer-sml-layout":"","theme-transparent-header-meta":"default","adv-header-id-meta":"","stick-header-meta":"","header-above-stick-meta":"","header-main-stick-meta":"","header-below-stick-meta":"","astra-migrate-meta-layouts":"set","footnotes":""},"categories":[1],"tags":[135,91],"yoast_head":"<!-- This site is optimized with the Yoast SEO plugin v21.4 - https:\/\/yoast.com\/wordpress\/plugins\/seo\/ -->\n<title>Chamada para vigilantes permanentes em escolas e CEIs de Bra\u00e7o do Norte \u00e9 autorizada -<\/title>\n<meta name=\"robots\" content=\"index, follow, max-snippet:-1, max-image-preview:large, max-video-preview:-1\" \/>\n<link rel=\"canonical\" href=\"https:\/\/sulsc.com\/index.php\/2024\/01\/17\/chamada-para-vigilantes-permanentes-em-escolas-e-ceis-de-braco-do-norte-e-autorizada\/\" \/>\n<meta property=\"og:locale\" content=\"en_US\" \/>\n<meta property=\"og:type\" content=\"article\" \/>\n<meta property=\"og:title\" content=\"Chamada para vigilantes permanentes em escolas e CEIs de Bra\u00e7o do Norte \u00e9 autorizada -\" \/>\n<meta property=\"og:description\" content=\"Os tr\u00e2mites burocr\u00e1ticos para a chamada de vigilantes permanentes em escolas e CEIs da rede municipal de ensino tiveram in\u00edcio. O prefeito de Bra\u00e7o do Norte, Beto Kuerten Marcelino, autorizou o secret\u00e1rio de Administra\u00e7\u00e3o e Fazenda, Allan Lopes Prud\u00eancio a iniciar o processo na tarde desta ter\u00e7a-feira (16). O munic\u00edpio tem mais de 4 mil &hellip; Chamada para vigilantes permanentes em escolas e CEIs de Bra\u00e7o do Norte \u00e9 autorizada Read More &raquo;\" \/>\n<meta property=\"og:url\" content=\"https:\/\/sulsc.com\/index.php\/2024\/01\/17\/chamada-para-vigilantes-permanentes-em-escolas-e-ceis-de-braco-do-norte-e-autorizada\/\" \/>\n<meta property=\"article:author\" content=\"https:\/\/www.facebook.com\/profile.php?id=61559278119680\" \/>\n<meta property=\"article:published_time\" content=\"2024-01-17T14:00:19+00:00\" \/>\n<meta property=\"article:modified_time\" content=\"2024-01-17T13:41:44+00:00\" \/>\n<meta property=\"og:image\" content=\"https:\/\/sulsc.com\/wp-content\/uploads\/2024\/01\/WhatsApp-Image-2024-01-16-at-19.39.21.jpeg\" \/>\n\t<meta property=\"og:image:width\" content=\"1200\" \/>\n\t<meta property=\"og:image:height\" content=\"1600\" \/>\n\t<meta property=\"og:image:type\" content=\"image\/jpeg\" \/>\n<meta name=\"author\" content=\"Reda\u00e7\u00e3o Sul SC\" \/>\n<meta name=\"twitter:card\" content=\"summary_large_image\" \/>\n<meta name=\"twitter:creator\" content=\"@https:\/\/twitter.com\/PortalSulSC\" \/>\n<meta name=\"twitter:label1\" content=\"Written by\" \/>\n\t<meta name=\"twitter:data1\" content=\"Reda\u00e7\u00e3o Sul SC\" \/>\n\t<meta name=\"twitter:label2\" content=\"Est. reading time\" \/>\n\t<meta name=\"twitter:data2\" content=\"2 minutes\" \/>\n<script type=\"application\/ld+json\" class=\"yoast-schema-graph\">{\"@context\":\"https:\/\/schema.org\",\"@graph\":[{\"@type\":\"WebPage\",\"@id\":\"https:\/\/sulsc.com\/index.php\/2024\/01\/17\/chamada-para-vigilantes-permanentes-em-escolas-e-ceis-de-braco-do-norte-e-autorizada\/\",\"url\":\"https:\/\/sulsc.com\/index.php\/2024\/01\/17\/chamada-para-vigilantes-permanentes-em-escolas-e-ceis-de-braco-do-norte-e-autorizada\/\",\"name\":\"Chamada para vigilantes permanentes em escolas e CEIs de Bra\u00e7o do Norte \u00e9 autorizada -\",\"isPartOf\":{\"@id\":\"https:\/\/sulsc.com\/#website\"},\"datePublished\":\"2024-01-17T14:00:19+00:00\",\"dateModified\":\"2024-01-17T13:41:44+00:00\",\"author\":{\"@id\":\"https:\/\/sulsc.com\/#\/schema\/person\/84d2fc571684f6248ba83092f07750a3\"},\"breadcrumb\":{\"@id\":\"https:\/\/sulsc.com\/index.php\/2024\/01\/17\/chamada-para-vigilantes-permanentes-em-escolas-e-ceis-de-braco-do-norte-e-autorizada\/#breadcrumb\"},\"inLanguage\":\"en-US\",\"potentialAction\":[{\"@type\":\"ReadAction\",\"target\":[\"https:\/\/sulsc.com\/index.php\/2024\/01\/17\/chamada-para-vigilantes-permanentes-em-escolas-e-ceis-de-braco-do-norte-e-autorizada\/\"]}]},{\"@type\":\"BreadcrumbList\",\"@id\":\"https:\/\/sulsc.com\/index.php\/2024\/01\/17\/chamada-para-vigilantes-permanentes-em-escolas-e-ceis-de-braco-do-norte-e-autorizada\/#breadcrumb\",\"itemListElement\":[{\"@type\":\"ListItem\",\"position\":1,\"name\":\"In\u00edcio\",\"item\":\"https:\/\/sulsc.com\/\"},{\"@type\":\"ListItem\",\"position\":2,\"name\":\"Chamada para vigilantes permanentes em escolas e CEIs de Bra\u00e7o do Norte \u00e9 autorizada\"}]},{\"@type\":\"WebSite\",\"@id\":\"https:\/\/sulsc.com\/#website\",\"url\":\"https:\/\/sulsc.com\/\",\"name\":\"\",\"description\":\"\",\"potentialAction\":[{\"@type\":\"SearchAction\",\"target\":{\"@type\":\"EntryPoint\",\"urlTemplate\":\"https:\/\/sulsc.com\/?s={search_term_string}\"},\"query-input\":\"required name=search_term_string\"}],\"inLanguage\":\"en-US\"},{\"@type\":\"Person\",\"@id\":\"https:\/\/sulsc.com\/#\/schema\/person\/84d2fc571684f6248ba83092f07750a3\",\"name\":\"Reda\u00e7\u00e3o Sul SC\",\"image\":{\"@type\":\"ImageObject\",\"inLanguage\":\"en-US\",\"@id\":\"https:\/\/sulsc.com\/#\/schema\/person\/image\/e08d7fe2cc4ed596372063bbe852b8d0\",\"url\":\"https:\/\/sulsc.com\/wp-content\/uploads\/2023\/09\/redacao.png\",\"contentUrl\":\"https:\/\/sulsc.com\/wp-content\/uploads\/2023\/09\/redacao.png\",\"caption\":\"Reda\u00e7\u00e3o Sul SC\"},\"description\":\"Foco em um jornalismo imparcial, voltado \u00e0 qualidade dos seus conte\u00fados e, assim, levar informa\u00e7\u00e3o de valor que agregue \u00e0 vida dos leitores. Esta \u00e9 grande miss\u00e3o do Portal de Not\u00edcias Sul SC. N\u00e3o \u00e9 quantidade que muda o mundo, sempre foi e seguir\u00e1 sendo qualidade!\",\"sameAs\":[\"https:\/\/sulsc.com\/\",\"https:\/\/www.facebook.com\/profile.php?id=61559278119680\",\"https:\/\/www.instagram.com\/sulscportal\/?hl=pt-br\",\"https:\/\/twitter.com\/https:\/\/twitter.com\/PortalSulSC\",\"https:\/\/www.youtube.com\/channel\/UCv_BE8GeySluDov2n8qhVmw\"],\"url\":\"https:\/\/sulsc.com\/index.php\/author\/redacao\/\"}]}<\/script>\n<!-- \/ Yoast SEO plugin. -->","yoast_head_json":{"title":"Chamada para vigilantes permanentes em escolas e CEIs de Bra\u00e7o do Norte \u00e9 autorizada -","robots":{"index":"index","follow":"follow","max-snippet":"max-snippet:-1","max-image-preview":"max-image-preview:large","max-video-preview":"max-video-preview:-1"},"canonical":"https:\/\/sulsc.com\/index.php\/2024\/01\/17\/chamada-para-vigilantes-permanentes-em-escolas-e-ceis-de-braco-do-norte-e-autorizada\/","og_locale":"en_US","og_type":"article","og_title":"Chamada para vigilantes permanentes em escolas e CEIs de Bra\u00e7o do Norte \u00e9 autorizada -","og_description":"Os tr\u00e2mites burocr\u00e1ticos para a chamada de vigilantes permanentes em escolas e CEIs da rede municipal de ensino tiveram in\u00edcio. O prefeito de Bra\u00e7o do Norte, Beto Kuerten Marcelino, autorizou o secret\u00e1rio de Administra\u00e7\u00e3o e Fazenda, Allan Lopes Prud\u00eancio a iniciar o processo na tarde desta ter\u00e7a-feira (16). O munic\u00edpio tem mais de 4 mil &hellip; Chamada para vigilantes permanentes em escolas e CEIs de Bra\u00e7o do Norte \u00e9 autorizada Read More &raquo;","og_url":"https:\/\/sulsc.com\/index.php\/2024\/01\/17\/chamada-para-vigilantes-permanentes-em-escolas-e-ceis-de-braco-do-norte-e-autorizada\/","article_author":"https:\/\/www.facebook.com\/profile.php?id=61559278119680","article_published_time":"2024-01-17T14:00:19+00:00","article_modified_time":"2024-01-17T13:41:44+00:00","og_image":[{"width":1200,"height":1600,"url":"https:\/\/sulsc.com\/wp-content\/uploads\/2024\/01\/WhatsApp-Image-2024-01-16-at-19.39.21.jpeg","type":"image\/jpeg"}],"author":"Reda\u00e7\u00e3o Sul SC","twitter_card":"summary_large_image","twitter_creator":"@https:\/\/twitter.com\/PortalSulSC","twitter_misc":{"Written by":"Reda\u00e7\u00e3o Sul SC","Est. reading time":"2 minutes"},"schema":{"@context":"https:\/\/schema.org","@graph":[{"@type":"WebPage","@id":"https:\/\/sulsc.com\/index.php\/2024\/01\/17\/chamada-para-vigilantes-permanentes-em-escolas-e-ceis-de-braco-do-norte-e-autorizada\/","url":"https:\/\/sulsc.com\/index.php\/2024\/01\/17\/chamada-para-vigilantes-permanentes-em-escolas-e-ceis-de-braco-do-norte-e-autorizada\/","name":"Chamada para vigilantes permanentes em escolas e CEIs de Bra\u00e7o do Norte \u00e9 autorizada -","isPartOf":{"@id":"https:\/\/sulsc.com\/#website"},"datePublished":"2024-01-17T14:00:19+00:00","dateModified":"2024-01-17T13:41:44+00:00","author":{"@id":"https:\/\/sulsc.com\/#\/schema\/person\/84d2fc571684f6248ba83092f07750a3"},"breadcrumb":{"@id":"https:\/\/sulsc.com\/index.php\/2024\/01\/17\/chamada-para-vigilantes-permanentes-em-escolas-e-ceis-de-braco-do-norte-e-autorizada\/#breadcrumb"},"inLanguage":"en-US","potentialAction":[{"@type":"ReadAction","target":["https:\/\/sulsc.com\/index.php\/2024\/01\/17\/chamada-para-vigilantes-permanentes-em-escolas-e-ceis-de-braco-do-norte-e-autorizada\/"]}]},{"@type":"BreadcrumbList","@id":"https:\/\/sulsc.com\/index.php\/2024\/01\/17\/chamada-para-vigilantes-permanentes-em-escolas-e-ceis-de-braco-do-norte-e-autorizada\/#breadcrumb","itemListElement":[{"@type":"ListItem","position":1,"name":"In\u00edcio","item":"https:\/\/sulsc.com\/"},{"@type":"ListItem","position":2,"name":"Chamada para vigilantes permanentes em escolas e CEIs de Bra\u00e7o do Norte \u00e9 autorizada"}]},{"@type":"WebSite","@id":"https:\/\/sulsc.com\/#website","url":"https:\/\/sulsc.com\/","name":"","description":"","potentialAction":[{"@type":"SearchAction","target":{"@type":"EntryPoint","urlTemplate":"https:\/\/sulsc.com\/?s={search_term_string}"},"query-input":"required name=search_term_string"}],"inLanguage":"en-US"},{"@type":"Person","@id":"https:\/\/sulsc.com\/#\/schema\/person\/84d2fc571684f6248ba83092f07750a3","name":"Reda\u00e7\u00e3o Sul SC","image":{"@type":"ImageObject","inLanguage":"en-US","@id":"https:\/\/sulsc.com\/#\/schema\/person\/image\/e08d7fe2cc4ed596372063bbe852b8d0","url":"https:\/\/sulsc.com\/wp-content\/uploads\/2023\/09\/redacao.png","contentUrl":"https:\/\/sulsc.com\/wp-content\/uploads\/2023\/09\/redacao.png","caption":"Reda\u00e7\u00e3o Sul SC"},"description":"Foco em um jornalismo imparcial, voltado \u00e0 qualidade dos seus conte\u00fados e, assim, levar informa\u00e7\u00e3o de valor que agregue \u00e0 vida dos leitores. Esta \u00e9 grande miss\u00e3o do Portal de Not\u00edcias Sul SC. N\u00e3o \u00e9 quantidade que muda o mundo, sempre foi e seguir\u00e1 sendo qualidade!","sameAs":["https:\/\/sulsc.com\/","https:\/\/www.facebook.com\/profile.php?id=61559278119680","https:\/\/www.instagram.com\/sulscportal\/?hl=pt-br","https:\/\/twitter.com\/https:\/\/twitter.com\/PortalSulSC","https:\/\/www.youtube.com\/channel\/UCv_BE8GeySluDov2n8qhVmw"],"url":"https:\/\/sulsc.com\/index.php\/author\/redacao\/"}]}},"authors":[],"_links":{"self":[{"href":"https:\/\/sulsc.com\/index.php\/wp-json\/wp\/v2\/posts\/7212"}],"collection":[{"href":"https:\/\/sulsc.com\/index.php\/wp-json\/wp\/v2\/posts"}],"about":[{"href":"https:\/\/sulsc.com\/index.php\/wp-json\/wp\/v2\/types\/post"}],"author":[{"embeddable":true,"href":"https:\/\/sulsc.com\/index.php\/wp-json\/wp\/v2\/users\/3"}],"replies":[{"embeddable":true,"href":"https:\/\/sulsc.com\/index.php\/wp-json\/wp\/v2\/comments?post=7212"}],"version-history":[{"count":2,"href":"https:\/\/sulsc.com\/index.php\/wp-json\/wp\/v2\/posts\/7212\/revisions"}],"predecessor-version":[{"id":7220,"href":"https:\/\/sulsc.com\/index.php\/wp-json\/wp\/v2\/posts\/7212\/revisions\/7220"}],"wp:featuredmedia":[{"embeddable":true,"href":"https:\/\/sulsc.com\/index.php\/wp-json\/wp\/v2\/media\/7219"}],"wp:attachment":[{"href":"https:\/\/sulsc.com\/index.php\/wp-json\/wp\/v2\/media?parent=7212"}],"wp:term":[{"taxonomy":"category","embeddable":true,"href":"https:\/\/sulsc.com\/index.php\/wp-json\/wp\/v2\/categories?post=7212"},{"taxonomy":"post_tag","embeddable":true,"href":"https:\/\/sulsc.com\/index.php\/wp-json\/wp\/v2\/tags?post=7212"}],"curies":[{"name":"wp","href":"https:\/\/api.w.org\/{rel}","templated":true}]}}