{"id":7240,"date":"2024-01-17T15:09:12","date_gmt":"2024-01-17T18:09:12","guid":{"rendered":"https:\/\/sulsc.com\/?p=7240"},"modified":"2024-01-17T15:09:12","modified_gmt":"2024-01-17T18:09:12","slug":"novo-secretario-vistoria-aeroportos-de-jaguaruna-e-forquilhinha","status":"publish","type":"post","link":"https:\/\/sulsc.com\/index.php\/2024\/01\/17\/novo-secretario-vistoria-aeroportos-de-jaguaruna-e-forquilhinha\/","title":{"rendered":"Novo secret\u00e1rio vistoria aeroportos de Jaguaruna e Forquilhinha"},"content":{"rendered":"<header class=\"entry-header\">\n<h2 class=\"entry-title\" data-raofz=\"24\"><img fetchpriority=\"high\" decoding=\"async\" class=\"img-fluid wp-post-image\" style=\"font-size: 16px; font-weight: inherit;\" src=\"https:\/\/estado.sc.gov.br\/noticias\/wp-content\/uploads\/sites\/3\/2024\/01\/WhatsApp-Image-2024-01-16-at-15.52.57.jpeg\" alt=\"\" width=\"1280\" height=\"720\" \/><\/h2>\n<\/header>\n<div class=\"entry-content\" data-raofz=\"16\">\n<div class=\"addtoany_share_save_container addtoany_content addtoany_content_top\" data-raofz=\"16\">\n<div class=\"a2a_kit a2a_kit_size_22 addtoany_list\" data-a2a-url=\"https:\/\/estado.sc.gov.br\/noticias\/secretario-vistoria-aeroportos-do-sul-do-estado\/\" data-a2a-title=\"Secret\u00e1rio vistoria aeroportos do Sul do estado\" data-raofz=\"16\"><\/div>\n<\/div>\n<p data-raofz=\"16\">Os aeroportos do Sul do Estado receberam visitas t\u00e9cnicas nesta ter\u00e7a-feira (16), do secret\u00e1rio de Portos, Aeroportos e Ferrovias (Spaf), Robison Coelho. Ele foi recebido pelos representantes das empresas contratadas pelo Estado para a gest\u00e3o dos aeroportos de <strong>Jaguaruna<\/strong> e de <strong>Forquilhinha<\/strong>.<\/p>\n<p data-raofz=\"16\">Na Cidade das Praias, Coelho conheceu a estrutura que est\u00e1 na reta final da Parceria P\u00fablico Privada e que dever\u00e1 receber mais de R$ 60 milh\u00f5es em investimentos. As empresas interessadas na concess\u00e3o tem at\u00e9 o dia 1\u00b0 de fevereiro para apresentar as propostas e os envelopes ser\u00e3o abertos em 7 de fevereiro na B3, em S\u00e3o Paulo.<\/p>\n<p data-raofz=\"16\">\u201cO Aeroporto de Jaguaruna teve em 2023 o seu segundo melhor desempenho em quase dez anos de opera\u00e7\u00f5es. Foram mais de 133 mil passageiros e um crescimento de 8,48% em rela\u00e7\u00e3o a 2022. Isso demonstra que existe um potencial de crescimento. Com os investimentos necess\u00e1rios e uma gest\u00e3o privada ter\u00e1 condi\u00e7\u00f5es de atender toda uma regi\u00e3o importante. Os n\u00fameros dos outros aeroportos privados do Estado mostram que esse \u00e9 o caminho para oferecer melhores servi\u00e7os aos passageiros\u201d, afirma Coelho.<\/p>\n<figure class=\"wp-block-image size-full\"><img decoding=\"async\" class=\"wp-image-276898\" src=\"https:\/\/estado.sc.gov.br\/noticias\/wp-content\/uploads\/sites\/3\/2024\/01\/WhatsApp-Image-2024-01-16-at-15.53.24.jpeg\" alt=\"\" width=\"1280\" height=\"720\" \/><\/figure>\n<p data-raofz=\"16\">J\u00e1 o Aeroporto de Forquilhinha foi reaberto em 2023 depois de quase dois anos fechado para obras. Um investimento de mais de R$ 17 milh\u00f5es. Ainda sob gest\u00e3o estadual, o local ser\u00e1 subdelegado ao munic\u00edpio neste ano<\/p>\n<p data-raofz=\"16\">\u201cE mesmo assim, o Estado seguir\u00e1 investindo. Teremos aqui uma base do Saer, que otimizar\u00e1 os recursos da seguran\u00e7a e ser\u00e1 uma estrutura a mais no Aeroporto, que tem esta importante fun\u00e7\u00e3o de atender aos voos de seguran\u00e7a, de emerg\u00eancias de saude e de avia\u00e7\u00e3o executiva\u201d, acrescenta o secret\u00e1rio.<\/p>\n<\/div>\n","protected":false},"excerpt":{"rendered":"<p>Os aeroportos do Sul do Estado receberam visitas t\u00e9cnicas nesta ter\u00e7a-feira (16), do secret\u00e1rio de Portos, Aeroportos e Ferrovias (Spaf), Robison Coelho. Ele foi recebido pelos representantes das empresas contratadas pelo Estado para a gest\u00e3o dos aeroportos de Jaguaruna e de Forquilhinha. Na Cidade das Praias, Coelho conheceu a estrutura que est\u00e1 na reta final &hellip;<\/p>\n<p class=\"read-more\"> <a class=\"\" href=\"https:\/\/sulsc.com\/index.php\/2024\/01\/17\/novo-secretario-vistoria-aeroportos-de-jaguaruna-e-forquilhinha\/\"> <span class=\"screen-reader-text\">Novo secret\u00e1rio vistoria aeroportos de Jaguaruna e Forquilhinha<\/span> Read More &raquo;<\/a><\/p>\n","protected":false},"author":3,"featured_media":7241,"comment_status":"open","ping_status":"open","sticky":false,"template":"","format":"standard","meta":{"site-sidebar-layout":"default","site-content-layout":"","ast-site-content-layout":"default","site-content-style":"default","site-sidebar-style":"default","ast-global-header-display":"","ast-banner-title-visibility":"","ast-main-header-display":"","ast-hfb-above-header-display":"","ast-hfb-below-header-display":"","ast-hfb-mobile-header-display":"","site-post-title":"","ast-breadcrumbs-content":"","ast-featured-img":"","footer-sml-layout":"","theme-transparent-header-meta":"default","adv-header-id-meta":"","stick-header-meta":"","header-above-stick-meta":"","header-main-stick-meta":"","header-below-stick-meta":"","astra-migrate-meta-layouts":"set","footnotes":""},"categories":[1],"tags":[],"yoast_head":"<!-- This site is optimized with the Yoast SEO plugin v21.4 - https:\/\/yoast.com\/wordpress\/plugins\/seo\/ -->\n<title>Novo secret\u00e1rio vistoria aeroportos de Jaguaruna e Forquilhinha -<\/title>\n<meta name=\"robots\" content=\"index, follow, max-snippet:-1, max-image-preview:large, max-video-preview:-1\" \/>\n<link rel=\"canonical\" href=\"https:\/\/sulsc.com\/index.php\/2024\/01\/17\/novo-secretario-vistoria-aeroportos-de-jaguaruna-e-forquilhinha\/\" \/>\n<meta property=\"og:locale\" content=\"en_US\" \/>\n<meta property=\"og:type\" content=\"article\" \/>\n<meta property=\"og:title\" content=\"Novo secret\u00e1rio vistoria aeroportos de Jaguaruna e Forquilhinha -\" \/>\n<meta property=\"og:description\" content=\"Os aeroportos do Sul do Estado receberam visitas t\u00e9cnicas nesta ter\u00e7a-feira (16), do secret\u00e1rio de Portos, Aeroportos e Ferrovias (Spaf), Robison Coelho. Ele foi recebido pelos representantes das empresas contratadas pelo Estado para a gest\u00e3o dos aeroportos de Jaguaruna e de Forquilhinha. Na Cidade das Praias, Coelho conheceu a estrutura que est\u00e1 na reta final &hellip; Novo secret\u00e1rio vistoria aeroportos de Jaguaruna e Forquilhinha Read More &raquo;\" \/>\n<meta property=\"og:url\" content=\"https:\/\/sulsc.com\/index.php\/2024\/01\/17\/novo-secretario-vistoria-aeroportos-de-jaguaruna-e-forquilhinha\/\" \/>\n<meta property=\"article:author\" content=\"https:\/\/www.facebook.com\/profile.php?id=61559278119680\" \/>\n<meta property=\"article:published_time\" content=\"2024-01-17T18:09:12+00:00\" \/>\n<meta property=\"og:image\" content=\"http:\/\/sulsc.com\/wp-content\/uploads\/2024\/01\/1-7.jpeg\" \/>\n\t<meta property=\"og:image:width\" content=\"1280\" \/>\n\t<meta property=\"og:image:height\" content=\"720\" \/>\n\t<meta property=\"og:image:type\" content=\"image\/jpeg\" \/>\n<meta name=\"author\" content=\"Reda\u00e7\u00e3o Sul SC\" \/>\n<meta name=\"twitter:card\" content=\"summary_large_image\" \/>\n<meta name=\"twitter:creator\" content=\"@https:\/\/twitter.com\/PortalSulSC\" \/>\n<meta name=\"twitter:label1\" content=\"Written by\" \/>\n\t<meta name=\"twitter:data1\" content=\"Reda\u00e7\u00e3o Sul SC\" \/>\n\t<meta name=\"twitter:label2\" content=\"Est. reading time\" \/>\n\t<meta name=\"twitter:data2\" content=\"2 minutes\" \/>\n<script type=\"application\/ld+json\" class=\"yoast-schema-graph\">{\"@context\":\"https:\/\/schema.org\",\"@graph\":[{\"@type\":\"WebPage\",\"@id\":\"https:\/\/sulsc.com\/index.php\/2024\/01\/17\/novo-secretario-vistoria-aeroportos-de-jaguaruna-e-forquilhinha\/\",\"url\":\"https:\/\/sulsc.com\/index.php\/2024\/01\/17\/novo-secretario-vistoria-aeroportos-de-jaguaruna-e-forquilhinha\/\",\"name\":\"Novo secret\u00e1rio vistoria aeroportos de Jaguaruna e Forquilhinha -\",\"isPartOf\":{\"@id\":\"https:\/\/sulsc.com\/#website\"},\"datePublished\":\"2024-01-17T18:09:12+00:00\",\"dateModified\":\"2024-01-17T18:09:12+00:00\",\"author\":{\"@id\":\"https:\/\/sulsc.com\/#\/schema\/person\/84d2fc571684f6248ba83092f07750a3\"},\"breadcrumb\":{\"@id\":\"https:\/\/sulsc.com\/index.php\/2024\/01\/17\/novo-secretario-vistoria-aeroportos-de-jaguaruna-e-forquilhinha\/#breadcrumb\"},\"inLanguage\":\"en-US\",\"potentialAction\":[{\"@type\":\"ReadAction\",\"target\":[\"https:\/\/sulsc.com\/index.php\/2024\/01\/17\/novo-secretario-vistoria-aeroportos-de-jaguaruna-e-forquilhinha\/\"]}]},{\"@type\":\"BreadcrumbList\",\"@id\":\"https:\/\/sulsc.com\/index.php\/2024\/01\/17\/novo-secretario-vistoria-aeroportos-de-jaguaruna-e-forquilhinha\/#breadcrumb\",\"itemListElement\":[{\"@type\":\"ListItem\",\"position\":1,\"name\":\"In\u00edcio\",\"item\":\"https:\/\/sulsc.com\/\"},{\"@type\":\"ListItem\",\"position\":2,\"name\":\"Novo secret\u00e1rio vistoria aeroportos de Jaguaruna e Forquilhinha\"}]},{\"@type\":\"WebSite\",\"@id\":\"https:\/\/sulsc.com\/#website\",\"url\":\"https:\/\/sulsc.com\/\",\"name\":\"\",\"description\":\"\",\"potentialAction\":[{\"@type\":\"SearchAction\",\"target\":{\"@type\":\"EntryPoint\",\"urlTemplate\":\"https:\/\/sulsc.com\/?s={search_term_string}\"},\"query-input\":\"required name=search_term_string\"}],\"inLanguage\":\"en-US\"},{\"@type\":\"Person\",\"@id\":\"https:\/\/sulsc.com\/#\/schema\/person\/84d2fc571684f6248ba83092f07750a3\",\"name\":\"Reda\u00e7\u00e3o Sul SC\",\"image\":{\"@type\":\"ImageObject\",\"inLanguage\":\"en-US\",\"@id\":\"https:\/\/sulsc.com\/#\/schema\/person\/image\/e08d7fe2cc4ed596372063bbe852b8d0\",\"url\":\"https:\/\/sulsc.com\/wp-content\/uploads\/2023\/09\/redacao.png\",\"contentUrl\":\"https:\/\/sulsc.com\/wp-content\/uploads\/2023\/09\/redacao.png\",\"caption\":\"Reda\u00e7\u00e3o Sul SC\"},\"description\":\"Foco em um jornalismo imparcial, voltado \u00e0 qualidade dos seus conte\u00fados e, assim, levar informa\u00e7\u00e3o de valor que agregue \u00e0 vida dos leitores. Esta \u00e9 grande miss\u00e3o do Portal de Not\u00edcias Sul SC. N\u00e3o \u00e9 quantidade que muda o mundo, sempre foi e seguir\u00e1 sendo qualidade!\",\"sameAs\":[\"https:\/\/sulsc.com\/\",\"https:\/\/www.facebook.com\/profile.php?id=61559278119680\",\"https:\/\/www.instagram.com\/sulscportal\/?hl=pt-br\",\"https:\/\/twitter.com\/https:\/\/twitter.com\/PortalSulSC\",\"https:\/\/www.youtube.com\/channel\/UCv_BE8GeySluDov2n8qhVmw\"],\"url\":\"https:\/\/sulsc.com\/index.php\/author\/redacao\/\"}]}<\/script>\n<!-- \/ Yoast SEO plugin. -->","yoast_head_json":{"title":"Novo secret\u00e1rio vistoria aeroportos de Jaguaruna e Forquilhinha -","robots":{"index":"index","follow":"follow","max-snippet":"max-snippet:-1","max-image-preview":"max-image-preview:large","max-video-preview":"max-video-preview:-1"},"canonical":"https:\/\/sulsc.com\/index.php\/2024\/01\/17\/novo-secretario-vistoria-aeroportos-de-jaguaruna-e-forquilhinha\/","og_locale":"en_US","og_type":"article","og_title":"Novo secret\u00e1rio vistoria aeroportos de Jaguaruna e Forquilhinha -","og_description":"Os aeroportos do Sul do Estado receberam visitas t\u00e9cnicas nesta ter\u00e7a-feira (16), do secret\u00e1rio de Portos, Aeroportos e Ferrovias (Spaf), Robison Coelho. Ele foi recebido pelos representantes das empresas contratadas pelo Estado para a gest\u00e3o dos aeroportos de Jaguaruna e de Forquilhinha. Na Cidade das Praias, Coelho conheceu a estrutura que est\u00e1 na reta final &hellip; Novo secret\u00e1rio vistoria aeroportos de Jaguaruna e Forquilhinha Read More &raquo;","og_url":"https:\/\/sulsc.com\/index.php\/2024\/01\/17\/novo-secretario-vistoria-aeroportos-de-jaguaruna-e-forquilhinha\/","article_author":"https:\/\/www.facebook.com\/profile.php?id=61559278119680","article_published_time":"2024-01-17T18:09:12+00:00","og_image":[{"width":1280,"height":720,"url":"http:\/\/sulsc.com\/wp-content\/uploads\/2024\/01\/1-7.jpeg","type":"image\/jpeg"}],"author":"Reda\u00e7\u00e3o Sul SC","twitter_card":"summary_large_image","twitter_creator":"@https:\/\/twitter.com\/PortalSulSC","twitter_misc":{"Written by":"Reda\u00e7\u00e3o Sul SC","Est. reading time":"2 minutes"},"schema":{"@context":"https:\/\/schema.org","@graph":[{"@type":"WebPage","@id":"https:\/\/sulsc.com\/index.php\/2024\/01\/17\/novo-secretario-vistoria-aeroportos-de-jaguaruna-e-forquilhinha\/","url":"https:\/\/sulsc.com\/index.php\/2024\/01\/17\/novo-secretario-vistoria-aeroportos-de-jaguaruna-e-forquilhinha\/","name":"Novo secret\u00e1rio vistoria aeroportos de Jaguaruna e Forquilhinha -","isPartOf":{"@id":"https:\/\/sulsc.com\/#website"},"datePublished":"2024-01-17T18:09:12+00:00","dateModified":"2024-01-17T18:09:12+00:00","author":{"@id":"https:\/\/sulsc.com\/#\/schema\/person\/84d2fc571684f6248ba83092f07750a3"},"breadcrumb":{"@id":"https:\/\/sulsc.com\/index.php\/2024\/01\/17\/novo-secretario-vistoria-aeroportos-de-jaguaruna-e-forquilhinha\/#breadcrumb"},"inLanguage":"en-US","potentialAction":[{"@type":"ReadAction","target":["https:\/\/sulsc.com\/index.php\/2024\/01\/17\/novo-secretario-vistoria-aeroportos-de-jaguaruna-e-forquilhinha\/"]}]},{"@type":"BreadcrumbList","@id":"https:\/\/sulsc.com\/index.php\/2024\/01\/17\/novo-secretario-vistoria-aeroportos-de-jaguaruna-e-forquilhinha\/#breadcrumb","itemListElement":[{"@type":"ListItem","position":1,"name":"In\u00edcio","item":"https:\/\/sulsc.com\/"},{"@type":"ListItem","position":2,"name":"Novo secret\u00e1rio vistoria aeroportos de Jaguaruna e Forquilhinha"}]},{"@type":"WebSite","@id":"https:\/\/sulsc.com\/#website","url":"https:\/\/sulsc.com\/","name":"","description":"","potentialAction":[{"@type":"SearchAction","target":{"@type":"EntryPoint","urlTemplate":"https:\/\/sulsc.com\/?s={search_term_string}"},"query-input":"required name=search_term_string"}],"inLanguage":"en-US"},{"@type":"Person","@id":"https:\/\/sulsc.com\/#\/schema\/person\/84d2fc571684f6248ba83092f07750a3","name":"Reda\u00e7\u00e3o Sul SC","image":{"@type":"ImageObject","inLanguage":"en-US","@id":"https:\/\/sulsc.com\/#\/schema\/person\/image\/e08d7fe2cc4ed596372063bbe852b8d0","url":"https:\/\/sulsc.com\/wp-content\/uploads\/2023\/09\/redacao.png","contentUrl":"https:\/\/sulsc.com\/wp-content\/uploads\/2023\/09\/redacao.png","caption":"Reda\u00e7\u00e3o Sul SC"},"description":"Foco em um jornalismo imparcial, voltado \u00e0 qualidade dos seus conte\u00fados e, assim, levar informa\u00e7\u00e3o de valor que agregue \u00e0 vida dos leitores. Esta \u00e9 grande miss\u00e3o do Portal de Not\u00edcias Sul SC. N\u00e3o \u00e9 quantidade que muda o mundo, sempre foi e seguir\u00e1 sendo qualidade!","sameAs":["https:\/\/sulsc.com\/","https:\/\/www.facebook.com\/profile.php?id=61559278119680","https:\/\/www.instagram.com\/sulscportal\/?hl=pt-br","https:\/\/twitter.com\/https:\/\/twitter.com\/PortalSulSC","https:\/\/www.youtube.com\/channel\/UCv_BE8GeySluDov2n8qhVmw"],"url":"https:\/\/sulsc.com\/index.php\/author\/redacao\/"}]}},"authors":[],"_links":{"self":[{"href":"https:\/\/sulsc.com\/index.php\/wp-json\/wp\/v2\/posts\/7240"}],"collection":[{"href":"https:\/\/sulsc.com\/index.php\/wp-json\/wp\/v2\/posts"}],"about":[{"href":"https:\/\/sulsc.com\/index.php\/wp-json\/wp\/v2\/types\/post"}],"author":[{"embeddable":true,"href":"https:\/\/sulsc.com\/index.php\/wp-json\/wp\/v2\/users\/3"}],"replies":[{"embeddable":true,"href":"https:\/\/sulsc.com\/index.php\/wp-json\/wp\/v2\/comments?post=7240"}],"version-history":[{"count":1,"href":"https:\/\/sulsc.com\/index.php\/wp-json\/wp\/v2\/posts\/7240\/revisions"}],"predecessor-version":[{"id":7242,"href":"https:\/\/sulsc.com\/index.php\/wp-json\/wp\/v2\/posts\/7240\/revisions\/7242"}],"wp:featuredmedia":[{"embeddable":true,"href":"https:\/\/sulsc.com\/index.php\/wp-json\/wp\/v2\/media\/7241"}],"wp:attachment":[{"href":"https:\/\/sulsc.com\/index.php\/wp-json\/wp\/v2\/media?parent=7240"}],"wp:term":[{"taxonomy":"category","embeddable":true,"href":"https:\/\/sulsc.com\/index.php\/wp-json\/wp\/v2\/categories?post=7240"},{"taxonomy":"post_tag","embeddable":true,"href":"https:\/\/sulsc.com\/index.php\/wp-json\/wp\/v2\/tags?post=7240"}],"curies":[{"name":"wp","href":"https:\/\/api.w.org\/{rel}","templated":true}]}}