{"id":7261,"date":"2024-01-18T07:31:48","date_gmt":"2024-01-18T10:31:48","guid":{"rendered":"https:\/\/sulsc.com\/?p=7261"},"modified":"2024-01-18T07:32:40","modified_gmt":"2024-01-18T10:32:40","slug":"mulher-e-presa-em-flagrante-acusada-de-incendio-criminoso-em-ararangua","status":"publish","type":"post","link":"https:\/\/sulsc.com\/index.php\/2024\/01\/18\/mulher-e-presa-em-flagrante-acusada-de-incendio-criminoso-em-ararangua\/","title":{"rendered":"Mulher \u00e9 presa em flagrante, acusada de inc\u00eandio criminoso, em Ararangu\u00e1"},"content":{"rendered":"<p>Na madrugada desta quarta-feira (17), uma mulher de 30 anos foi presa em Ararangu\u00e1. Ela \u00e9 acusada de inc\u00eandio criminoso.<\/p>\n<p>A Pol\u00edcia Militar recebeu um chamado por volta da meia-noite para verificar uma ocorr\u00eancia na rua Prefeito Abel Esteves Aguiar, na Vila S\u00e3o Jos\u00e9.\u00a0Ao chegar no local do inc\u00eandio, a propriet\u00e1ria informou \u00e0s autoridades que sua filha havia ateado fogo na casa e fugido.<\/p>\n<p>Diante das informa\u00e7\u00f5es, os policiais se dirigiram ao bairro Coloninha, onde localizaram e prenderam a suspeita em flagrante. Ela foi encaminhada \u00e0 Central de Pol\u00edcia para os procedimentos legais.<\/p>\n<p><img fetchpriority=\"high\" decoding=\"async\" class=\"alignnone size-full wp-image-2017\" src=\"http:\/\/sulsc.com\/wp-content\/uploads\/2023\/10\/giroflex-3.jpg\" alt=\"\" width=\"714\" height=\"480\" srcset=\"https:\/\/sulsc.com\/wp-content\/uploads\/2023\/10\/giroflex-3.jpg 714w, https:\/\/sulsc.com\/wp-content\/uploads\/2023\/10\/giroflex-3-300x202.jpg 300w\" sizes=\"(max-width: 714px) 100vw, 714px\" \/><\/p>\n<p>Fonte: OPC News<\/p>\n","protected":false},"excerpt":{"rendered":"<p>Na madrugada desta quarta-feira (17), uma mulher de 30 anos foi presa em Ararangu\u00e1. Ela \u00e9 acusada de inc\u00eandio criminoso. A Pol\u00edcia Militar recebeu um chamado por volta da meia-noite para verificar uma ocorr\u00eancia na rua Prefeito Abel Esteves Aguiar, na Vila S\u00e3o Jos\u00e9.\u00a0Ao chegar no local do inc\u00eandio, a propriet\u00e1ria informou \u00e0s autoridades que &hellip;<\/p>\n<p class=\"read-more\"> <a class=\"\" href=\"https:\/\/sulsc.com\/index.php\/2024\/01\/18\/mulher-e-presa-em-flagrante-acusada-de-incendio-criminoso-em-ararangua\/\"> <span class=\"screen-reader-text\">Mulher \u00e9 presa em flagrante, acusada de inc\u00eandio criminoso, em Ararangu\u00e1<\/span> Read More &raquo;<\/a><\/p>\n","protected":false},"author":3,"featured_media":2017,"comment_status":"open","ping_status":"open","sticky":false,"template":"","format":"standard","meta":{"site-sidebar-layout":"default","site-content-layout":"","ast-site-content-layout":"default","site-content-style":"default","site-sidebar-style":"default","ast-global-header-display":"","ast-banner-title-visibility":"","ast-main-header-display":"","ast-hfb-above-header-display":"","ast-hfb-below-header-display":"","ast-hfb-mobile-header-display":"","site-post-title":"","ast-breadcrumbs-content":"","ast-featured-img":"","footer-sml-layout":"","theme-transparent-header-meta":"default","adv-header-id-meta":"","stick-header-meta":"","header-above-stick-meta":"","header-main-stick-meta":"","header-below-stick-meta":"","astra-migrate-meta-layouts":"set","footnotes":""},"categories":[24,8],"tags":[],"yoast_head":"<!-- This site is optimized with the Yoast SEO plugin v21.4 - https:\/\/yoast.com\/wordpress\/plugins\/seo\/ -->\n<title>Mulher \u00e9 presa em flagrante, acusada de inc\u00eandio criminoso, em Ararangu\u00e1 -<\/title>\n<meta name=\"description\" content=\"A propriet\u00e1ria informou \u00e0s autoridades que sua pr\u00f3pria filha teria ateado fogo na casa e fugido do local na sequ\u00eancia\" \/>\n<meta name=\"robots\" content=\"index, follow, max-snippet:-1, max-image-preview:large, max-video-preview:-1\" \/>\n<link rel=\"canonical\" href=\"https:\/\/sulsc.com\/index.php\/2024\/01\/18\/mulher-e-presa-em-flagrante-acusada-de-incendio-criminoso-em-ararangua\/\" \/>\n<meta property=\"og:locale\" content=\"en_US\" \/>\n<meta property=\"og:type\" content=\"article\" \/>\n<meta property=\"og:title\" content=\"Mulher \u00e9 presa em flagrante, acusada de inc\u00eandio criminoso, em Ararangu\u00e1 -\" \/>\n<meta property=\"og:description\" content=\"A propriet\u00e1ria informou \u00e0s autoridades que sua pr\u00f3pria filha teria ateado fogo na casa e fugido do local na sequ\u00eancia\" \/>\n<meta property=\"og:url\" content=\"https:\/\/sulsc.com\/index.php\/2024\/01\/18\/mulher-e-presa-em-flagrante-acusada-de-incendio-criminoso-em-ararangua\/\" \/>\n<meta property=\"article:author\" content=\"https:\/\/www.facebook.com\/profile.php?id=61559278119680\" \/>\n<meta property=\"article:published_time\" content=\"2024-01-18T10:31:48+00:00\" \/>\n<meta property=\"article:modified_time\" content=\"2024-01-18T10:32:40+00:00\" \/>\n<meta property=\"og:image\" content=\"http:\/\/sulsc.com\/wp-content\/uploads\/2023\/10\/giroflex-3.jpg\" \/>\n\t<meta property=\"og:image:width\" content=\"714\" \/>\n\t<meta property=\"og:image:height\" content=\"480\" \/>\n\t<meta property=\"og:image:type\" content=\"image\/jpeg\" \/>\n<meta name=\"author\" content=\"Reda\u00e7\u00e3o Sul SC\" \/>\n<meta name=\"twitter:card\" content=\"summary_large_image\" \/>\n<meta name=\"twitter:creator\" content=\"@https:\/\/twitter.com\/PortalSulSC\" \/>\n<meta name=\"twitter:label1\" content=\"Written by\" \/>\n\t<meta name=\"twitter:data1\" content=\"Reda\u00e7\u00e3o Sul SC\" \/>\n\t<meta name=\"twitter:label2\" content=\"Est. reading time\" \/>\n\t<meta name=\"twitter:data2\" content=\"1 minute\" \/>\n<script type=\"application\/ld+json\" class=\"yoast-schema-graph\">{\"@context\":\"https:\/\/schema.org\",\"@graph\":[{\"@type\":\"WebPage\",\"@id\":\"https:\/\/sulsc.com\/index.php\/2024\/01\/18\/mulher-e-presa-em-flagrante-acusada-de-incendio-criminoso-em-ararangua\/\",\"url\":\"https:\/\/sulsc.com\/index.php\/2024\/01\/18\/mulher-e-presa-em-flagrante-acusada-de-incendio-criminoso-em-ararangua\/\",\"name\":\"Mulher \u00e9 presa em flagrante, acusada de inc\u00eandio criminoso, em Ararangu\u00e1 -\",\"isPartOf\":{\"@id\":\"https:\/\/sulsc.com\/#website\"},\"datePublished\":\"2024-01-18T10:31:48+00:00\",\"dateModified\":\"2024-01-18T10:32:40+00:00\",\"author\":{\"@id\":\"https:\/\/sulsc.com\/#\/schema\/person\/84d2fc571684f6248ba83092f07750a3\"},\"description\":\"A propriet\u00e1ria informou \u00e0s autoridades que sua pr\u00f3pria filha teria ateado fogo na casa e fugido do local na sequ\u00eancia\",\"breadcrumb\":{\"@id\":\"https:\/\/sulsc.com\/index.php\/2024\/01\/18\/mulher-e-presa-em-flagrante-acusada-de-incendio-criminoso-em-ararangua\/#breadcrumb\"},\"inLanguage\":\"en-US\",\"potentialAction\":[{\"@type\":\"ReadAction\",\"target\":[\"https:\/\/sulsc.com\/index.php\/2024\/01\/18\/mulher-e-presa-em-flagrante-acusada-de-incendio-criminoso-em-ararangua\/\"]}]},{\"@type\":\"BreadcrumbList\",\"@id\":\"https:\/\/sulsc.com\/index.php\/2024\/01\/18\/mulher-e-presa-em-flagrante-acusada-de-incendio-criminoso-em-ararangua\/#breadcrumb\",\"itemListElement\":[{\"@type\":\"ListItem\",\"position\":1,\"name\":\"In\u00edcio\",\"item\":\"https:\/\/sulsc.com\/\"},{\"@type\":\"ListItem\",\"position\":2,\"name\":\"Mulher \u00e9 presa em flagrante, acusada de inc\u00eandio criminoso, em Ararangu\u00e1\"}]},{\"@type\":\"WebSite\",\"@id\":\"https:\/\/sulsc.com\/#website\",\"url\":\"https:\/\/sulsc.com\/\",\"name\":\"\",\"description\":\"\",\"potentialAction\":[{\"@type\":\"SearchAction\",\"target\":{\"@type\":\"EntryPoint\",\"urlTemplate\":\"https:\/\/sulsc.com\/?s={search_term_string}\"},\"query-input\":\"required name=search_term_string\"}],\"inLanguage\":\"en-US\"},{\"@type\":\"Person\",\"@id\":\"https:\/\/sulsc.com\/#\/schema\/person\/84d2fc571684f6248ba83092f07750a3\",\"name\":\"Reda\u00e7\u00e3o Sul SC\",\"image\":{\"@type\":\"ImageObject\",\"inLanguage\":\"en-US\",\"@id\":\"https:\/\/sulsc.com\/#\/schema\/person\/image\/e08d7fe2cc4ed596372063bbe852b8d0\",\"url\":\"https:\/\/sulsc.com\/wp-content\/uploads\/2023\/09\/redacao.png\",\"contentUrl\":\"https:\/\/sulsc.com\/wp-content\/uploads\/2023\/09\/redacao.png\",\"caption\":\"Reda\u00e7\u00e3o Sul SC\"},\"description\":\"Foco em um jornalismo imparcial, voltado \u00e0 qualidade dos seus conte\u00fados e, assim, levar informa\u00e7\u00e3o de valor que agregue \u00e0 vida dos leitores. Esta \u00e9 grande miss\u00e3o do Portal de Not\u00edcias Sul SC. N\u00e3o \u00e9 quantidade que muda o mundo, sempre foi e seguir\u00e1 sendo qualidade!\",\"sameAs\":[\"https:\/\/sulsc.com\/\",\"https:\/\/www.facebook.com\/profile.php?id=61559278119680\",\"https:\/\/www.instagram.com\/sulscportal\/?hl=pt-br\",\"https:\/\/twitter.com\/https:\/\/twitter.com\/PortalSulSC\",\"https:\/\/www.youtube.com\/channel\/UCv_BE8GeySluDov2n8qhVmw\"],\"url\":\"https:\/\/sulsc.com\/index.php\/author\/redacao\/\"}]}<\/script>\n<!-- \/ Yoast SEO plugin. -->","yoast_head_json":{"title":"Mulher \u00e9 presa em flagrante, acusada de inc\u00eandio criminoso, em Ararangu\u00e1 -","description":"A propriet\u00e1ria informou \u00e0s autoridades que sua pr\u00f3pria filha teria ateado fogo na casa e fugido do local na sequ\u00eancia","robots":{"index":"index","follow":"follow","max-snippet":"max-snippet:-1","max-image-preview":"max-image-preview:large","max-video-preview":"max-video-preview:-1"},"canonical":"https:\/\/sulsc.com\/index.php\/2024\/01\/18\/mulher-e-presa-em-flagrante-acusada-de-incendio-criminoso-em-ararangua\/","og_locale":"en_US","og_type":"article","og_title":"Mulher \u00e9 presa em flagrante, acusada de inc\u00eandio criminoso, em Ararangu\u00e1 -","og_description":"A propriet\u00e1ria informou \u00e0s autoridades que sua pr\u00f3pria filha teria ateado fogo na casa e fugido do local na sequ\u00eancia","og_url":"https:\/\/sulsc.com\/index.php\/2024\/01\/18\/mulher-e-presa-em-flagrante-acusada-de-incendio-criminoso-em-ararangua\/","article_author":"https:\/\/www.facebook.com\/profile.php?id=61559278119680","article_published_time":"2024-01-18T10:31:48+00:00","article_modified_time":"2024-01-18T10:32:40+00:00","og_image":[{"width":714,"height":480,"url":"http:\/\/sulsc.com\/wp-content\/uploads\/2023\/10\/giroflex-3.jpg","type":"image\/jpeg"}],"author":"Reda\u00e7\u00e3o Sul SC","twitter_card":"summary_large_image","twitter_creator":"@https:\/\/twitter.com\/PortalSulSC","twitter_misc":{"Written by":"Reda\u00e7\u00e3o Sul SC","Est. reading time":"1 minute"},"schema":{"@context":"https:\/\/schema.org","@graph":[{"@type":"WebPage","@id":"https:\/\/sulsc.com\/index.php\/2024\/01\/18\/mulher-e-presa-em-flagrante-acusada-de-incendio-criminoso-em-ararangua\/","url":"https:\/\/sulsc.com\/index.php\/2024\/01\/18\/mulher-e-presa-em-flagrante-acusada-de-incendio-criminoso-em-ararangua\/","name":"Mulher \u00e9 presa em flagrante, acusada de inc\u00eandio criminoso, em Ararangu\u00e1 -","isPartOf":{"@id":"https:\/\/sulsc.com\/#website"},"datePublished":"2024-01-18T10:31:48+00:00","dateModified":"2024-01-18T10:32:40+00:00","author":{"@id":"https:\/\/sulsc.com\/#\/schema\/person\/84d2fc571684f6248ba83092f07750a3"},"description":"A propriet\u00e1ria informou \u00e0s autoridades que sua pr\u00f3pria filha teria ateado fogo na casa e fugido do local na sequ\u00eancia","breadcrumb":{"@id":"https:\/\/sulsc.com\/index.php\/2024\/01\/18\/mulher-e-presa-em-flagrante-acusada-de-incendio-criminoso-em-ararangua\/#breadcrumb"},"inLanguage":"en-US","potentialAction":[{"@type":"ReadAction","target":["https:\/\/sulsc.com\/index.php\/2024\/01\/18\/mulher-e-presa-em-flagrante-acusada-de-incendio-criminoso-em-ararangua\/"]}]},{"@type":"BreadcrumbList","@id":"https:\/\/sulsc.com\/index.php\/2024\/01\/18\/mulher-e-presa-em-flagrante-acusada-de-incendio-criminoso-em-ararangua\/#breadcrumb","itemListElement":[{"@type":"ListItem","position":1,"name":"In\u00edcio","item":"https:\/\/sulsc.com\/"},{"@type":"ListItem","position":2,"name":"Mulher \u00e9 presa em flagrante, acusada de inc\u00eandio criminoso, em Ararangu\u00e1"}]},{"@type":"WebSite","@id":"https:\/\/sulsc.com\/#website","url":"https:\/\/sulsc.com\/","name":"","description":"","potentialAction":[{"@type":"SearchAction","target":{"@type":"EntryPoint","urlTemplate":"https:\/\/sulsc.com\/?s={search_term_string}"},"query-input":"required name=search_term_string"}],"inLanguage":"en-US"},{"@type":"Person","@id":"https:\/\/sulsc.com\/#\/schema\/person\/84d2fc571684f6248ba83092f07750a3","name":"Reda\u00e7\u00e3o Sul SC","image":{"@type":"ImageObject","inLanguage":"en-US","@id":"https:\/\/sulsc.com\/#\/schema\/person\/image\/e08d7fe2cc4ed596372063bbe852b8d0","url":"https:\/\/sulsc.com\/wp-content\/uploads\/2023\/09\/redacao.png","contentUrl":"https:\/\/sulsc.com\/wp-content\/uploads\/2023\/09\/redacao.png","caption":"Reda\u00e7\u00e3o Sul SC"},"description":"Foco em um jornalismo imparcial, voltado \u00e0 qualidade dos seus conte\u00fados e, assim, levar informa\u00e7\u00e3o de valor que agregue \u00e0 vida dos leitores. Esta \u00e9 grande miss\u00e3o do Portal de Not\u00edcias Sul SC. N\u00e3o \u00e9 quantidade que muda o mundo, sempre foi e seguir\u00e1 sendo qualidade!","sameAs":["https:\/\/sulsc.com\/","https:\/\/www.facebook.com\/profile.php?id=61559278119680","https:\/\/www.instagram.com\/sulscportal\/?hl=pt-br","https:\/\/twitter.com\/https:\/\/twitter.com\/PortalSulSC","https:\/\/www.youtube.com\/channel\/UCv_BE8GeySluDov2n8qhVmw"],"url":"https:\/\/sulsc.com\/index.php\/author\/redacao\/"}]}},"authors":[],"_links":{"self":[{"href":"https:\/\/sulsc.com\/index.php\/wp-json\/wp\/v2\/posts\/7261"}],"collection":[{"href":"https:\/\/sulsc.com\/index.php\/wp-json\/wp\/v2\/posts"}],"about":[{"href":"https:\/\/sulsc.com\/index.php\/wp-json\/wp\/v2\/types\/post"}],"author":[{"embeddable":true,"href":"https:\/\/sulsc.com\/index.php\/wp-json\/wp\/v2\/users\/3"}],"replies":[{"embeddable":true,"href":"https:\/\/sulsc.com\/index.php\/wp-json\/wp\/v2\/comments?post=7261"}],"version-history":[{"count":1,"href":"https:\/\/sulsc.com\/index.php\/wp-json\/wp\/v2\/posts\/7261\/revisions"}],"predecessor-version":[{"id":7262,"href":"https:\/\/sulsc.com\/index.php\/wp-json\/wp\/v2\/posts\/7261\/revisions\/7262"}],"wp:featuredmedia":[{"embeddable":true,"href":"https:\/\/sulsc.com\/index.php\/wp-json\/wp\/v2\/media\/2017"}],"wp:attachment":[{"href":"https:\/\/sulsc.com\/index.php\/wp-json\/wp\/v2\/media?parent=7261"}],"wp:term":[{"taxonomy":"category","embeddable":true,"href":"https:\/\/sulsc.com\/index.php\/wp-json\/wp\/v2\/categories?post=7261"},{"taxonomy":"post_tag","embeddable":true,"href":"https:\/\/sulsc.com\/index.php\/wp-json\/wp\/v2\/tags?post=7261"}],"curies":[{"name":"wp","href":"https:\/\/api.w.org\/{rel}","templated":true}]}}