{"id":7270,"date":"2024-01-18T10:50:03","date_gmt":"2024-01-18T13:50:03","guid":{"rendered":"https:\/\/sulsc.com\/?p=7270"},"modified":"2024-01-18T10:50:03","modified_gmt":"2024-01-18T13:50:03","slug":"oferta-de-exames-laboratoriais-e-ampliada-em-capivari-de-baixo","status":"publish","type":"post","link":"https:\/\/sulsc.com\/index.php\/2024\/01\/18\/oferta-de-exames-laboratoriais-e-ampliada-em-capivari-de-baixo\/","title":{"rendered":"Oferta de exames laboratoriais \u00e9 ampliada em Capivari de Baixo"},"content":{"rendered":"<p>Para melhorar e agilizar o atendimento dos moradores de Capivari de Baixo as cotas mensais de exames laboratoriais aumentaram significativamente nos primeiros dias de 2024. A demanda no munic\u00edpio \u00e9 alta, por\u00e9m a quantidade de exames era insuficiente para todas as Unidades B\u00e1sicas de Sa\u00fade (UBS).<\/p>\n<p>Por meio de uma organiza\u00e7\u00e3o e estrat\u00e9gia da Secretaria de Sa\u00fade do munic\u00edpio, as cotas mensais de exames laboratoriais aumentaram para benef\u00edcio da popula\u00e7\u00e3o. \u201cEsta estrat\u00e9gia foi baseada nas necessidades de sa\u00fade dos moradores do munic\u00edpio, de acordo com a estratifica\u00e7\u00e3o dos riscos, de implementar e avaliar as interven\u00e7\u00f5es de sa\u00fade relativas aos usu\u00e1rios e de prover o cuidado para os pacientes\u201d, explica o secret\u00e1rio de Sa\u00fade, Pl\u00ednio Vieira.<\/p>\n<p>O secret\u00e1rio acrescenta que antes do pedido de determinados exames, alguns requisitos s\u00e3o necess\u00e1rios para essa an\u00e1lise, como, por exemplo, a constru\u00e7\u00e3o de uma rede cl\u00ednica articulada, a defini\u00e7\u00e3o de protocolos e crit\u00e9rios de escolha, consulta a outros profissionais da sa\u00fade e uso da medicina baseada em evid\u00eancias cl\u00ednicas. Em Capivari de Baixo tr\u00eas laborat\u00f3rios s\u00e3o credenciados para a coleta.<\/p>\n<p>Uma das grandes preocupa\u00e7\u00f5es da atual gest\u00e3o \u00e9 a quantidade de exames para atender a demanda. Por isso, a oferta teve um aumento de acordo com as necessidades da popula\u00e7\u00e3o. Os exames s\u00e3o divididos em cotas para cada Unidade B\u00e1sica de Sa\u00fade, de acordo com o n\u00famero de habitantes cadastrados na unidade. Para ter acesso a estes exames, os pacientes precisam passar por consulta m\u00e9dica em suas UBS.<\/p>\n<p><img fetchpriority=\"high\" decoding=\"async\" class=\"alignnone size-full wp-image-7275\" src=\"http:\/\/sulsc.com\/wp-content\/uploads\/2024\/01\/exame-de-sangue.jpeg\" alt=\"\" width=\"800\" height=\"445\" srcset=\"https:\/\/sulsc.com\/wp-content\/uploads\/2024\/01\/exame-de-sangue.jpeg 800w, https:\/\/sulsc.com\/wp-content\/uploads\/2024\/01\/exame-de-sangue-300x167.jpeg 300w, https:\/\/sulsc.com\/wp-content\/uploads\/2024\/01\/exame-de-sangue-768x427.jpeg 768w\" sizes=\"(max-width: 800px) 100vw, 800px\" \/><\/p>\n","protected":false},"excerpt":{"rendered":"<p>Para melhorar e agilizar o atendimento dos moradores de Capivari de Baixo as cotas mensais de exames laboratoriais aumentaram significativamente nos primeiros dias de 2024. A demanda no munic\u00edpio \u00e9 alta, por\u00e9m a quantidade de exames era insuficiente para todas as Unidades B\u00e1sicas de Sa\u00fade (UBS). Por meio de uma organiza\u00e7\u00e3o e estrat\u00e9gia da Secretaria &hellip;<\/p>\n<p class=\"read-more\"> <a class=\"\" href=\"https:\/\/sulsc.com\/index.php\/2024\/01\/18\/oferta-de-exames-laboratoriais-e-ampliada-em-capivari-de-baixo\/\"> <span class=\"screen-reader-text\">Oferta de exames laboratoriais \u00e9 ampliada em Capivari de Baixo<\/span> Read More &raquo;<\/a><\/p>\n","protected":false},"author":3,"featured_media":7275,"comment_status":"open","ping_status":"open","sticky":false,"template":"","format":"standard","meta":{"site-sidebar-layout":"default","site-content-layout":"","ast-site-content-layout":"default","site-content-style":"default","site-sidebar-style":"default","ast-global-header-display":"","ast-banner-title-visibility":"","ast-main-header-display":"","ast-hfb-above-header-display":"","ast-hfb-below-header-display":"","ast-hfb-mobile-header-display":"","site-post-title":"","ast-breadcrumbs-content":"","ast-featured-img":"","footer-sml-layout":"","theme-transparent-header-meta":"default","adv-header-id-meta":"","stick-header-meta":"","header-above-stick-meta":"","header-main-stick-meta":"","header-below-stick-meta":"","astra-migrate-meta-layouts":"set","footnotes":""},"categories":[42],"tags":[],"yoast_head":"<!-- This site is optimized with the Yoast SEO plugin v21.4 - https:\/\/yoast.com\/wordpress\/plugins\/seo\/ -->\n<title>Oferta de exames laboratoriais \u00e9 ampliada em Capivari de Baixo -<\/title>\n<meta name=\"description\" content=\"As cotas mensais de exames laboratoriais aumentaram por conta da organiza\u00e7\u00e3o e estrat\u00e9gia da Secretaria Municipal de Sa\u00fade\" \/>\n<meta name=\"robots\" content=\"index, follow, max-snippet:-1, max-image-preview:large, max-video-preview:-1\" \/>\n<link rel=\"canonical\" href=\"https:\/\/sulsc.com\/index.php\/2024\/01\/18\/oferta-de-exames-laboratoriais-e-ampliada-em-capivari-de-baixo\/\" \/>\n<meta property=\"og:locale\" content=\"en_US\" \/>\n<meta property=\"og:type\" content=\"article\" \/>\n<meta property=\"og:title\" content=\"Oferta de exames laboratoriais \u00e9 ampliada em Capivari de Baixo -\" \/>\n<meta property=\"og:description\" content=\"As cotas mensais de exames laboratoriais aumentaram por conta da organiza\u00e7\u00e3o e estrat\u00e9gia da Secretaria Municipal de Sa\u00fade\" \/>\n<meta property=\"og:url\" content=\"https:\/\/sulsc.com\/index.php\/2024\/01\/18\/oferta-de-exames-laboratoriais-e-ampliada-em-capivari-de-baixo\/\" \/>\n<meta property=\"article:author\" content=\"https:\/\/www.facebook.com\/profile.php?id=61559278119680\" \/>\n<meta property=\"article:published_time\" content=\"2024-01-18T13:50:03+00:00\" \/>\n<meta property=\"og:image\" content=\"http:\/\/sulsc.com\/wp-content\/uploads\/2024\/01\/exame-de-sangue.jpeg\" \/>\n\t<meta property=\"og:image:width\" content=\"800\" \/>\n\t<meta property=\"og:image:height\" content=\"445\" \/>\n\t<meta property=\"og:image:type\" content=\"image\/jpeg\" \/>\n<meta name=\"author\" content=\"Reda\u00e7\u00e3o Sul SC\" \/>\n<meta name=\"twitter:card\" content=\"summary_large_image\" \/>\n<meta name=\"twitter:creator\" content=\"@https:\/\/twitter.com\/PortalSulSC\" \/>\n<meta name=\"twitter:label1\" content=\"Written by\" \/>\n\t<meta name=\"twitter:data1\" content=\"Reda\u00e7\u00e3o Sul SC\" \/>\n\t<meta name=\"twitter:label2\" content=\"Est. reading time\" \/>\n\t<meta name=\"twitter:data2\" content=\"2 minutes\" \/>\n<script type=\"application\/ld+json\" class=\"yoast-schema-graph\">{\"@context\":\"https:\/\/schema.org\",\"@graph\":[{\"@type\":\"WebPage\",\"@id\":\"https:\/\/sulsc.com\/index.php\/2024\/01\/18\/oferta-de-exames-laboratoriais-e-ampliada-em-capivari-de-baixo\/\",\"url\":\"https:\/\/sulsc.com\/index.php\/2024\/01\/18\/oferta-de-exames-laboratoriais-e-ampliada-em-capivari-de-baixo\/\",\"name\":\"Oferta de exames laboratoriais \u00e9 ampliada em Capivari de Baixo -\",\"isPartOf\":{\"@id\":\"https:\/\/sulsc.com\/#website\"},\"datePublished\":\"2024-01-18T13:50:03+00:00\",\"dateModified\":\"2024-01-18T13:50:03+00:00\",\"author\":{\"@id\":\"https:\/\/sulsc.com\/#\/schema\/person\/84d2fc571684f6248ba83092f07750a3\"},\"description\":\"As cotas mensais de exames laboratoriais aumentaram por conta da organiza\u00e7\u00e3o e estrat\u00e9gia da Secretaria Municipal de Sa\u00fade\",\"breadcrumb\":{\"@id\":\"https:\/\/sulsc.com\/index.php\/2024\/01\/18\/oferta-de-exames-laboratoriais-e-ampliada-em-capivari-de-baixo\/#breadcrumb\"},\"inLanguage\":\"en-US\",\"potentialAction\":[{\"@type\":\"ReadAction\",\"target\":[\"https:\/\/sulsc.com\/index.php\/2024\/01\/18\/oferta-de-exames-laboratoriais-e-ampliada-em-capivari-de-baixo\/\"]}]},{\"@type\":\"BreadcrumbList\",\"@id\":\"https:\/\/sulsc.com\/index.php\/2024\/01\/18\/oferta-de-exames-laboratoriais-e-ampliada-em-capivari-de-baixo\/#breadcrumb\",\"itemListElement\":[{\"@type\":\"ListItem\",\"position\":1,\"name\":\"In\u00edcio\",\"item\":\"https:\/\/sulsc.com\/\"},{\"@type\":\"ListItem\",\"position\":2,\"name\":\"Oferta de exames laboratoriais \u00e9 ampliada em Capivari de Baixo\"}]},{\"@type\":\"WebSite\",\"@id\":\"https:\/\/sulsc.com\/#website\",\"url\":\"https:\/\/sulsc.com\/\",\"name\":\"\",\"description\":\"\",\"potentialAction\":[{\"@type\":\"SearchAction\",\"target\":{\"@type\":\"EntryPoint\",\"urlTemplate\":\"https:\/\/sulsc.com\/?s={search_term_string}\"},\"query-input\":\"required name=search_term_string\"}],\"inLanguage\":\"en-US\"},{\"@type\":\"Person\",\"@id\":\"https:\/\/sulsc.com\/#\/schema\/person\/84d2fc571684f6248ba83092f07750a3\",\"name\":\"Reda\u00e7\u00e3o Sul SC\",\"image\":{\"@type\":\"ImageObject\",\"inLanguage\":\"en-US\",\"@id\":\"https:\/\/sulsc.com\/#\/schema\/person\/image\/e08d7fe2cc4ed596372063bbe852b8d0\",\"url\":\"https:\/\/sulsc.com\/wp-content\/uploads\/2023\/09\/redacao.png\",\"contentUrl\":\"https:\/\/sulsc.com\/wp-content\/uploads\/2023\/09\/redacao.png\",\"caption\":\"Reda\u00e7\u00e3o Sul SC\"},\"description\":\"Foco em um jornalismo imparcial, voltado \u00e0 qualidade dos seus conte\u00fados e, assim, levar informa\u00e7\u00e3o de valor que agregue \u00e0 vida dos leitores. Esta \u00e9 grande miss\u00e3o do Portal de Not\u00edcias Sul SC. N\u00e3o \u00e9 quantidade que muda o mundo, sempre foi e seguir\u00e1 sendo qualidade!\",\"sameAs\":[\"https:\/\/sulsc.com\/\",\"https:\/\/www.facebook.com\/profile.php?id=61559278119680\",\"https:\/\/www.instagram.com\/sulscportal\/?hl=pt-br\",\"https:\/\/twitter.com\/https:\/\/twitter.com\/PortalSulSC\",\"https:\/\/www.youtube.com\/channel\/UCv_BE8GeySluDov2n8qhVmw\"],\"url\":\"https:\/\/sulsc.com\/index.php\/author\/redacao\/\"}]}<\/script>\n<!-- \/ Yoast SEO plugin. -->","yoast_head_json":{"title":"Oferta de exames laboratoriais \u00e9 ampliada em Capivari de Baixo -","description":"As cotas mensais de exames laboratoriais aumentaram por conta da organiza\u00e7\u00e3o e estrat\u00e9gia da Secretaria Municipal de Sa\u00fade","robots":{"index":"index","follow":"follow","max-snippet":"max-snippet:-1","max-image-preview":"max-image-preview:large","max-video-preview":"max-video-preview:-1"},"canonical":"https:\/\/sulsc.com\/index.php\/2024\/01\/18\/oferta-de-exames-laboratoriais-e-ampliada-em-capivari-de-baixo\/","og_locale":"en_US","og_type":"article","og_title":"Oferta de exames laboratoriais \u00e9 ampliada em Capivari de Baixo -","og_description":"As cotas mensais de exames laboratoriais aumentaram por conta da organiza\u00e7\u00e3o e estrat\u00e9gia da Secretaria Municipal de Sa\u00fade","og_url":"https:\/\/sulsc.com\/index.php\/2024\/01\/18\/oferta-de-exames-laboratoriais-e-ampliada-em-capivari-de-baixo\/","article_author":"https:\/\/www.facebook.com\/profile.php?id=61559278119680","article_published_time":"2024-01-18T13:50:03+00:00","og_image":[{"width":800,"height":445,"url":"http:\/\/sulsc.com\/wp-content\/uploads\/2024\/01\/exame-de-sangue.jpeg","type":"image\/jpeg"}],"author":"Reda\u00e7\u00e3o Sul SC","twitter_card":"summary_large_image","twitter_creator":"@https:\/\/twitter.com\/PortalSulSC","twitter_misc":{"Written by":"Reda\u00e7\u00e3o Sul SC","Est. reading time":"2 minutes"},"schema":{"@context":"https:\/\/schema.org","@graph":[{"@type":"WebPage","@id":"https:\/\/sulsc.com\/index.php\/2024\/01\/18\/oferta-de-exames-laboratoriais-e-ampliada-em-capivari-de-baixo\/","url":"https:\/\/sulsc.com\/index.php\/2024\/01\/18\/oferta-de-exames-laboratoriais-e-ampliada-em-capivari-de-baixo\/","name":"Oferta de exames laboratoriais \u00e9 ampliada em Capivari de Baixo -","isPartOf":{"@id":"https:\/\/sulsc.com\/#website"},"datePublished":"2024-01-18T13:50:03+00:00","dateModified":"2024-01-18T13:50:03+00:00","author":{"@id":"https:\/\/sulsc.com\/#\/schema\/person\/84d2fc571684f6248ba83092f07750a3"},"description":"As cotas mensais de exames laboratoriais aumentaram por conta da organiza\u00e7\u00e3o e estrat\u00e9gia da Secretaria Municipal de Sa\u00fade","breadcrumb":{"@id":"https:\/\/sulsc.com\/index.php\/2024\/01\/18\/oferta-de-exames-laboratoriais-e-ampliada-em-capivari-de-baixo\/#breadcrumb"},"inLanguage":"en-US","potentialAction":[{"@type":"ReadAction","target":["https:\/\/sulsc.com\/index.php\/2024\/01\/18\/oferta-de-exames-laboratoriais-e-ampliada-em-capivari-de-baixo\/"]}]},{"@type":"BreadcrumbList","@id":"https:\/\/sulsc.com\/index.php\/2024\/01\/18\/oferta-de-exames-laboratoriais-e-ampliada-em-capivari-de-baixo\/#breadcrumb","itemListElement":[{"@type":"ListItem","position":1,"name":"In\u00edcio","item":"https:\/\/sulsc.com\/"},{"@type":"ListItem","position":2,"name":"Oferta de exames laboratoriais \u00e9 ampliada em Capivari de Baixo"}]},{"@type":"WebSite","@id":"https:\/\/sulsc.com\/#website","url":"https:\/\/sulsc.com\/","name":"","description":"","potentialAction":[{"@type":"SearchAction","target":{"@type":"EntryPoint","urlTemplate":"https:\/\/sulsc.com\/?s={search_term_string}"},"query-input":"required name=search_term_string"}],"inLanguage":"en-US"},{"@type":"Person","@id":"https:\/\/sulsc.com\/#\/schema\/person\/84d2fc571684f6248ba83092f07750a3","name":"Reda\u00e7\u00e3o Sul SC","image":{"@type":"ImageObject","inLanguage":"en-US","@id":"https:\/\/sulsc.com\/#\/schema\/person\/image\/e08d7fe2cc4ed596372063bbe852b8d0","url":"https:\/\/sulsc.com\/wp-content\/uploads\/2023\/09\/redacao.png","contentUrl":"https:\/\/sulsc.com\/wp-content\/uploads\/2023\/09\/redacao.png","caption":"Reda\u00e7\u00e3o Sul SC"},"description":"Foco em um jornalismo imparcial, voltado \u00e0 qualidade dos seus conte\u00fados e, assim, levar informa\u00e7\u00e3o de valor que agregue \u00e0 vida dos leitores. Esta \u00e9 grande miss\u00e3o do Portal de Not\u00edcias Sul SC. N\u00e3o \u00e9 quantidade que muda o mundo, sempre foi e seguir\u00e1 sendo qualidade!","sameAs":["https:\/\/sulsc.com\/","https:\/\/www.facebook.com\/profile.php?id=61559278119680","https:\/\/www.instagram.com\/sulscportal\/?hl=pt-br","https:\/\/twitter.com\/https:\/\/twitter.com\/PortalSulSC","https:\/\/www.youtube.com\/channel\/UCv_BE8GeySluDov2n8qhVmw"],"url":"https:\/\/sulsc.com\/index.php\/author\/redacao\/"}]}},"authors":[],"_links":{"self":[{"href":"https:\/\/sulsc.com\/index.php\/wp-json\/wp\/v2\/posts\/7270"}],"collection":[{"href":"https:\/\/sulsc.com\/index.php\/wp-json\/wp\/v2\/posts"}],"about":[{"href":"https:\/\/sulsc.com\/index.php\/wp-json\/wp\/v2\/types\/post"}],"author":[{"embeddable":true,"href":"https:\/\/sulsc.com\/index.php\/wp-json\/wp\/v2\/users\/3"}],"replies":[{"embeddable":true,"href":"https:\/\/sulsc.com\/index.php\/wp-json\/wp\/v2\/comments?post=7270"}],"version-history":[{"count":1,"href":"https:\/\/sulsc.com\/index.php\/wp-json\/wp\/v2\/posts\/7270\/revisions"}],"predecessor-version":[{"id":7276,"href":"https:\/\/sulsc.com\/index.php\/wp-json\/wp\/v2\/posts\/7270\/revisions\/7276"}],"wp:featuredmedia":[{"embeddable":true,"href":"https:\/\/sulsc.com\/index.php\/wp-json\/wp\/v2\/media\/7275"}],"wp:attachment":[{"href":"https:\/\/sulsc.com\/index.php\/wp-json\/wp\/v2\/media?parent=7270"}],"wp:term":[{"taxonomy":"category","embeddable":true,"href":"https:\/\/sulsc.com\/index.php\/wp-json\/wp\/v2\/categories?post=7270"},{"taxonomy":"post_tag","embeddable":true,"href":"https:\/\/sulsc.com\/index.php\/wp-json\/wp\/v2\/tags?post=7270"}],"curies":[{"name":"wp","href":"https:\/\/api.w.org\/{rel}","templated":true}]}}