{"id":7588,"date":"2024-01-25T09:41:37","date_gmt":"2024-01-25T12:41:37","guid":{"rendered":"https:\/\/sulsc.com\/?p=7588"},"modified":"2024-01-25T09:46:45","modified_gmt":"2024-01-25T12:46:45","slug":"veiculo-e-levado-do-patio-de-casa-em-jaguaruna","status":"publish","type":"post","link":"https:\/\/sulsc.com\/index.php\/2024\/01\/25\/veiculo-e-levado-do-patio-de-casa-em-jaguaruna\/","title":{"rendered":"Ve\u00edculo \u00e9 levado do p\u00e1tio de casa, em Jaguaruna"},"content":{"rendered":"<p>Um ve\u00edculo foi furtado da pr\u00f3pria resid\u00eancia nesta quarta-feira (25), na localidade de Balne\u00e1rio Campo Bom, em Jaguaruna. A guarni\u00e7\u00e3o da Pol\u00edcia Militar foi acionada via Central Regional de Emerg\u00eancias, para atender a ocorr\u00eancia, por volta das 1h15.<\/p>\n<p>No local, na Avenida Atl\u00e2ntica, a guarni\u00e7\u00e3o conversou com o solicitante. Ele informou que havia deixado seu ve\u00edculo, um Toyota Corolla GLI Upper 2019, de cor prata, estacionado no p\u00e1tio de sua resid\u00eancia.<\/p>\n<p>Na sequ\u00eancia, ele saiu para caminhar e ao retornar notou que o ve\u00edculo n\u00e3o estava mais no local. Os policiais confeccionaram um boletim de ocorr\u00eancias.<\/p>\n","protected":false},"excerpt":{"rendered":"<p>Um ve\u00edculo foi furtado da pr\u00f3pria resid\u00eancia nesta quarta-feira (25), na localidade de Balne\u00e1rio Campo Bom, em Jaguaruna. A guarni\u00e7\u00e3o da Pol\u00edcia Militar foi acionada via Central Regional de Emerg\u00eancias, para atender a ocorr\u00eancia, por volta das 1h15. No local, na Avenida Atl\u00e2ntica, a guarni\u00e7\u00e3o conversou com o solicitante. Ele informou que havia deixado seu &hellip;<\/p>\n<p class=\"read-more\"> <a class=\"\" href=\"https:\/\/sulsc.com\/index.php\/2024\/01\/25\/veiculo-e-levado-do-patio-de-casa-em-jaguaruna\/\"> <span class=\"screen-reader-text\">Ve\u00edculo \u00e9 levado do p\u00e1tio de casa, em Jaguaruna<\/span> Read More &raquo;<\/a><\/p>\n","protected":false},"author":3,"featured_media":2017,"comment_status":"open","ping_status":"open","sticky":false,"template":"","format":"standard","meta":{"site-sidebar-layout":"default","site-content-layout":"","ast-site-content-layout":"default","site-content-style":"default","site-sidebar-style":"default","ast-global-header-display":"","ast-banner-title-visibility":"","ast-main-header-display":"","ast-hfb-above-header-display":"","ast-hfb-below-header-display":"","ast-hfb-mobile-header-display":"","site-post-title":"","ast-breadcrumbs-content":"","ast-featured-img":"","footer-sml-layout":"","theme-transparent-header-meta":"default","adv-header-id-meta":"","stick-header-meta":"","header-above-stick-meta":"","header-main-stick-meta":"","header-below-stick-meta":"","astra-migrate-meta-layouts":"set","footnotes":""},"categories":[1],"tags":[344,151,91],"yoast_head":"<!-- This site is optimized with the Yoast SEO plugin v21.4 - https:\/\/yoast.com\/wordpress\/plugins\/seo\/ -->\n<title>Ve\u00edculo \u00e9 levado do p\u00e1tio de casa, em Jaguaruna -<\/title>\n<meta name=\"description\" content=\"Ele saiu para caminhar e ao retornar notou que o ve\u00edculo n\u00e3o estava mais no local\" \/>\n<meta name=\"robots\" content=\"index, follow, max-snippet:-1, max-image-preview:large, max-video-preview:-1\" \/>\n<link rel=\"canonical\" href=\"https:\/\/sulsc.com\/index.php\/2024\/01\/25\/veiculo-e-levado-do-patio-de-casa-em-jaguaruna\/\" \/>\n<meta property=\"og:locale\" content=\"en_US\" \/>\n<meta property=\"og:type\" content=\"article\" \/>\n<meta property=\"og:title\" content=\"Ve\u00edculo \u00e9 levado do p\u00e1tio de casa, em Jaguaruna -\" \/>\n<meta property=\"og:description\" content=\"Ele saiu para caminhar e ao retornar notou que o ve\u00edculo n\u00e3o estava mais no local\" \/>\n<meta property=\"og:url\" content=\"https:\/\/sulsc.com\/index.php\/2024\/01\/25\/veiculo-e-levado-do-patio-de-casa-em-jaguaruna\/\" \/>\n<meta property=\"article:author\" content=\"https:\/\/www.facebook.com\/profile.php?id=61559278119680\" \/>\n<meta property=\"article:published_time\" content=\"2024-01-25T12:41:37+00:00\" \/>\n<meta property=\"article:modified_time\" content=\"2024-01-25T12:46:45+00:00\" \/>\n<meta property=\"og:image\" content=\"http:\/\/sulsc.com\/wp-content\/uploads\/2023\/10\/giroflex-3.jpg\" \/>\n\t<meta property=\"og:image:width\" content=\"714\" \/>\n\t<meta property=\"og:image:height\" content=\"480\" \/>\n\t<meta property=\"og:image:type\" content=\"image\/jpeg\" \/>\n<meta name=\"author\" content=\"Reda\u00e7\u00e3o Sul SC\" \/>\n<meta name=\"twitter:card\" content=\"summary_large_image\" \/>\n<meta name=\"twitter:creator\" content=\"@https:\/\/twitter.com\/PortalSulSC\" \/>\n<meta name=\"twitter:label1\" content=\"Written by\" \/>\n\t<meta name=\"twitter:data1\" content=\"Reda\u00e7\u00e3o Sul SC\" \/>\n\t<meta name=\"twitter:label2\" content=\"Est. reading time\" \/>\n\t<meta name=\"twitter:data2\" content=\"1 minute\" \/>\n<script type=\"application\/ld+json\" class=\"yoast-schema-graph\">{\"@context\":\"https:\/\/schema.org\",\"@graph\":[{\"@type\":\"WebPage\",\"@id\":\"https:\/\/sulsc.com\/index.php\/2024\/01\/25\/veiculo-e-levado-do-patio-de-casa-em-jaguaruna\/\",\"url\":\"https:\/\/sulsc.com\/index.php\/2024\/01\/25\/veiculo-e-levado-do-patio-de-casa-em-jaguaruna\/\",\"name\":\"Ve\u00edculo \u00e9 levado do p\u00e1tio de casa, em Jaguaruna -\",\"isPartOf\":{\"@id\":\"https:\/\/sulsc.com\/#website\"},\"datePublished\":\"2024-01-25T12:41:37+00:00\",\"dateModified\":\"2024-01-25T12:46:45+00:00\",\"author\":{\"@id\":\"https:\/\/sulsc.com\/#\/schema\/person\/84d2fc571684f6248ba83092f07750a3\"},\"description\":\"Ele saiu para caminhar e ao retornar notou que o ve\u00edculo n\u00e3o estava mais no local\",\"breadcrumb\":{\"@id\":\"https:\/\/sulsc.com\/index.php\/2024\/01\/25\/veiculo-e-levado-do-patio-de-casa-em-jaguaruna\/#breadcrumb\"},\"inLanguage\":\"en-US\",\"potentialAction\":[{\"@type\":\"ReadAction\",\"target\":[\"https:\/\/sulsc.com\/index.php\/2024\/01\/25\/veiculo-e-levado-do-patio-de-casa-em-jaguaruna\/\"]}]},{\"@type\":\"BreadcrumbList\",\"@id\":\"https:\/\/sulsc.com\/index.php\/2024\/01\/25\/veiculo-e-levado-do-patio-de-casa-em-jaguaruna\/#breadcrumb\",\"itemListElement\":[{\"@type\":\"ListItem\",\"position\":1,\"name\":\"In\u00edcio\",\"item\":\"https:\/\/sulsc.com\/\"},{\"@type\":\"ListItem\",\"position\":2,\"name\":\"Ve\u00edculo \u00e9 levado do p\u00e1tio de casa, em Jaguaruna\"}]},{\"@type\":\"WebSite\",\"@id\":\"https:\/\/sulsc.com\/#website\",\"url\":\"https:\/\/sulsc.com\/\",\"name\":\"\",\"description\":\"\",\"potentialAction\":[{\"@type\":\"SearchAction\",\"target\":{\"@type\":\"EntryPoint\",\"urlTemplate\":\"https:\/\/sulsc.com\/?s={search_term_string}\"},\"query-input\":\"required name=search_term_string\"}],\"inLanguage\":\"en-US\"},{\"@type\":\"Person\",\"@id\":\"https:\/\/sulsc.com\/#\/schema\/person\/84d2fc571684f6248ba83092f07750a3\",\"name\":\"Reda\u00e7\u00e3o Sul SC\",\"image\":{\"@type\":\"ImageObject\",\"inLanguage\":\"en-US\",\"@id\":\"https:\/\/sulsc.com\/#\/schema\/person\/image\/e08d7fe2cc4ed596372063bbe852b8d0\",\"url\":\"https:\/\/sulsc.com\/wp-content\/uploads\/2023\/09\/redacao.png\",\"contentUrl\":\"https:\/\/sulsc.com\/wp-content\/uploads\/2023\/09\/redacao.png\",\"caption\":\"Reda\u00e7\u00e3o Sul SC\"},\"description\":\"Foco em um jornalismo imparcial, voltado \u00e0 qualidade dos seus conte\u00fados e, assim, levar informa\u00e7\u00e3o de valor que agregue \u00e0 vida dos leitores. Esta \u00e9 grande miss\u00e3o do Portal de Not\u00edcias Sul SC. N\u00e3o \u00e9 quantidade que muda o mundo, sempre foi e seguir\u00e1 sendo qualidade!\",\"sameAs\":[\"https:\/\/sulsc.com\/\",\"https:\/\/www.facebook.com\/profile.php?id=61559278119680\",\"https:\/\/www.instagram.com\/sulscportal\/?hl=pt-br\",\"https:\/\/twitter.com\/https:\/\/twitter.com\/PortalSulSC\",\"https:\/\/www.youtube.com\/channel\/UCv_BE8GeySluDov2n8qhVmw\"],\"url\":\"https:\/\/sulsc.com\/index.php\/author\/redacao\/\"}]}<\/script>\n<!-- \/ Yoast SEO plugin. -->","yoast_head_json":{"title":"Ve\u00edculo \u00e9 levado do p\u00e1tio de casa, em Jaguaruna -","description":"Ele saiu para caminhar e ao retornar notou que o ve\u00edculo n\u00e3o estava mais no local","robots":{"index":"index","follow":"follow","max-snippet":"max-snippet:-1","max-image-preview":"max-image-preview:large","max-video-preview":"max-video-preview:-1"},"canonical":"https:\/\/sulsc.com\/index.php\/2024\/01\/25\/veiculo-e-levado-do-patio-de-casa-em-jaguaruna\/","og_locale":"en_US","og_type":"article","og_title":"Ve\u00edculo \u00e9 levado do p\u00e1tio de casa, em Jaguaruna -","og_description":"Ele saiu para caminhar e ao retornar notou que o ve\u00edculo n\u00e3o estava mais no local","og_url":"https:\/\/sulsc.com\/index.php\/2024\/01\/25\/veiculo-e-levado-do-patio-de-casa-em-jaguaruna\/","article_author":"https:\/\/www.facebook.com\/profile.php?id=61559278119680","article_published_time":"2024-01-25T12:41:37+00:00","article_modified_time":"2024-01-25T12:46:45+00:00","og_image":[{"width":714,"height":480,"url":"http:\/\/sulsc.com\/wp-content\/uploads\/2023\/10\/giroflex-3.jpg","type":"image\/jpeg"}],"author":"Reda\u00e7\u00e3o Sul SC","twitter_card":"summary_large_image","twitter_creator":"@https:\/\/twitter.com\/PortalSulSC","twitter_misc":{"Written by":"Reda\u00e7\u00e3o Sul SC","Est. reading time":"1 minute"},"schema":{"@context":"https:\/\/schema.org","@graph":[{"@type":"WebPage","@id":"https:\/\/sulsc.com\/index.php\/2024\/01\/25\/veiculo-e-levado-do-patio-de-casa-em-jaguaruna\/","url":"https:\/\/sulsc.com\/index.php\/2024\/01\/25\/veiculo-e-levado-do-patio-de-casa-em-jaguaruna\/","name":"Ve\u00edculo \u00e9 levado do p\u00e1tio de casa, em Jaguaruna -","isPartOf":{"@id":"https:\/\/sulsc.com\/#website"},"datePublished":"2024-01-25T12:41:37+00:00","dateModified":"2024-01-25T12:46:45+00:00","author":{"@id":"https:\/\/sulsc.com\/#\/schema\/person\/84d2fc571684f6248ba83092f07750a3"},"description":"Ele saiu para caminhar e ao retornar notou que o ve\u00edculo n\u00e3o estava mais no local","breadcrumb":{"@id":"https:\/\/sulsc.com\/index.php\/2024\/01\/25\/veiculo-e-levado-do-patio-de-casa-em-jaguaruna\/#breadcrumb"},"inLanguage":"en-US","potentialAction":[{"@type":"ReadAction","target":["https:\/\/sulsc.com\/index.php\/2024\/01\/25\/veiculo-e-levado-do-patio-de-casa-em-jaguaruna\/"]}]},{"@type":"BreadcrumbList","@id":"https:\/\/sulsc.com\/index.php\/2024\/01\/25\/veiculo-e-levado-do-patio-de-casa-em-jaguaruna\/#breadcrumb","itemListElement":[{"@type":"ListItem","position":1,"name":"In\u00edcio","item":"https:\/\/sulsc.com\/"},{"@type":"ListItem","position":2,"name":"Ve\u00edculo \u00e9 levado do p\u00e1tio de casa, em Jaguaruna"}]},{"@type":"WebSite","@id":"https:\/\/sulsc.com\/#website","url":"https:\/\/sulsc.com\/","name":"","description":"","potentialAction":[{"@type":"SearchAction","target":{"@type":"EntryPoint","urlTemplate":"https:\/\/sulsc.com\/?s={search_term_string}"},"query-input":"required name=search_term_string"}],"inLanguage":"en-US"},{"@type":"Person","@id":"https:\/\/sulsc.com\/#\/schema\/person\/84d2fc571684f6248ba83092f07750a3","name":"Reda\u00e7\u00e3o Sul SC","image":{"@type":"ImageObject","inLanguage":"en-US","@id":"https:\/\/sulsc.com\/#\/schema\/person\/image\/e08d7fe2cc4ed596372063bbe852b8d0","url":"https:\/\/sulsc.com\/wp-content\/uploads\/2023\/09\/redacao.png","contentUrl":"https:\/\/sulsc.com\/wp-content\/uploads\/2023\/09\/redacao.png","caption":"Reda\u00e7\u00e3o Sul SC"},"description":"Foco em um jornalismo imparcial, voltado \u00e0 qualidade dos seus conte\u00fados e, assim, levar informa\u00e7\u00e3o de valor que agregue \u00e0 vida dos leitores. Esta \u00e9 grande miss\u00e3o do Portal de Not\u00edcias Sul SC. N\u00e3o \u00e9 quantidade que muda o mundo, sempre foi e seguir\u00e1 sendo qualidade!","sameAs":["https:\/\/sulsc.com\/","https:\/\/www.facebook.com\/profile.php?id=61559278119680","https:\/\/www.instagram.com\/sulscportal\/?hl=pt-br","https:\/\/twitter.com\/https:\/\/twitter.com\/PortalSulSC","https:\/\/www.youtube.com\/channel\/UCv_BE8GeySluDov2n8qhVmw"],"url":"https:\/\/sulsc.com\/index.php\/author\/redacao\/"}]}},"authors":[],"_links":{"self":[{"href":"https:\/\/sulsc.com\/index.php\/wp-json\/wp\/v2\/posts\/7588"}],"collection":[{"href":"https:\/\/sulsc.com\/index.php\/wp-json\/wp\/v2\/posts"}],"about":[{"href":"https:\/\/sulsc.com\/index.php\/wp-json\/wp\/v2\/types\/post"}],"author":[{"embeddable":true,"href":"https:\/\/sulsc.com\/index.php\/wp-json\/wp\/v2\/users\/3"}],"replies":[{"embeddable":true,"href":"https:\/\/sulsc.com\/index.php\/wp-json\/wp\/v2\/comments?post=7588"}],"version-history":[{"count":1,"href":"https:\/\/sulsc.com\/index.php\/wp-json\/wp\/v2\/posts\/7588\/revisions"}],"predecessor-version":[{"id":7589,"href":"https:\/\/sulsc.com\/index.php\/wp-json\/wp\/v2\/posts\/7588\/revisions\/7589"}],"wp:featuredmedia":[{"embeddable":true,"href":"https:\/\/sulsc.com\/index.php\/wp-json\/wp\/v2\/media\/2017"}],"wp:attachment":[{"href":"https:\/\/sulsc.com\/index.php\/wp-json\/wp\/v2\/media?parent=7588"}],"wp:term":[{"taxonomy":"category","embeddable":true,"href":"https:\/\/sulsc.com\/index.php\/wp-json\/wp\/v2\/categories?post=7588"},{"taxonomy":"post_tag","embeddable":true,"href":"https:\/\/sulsc.com\/index.php\/wp-json\/wp\/v2\/tags?post=7588"}],"curies":[{"name":"wp","href":"https:\/\/api.w.org\/{rel}","templated":true}]}}