{"id":7651,"date":"2024-01-26T10:40:15","date_gmt":"2024-01-26T13:40:15","guid":{"rendered":"https:\/\/sulsc.com\/?p=7651"},"modified":"2024-01-26T10:56:08","modified_gmt":"2024-01-26T13:56:08","slug":"credenciamento-para-embarcacoes-pesqueiras-para-a-safra-da-tainha-2024-e-aberto","status":"publish","type":"post","link":"https:\/\/sulsc.com\/index.php\/2024\/01\/26\/credenciamento-para-embarcacoes-pesqueiras-para-a-safra-da-tainha-2024-e-aberto\/","title":{"rendered":"Credenciamento para embarca\u00e7\u00f5es pesqueiras, para a Safra da Tainha 2024, \u00e9 aberto"},"content":{"rendered":"<p>O Minist\u00e9rio da Pesca e Aquicultura, publicou nesta ter\u00e7a-feira (24), o edital para obten\u00e7\u00e3o de Autoriza\u00e7\u00e3o de Pesca Especial Tempor\u00e1ria para captura da tainha (Mugil liza) para modalidades de pesca de cerco\/traineira e de emalhe anilhado na temporada de pesca do ano de 2023.\u00a0O edital de convoca\u00e7\u00e3o foi aberto para credenciamento que habilita embarca\u00e7\u00f5es pesqueiras a capturar tainha e pode ser feito no <a href=\"https:\/\/www.gov.br\/mpa\/pt-br\/assuntos\/pesca\/tainha\">site do Minist\u00e9rio da Agricultura<\/a>.<\/p>\n<p>A partir da ter\u00e7a-feira (29), a Secretaria de Pesca e Agricultura \u2013 Sepagri e o Facilita Pesca, das 13h \u00e0s 19h, iniciar\u00e1 o cadastramento dos pescadores artesanais que praticam a pesca da tainha com emalhe anilhado e que precisarem de aux\u00edlio. A quantidade de embarca\u00e7\u00f5es de pesca que poder\u00e3o ser autorizadas e o volume de cotas de captura ser\u00e3o definidos em ato normativo espec\u00edfico, a ser expedido pelo Minist\u00e9rio da Pesca e Aquicultura.<\/p>\n<p>O presente processo de sele\u00e7\u00e3o ser\u00e1 realizado em duas etapas, a etapa de habita\u00e7\u00e3o, de car\u00e1ter eliminat\u00f3rio; e a fase de credenciamento das embarca\u00e7\u00f5es de pesca, de car\u00e1ter classificat\u00f3rio.<\/p>\n<p><img fetchpriority=\"high\" decoding=\"async\" class=\"alignnone size-full wp-image-7652\" src=\"http:\/\/sulsc.com\/wp-content\/uploads\/2024\/01\/PESCA-800x445-1.jpg\" alt=\"\" width=\"800\" height=\"445\" srcset=\"https:\/\/sulsc.com\/wp-content\/uploads\/2024\/01\/PESCA-800x445-1.jpg 800w, https:\/\/sulsc.com\/wp-content\/uploads\/2024\/01\/PESCA-800x445-1-300x167.jpg 300w, https:\/\/sulsc.com\/wp-content\/uploads\/2024\/01\/PESCA-800x445-1-768x427.jpg 768w\" sizes=\"(max-width: 800px) 100vw, 800px\" \/><\/p>\n<p>&nbsp;<\/p>\n<p><strong>Os documentos necess\u00e1rios para a solicita\u00e7\u00e3o para a pesca com Emalhe Anilhado, s\u00e3o:<\/strong><\/p>\n<p>I \u2013 c\u00f3pia do Formul\u00e1rio espec\u00edfico preenchido e assinado pelo interessado ou representante legal, conforme Anexo I do Edital;<\/p>\n<p>II \u2013 c\u00f3pia do documento oficial de identifica\u00e7\u00e3o com foto;<\/p>\n<p>III \u2013 c\u00f3pia do comprovante do Cadastro T\u00e9cnico Federal \u2013 CTF em nome do interessado pela embarca\u00e7\u00e3o de pesca, v\u00e1lido no momento da inscri\u00e7\u00e3o;<\/p>\n<p>IV \u2013 c\u00f3pia da Autoriza\u00e7\u00e3o de pesca para emalhe anilhado para tainha (Mugil liza) em pelo menos uma das temporadas de pesca entre os anos de 2013 a 2023;<\/p>\n<p>V \u2013 c\u00f3pia do T\u00edtulo de Inscri\u00e7\u00e3o de Embarca\u00e7\u00e3o Mi\u00fada \u2013 TIEM ou o T\u00edtulo de Inscri\u00e7\u00e3o de Embarca\u00e7\u00e3o \u2013 TIE, v\u00e1lido; e<\/p>\n<p>VI \u2013 c\u00f3pia dos comprovantes de entrega dos Mapas de Bordo para embarca\u00e7\u00f5es de pesca que tenham arquea\u00e7\u00e3o bruta maior que 15 (quinze), referentes a todos os cruzeiros de pesca realizados no per\u00edodo de 1\u00ba de janeiro a 31 de dezembro de 2022. Caso a embarca\u00e7\u00e3o de pesca tenha sido contemplada com a Autoriza\u00e7\u00e3o Especial Tempor\u00e1ria na temporada de pesca de 2022, os Mapas de Produ\u00e7\u00e3o durante o per\u00edodo de 15 de maio a 31 de julho de 2022 ser\u00e3o consultados no Sistainha.<\/p>\n","protected":false},"excerpt":{"rendered":"<p>O Minist\u00e9rio da Pesca e Aquicultura, publicou nesta ter\u00e7a-feira (24), o edital para obten\u00e7\u00e3o de Autoriza\u00e7\u00e3o de Pesca Especial Tempor\u00e1ria para captura da tainha (Mugil liza) para modalidades de pesca de cerco\/traineira e de emalhe anilhado na temporada de pesca do ano de 2023.\u00a0O edital de convoca\u00e7\u00e3o foi aberto para credenciamento que habilita embarca\u00e7\u00f5es pesqueiras &hellip;<\/p>\n<p class=\"read-more\"> <a class=\"\" href=\"https:\/\/sulsc.com\/index.php\/2024\/01\/26\/credenciamento-para-embarcacoes-pesqueiras-para-a-safra-da-tainha-2024-e-aberto\/\"> <span class=\"screen-reader-text\">Credenciamento para embarca\u00e7\u00f5es pesqueiras, para a Safra da Tainha 2024, \u00e9 aberto<\/span> Read More &raquo;<\/a><\/p>\n","protected":false},"author":3,"featured_media":7652,"comment_status":"open","ping_status":"open","sticky":false,"template":"","format":"standard","meta":{"site-sidebar-layout":"default","site-content-layout":"","ast-site-content-layout":"default","site-content-style":"default","site-sidebar-style":"default","ast-global-header-display":"","ast-banner-title-visibility":"","ast-main-header-display":"","ast-hfb-above-header-display":"","ast-hfb-below-header-display":"","ast-hfb-mobile-header-display":"","site-post-title":"","ast-breadcrumbs-content":"","ast-featured-img":"","footer-sml-layout":"","theme-transparent-header-meta":"default","adv-header-id-meta":"","stick-header-meta":"","header-above-stick-meta":"","header-main-stick-meta":"","header-below-stick-meta":"","astra-migrate-meta-layouts":"set","footnotes":""},"categories":[40],"tags":[497,467,954],"yoast_head":"<!-- This site is optimized with the Yoast SEO plugin v21.4 - https:\/\/yoast.com\/wordpress\/plugins\/seo\/ -->\n<title>Credenciamento para embarca\u00e7\u00f5es pesqueiras, para a Safra da Tainha 2024, \u00e9 aberto -<\/title>\n<meta name=\"description\" content=\"As embarca\u00e7\u00f5es de pesca que poder\u00e3o ser autorizadas e o volume de cotas de captura ser\u00e3o definidos em ato normativo espec\u00edfico\" \/>\n<meta name=\"robots\" content=\"index, follow, max-snippet:-1, max-image-preview:large, max-video-preview:-1\" \/>\n<link rel=\"canonical\" href=\"https:\/\/sulsc.com\/index.php\/2024\/01\/26\/credenciamento-para-embarcacoes-pesqueiras-para-a-safra-da-tainha-2024-e-aberto\/\" \/>\n<meta property=\"og:locale\" content=\"en_US\" \/>\n<meta property=\"og:type\" content=\"article\" \/>\n<meta property=\"og:title\" content=\"Credenciamento para embarca\u00e7\u00f5es pesqueiras, para a Safra da Tainha 2024, \u00e9 aberto -\" \/>\n<meta property=\"og:description\" content=\"As embarca\u00e7\u00f5es de pesca que poder\u00e3o ser autorizadas e o volume de cotas de captura ser\u00e3o definidos em ato normativo espec\u00edfico\" \/>\n<meta property=\"og:url\" content=\"https:\/\/sulsc.com\/index.php\/2024\/01\/26\/credenciamento-para-embarcacoes-pesqueiras-para-a-safra-da-tainha-2024-e-aberto\/\" \/>\n<meta property=\"article:author\" content=\"https:\/\/www.facebook.com\/profile.php?id=61559278119680\" \/>\n<meta property=\"article:published_time\" content=\"2024-01-26T13:40:15+00:00\" \/>\n<meta property=\"article:modified_time\" content=\"2024-01-26T13:56:08+00:00\" \/>\n<meta property=\"og:image\" content=\"http:\/\/sulsc.com\/wp-content\/uploads\/2024\/01\/PESCA-800x445-1.jpg\" \/>\n\t<meta property=\"og:image:width\" content=\"800\" \/>\n\t<meta property=\"og:image:height\" content=\"445\" \/>\n\t<meta property=\"og:image:type\" content=\"image\/jpeg\" \/>\n<meta name=\"author\" content=\"Reda\u00e7\u00e3o Sul SC\" \/>\n<meta name=\"twitter:card\" content=\"summary_large_image\" \/>\n<meta name=\"twitter:creator\" content=\"@https:\/\/twitter.com\/PortalSulSC\" \/>\n<meta name=\"twitter:label1\" content=\"Written by\" \/>\n\t<meta name=\"twitter:data1\" content=\"Reda\u00e7\u00e3o Sul SC\" \/>\n\t<meta name=\"twitter:label2\" content=\"Est. reading time\" \/>\n\t<meta name=\"twitter:data2\" content=\"3 minutes\" \/>\n<script type=\"application\/ld+json\" class=\"yoast-schema-graph\">{\"@context\":\"https:\/\/schema.org\",\"@graph\":[{\"@type\":\"WebPage\",\"@id\":\"https:\/\/sulsc.com\/index.php\/2024\/01\/26\/credenciamento-para-embarcacoes-pesqueiras-para-a-safra-da-tainha-2024-e-aberto\/\",\"url\":\"https:\/\/sulsc.com\/index.php\/2024\/01\/26\/credenciamento-para-embarcacoes-pesqueiras-para-a-safra-da-tainha-2024-e-aberto\/\",\"name\":\"Credenciamento para embarca\u00e7\u00f5es pesqueiras, para a Safra da Tainha 2024, \u00e9 aberto -\",\"isPartOf\":{\"@id\":\"https:\/\/sulsc.com\/#website\"},\"datePublished\":\"2024-01-26T13:40:15+00:00\",\"dateModified\":\"2024-01-26T13:56:08+00:00\",\"author\":{\"@id\":\"https:\/\/sulsc.com\/#\/schema\/person\/84d2fc571684f6248ba83092f07750a3\"},\"description\":\"As embarca\u00e7\u00f5es de pesca que poder\u00e3o ser autorizadas e o volume de cotas de captura ser\u00e3o definidos em ato normativo espec\u00edfico\",\"breadcrumb\":{\"@id\":\"https:\/\/sulsc.com\/index.php\/2024\/01\/26\/credenciamento-para-embarcacoes-pesqueiras-para-a-safra-da-tainha-2024-e-aberto\/#breadcrumb\"},\"inLanguage\":\"en-US\",\"potentialAction\":[{\"@type\":\"ReadAction\",\"target\":[\"https:\/\/sulsc.com\/index.php\/2024\/01\/26\/credenciamento-para-embarcacoes-pesqueiras-para-a-safra-da-tainha-2024-e-aberto\/\"]}]},{\"@type\":\"BreadcrumbList\",\"@id\":\"https:\/\/sulsc.com\/index.php\/2024\/01\/26\/credenciamento-para-embarcacoes-pesqueiras-para-a-safra-da-tainha-2024-e-aberto\/#breadcrumb\",\"itemListElement\":[{\"@type\":\"ListItem\",\"position\":1,\"name\":\"In\u00edcio\",\"item\":\"https:\/\/sulsc.com\/\"},{\"@type\":\"ListItem\",\"position\":2,\"name\":\"Credenciamento para embarca\u00e7\u00f5es pesqueiras, para a Safra da Tainha 2024, \u00e9 aberto\"}]},{\"@type\":\"WebSite\",\"@id\":\"https:\/\/sulsc.com\/#website\",\"url\":\"https:\/\/sulsc.com\/\",\"name\":\"\",\"description\":\"\",\"potentialAction\":[{\"@type\":\"SearchAction\",\"target\":{\"@type\":\"EntryPoint\",\"urlTemplate\":\"https:\/\/sulsc.com\/?s={search_term_string}\"},\"query-input\":\"required name=search_term_string\"}],\"inLanguage\":\"en-US\"},{\"@type\":\"Person\",\"@id\":\"https:\/\/sulsc.com\/#\/schema\/person\/84d2fc571684f6248ba83092f07750a3\",\"name\":\"Reda\u00e7\u00e3o Sul SC\",\"image\":{\"@type\":\"ImageObject\",\"inLanguage\":\"en-US\",\"@id\":\"https:\/\/sulsc.com\/#\/schema\/person\/image\/e08d7fe2cc4ed596372063bbe852b8d0\",\"url\":\"https:\/\/sulsc.com\/wp-content\/uploads\/2023\/09\/redacao.png\",\"contentUrl\":\"https:\/\/sulsc.com\/wp-content\/uploads\/2023\/09\/redacao.png\",\"caption\":\"Reda\u00e7\u00e3o Sul SC\"},\"description\":\"Foco em um jornalismo imparcial, voltado \u00e0 qualidade dos seus conte\u00fados e, assim, levar informa\u00e7\u00e3o de valor que agregue \u00e0 vida dos leitores. Esta \u00e9 grande miss\u00e3o do Portal de Not\u00edcias Sul SC. N\u00e3o \u00e9 quantidade que muda o mundo, sempre foi e seguir\u00e1 sendo qualidade!\",\"sameAs\":[\"https:\/\/sulsc.com\/\",\"https:\/\/www.facebook.com\/profile.php?id=61559278119680\",\"https:\/\/www.instagram.com\/sulscportal\/?hl=pt-br\",\"https:\/\/twitter.com\/https:\/\/twitter.com\/PortalSulSC\",\"https:\/\/www.youtube.com\/channel\/UCv_BE8GeySluDov2n8qhVmw\"],\"url\":\"https:\/\/sulsc.com\/index.php\/author\/redacao\/\"}]}<\/script>\n<!-- \/ Yoast SEO plugin. -->","yoast_head_json":{"title":"Credenciamento para embarca\u00e7\u00f5es pesqueiras, para a Safra da Tainha 2024, \u00e9 aberto -","description":"As embarca\u00e7\u00f5es de pesca que poder\u00e3o ser autorizadas e o volume de cotas de captura ser\u00e3o definidos em ato normativo espec\u00edfico","robots":{"index":"index","follow":"follow","max-snippet":"max-snippet:-1","max-image-preview":"max-image-preview:large","max-video-preview":"max-video-preview:-1"},"canonical":"https:\/\/sulsc.com\/index.php\/2024\/01\/26\/credenciamento-para-embarcacoes-pesqueiras-para-a-safra-da-tainha-2024-e-aberto\/","og_locale":"en_US","og_type":"article","og_title":"Credenciamento para embarca\u00e7\u00f5es pesqueiras, para a Safra da Tainha 2024, \u00e9 aberto -","og_description":"As embarca\u00e7\u00f5es de pesca que poder\u00e3o ser autorizadas e o volume de cotas de captura ser\u00e3o definidos em ato normativo espec\u00edfico","og_url":"https:\/\/sulsc.com\/index.php\/2024\/01\/26\/credenciamento-para-embarcacoes-pesqueiras-para-a-safra-da-tainha-2024-e-aberto\/","article_author":"https:\/\/www.facebook.com\/profile.php?id=61559278119680","article_published_time":"2024-01-26T13:40:15+00:00","article_modified_time":"2024-01-26T13:56:08+00:00","og_image":[{"width":800,"height":445,"url":"http:\/\/sulsc.com\/wp-content\/uploads\/2024\/01\/PESCA-800x445-1.jpg","type":"image\/jpeg"}],"author":"Reda\u00e7\u00e3o Sul SC","twitter_card":"summary_large_image","twitter_creator":"@https:\/\/twitter.com\/PortalSulSC","twitter_misc":{"Written by":"Reda\u00e7\u00e3o Sul SC","Est. reading time":"3 minutes"},"schema":{"@context":"https:\/\/schema.org","@graph":[{"@type":"WebPage","@id":"https:\/\/sulsc.com\/index.php\/2024\/01\/26\/credenciamento-para-embarcacoes-pesqueiras-para-a-safra-da-tainha-2024-e-aberto\/","url":"https:\/\/sulsc.com\/index.php\/2024\/01\/26\/credenciamento-para-embarcacoes-pesqueiras-para-a-safra-da-tainha-2024-e-aberto\/","name":"Credenciamento para embarca\u00e7\u00f5es pesqueiras, para a Safra da Tainha 2024, \u00e9 aberto -","isPartOf":{"@id":"https:\/\/sulsc.com\/#website"},"datePublished":"2024-01-26T13:40:15+00:00","dateModified":"2024-01-26T13:56:08+00:00","author":{"@id":"https:\/\/sulsc.com\/#\/schema\/person\/84d2fc571684f6248ba83092f07750a3"},"description":"As embarca\u00e7\u00f5es de pesca que poder\u00e3o ser autorizadas e o volume de cotas de captura ser\u00e3o definidos em ato normativo espec\u00edfico","breadcrumb":{"@id":"https:\/\/sulsc.com\/index.php\/2024\/01\/26\/credenciamento-para-embarcacoes-pesqueiras-para-a-safra-da-tainha-2024-e-aberto\/#breadcrumb"},"inLanguage":"en-US","potentialAction":[{"@type":"ReadAction","target":["https:\/\/sulsc.com\/index.php\/2024\/01\/26\/credenciamento-para-embarcacoes-pesqueiras-para-a-safra-da-tainha-2024-e-aberto\/"]}]},{"@type":"BreadcrumbList","@id":"https:\/\/sulsc.com\/index.php\/2024\/01\/26\/credenciamento-para-embarcacoes-pesqueiras-para-a-safra-da-tainha-2024-e-aberto\/#breadcrumb","itemListElement":[{"@type":"ListItem","position":1,"name":"In\u00edcio","item":"https:\/\/sulsc.com\/"},{"@type":"ListItem","position":2,"name":"Credenciamento para embarca\u00e7\u00f5es pesqueiras, para a Safra da Tainha 2024, \u00e9 aberto"}]},{"@type":"WebSite","@id":"https:\/\/sulsc.com\/#website","url":"https:\/\/sulsc.com\/","name":"","description":"","potentialAction":[{"@type":"SearchAction","target":{"@type":"EntryPoint","urlTemplate":"https:\/\/sulsc.com\/?s={search_term_string}"},"query-input":"required name=search_term_string"}],"inLanguage":"en-US"},{"@type":"Person","@id":"https:\/\/sulsc.com\/#\/schema\/person\/84d2fc571684f6248ba83092f07750a3","name":"Reda\u00e7\u00e3o Sul SC","image":{"@type":"ImageObject","inLanguage":"en-US","@id":"https:\/\/sulsc.com\/#\/schema\/person\/image\/e08d7fe2cc4ed596372063bbe852b8d0","url":"https:\/\/sulsc.com\/wp-content\/uploads\/2023\/09\/redacao.png","contentUrl":"https:\/\/sulsc.com\/wp-content\/uploads\/2023\/09\/redacao.png","caption":"Reda\u00e7\u00e3o Sul SC"},"description":"Foco em um jornalismo imparcial, voltado \u00e0 qualidade dos seus conte\u00fados e, assim, levar informa\u00e7\u00e3o de valor que agregue \u00e0 vida dos leitores. Esta \u00e9 grande miss\u00e3o do Portal de Not\u00edcias Sul SC. N\u00e3o \u00e9 quantidade que muda o mundo, sempre foi e seguir\u00e1 sendo qualidade!","sameAs":["https:\/\/sulsc.com\/","https:\/\/www.facebook.com\/profile.php?id=61559278119680","https:\/\/www.instagram.com\/sulscportal\/?hl=pt-br","https:\/\/twitter.com\/https:\/\/twitter.com\/PortalSulSC","https:\/\/www.youtube.com\/channel\/UCv_BE8GeySluDov2n8qhVmw"],"url":"https:\/\/sulsc.com\/index.php\/author\/redacao\/"}]}},"authors":[],"_links":{"self":[{"href":"https:\/\/sulsc.com\/index.php\/wp-json\/wp\/v2\/posts\/7651"}],"collection":[{"href":"https:\/\/sulsc.com\/index.php\/wp-json\/wp\/v2\/posts"}],"about":[{"href":"https:\/\/sulsc.com\/index.php\/wp-json\/wp\/v2\/types\/post"}],"author":[{"embeddable":true,"href":"https:\/\/sulsc.com\/index.php\/wp-json\/wp\/v2\/users\/3"}],"replies":[{"embeddable":true,"href":"https:\/\/sulsc.com\/index.php\/wp-json\/wp\/v2\/comments?post=7651"}],"version-history":[{"count":1,"href":"https:\/\/sulsc.com\/index.php\/wp-json\/wp\/v2\/posts\/7651\/revisions"}],"predecessor-version":[{"id":7653,"href":"https:\/\/sulsc.com\/index.php\/wp-json\/wp\/v2\/posts\/7651\/revisions\/7653"}],"wp:featuredmedia":[{"embeddable":true,"href":"https:\/\/sulsc.com\/index.php\/wp-json\/wp\/v2\/media\/7652"}],"wp:attachment":[{"href":"https:\/\/sulsc.com\/index.php\/wp-json\/wp\/v2\/media?parent=7651"}],"wp:term":[{"taxonomy":"category","embeddable":true,"href":"https:\/\/sulsc.com\/index.php\/wp-json\/wp\/v2\/categories?post=7651"},{"taxonomy":"post_tag","embeddable":true,"href":"https:\/\/sulsc.com\/index.php\/wp-json\/wp\/v2\/tags?post=7651"}],"curies":[{"name":"wp","href":"https:\/\/api.w.org\/{rel}","templated":true}]}}