{"id":7657,"date":"2024-01-26T11:55:40","date_gmt":"2024-01-26T14:55:40","guid":{"rendered":"https:\/\/sulsc.com\/?p=7657"},"modified":"2024-01-26T11:50:32","modified_gmt":"2024-01-26T14:50:32","slug":"governo-publica-metas-de-acoes-ambientais-em-varios-ministerios","status":"publish","type":"post","link":"https:\/\/sulsc.com\/index.php\/2024\/01\/26\/governo-publica-metas-de-acoes-ambientais-em-varios-ministerios\/","title":{"rendered":"Governo publica metas de a\u00e7\u00f5es ambientais em v\u00e1rios minist\u00e9rios"},"content":{"rendered":"<p>O governo federal lan\u00e7ou nesta quinta-feira (25) a Agenda Transversal Ambiental, documento que re\u00fane as metas, entregas e medidas institucionais da \u00e1rea ambiental que comp\u00f5em o Plano Plurianual (PPA) 2024-2027. O PPA, aprovado em lei pelo Congresso Nacional, \u00e9 considerado o principal instrumento de planejamento de m\u00e9dio prazo do governo federal. Tem previs\u00e3o na Constitui\u00e7\u00e3o Federal e serve como refer\u00eancia para a aloca\u00e7\u00e3o de recursos e elabora\u00e7\u00e3o das leis or\u00e7ament\u00e1rias anuais.<\/p>\n<p>Pela primeira vez, o PPA foi formulado prevendo as chamadas agendas transversais, ou seja, medidas previstas nas a\u00e7\u00f5es de v\u00e1rios minist\u00e9rios. S\u00e3o cinco agendas transversais: crian\u00e7as e adolescentes; mulheres; igualdade racial; povos ind\u00edgenas; e meio ambiente.<\/p>\n<p>A Agenda Transversal Ambiental \u00e9 mais abrangente de todas, e est\u00e1 presente em 50 dos 88 programas do PPA. Al\u00e9m disso, conta com 113 objetivos espec\u00edficos, 372 entregas e 150 medidas institucionais e normativas, nos n\u00edveis estrat\u00e9gico, t\u00e1tico e gerencial.<\/p>\n<p>&#8220;Uma das diretrizes do Minist\u00e9rio do Meio Ambiente, quando assumi a pasta em 2023, era que a pol\u00edtica ambiental deveria ser transversal e n\u00e3o setorial. Com alegria, posso verificar que esse conceito, que surge na academia, l\u00e1 atr\u00e1s, a gente ousa testar em pol\u00edtica p\u00fablica, na \u00e1rea de meio ambiente&#8221;, celebrou a ministra do Meio Ambiente e Mudan\u00e7a do Clima, Marina Silva, durante evento de lan\u00e7amento do documento, em Bras\u00edlia.<\/p>\n<p>Entre as principais metas para o meio ambiente nos pr\u00f3ximos quatro anos, est\u00e1 a de diminuir em 20% o tamanho da \u00e1rea total desmatada em cada um dos quatro anos nos seis biomas brasileiros (Amaz\u00f4nia, Cerrado, Caatinga, Mata Atl\u00e2ntica, Pampa e Pantanal) e medidas de infraestrutura urbana para que os munic\u00edpios brasileiros tenham a\u00e7\u00f5es de adapta\u00e7\u00e3o a eventos hidrol\u00f3gicos extremos, como secas e inunda\u00e7\u00f5es.<\/p>\n<p><img fetchpriority=\"high\" decoding=\"async\" class=\"alignnone size-large wp-image-7658\" src=\"http:\/\/sulsc.com\/wp-content\/uploads\/2024\/01\/Governo-publica-metas-de-acoes-ambientais-em-varios-ministerios-1024x613.webp\" alt=\"\" width=\"1024\" height=\"613\" srcset=\"https:\/\/sulsc.com\/wp-content\/uploads\/2024\/01\/Governo-publica-metas-de-acoes-ambientais-em-varios-ministerios-1024x613.webp 1024w, https:\/\/sulsc.com\/wp-content\/uploads\/2024\/01\/Governo-publica-metas-de-acoes-ambientais-em-varios-ministerios-300x179.webp 300w, https:\/\/sulsc.com\/wp-content\/uploads\/2024\/01\/Governo-publica-metas-de-acoes-ambientais-em-varios-ministerios-768x459.webp 768w, https:\/\/sulsc.com\/wp-content\/uploads\/2024\/01\/Governo-publica-metas-de-acoes-ambientais-em-varios-ministerios.webp 1170w\" sizes=\"(max-width: 1024px) 100vw, 1024px\" \/><\/p>\n<p><strong>Ind\u00edgenas<\/strong><\/p>\n<p>Na intersec\u00e7\u00e3o com a pauta ind\u00edgena, a Agenda Transversal Ambiental tem o objetivo de quadruplicar, nos quatro anos de vig\u00eancia PPA, o total de territ\u00f3rios ind\u00edgenas delimitados. Tamb\u00e9m h\u00e1 a previs\u00e3o de se dobrar o n\u00famero de aldeias beneficiadas com obras de infraestrutura de abastecimento de \u00e1gua pot\u00e1vel, para 286 em 2027. O governo tem tamb\u00e9m a meta de elevar de 12 mil hectares em 2024 para 42 mil hectares em 2027, a \u00e1rea titulada para comunidades quilombolas em todo o Brasil.<\/p>\n<p>&#8220;N\u00f3s fizemos o PPA, tivemos a b\u00fassola do conhecimento que cada brasileiro quer para si e para o pa\u00eds nos pr\u00f3ximos anos&#8221;, destacou a ministra do Planejamento, Simone Tebet, durante o lan\u00e7amento do documento.<\/p>\n<p>O PPA 2024-2027 envolveu a realiza\u00e7\u00e3o de tr\u00eas f\u00f3runs Interconselhos, 27 plen\u00e1rias regionais, com presen\u00e7a de mais de 34 mil pessoas, e uma plataforma digital para participa\u00e7\u00e3o cidad\u00e3, com mais de 4 milh\u00f5es de acessos, que recebeu mais de 1,5 milh\u00e3o de votos e colheu 8.254 propostas da sociedade.<\/p>\n<p>Simone Tebet lembrou que o programa mais votado pela participa\u00e7\u00e3o popular foi sobre mudan\u00e7as clim\u00e1ticas e a\u00e7\u00f5es preventivas para evitar desastres ambientais.<\/p>\n<p>Nos pr\u00f3ximos meses, o Minist\u00e9rio do Planejamento dever\u00e1 lan\u00e7ar documentos similares das outras agendas transversais previstas no PPA.<\/p>\n","protected":false},"excerpt":{"rendered":"<p>O governo federal lan\u00e7ou nesta quinta-feira (25) a Agenda Transversal Ambiental, documento que re\u00fane as metas, entregas e medidas institucionais da \u00e1rea ambiental que comp\u00f5em o Plano Plurianual (PPA) 2024-2027. O PPA, aprovado em lei pelo Congresso Nacional, \u00e9 considerado o principal instrumento de planejamento de m\u00e9dio prazo do governo federal. Tem previs\u00e3o na Constitui\u00e7\u00e3o &hellip;<\/p>\n<p class=\"read-more\"> <a class=\"\" href=\"https:\/\/sulsc.com\/index.php\/2024\/01\/26\/governo-publica-metas-de-acoes-ambientais-em-varios-ministerios\/\"> <span class=\"screen-reader-text\">Governo publica metas de a\u00e7\u00f5es ambientais em v\u00e1rios minist\u00e9rios<\/span> Read More &raquo;<\/a><\/p>\n","protected":false},"author":3,"featured_media":7658,"comment_status":"open","ping_status":"open","sticky":false,"template":"","format":"standard","meta":{"site-sidebar-layout":"default","site-content-layout":"","ast-site-content-layout":"default","site-content-style":"default","site-sidebar-style":"default","ast-global-header-display":"","ast-banner-title-visibility":"","ast-main-header-display":"","ast-hfb-above-header-display":"","ast-hfb-below-header-display":"","ast-hfb-mobile-header-display":"","site-post-title":"","ast-breadcrumbs-content":"","ast-featured-img":"","footer-sml-layout":"","theme-transparent-header-meta":"default","adv-header-id-meta":"","stick-header-meta":"","header-above-stick-meta":"","header-main-stick-meta":"","header-below-stick-meta":"","astra-migrate-meta-layouts":"set","footnotes":""},"categories":[17],"tags":[],"yoast_head":"<!-- This site is optimized with the Yoast SEO plugin v21.4 - https:\/\/yoast.com\/wordpress\/plugins\/seo\/ -->\n<title>Governo publica metas de a\u00e7\u00f5es ambientais em v\u00e1rios minist\u00e9rios -<\/title>\n<meta name=\"robots\" content=\"index, follow, max-snippet:-1, max-image-preview:large, max-video-preview:-1\" \/>\n<link rel=\"canonical\" href=\"https:\/\/sulsc.com\/index.php\/2024\/01\/26\/governo-publica-metas-de-acoes-ambientais-em-varios-ministerios\/\" \/>\n<meta property=\"og:locale\" content=\"en_US\" \/>\n<meta property=\"og:type\" content=\"article\" \/>\n<meta property=\"og:title\" content=\"Governo publica metas de a\u00e7\u00f5es ambientais em v\u00e1rios minist\u00e9rios -\" \/>\n<meta property=\"og:description\" content=\"O governo federal lan\u00e7ou nesta quinta-feira (25) a Agenda Transversal Ambiental, documento que re\u00fane as metas, entregas e medidas institucionais da \u00e1rea ambiental que comp\u00f5em o Plano Plurianual (PPA) 2024-2027. O PPA, aprovado em lei pelo Congresso Nacional, \u00e9 considerado o principal instrumento de planejamento de m\u00e9dio prazo do governo federal. Tem previs\u00e3o na Constitui\u00e7\u00e3o &hellip; Governo publica metas de a\u00e7\u00f5es ambientais em v\u00e1rios minist\u00e9rios Read More &raquo;\" \/>\n<meta property=\"og:url\" content=\"https:\/\/sulsc.com\/index.php\/2024\/01\/26\/governo-publica-metas-de-acoes-ambientais-em-varios-ministerios\/\" \/>\n<meta property=\"article:author\" content=\"https:\/\/www.facebook.com\/profile.php?id=61559278119680\" \/>\n<meta property=\"article:published_time\" content=\"2024-01-26T14:55:40+00:00\" \/>\n<meta property=\"article:modified_time\" content=\"2024-01-26T14:50:32+00:00\" \/>\n<meta property=\"og:image\" content=\"https:\/\/sulsc.com\/wp-content\/uploads\/2024\/01\/Governo-publica-metas-de-acoes-ambientais-em-varios-ministerios.webp\" \/>\n\t<meta property=\"og:image:width\" content=\"1170\" \/>\n\t<meta property=\"og:image:height\" content=\"700\" \/>\n\t<meta property=\"og:image:type\" content=\"image\/webp\" \/>\n<meta name=\"author\" content=\"Reda\u00e7\u00e3o Sul SC\" \/>\n<meta name=\"twitter:card\" content=\"summary_large_image\" \/>\n<meta name=\"twitter:creator\" content=\"@https:\/\/twitter.com\/PortalSulSC\" \/>\n<meta name=\"twitter:label1\" content=\"Written by\" \/>\n\t<meta name=\"twitter:data1\" content=\"Reda\u00e7\u00e3o Sul SC\" \/>\n\t<meta name=\"twitter:label2\" content=\"Est. reading time\" \/>\n\t<meta name=\"twitter:data2\" content=\"3 minutes\" \/>\n<script type=\"application\/ld+json\" class=\"yoast-schema-graph\">{\"@context\":\"https:\/\/schema.org\",\"@graph\":[{\"@type\":\"WebPage\",\"@id\":\"https:\/\/sulsc.com\/index.php\/2024\/01\/26\/governo-publica-metas-de-acoes-ambientais-em-varios-ministerios\/\",\"url\":\"https:\/\/sulsc.com\/index.php\/2024\/01\/26\/governo-publica-metas-de-acoes-ambientais-em-varios-ministerios\/\",\"name\":\"Governo publica metas de a\u00e7\u00f5es ambientais em v\u00e1rios minist\u00e9rios -\",\"isPartOf\":{\"@id\":\"https:\/\/sulsc.com\/#website\"},\"datePublished\":\"2024-01-26T14:55:40+00:00\",\"dateModified\":\"2024-01-26T14:50:32+00:00\",\"author\":{\"@id\":\"https:\/\/sulsc.com\/#\/schema\/person\/84d2fc571684f6248ba83092f07750a3\"},\"breadcrumb\":{\"@id\":\"https:\/\/sulsc.com\/index.php\/2024\/01\/26\/governo-publica-metas-de-acoes-ambientais-em-varios-ministerios\/#breadcrumb\"},\"inLanguage\":\"en-US\",\"potentialAction\":[{\"@type\":\"ReadAction\",\"target\":[\"https:\/\/sulsc.com\/index.php\/2024\/01\/26\/governo-publica-metas-de-acoes-ambientais-em-varios-ministerios\/\"]}]},{\"@type\":\"BreadcrumbList\",\"@id\":\"https:\/\/sulsc.com\/index.php\/2024\/01\/26\/governo-publica-metas-de-acoes-ambientais-em-varios-ministerios\/#breadcrumb\",\"itemListElement\":[{\"@type\":\"ListItem\",\"position\":1,\"name\":\"In\u00edcio\",\"item\":\"https:\/\/sulsc.com\/\"},{\"@type\":\"ListItem\",\"position\":2,\"name\":\"Governo publica metas de a\u00e7\u00f5es ambientais em v\u00e1rios minist\u00e9rios\"}]},{\"@type\":\"WebSite\",\"@id\":\"https:\/\/sulsc.com\/#website\",\"url\":\"https:\/\/sulsc.com\/\",\"name\":\"\",\"description\":\"\",\"potentialAction\":[{\"@type\":\"SearchAction\",\"target\":{\"@type\":\"EntryPoint\",\"urlTemplate\":\"https:\/\/sulsc.com\/?s={search_term_string}\"},\"query-input\":\"required name=search_term_string\"}],\"inLanguage\":\"en-US\"},{\"@type\":\"Person\",\"@id\":\"https:\/\/sulsc.com\/#\/schema\/person\/84d2fc571684f6248ba83092f07750a3\",\"name\":\"Reda\u00e7\u00e3o Sul SC\",\"image\":{\"@type\":\"ImageObject\",\"inLanguage\":\"en-US\",\"@id\":\"https:\/\/sulsc.com\/#\/schema\/person\/image\/e08d7fe2cc4ed596372063bbe852b8d0\",\"url\":\"https:\/\/sulsc.com\/wp-content\/uploads\/2023\/09\/redacao.png\",\"contentUrl\":\"https:\/\/sulsc.com\/wp-content\/uploads\/2023\/09\/redacao.png\",\"caption\":\"Reda\u00e7\u00e3o Sul SC\"},\"description\":\"Foco em um jornalismo imparcial, voltado \u00e0 qualidade dos seus conte\u00fados e, assim, levar informa\u00e7\u00e3o de valor que agregue \u00e0 vida dos leitores. Esta \u00e9 grande miss\u00e3o do Portal de Not\u00edcias Sul SC. N\u00e3o \u00e9 quantidade que muda o mundo, sempre foi e seguir\u00e1 sendo qualidade!\",\"sameAs\":[\"https:\/\/sulsc.com\/\",\"https:\/\/www.facebook.com\/profile.php?id=61559278119680\",\"https:\/\/www.instagram.com\/sulscportal\/?hl=pt-br\",\"https:\/\/twitter.com\/https:\/\/twitter.com\/PortalSulSC\",\"https:\/\/www.youtube.com\/channel\/UCv_BE8GeySluDov2n8qhVmw\"],\"url\":\"https:\/\/sulsc.com\/index.php\/author\/redacao\/\"}]}<\/script>\n<!-- \/ Yoast SEO plugin. -->","yoast_head_json":{"title":"Governo publica metas de a\u00e7\u00f5es ambientais em v\u00e1rios minist\u00e9rios -","robots":{"index":"index","follow":"follow","max-snippet":"max-snippet:-1","max-image-preview":"max-image-preview:large","max-video-preview":"max-video-preview:-1"},"canonical":"https:\/\/sulsc.com\/index.php\/2024\/01\/26\/governo-publica-metas-de-acoes-ambientais-em-varios-ministerios\/","og_locale":"en_US","og_type":"article","og_title":"Governo publica metas de a\u00e7\u00f5es ambientais em v\u00e1rios minist\u00e9rios -","og_description":"O governo federal lan\u00e7ou nesta quinta-feira (25) a Agenda Transversal Ambiental, documento que re\u00fane as metas, entregas e medidas institucionais da \u00e1rea ambiental que comp\u00f5em o Plano Plurianual (PPA) 2024-2027. O PPA, aprovado em lei pelo Congresso Nacional, \u00e9 considerado o principal instrumento de planejamento de m\u00e9dio prazo do governo federal. Tem previs\u00e3o na Constitui\u00e7\u00e3o &hellip; Governo publica metas de a\u00e7\u00f5es ambientais em v\u00e1rios minist\u00e9rios Read More &raquo;","og_url":"https:\/\/sulsc.com\/index.php\/2024\/01\/26\/governo-publica-metas-de-acoes-ambientais-em-varios-ministerios\/","article_author":"https:\/\/www.facebook.com\/profile.php?id=61559278119680","article_published_time":"2024-01-26T14:55:40+00:00","article_modified_time":"2024-01-26T14:50:32+00:00","og_image":[{"width":1170,"height":700,"url":"https:\/\/sulsc.com\/wp-content\/uploads\/2024\/01\/Governo-publica-metas-de-acoes-ambientais-em-varios-ministerios.webp","type":"image\/webp"}],"author":"Reda\u00e7\u00e3o Sul SC","twitter_card":"summary_large_image","twitter_creator":"@https:\/\/twitter.com\/PortalSulSC","twitter_misc":{"Written by":"Reda\u00e7\u00e3o Sul SC","Est. reading time":"3 minutes"},"schema":{"@context":"https:\/\/schema.org","@graph":[{"@type":"WebPage","@id":"https:\/\/sulsc.com\/index.php\/2024\/01\/26\/governo-publica-metas-de-acoes-ambientais-em-varios-ministerios\/","url":"https:\/\/sulsc.com\/index.php\/2024\/01\/26\/governo-publica-metas-de-acoes-ambientais-em-varios-ministerios\/","name":"Governo publica metas de a\u00e7\u00f5es ambientais em v\u00e1rios minist\u00e9rios -","isPartOf":{"@id":"https:\/\/sulsc.com\/#website"},"datePublished":"2024-01-26T14:55:40+00:00","dateModified":"2024-01-26T14:50:32+00:00","author":{"@id":"https:\/\/sulsc.com\/#\/schema\/person\/84d2fc571684f6248ba83092f07750a3"},"breadcrumb":{"@id":"https:\/\/sulsc.com\/index.php\/2024\/01\/26\/governo-publica-metas-de-acoes-ambientais-em-varios-ministerios\/#breadcrumb"},"inLanguage":"en-US","potentialAction":[{"@type":"ReadAction","target":["https:\/\/sulsc.com\/index.php\/2024\/01\/26\/governo-publica-metas-de-acoes-ambientais-em-varios-ministerios\/"]}]},{"@type":"BreadcrumbList","@id":"https:\/\/sulsc.com\/index.php\/2024\/01\/26\/governo-publica-metas-de-acoes-ambientais-em-varios-ministerios\/#breadcrumb","itemListElement":[{"@type":"ListItem","position":1,"name":"In\u00edcio","item":"https:\/\/sulsc.com\/"},{"@type":"ListItem","position":2,"name":"Governo publica metas de a\u00e7\u00f5es ambientais em v\u00e1rios minist\u00e9rios"}]},{"@type":"WebSite","@id":"https:\/\/sulsc.com\/#website","url":"https:\/\/sulsc.com\/","name":"","description":"","potentialAction":[{"@type":"SearchAction","target":{"@type":"EntryPoint","urlTemplate":"https:\/\/sulsc.com\/?s={search_term_string}"},"query-input":"required name=search_term_string"}],"inLanguage":"en-US"},{"@type":"Person","@id":"https:\/\/sulsc.com\/#\/schema\/person\/84d2fc571684f6248ba83092f07750a3","name":"Reda\u00e7\u00e3o Sul SC","image":{"@type":"ImageObject","inLanguage":"en-US","@id":"https:\/\/sulsc.com\/#\/schema\/person\/image\/e08d7fe2cc4ed596372063bbe852b8d0","url":"https:\/\/sulsc.com\/wp-content\/uploads\/2023\/09\/redacao.png","contentUrl":"https:\/\/sulsc.com\/wp-content\/uploads\/2023\/09\/redacao.png","caption":"Reda\u00e7\u00e3o Sul SC"},"description":"Foco em um jornalismo imparcial, voltado \u00e0 qualidade dos seus conte\u00fados e, assim, levar informa\u00e7\u00e3o de valor que agregue \u00e0 vida dos leitores. Esta \u00e9 grande miss\u00e3o do Portal de Not\u00edcias Sul SC. N\u00e3o \u00e9 quantidade que muda o mundo, sempre foi e seguir\u00e1 sendo qualidade!","sameAs":["https:\/\/sulsc.com\/","https:\/\/www.facebook.com\/profile.php?id=61559278119680","https:\/\/www.instagram.com\/sulscportal\/?hl=pt-br","https:\/\/twitter.com\/https:\/\/twitter.com\/PortalSulSC","https:\/\/www.youtube.com\/channel\/UCv_BE8GeySluDov2n8qhVmw"],"url":"https:\/\/sulsc.com\/index.php\/author\/redacao\/"}]}},"authors":[],"_links":{"self":[{"href":"https:\/\/sulsc.com\/index.php\/wp-json\/wp\/v2\/posts\/7657"}],"collection":[{"href":"https:\/\/sulsc.com\/index.php\/wp-json\/wp\/v2\/posts"}],"about":[{"href":"https:\/\/sulsc.com\/index.php\/wp-json\/wp\/v2\/types\/post"}],"author":[{"embeddable":true,"href":"https:\/\/sulsc.com\/index.php\/wp-json\/wp\/v2\/users\/3"}],"replies":[{"embeddable":true,"href":"https:\/\/sulsc.com\/index.php\/wp-json\/wp\/v2\/comments?post=7657"}],"version-history":[{"count":1,"href":"https:\/\/sulsc.com\/index.php\/wp-json\/wp\/v2\/posts\/7657\/revisions"}],"predecessor-version":[{"id":7662,"href":"https:\/\/sulsc.com\/index.php\/wp-json\/wp\/v2\/posts\/7657\/revisions\/7662"}],"wp:featuredmedia":[{"embeddable":true,"href":"https:\/\/sulsc.com\/index.php\/wp-json\/wp\/v2\/media\/7658"}],"wp:attachment":[{"href":"https:\/\/sulsc.com\/index.php\/wp-json\/wp\/v2\/media?parent=7657"}],"wp:term":[{"taxonomy":"category","embeddable":true,"href":"https:\/\/sulsc.com\/index.php\/wp-json\/wp\/v2\/categories?post=7657"},{"taxonomy":"post_tag","embeddable":true,"href":"https:\/\/sulsc.com\/index.php\/wp-json\/wp\/v2\/tags?post=7657"}],"curies":[{"name":"wp","href":"https:\/\/api.w.org\/{rel}","templated":true}]}}