{"id":7719,"date":"2024-01-27T12:27:16","date_gmt":"2024-01-27T15:27:16","guid":{"rendered":"https:\/\/sulsc.com\/?p=7719"},"modified":"2024-01-27T12:29:29","modified_gmt":"2024-01-27T15:29:29","slug":"traficante-da-biz-do-delivery-e-flagrado-ao-atender-usuario-em-av-de-tb","status":"publish","type":"post","link":"https:\/\/sulsc.com\/index.php\/2024\/01\/27\/traficante-da-biz-do-delivery-e-flagrado-ao-atender-usuario-em-av-de-tb\/","title":{"rendered":"Traficante da Biz do delivery \u00e9 flagrado ao atender usu\u00e1rio em av. de TB"},"content":{"rendered":"<figure id=\"attachment_7720\" aria-describedby=\"caption-attachment-7720\" style=\"width: 782px\" class=\"wp-caption aligncenter\"><img fetchpriority=\"high\" decoding=\"async\" class=\" wp-image-7720\" src=\"http:\/\/sulsc.com\/wp-content\/uploads\/2024\/01\/PM-de-Sao-Ludgero.jpg\" alt=\"\" width=\"782\" height=\"467\" \/><figcaption id=\"caption-attachment-7720\" class=\"wp-caption-text\">Banco de imagens Sul SC<\/figcaption><\/figure>\n<p>Mais um traficante menor foi apreendido pela Pol\u00edcia Militar de <strong>Tubar\u00e3o<\/strong>. Na noite desta sexta-feira (26), por volta das 22h45, PMs em rondas realizaram uma abordagem surpreendente a um adolescente na avenida Expedicion\u00e1rio Jos\u00e9 Pedro Coelho, no sentido bairro Revoredo, em Tubar\u00e3o. O infrator, de apenas 16 anos, pilotava uma motoneta Honda Biz enquanto fazia uso de um telefone celular, infringindo diversas normas de tr\u00e2nsito.<\/p>\n<p>Durante a abordagem e a revista pessoal, os policiais encontraram uma quantidade significativa de drogas e dinheiro nas vestes pessoais do menor, al\u00e9m de por\u00e7\u00f5es de maconha no bagageiro da motoneta. Ao todo, foram apreendidas 880 gramas de maconha, 4,5 gramas de coca\u00edna e tr\u00eas unidades de comprimido ecstasy, juntamente com a quantia de R$ 483 em esp\u00e9cie.<\/p>\n<p>Diante da gravidade da situa\u00e7\u00e3o, o adolescente foi apreendido e conduzido \u00e0 delegacia especializada, onde foram tomadas as medidas cab\u00edveis. Al\u00e9m disso, a motoneta utilizada para o crime foi recolhida ao p\u00e1tio conveniado devido a infra\u00e7\u00f5es de tr\u00e2nsito, somando-se a autua\u00e7\u00f5es decorrentes de outras irregularidades detectadas durante a abordagem policial.<\/p>\n","protected":false},"excerpt":{"rendered":"<p>Mais um traficante menor foi apreendido pela Pol\u00edcia Militar de Tubar\u00e3o. Na noite desta sexta-feira (26), por volta das 22h45, PMs em rondas realizaram uma abordagem surpreendente a um adolescente na avenida Expedicion\u00e1rio Jos\u00e9 Pedro Coelho, no sentido bairro Revoredo, em Tubar\u00e3o. O infrator, de apenas 16 anos, pilotava uma motoneta Honda Biz enquanto fazia &hellip;<\/p>\n<p class=\"read-more\"> <a class=\"\" href=\"https:\/\/sulsc.com\/index.php\/2024\/01\/27\/traficante-da-biz-do-delivery-e-flagrado-ao-atender-usuario-em-av-de-tb\/\"> <span class=\"screen-reader-text\">Traficante da Biz do delivery \u00e9 flagrado ao atender usu\u00e1rio em av. de TB<\/span> Read More &raquo;<\/a><\/p>\n","protected":false},"author":3,"featured_media":7720,"comment_status":"open","ping_status":"open","sticky":false,"template":"","format":"standard","meta":{"site-sidebar-layout":"default","site-content-layout":"","ast-site-content-layout":"default","site-content-style":"default","site-sidebar-style":"default","ast-global-header-display":"","ast-banner-title-visibility":"","ast-main-header-display":"","ast-hfb-above-header-display":"","ast-hfb-below-header-display":"","ast-hfb-mobile-header-display":"","site-post-title":"","ast-breadcrumbs-content":"","ast-featured-img":"","footer-sml-layout":"","theme-transparent-header-meta":"default","adv-header-id-meta":"","stick-header-meta":"","header-above-stick-meta":"","header-main-stick-meta":"","header-below-stick-meta":"","astra-migrate-meta-layouts":"set","footnotes":""},"categories":[8],"tags":[972,93,971,289,72],"yoast_head":"<!-- This site is optimized with the Yoast SEO plugin v21.4 - https:\/\/yoast.com\/wordpress\/plugins\/seo\/ -->\n<title>Traficante da Biz do delivery \u00e9 flagrado ao atender usu\u00e1rio em av. de TB -<\/title>\n<meta name=\"description\" content=\"Abordagem ocorreu durante rondas na avenida Expedicion\u00e1rio Jos\u00e9 Pedro Coelho; adolescente de 16 anos foi conduzido \u00e0 delegacia\" \/>\n<meta name=\"robots\" content=\"index, follow, max-snippet:-1, max-image-preview:large, max-video-preview:-1\" \/>\n<link rel=\"canonical\" href=\"https:\/\/sulsc.com\/index.php\/2024\/01\/27\/traficante-da-biz-do-delivery-e-flagrado-ao-atender-usuario-em-av-de-tb\/\" \/>\n<meta property=\"og:locale\" content=\"en_US\" \/>\n<meta property=\"og:type\" content=\"article\" \/>\n<meta property=\"og:title\" content=\"Traficante da Biz do delivery \u00e9 flagrado ao atender usu\u00e1rio em av. de TB -\" \/>\n<meta property=\"og:description\" content=\"Abordagem ocorreu durante rondas na avenida Expedicion\u00e1rio Jos\u00e9 Pedro Coelho; adolescente de 16 anos foi conduzido \u00e0 delegacia\" \/>\n<meta property=\"og:url\" content=\"https:\/\/sulsc.com\/index.php\/2024\/01\/27\/traficante-da-biz-do-delivery-e-flagrado-ao-atender-usuario-em-av-de-tb\/\" \/>\n<meta property=\"article:author\" content=\"https:\/\/www.facebook.com\/profile.php?id=61559278119680\" \/>\n<meta property=\"article:published_time\" content=\"2024-01-27T15:27:16+00:00\" \/>\n<meta property=\"article:modified_time\" content=\"2024-01-27T15:29:29+00:00\" \/>\n<meta property=\"og:image\" content=\"http:\/\/sulsc.com\/wp-content\/uploads\/2024\/01\/PM-de-Sao-Ludgero.jpg\" \/>\n\t<meta property=\"og:image:width\" content=\"596\" \/>\n\t<meta property=\"og:image:height\" content=\"398\" \/>\n\t<meta property=\"og:image:type\" content=\"image\/jpeg\" \/>\n<meta name=\"author\" content=\"Reda\u00e7\u00e3o Sul SC\" \/>\n<meta name=\"twitter:card\" content=\"summary_large_image\" \/>\n<meta name=\"twitter:creator\" content=\"@https:\/\/twitter.com\/PortalSulSC\" \/>\n<meta name=\"twitter:label1\" content=\"Written by\" \/>\n\t<meta name=\"twitter:data1\" content=\"Reda\u00e7\u00e3o Sul SC\" \/>\n\t<meta name=\"twitter:label2\" content=\"Est. reading time\" \/>\n\t<meta name=\"twitter:data2\" content=\"2 minutes\" \/>\n<script type=\"application\/ld+json\" class=\"yoast-schema-graph\">{\"@context\":\"https:\/\/schema.org\",\"@graph\":[{\"@type\":\"WebPage\",\"@id\":\"https:\/\/sulsc.com\/index.php\/2024\/01\/27\/traficante-da-biz-do-delivery-e-flagrado-ao-atender-usuario-em-av-de-tb\/\",\"url\":\"https:\/\/sulsc.com\/index.php\/2024\/01\/27\/traficante-da-biz-do-delivery-e-flagrado-ao-atender-usuario-em-av-de-tb\/\",\"name\":\"Traficante da Biz do delivery \u00e9 flagrado ao atender usu\u00e1rio em av. de TB -\",\"isPartOf\":{\"@id\":\"https:\/\/sulsc.com\/#website\"},\"datePublished\":\"2024-01-27T15:27:16+00:00\",\"dateModified\":\"2024-01-27T15:29:29+00:00\",\"author\":{\"@id\":\"https:\/\/sulsc.com\/#\/schema\/person\/84d2fc571684f6248ba83092f07750a3\"},\"description\":\"Abordagem ocorreu durante rondas na avenida Expedicion\u00e1rio Jos\u00e9 Pedro Coelho; adolescente de 16 anos foi conduzido \u00e0 delegacia\",\"breadcrumb\":{\"@id\":\"https:\/\/sulsc.com\/index.php\/2024\/01\/27\/traficante-da-biz-do-delivery-e-flagrado-ao-atender-usuario-em-av-de-tb\/#breadcrumb\"},\"inLanguage\":\"en-US\",\"potentialAction\":[{\"@type\":\"ReadAction\",\"target\":[\"https:\/\/sulsc.com\/index.php\/2024\/01\/27\/traficante-da-biz-do-delivery-e-flagrado-ao-atender-usuario-em-av-de-tb\/\"]}]},{\"@type\":\"BreadcrumbList\",\"@id\":\"https:\/\/sulsc.com\/index.php\/2024\/01\/27\/traficante-da-biz-do-delivery-e-flagrado-ao-atender-usuario-em-av-de-tb\/#breadcrumb\",\"itemListElement\":[{\"@type\":\"ListItem\",\"position\":1,\"name\":\"In\u00edcio\",\"item\":\"https:\/\/sulsc.com\/\"},{\"@type\":\"ListItem\",\"position\":2,\"name\":\"Traficante da Biz do delivery \u00e9 flagrado ao atender usu\u00e1rio em av. de TB\"}]},{\"@type\":\"WebSite\",\"@id\":\"https:\/\/sulsc.com\/#website\",\"url\":\"https:\/\/sulsc.com\/\",\"name\":\"\",\"description\":\"\",\"potentialAction\":[{\"@type\":\"SearchAction\",\"target\":{\"@type\":\"EntryPoint\",\"urlTemplate\":\"https:\/\/sulsc.com\/?s={search_term_string}\"},\"query-input\":\"required name=search_term_string\"}],\"inLanguage\":\"en-US\"},{\"@type\":\"Person\",\"@id\":\"https:\/\/sulsc.com\/#\/schema\/person\/84d2fc571684f6248ba83092f07750a3\",\"name\":\"Reda\u00e7\u00e3o Sul SC\",\"image\":{\"@type\":\"ImageObject\",\"inLanguage\":\"en-US\",\"@id\":\"https:\/\/sulsc.com\/#\/schema\/person\/image\/e08d7fe2cc4ed596372063bbe852b8d0\",\"url\":\"https:\/\/sulsc.com\/wp-content\/uploads\/2023\/09\/redacao.png\",\"contentUrl\":\"https:\/\/sulsc.com\/wp-content\/uploads\/2023\/09\/redacao.png\",\"caption\":\"Reda\u00e7\u00e3o Sul SC\"},\"description\":\"Foco em um jornalismo imparcial, voltado \u00e0 qualidade dos seus conte\u00fados e, assim, levar informa\u00e7\u00e3o de valor que agregue \u00e0 vida dos leitores. Esta \u00e9 grande miss\u00e3o do Portal de Not\u00edcias Sul SC. N\u00e3o \u00e9 quantidade que muda o mundo, sempre foi e seguir\u00e1 sendo qualidade!\",\"sameAs\":[\"https:\/\/sulsc.com\/\",\"https:\/\/www.facebook.com\/profile.php?id=61559278119680\",\"https:\/\/www.instagram.com\/sulscportal\/?hl=pt-br\",\"https:\/\/twitter.com\/https:\/\/twitter.com\/PortalSulSC\",\"https:\/\/www.youtube.com\/channel\/UCv_BE8GeySluDov2n8qhVmw\"],\"url\":\"https:\/\/sulsc.com\/index.php\/author\/redacao\/\"}]}<\/script>\n<!-- \/ Yoast SEO plugin. -->","yoast_head_json":{"title":"Traficante da Biz do delivery \u00e9 flagrado ao atender usu\u00e1rio em av. de TB -","description":"Abordagem ocorreu durante rondas na avenida Expedicion\u00e1rio Jos\u00e9 Pedro Coelho; adolescente de 16 anos foi conduzido \u00e0 delegacia","robots":{"index":"index","follow":"follow","max-snippet":"max-snippet:-1","max-image-preview":"max-image-preview:large","max-video-preview":"max-video-preview:-1"},"canonical":"https:\/\/sulsc.com\/index.php\/2024\/01\/27\/traficante-da-biz-do-delivery-e-flagrado-ao-atender-usuario-em-av-de-tb\/","og_locale":"en_US","og_type":"article","og_title":"Traficante da Biz do delivery \u00e9 flagrado ao atender usu\u00e1rio em av. de TB -","og_description":"Abordagem ocorreu durante rondas na avenida Expedicion\u00e1rio Jos\u00e9 Pedro Coelho; adolescente de 16 anos foi conduzido \u00e0 delegacia","og_url":"https:\/\/sulsc.com\/index.php\/2024\/01\/27\/traficante-da-biz-do-delivery-e-flagrado-ao-atender-usuario-em-av-de-tb\/","article_author":"https:\/\/www.facebook.com\/profile.php?id=61559278119680","article_published_time":"2024-01-27T15:27:16+00:00","article_modified_time":"2024-01-27T15:29:29+00:00","og_image":[{"width":596,"height":398,"url":"http:\/\/sulsc.com\/wp-content\/uploads\/2024\/01\/PM-de-Sao-Ludgero.jpg","type":"image\/jpeg"}],"author":"Reda\u00e7\u00e3o Sul SC","twitter_card":"summary_large_image","twitter_creator":"@https:\/\/twitter.com\/PortalSulSC","twitter_misc":{"Written by":"Reda\u00e7\u00e3o Sul SC","Est. reading time":"2 minutes"},"schema":{"@context":"https:\/\/schema.org","@graph":[{"@type":"WebPage","@id":"https:\/\/sulsc.com\/index.php\/2024\/01\/27\/traficante-da-biz-do-delivery-e-flagrado-ao-atender-usuario-em-av-de-tb\/","url":"https:\/\/sulsc.com\/index.php\/2024\/01\/27\/traficante-da-biz-do-delivery-e-flagrado-ao-atender-usuario-em-av-de-tb\/","name":"Traficante da Biz do delivery \u00e9 flagrado ao atender usu\u00e1rio em av. de TB -","isPartOf":{"@id":"https:\/\/sulsc.com\/#website"},"datePublished":"2024-01-27T15:27:16+00:00","dateModified":"2024-01-27T15:29:29+00:00","author":{"@id":"https:\/\/sulsc.com\/#\/schema\/person\/84d2fc571684f6248ba83092f07750a3"},"description":"Abordagem ocorreu durante rondas na avenida Expedicion\u00e1rio Jos\u00e9 Pedro Coelho; adolescente de 16 anos foi conduzido \u00e0 delegacia","breadcrumb":{"@id":"https:\/\/sulsc.com\/index.php\/2024\/01\/27\/traficante-da-biz-do-delivery-e-flagrado-ao-atender-usuario-em-av-de-tb\/#breadcrumb"},"inLanguage":"en-US","potentialAction":[{"@type":"ReadAction","target":["https:\/\/sulsc.com\/index.php\/2024\/01\/27\/traficante-da-biz-do-delivery-e-flagrado-ao-atender-usuario-em-av-de-tb\/"]}]},{"@type":"BreadcrumbList","@id":"https:\/\/sulsc.com\/index.php\/2024\/01\/27\/traficante-da-biz-do-delivery-e-flagrado-ao-atender-usuario-em-av-de-tb\/#breadcrumb","itemListElement":[{"@type":"ListItem","position":1,"name":"In\u00edcio","item":"https:\/\/sulsc.com\/"},{"@type":"ListItem","position":2,"name":"Traficante da Biz do delivery \u00e9 flagrado ao atender usu\u00e1rio em av. de TB"}]},{"@type":"WebSite","@id":"https:\/\/sulsc.com\/#website","url":"https:\/\/sulsc.com\/","name":"","description":"","potentialAction":[{"@type":"SearchAction","target":{"@type":"EntryPoint","urlTemplate":"https:\/\/sulsc.com\/?s={search_term_string}"},"query-input":"required name=search_term_string"}],"inLanguage":"en-US"},{"@type":"Person","@id":"https:\/\/sulsc.com\/#\/schema\/person\/84d2fc571684f6248ba83092f07750a3","name":"Reda\u00e7\u00e3o Sul SC","image":{"@type":"ImageObject","inLanguage":"en-US","@id":"https:\/\/sulsc.com\/#\/schema\/person\/image\/e08d7fe2cc4ed596372063bbe852b8d0","url":"https:\/\/sulsc.com\/wp-content\/uploads\/2023\/09\/redacao.png","contentUrl":"https:\/\/sulsc.com\/wp-content\/uploads\/2023\/09\/redacao.png","caption":"Reda\u00e7\u00e3o Sul SC"},"description":"Foco em um jornalismo imparcial, voltado \u00e0 qualidade dos seus conte\u00fados e, assim, levar informa\u00e7\u00e3o de valor que agregue \u00e0 vida dos leitores. Esta \u00e9 grande miss\u00e3o do Portal de Not\u00edcias Sul SC. N\u00e3o \u00e9 quantidade que muda o mundo, sempre foi e seguir\u00e1 sendo qualidade!","sameAs":["https:\/\/sulsc.com\/","https:\/\/www.facebook.com\/profile.php?id=61559278119680","https:\/\/www.instagram.com\/sulscportal\/?hl=pt-br","https:\/\/twitter.com\/https:\/\/twitter.com\/PortalSulSC","https:\/\/www.youtube.com\/channel\/UCv_BE8GeySluDov2n8qhVmw"],"url":"https:\/\/sulsc.com\/index.php\/author\/redacao\/"}]}},"authors":[],"_links":{"self":[{"href":"https:\/\/sulsc.com\/index.php\/wp-json\/wp\/v2\/posts\/7719"}],"collection":[{"href":"https:\/\/sulsc.com\/index.php\/wp-json\/wp\/v2\/posts"}],"about":[{"href":"https:\/\/sulsc.com\/index.php\/wp-json\/wp\/v2\/types\/post"}],"author":[{"embeddable":true,"href":"https:\/\/sulsc.com\/index.php\/wp-json\/wp\/v2\/users\/3"}],"replies":[{"embeddable":true,"href":"https:\/\/sulsc.com\/index.php\/wp-json\/wp\/v2\/comments?post=7719"}],"version-history":[{"count":1,"href":"https:\/\/sulsc.com\/index.php\/wp-json\/wp\/v2\/posts\/7719\/revisions"}],"predecessor-version":[{"id":7721,"href":"https:\/\/sulsc.com\/index.php\/wp-json\/wp\/v2\/posts\/7719\/revisions\/7721"}],"wp:featuredmedia":[{"embeddable":true,"href":"https:\/\/sulsc.com\/index.php\/wp-json\/wp\/v2\/media\/7720"}],"wp:attachment":[{"href":"https:\/\/sulsc.com\/index.php\/wp-json\/wp\/v2\/media?parent=7719"}],"wp:term":[{"taxonomy":"category","embeddable":true,"href":"https:\/\/sulsc.com\/index.php\/wp-json\/wp\/v2\/categories?post=7719"},{"taxonomy":"post_tag","embeddable":true,"href":"https:\/\/sulsc.com\/index.php\/wp-json\/wp\/v2\/tags?post=7719"}],"curies":[{"name":"wp","href":"https:\/\/api.w.org\/{rel}","templated":true}]}}