{"id":7764,"date":"2024-01-28T10:48:35","date_gmt":"2024-01-28T13:48:35","guid":{"rendered":"https:\/\/sulsc.com\/?p=7764"},"modified":"2024-01-28T10:48:35","modified_gmt":"2024-01-28T13:48:35","slug":"banhista-morre-afogado-na-lagoa-do-balneario-de-campo-bom-em-jaguaruna","status":"publish","type":"post","link":"https:\/\/sulsc.com\/index.php\/2024\/01\/28\/banhista-morre-afogado-na-lagoa-do-balneario-de-campo-bom-em-jaguaruna\/","title":{"rendered":"Banhista morre afogado na Lagoa do Balne\u00e1rio de Campo Bom, em Jaguaruna"},"content":{"rendered":"<figure id=\"attachment_7765\" aria-describedby=\"caption-attachment-7765\" style=\"width: 828px\" class=\"wp-caption aligncenter\"><img fetchpriority=\"high\" decoding=\"async\" class=\" wp-image-7765\" src=\"http:\/\/sulsc.com\/wp-content\/uploads\/2024\/01\/2-19.jpg\" alt=\"\" width=\"828\" height=\"702\" \/><figcaption id=\"caption-attachment-7765\" class=\"wp-caption-text\">Foto: BVJ\/Sul SC<\/figcaption><\/figure>\n<p>Mai uma morte por afogamento foi registrada neste ver\u00e3o na regi\u00e3o de <strong>Tubar\u00e3o<\/strong>, desta vez foi em <strong>Jaguaruna<\/strong>, neste s\u00e1bado (27), por volta das 15h20, no Balne\u00e1rio de Campo Bom, na lagoa da comunidade. De acordo com relatos do solicitante, um homem com idade estimada entre 35 e 40 anos mergulhou e, ao ser avistado em dificuldades, populares tentaram desesperadamente resgat\u00e1-lo, mas seus esfor\u00e7os foram em v\u00e3o. O corpo do homem submergiu sem retorno.<\/p>\n<p>O resgate foi conduzido por uma equipe de mergulho dos Bombeiros Volunt\u00e1rios de Jaguaruna (BVJ), que realizou buscas incans\u00e1veis at\u00e9 localizar o corpo e traz\u00ea-lo de volta \u00e0s margens. N\u00e3o havia sinais vitais, e o homem foi declarado morto no local. A Pol\u00edcia Militar foi acionada e prestou apoio durante toda a ocorr\u00eancia, enquanto o Instituto M\u00e9dico-Legal (IML) foi chamado para procedimentos legais.<\/p>\n<p>Uma das dificuldades enfrentadas pelas autoridades foi a falta de documentos com a v\u00edtima, tornando a identifica\u00e7\u00e3o um desafio ainda maior. Ele era conhecido apenas pelo solicitante, o que adicionou um elemento de mist\u00e9rio.<\/p>\n<p><strong>Dicas de seguran\u00e7a e cuidados em lagoas:<\/strong><br \/>\n\u2022 Consci\u00eancia dos limites: Sempre esteja ciente das pr\u00f3prias habilidades de nata\u00e7\u00e3o e evite se aventurar em \u00e1reas desconhecidas ou profundas sem supervis\u00e3o adequada;<\/p>\n<p>\u2022 Aten\u00e7\u00e3o \u00e0s sinaliza\u00e7\u00f5es: Respeite todas as placas e sinaliza\u00e7\u00f5es de seguran\u00e7a colocadas ao redor da lagoa. Elas est\u00e3o l\u00e1 para sua prote\u00e7\u00e3o;<\/p>\n<p>\u2022 Supervis\u00e3o constante: Nunca deixe crian\u00e7as desacompanhadas perto de lagoas, mesmo que saibam nadar. Acidentes podem acontecer rapidamente e sem aviso pr\u00e9vio;<\/p>\n<p>\u2022 Equipamento de seguran\u00e7a: Considere o uso de coletes salva-vidas, especialmente se voc\u00ea n\u00e3o \u00e9 um nadador experiente ou se est\u00e1 em uma \u00e1rea desconhecida;<\/p>\n<p>\u2022 Evite nadar sozinho: Sempre nade com um amigo ou membro da fam\u00edlia, caso algo aconte\u00e7a, ter algu\u00e9m por perto pode salvar vidas.<\/p>\n<p>\u2022 Condi\u00e7\u00f5es meteorol\u00f3gicas: Esteja ciente das condi\u00e7\u00f5es clim\u00e1ticas atuais e evite nadar em \u00e1guas agitadas ou durante tempestades;<\/p>\n<p>\u2022 Evite \u00e1lcool: Nunca nade sob a influ\u00eancia de \u00e1lcool ou drogas. Isso pode prejudicar seu julgamento e habilidades de nata\u00e7\u00e3o, aumentando o risco de afogamento;<\/p>\n<p>\u2022 Aprendizado de primeiros socorros: \u00c9 \u00fatil estar familiarizado com t\u00e9cnicas b\u00e1sicas de primeiros socorros, como reanima\u00e7\u00e3o cardiopulmonar (RCP), caso voc\u00ea se encontre em uma situa\u00e7\u00e3o de emerg\u00eancia.<\/p>\n","protected":false},"excerpt":{"rendered":"<p>Mai uma morte por afogamento foi registrada neste ver\u00e3o na regi\u00e3o de Tubar\u00e3o, desta vez foi em Jaguaruna, neste s\u00e1bado (27), por volta das 15h20, no Balne\u00e1rio de Campo Bom, na lagoa da comunidade. De acordo com relatos do solicitante, um homem com idade estimada entre 35 e 40 anos mergulhou e, ao ser avistado &hellip;<\/p>\n<p class=\"read-more\"> <a class=\"\" href=\"https:\/\/sulsc.com\/index.php\/2024\/01\/28\/banhista-morre-afogado-na-lagoa-do-balneario-de-campo-bom-em-jaguaruna\/\"> <span class=\"screen-reader-text\">Banhista morre afogado na Lagoa do Balne\u00e1rio de Campo Bom, em Jaguaruna<\/span> Read More &raquo;<\/a><\/p>\n","protected":false},"author":3,"featured_media":7765,"comment_status":"open","ping_status":"open","sticky":false,"template":"","format":"standard","meta":{"site-sidebar-layout":"default","site-content-layout":"","ast-site-content-layout":"default","site-content-style":"default","site-sidebar-style":"default","ast-global-header-display":"","ast-banner-title-visibility":"","ast-main-header-display":"","ast-hfb-above-header-display":"","ast-hfb-below-header-display":"","ast-hfb-mobile-header-display":"","site-post-title":"","ast-breadcrumbs-content":"","ast-featured-img":"","footer-sml-layout":"","theme-transparent-header-meta":"default","adv-header-id-meta":"","stick-header-meta":"","header-above-stick-meta":"","header-main-stick-meta":"","header-below-stick-meta":"","astra-migrate-meta-layouts":"set","footnotes":""},"categories":[8],"tags":[499,806,590,151,219],"yoast_head":"<!-- This site is optimized with the Yoast SEO plugin v21.4 - https:\/\/yoast.com\/wordpress\/plugins\/seo\/ -->\n<title>Banhista morre afogado na Lagoa do Balne\u00e1rio de Campo Bom, em Jaguaruna -<\/title>\n<meta name=\"description\" content=\"V\u00edtima n\u00e3o portava documentos e ainda n\u00e3o foi identificada. Corpo foi recolhido ao Instituto M\u00e9dico-Legal (IML) de Tubar\u00e3o\" \/>\n<meta name=\"robots\" content=\"index, follow, max-snippet:-1, max-image-preview:large, max-video-preview:-1\" \/>\n<link rel=\"canonical\" href=\"https:\/\/sulsc.com\/index.php\/2024\/01\/28\/banhista-morre-afogado-na-lagoa-do-balneario-de-campo-bom-em-jaguaruna\/\" \/>\n<meta property=\"og:locale\" content=\"en_US\" \/>\n<meta property=\"og:type\" content=\"article\" \/>\n<meta property=\"og:title\" content=\"Banhista morre afogado na Lagoa do Balne\u00e1rio de Campo Bom, em Jaguaruna -\" \/>\n<meta property=\"og:description\" content=\"V\u00edtima n\u00e3o portava documentos e ainda n\u00e3o foi identificada. Corpo foi recolhido ao Instituto M\u00e9dico-Legal (IML) de Tubar\u00e3o\" \/>\n<meta property=\"og:url\" content=\"https:\/\/sulsc.com\/index.php\/2024\/01\/28\/banhista-morre-afogado-na-lagoa-do-balneario-de-campo-bom-em-jaguaruna\/\" \/>\n<meta property=\"article:author\" content=\"https:\/\/www.facebook.com\/profile.php?id=61559278119680\" \/>\n<meta property=\"article:published_time\" content=\"2024-01-28T13:48:35+00:00\" \/>\n<meta property=\"og:image\" content=\"http:\/\/sulsc.com\/wp-content\/uploads\/2024\/01\/2-19.jpg\" \/>\n\t<meta property=\"og:image:width\" content=\"723\" \/>\n\t<meta property=\"og:image:height\" content=\"649\" \/>\n\t<meta property=\"og:image:type\" content=\"image\/jpeg\" \/>\n<meta name=\"author\" content=\"Reda\u00e7\u00e3o Sul SC\" \/>\n<meta name=\"twitter:card\" content=\"summary_large_image\" \/>\n<meta name=\"twitter:creator\" content=\"@https:\/\/twitter.com\/PortalSulSC\" \/>\n<meta name=\"twitter:label1\" content=\"Written by\" \/>\n\t<meta name=\"twitter:data1\" content=\"Reda\u00e7\u00e3o Sul SC\" \/>\n\t<meta name=\"twitter:label2\" content=\"Est. reading time\" \/>\n\t<meta name=\"twitter:data2\" content=\"3 minutes\" \/>\n<script type=\"application\/ld+json\" class=\"yoast-schema-graph\">{\"@context\":\"https:\/\/schema.org\",\"@graph\":[{\"@type\":\"WebPage\",\"@id\":\"https:\/\/sulsc.com\/index.php\/2024\/01\/28\/banhista-morre-afogado-na-lagoa-do-balneario-de-campo-bom-em-jaguaruna\/\",\"url\":\"https:\/\/sulsc.com\/index.php\/2024\/01\/28\/banhista-morre-afogado-na-lagoa-do-balneario-de-campo-bom-em-jaguaruna\/\",\"name\":\"Banhista morre afogado na Lagoa do Balne\u00e1rio de Campo Bom, em Jaguaruna -\",\"isPartOf\":{\"@id\":\"https:\/\/sulsc.com\/#website\"},\"datePublished\":\"2024-01-28T13:48:35+00:00\",\"dateModified\":\"2024-01-28T13:48:35+00:00\",\"author\":{\"@id\":\"https:\/\/sulsc.com\/#\/schema\/person\/84d2fc571684f6248ba83092f07750a3\"},\"description\":\"V\u00edtima n\u00e3o portava documentos e ainda n\u00e3o foi identificada. Corpo foi recolhido ao Instituto M\u00e9dico-Legal (IML) de Tubar\u00e3o\",\"breadcrumb\":{\"@id\":\"https:\/\/sulsc.com\/index.php\/2024\/01\/28\/banhista-morre-afogado-na-lagoa-do-balneario-de-campo-bom-em-jaguaruna\/#breadcrumb\"},\"inLanguage\":\"en-US\",\"potentialAction\":[{\"@type\":\"ReadAction\",\"target\":[\"https:\/\/sulsc.com\/index.php\/2024\/01\/28\/banhista-morre-afogado-na-lagoa-do-balneario-de-campo-bom-em-jaguaruna\/\"]}]},{\"@type\":\"BreadcrumbList\",\"@id\":\"https:\/\/sulsc.com\/index.php\/2024\/01\/28\/banhista-morre-afogado-na-lagoa-do-balneario-de-campo-bom-em-jaguaruna\/#breadcrumb\",\"itemListElement\":[{\"@type\":\"ListItem\",\"position\":1,\"name\":\"In\u00edcio\",\"item\":\"https:\/\/sulsc.com\/\"},{\"@type\":\"ListItem\",\"position\":2,\"name\":\"Banhista morre afogado na Lagoa do Balne\u00e1rio de Campo Bom, em Jaguaruna\"}]},{\"@type\":\"WebSite\",\"@id\":\"https:\/\/sulsc.com\/#website\",\"url\":\"https:\/\/sulsc.com\/\",\"name\":\"\",\"description\":\"\",\"potentialAction\":[{\"@type\":\"SearchAction\",\"target\":{\"@type\":\"EntryPoint\",\"urlTemplate\":\"https:\/\/sulsc.com\/?s={search_term_string}\"},\"query-input\":\"required name=search_term_string\"}],\"inLanguage\":\"en-US\"},{\"@type\":\"Person\",\"@id\":\"https:\/\/sulsc.com\/#\/schema\/person\/84d2fc571684f6248ba83092f07750a3\",\"name\":\"Reda\u00e7\u00e3o Sul SC\",\"image\":{\"@type\":\"ImageObject\",\"inLanguage\":\"en-US\",\"@id\":\"https:\/\/sulsc.com\/#\/schema\/person\/image\/e08d7fe2cc4ed596372063bbe852b8d0\",\"url\":\"https:\/\/sulsc.com\/wp-content\/uploads\/2023\/09\/redacao.png\",\"contentUrl\":\"https:\/\/sulsc.com\/wp-content\/uploads\/2023\/09\/redacao.png\",\"caption\":\"Reda\u00e7\u00e3o Sul SC\"},\"description\":\"Foco em um jornalismo imparcial, voltado \u00e0 qualidade dos seus conte\u00fados e, assim, levar informa\u00e7\u00e3o de valor que agregue \u00e0 vida dos leitores. Esta \u00e9 grande miss\u00e3o do Portal de Not\u00edcias Sul SC. N\u00e3o \u00e9 quantidade que muda o mundo, sempre foi e seguir\u00e1 sendo qualidade!\",\"sameAs\":[\"https:\/\/sulsc.com\/\",\"https:\/\/www.facebook.com\/profile.php?id=61559278119680\",\"https:\/\/www.instagram.com\/sulscportal\/?hl=pt-br\",\"https:\/\/twitter.com\/https:\/\/twitter.com\/PortalSulSC\",\"https:\/\/www.youtube.com\/channel\/UCv_BE8GeySluDov2n8qhVmw\"],\"url\":\"https:\/\/sulsc.com\/index.php\/author\/redacao\/\"}]}<\/script>\n<!-- \/ Yoast SEO plugin. -->","yoast_head_json":{"title":"Banhista morre afogado na Lagoa do Balne\u00e1rio de Campo Bom, em Jaguaruna -","description":"V\u00edtima n\u00e3o portava documentos e ainda n\u00e3o foi identificada. Corpo foi recolhido ao Instituto M\u00e9dico-Legal (IML) de Tubar\u00e3o","robots":{"index":"index","follow":"follow","max-snippet":"max-snippet:-1","max-image-preview":"max-image-preview:large","max-video-preview":"max-video-preview:-1"},"canonical":"https:\/\/sulsc.com\/index.php\/2024\/01\/28\/banhista-morre-afogado-na-lagoa-do-balneario-de-campo-bom-em-jaguaruna\/","og_locale":"en_US","og_type":"article","og_title":"Banhista morre afogado na Lagoa do Balne\u00e1rio de Campo Bom, em Jaguaruna -","og_description":"V\u00edtima n\u00e3o portava documentos e ainda n\u00e3o foi identificada. Corpo foi recolhido ao Instituto M\u00e9dico-Legal (IML) de Tubar\u00e3o","og_url":"https:\/\/sulsc.com\/index.php\/2024\/01\/28\/banhista-morre-afogado-na-lagoa-do-balneario-de-campo-bom-em-jaguaruna\/","article_author":"https:\/\/www.facebook.com\/profile.php?id=61559278119680","article_published_time":"2024-01-28T13:48:35+00:00","og_image":[{"width":723,"height":649,"url":"http:\/\/sulsc.com\/wp-content\/uploads\/2024\/01\/2-19.jpg","type":"image\/jpeg"}],"author":"Reda\u00e7\u00e3o Sul SC","twitter_card":"summary_large_image","twitter_creator":"@https:\/\/twitter.com\/PortalSulSC","twitter_misc":{"Written by":"Reda\u00e7\u00e3o Sul SC","Est. reading time":"3 minutes"},"schema":{"@context":"https:\/\/schema.org","@graph":[{"@type":"WebPage","@id":"https:\/\/sulsc.com\/index.php\/2024\/01\/28\/banhista-morre-afogado-na-lagoa-do-balneario-de-campo-bom-em-jaguaruna\/","url":"https:\/\/sulsc.com\/index.php\/2024\/01\/28\/banhista-morre-afogado-na-lagoa-do-balneario-de-campo-bom-em-jaguaruna\/","name":"Banhista morre afogado na Lagoa do Balne\u00e1rio de Campo Bom, em Jaguaruna -","isPartOf":{"@id":"https:\/\/sulsc.com\/#website"},"datePublished":"2024-01-28T13:48:35+00:00","dateModified":"2024-01-28T13:48:35+00:00","author":{"@id":"https:\/\/sulsc.com\/#\/schema\/person\/84d2fc571684f6248ba83092f07750a3"},"description":"V\u00edtima n\u00e3o portava documentos e ainda n\u00e3o foi identificada. Corpo foi recolhido ao Instituto M\u00e9dico-Legal (IML) de Tubar\u00e3o","breadcrumb":{"@id":"https:\/\/sulsc.com\/index.php\/2024\/01\/28\/banhista-morre-afogado-na-lagoa-do-balneario-de-campo-bom-em-jaguaruna\/#breadcrumb"},"inLanguage":"en-US","potentialAction":[{"@type":"ReadAction","target":["https:\/\/sulsc.com\/index.php\/2024\/01\/28\/banhista-morre-afogado-na-lagoa-do-balneario-de-campo-bom-em-jaguaruna\/"]}]},{"@type":"BreadcrumbList","@id":"https:\/\/sulsc.com\/index.php\/2024\/01\/28\/banhista-morre-afogado-na-lagoa-do-balneario-de-campo-bom-em-jaguaruna\/#breadcrumb","itemListElement":[{"@type":"ListItem","position":1,"name":"In\u00edcio","item":"https:\/\/sulsc.com\/"},{"@type":"ListItem","position":2,"name":"Banhista morre afogado na Lagoa do Balne\u00e1rio de Campo Bom, em Jaguaruna"}]},{"@type":"WebSite","@id":"https:\/\/sulsc.com\/#website","url":"https:\/\/sulsc.com\/","name":"","description":"","potentialAction":[{"@type":"SearchAction","target":{"@type":"EntryPoint","urlTemplate":"https:\/\/sulsc.com\/?s={search_term_string}"},"query-input":"required name=search_term_string"}],"inLanguage":"en-US"},{"@type":"Person","@id":"https:\/\/sulsc.com\/#\/schema\/person\/84d2fc571684f6248ba83092f07750a3","name":"Reda\u00e7\u00e3o Sul SC","image":{"@type":"ImageObject","inLanguage":"en-US","@id":"https:\/\/sulsc.com\/#\/schema\/person\/image\/e08d7fe2cc4ed596372063bbe852b8d0","url":"https:\/\/sulsc.com\/wp-content\/uploads\/2023\/09\/redacao.png","contentUrl":"https:\/\/sulsc.com\/wp-content\/uploads\/2023\/09\/redacao.png","caption":"Reda\u00e7\u00e3o Sul SC"},"description":"Foco em um jornalismo imparcial, voltado \u00e0 qualidade dos seus conte\u00fados e, assim, levar informa\u00e7\u00e3o de valor que agregue \u00e0 vida dos leitores. Esta \u00e9 grande miss\u00e3o do Portal de Not\u00edcias Sul SC. N\u00e3o \u00e9 quantidade que muda o mundo, sempre foi e seguir\u00e1 sendo qualidade!","sameAs":["https:\/\/sulsc.com\/","https:\/\/www.facebook.com\/profile.php?id=61559278119680","https:\/\/www.instagram.com\/sulscportal\/?hl=pt-br","https:\/\/twitter.com\/https:\/\/twitter.com\/PortalSulSC","https:\/\/www.youtube.com\/channel\/UCv_BE8GeySluDov2n8qhVmw"],"url":"https:\/\/sulsc.com\/index.php\/author\/redacao\/"}]}},"authors":[],"_links":{"self":[{"href":"https:\/\/sulsc.com\/index.php\/wp-json\/wp\/v2\/posts\/7764"}],"collection":[{"href":"https:\/\/sulsc.com\/index.php\/wp-json\/wp\/v2\/posts"}],"about":[{"href":"https:\/\/sulsc.com\/index.php\/wp-json\/wp\/v2\/types\/post"}],"author":[{"embeddable":true,"href":"https:\/\/sulsc.com\/index.php\/wp-json\/wp\/v2\/users\/3"}],"replies":[{"embeddable":true,"href":"https:\/\/sulsc.com\/index.php\/wp-json\/wp\/v2\/comments?post=7764"}],"version-history":[{"count":1,"href":"https:\/\/sulsc.com\/index.php\/wp-json\/wp\/v2\/posts\/7764\/revisions"}],"predecessor-version":[{"id":7766,"href":"https:\/\/sulsc.com\/index.php\/wp-json\/wp\/v2\/posts\/7764\/revisions\/7766"}],"wp:featuredmedia":[{"embeddable":true,"href":"https:\/\/sulsc.com\/index.php\/wp-json\/wp\/v2\/media\/7765"}],"wp:attachment":[{"href":"https:\/\/sulsc.com\/index.php\/wp-json\/wp\/v2\/media?parent=7764"}],"wp:term":[{"taxonomy":"category","embeddable":true,"href":"https:\/\/sulsc.com\/index.php\/wp-json\/wp\/v2\/categories?post=7764"},{"taxonomy":"post_tag","embeddable":true,"href":"https:\/\/sulsc.com\/index.php\/wp-json\/wp\/v2\/tags?post=7764"}],"curies":[{"name":"wp","href":"https:\/\/api.w.org\/{rel}","templated":true}]}}