{"id":7768,"date":"2024-01-28T12:18:26","date_gmt":"2024-01-28T15:18:26","guid":{"rendered":"https:\/\/sulsc.com\/?p=7768"},"modified":"2024-01-28T12:18:26","modified_gmt":"2024-01-28T15:18:26","slug":"artigo-laguna-e-seu-lixo-para-debaixo-do-tapete-descaso-publico-afeta-diversos-setores-e-desafia-cidadaos","status":"publish","type":"post","link":"https:\/\/sulsc.com\/index.php\/2024\/01\/28\/artigo-laguna-e-seu-lixo-para-debaixo-do-tapete-descaso-publico-afeta-diversos-setores-e-desafia-cidadaos\/","title":{"rendered":"ARTIGO: Laguna e seu lixo para debaixo do tapete: Descaso p\u00fablico afeta diversos setores e desafia cidad\u00e3os"},"content":{"rendered":"<p><img fetchpriority=\"high\" decoding=\"async\" class=\"aligncenter size-full wp-image-7771\" src=\"http:\/\/sulsc.com\/wp-content\/uploads\/2024\/01\/Lixo-1-scaled.jpg\" alt=\"\" width=\"2560\" height=\"1775\" srcset=\"https:\/\/sulsc.com\/wp-content\/uploads\/2024\/01\/Lixo-1-scaled.jpg 2560w, https:\/\/sulsc.com\/wp-content\/uploads\/2024\/01\/Lixo-1-300x208.jpg 300w, https:\/\/sulsc.com\/wp-content\/uploads\/2024\/01\/Lixo-1-1024x710.jpg 1024w, https:\/\/sulsc.com\/wp-content\/uploads\/2024\/01\/Lixo-1-768x532.jpg 768w, https:\/\/sulsc.com\/wp-content\/uploads\/2024\/01\/Lixo-1-1536x1065.jpg 1536w, https:\/\/sulsc.com\/wp-content\/uploads\/2024\/01\/Lixo-1-2048x1420.jpg 2048w\" sizes=\"(max-width: 2560px) 100vw, 2560px\" \/><\/p>\n<p>Enquanto <strong>Laguna<\/strong> brilha com a energia pr\u00e9-Carnaval em seu Centro Hist\u00f3rico, com uma multid\u00e3o de turistas e moradores locais enchendo os restaurantes e bares, h\u00e1 uma sombra crescente que paira sobre a cidade: o descaso do poder p\u00fablico em diversos setores vitais. O espet\u00e1culo, infelizmente, \u00e9 manchado pelo desleixo evidente, que vai muito al\u00e9m do lixo espalhado pelas ruas.<\/p>\n<p>O que deveria ser uma celebra\u00e7\u00e3o vibrante \u00e9, na verdade, um lembrete doloroso da falha da administra\u00e7\u00e3o municipal em garantir o m\u00ednimo de infraestrutura para seus cidad\u00e3os e visitantes. Os problemas se estendem por uma s\u00e9rie de \u00e1reas cruciais, incluindo transporte p\u00fablico, merenda escolar, sa\u00fade p\u00fablica, educa\u00e7\u00e3o e assist\u00eancia aos idosos.<\/p>\n<p>O transporte p\u00fablico em Laguna \u00e9 um dos principais pontos de preocupa\u00e7\u00e3o. Os cidad\u00e3os enfrentam rotineiramente atrasos, ve\u00edculos ultrapassados e uma rede insuficiente de rotas, o que dificulta o acesso a servi\u00e7os essenciais e oportunidades de emprego, al\u00e9m da inconsist\u00eancia sobre se o servi\u00e7o continuar\u00e1 ou n\u00e3o, devido aos frequentes atrasos no pagamento por parte da prefeitura \u00e0 empresa Lagunatur. Esta situa\u00e7\u00e3o n\u00e3o apenas impacta a mobilidade, mas tamb\u00e9m afeta diretamente a economia local e a qualidade de vida dos residentes.<\/p>\n<p>A quest\u00e3o da merenda escolar \u00e9 igualmente alarmante. Em muitas escolas, os estudantes s\u00e3o confrontados com refei\u00e7\u00f5es inadequadas em termos de quantidade e qualidade, o que compromete n\u00e3o apenas sua nutri\u00e7\u00e3o, mas tamb\u00e9m seu desempenho acad\u00eamico e bem-estar geral. Este fato foi muito comum em 2023 e foi pauta de reportagens especiais do Sul, assim como \u00e9 objeto de investiga\u00e7\u00e3o por \u00f3rg\u00e3os fiscalizat\u00f3rios do Estado e da Uni\u00e3o. Esta \u00e9 uma falha grave do sistema educacional que clama por uma a\u00e7\u00e3o imediata por parte das autoridades competentes.<\/p>\n<p>A crise na sa\u00fade p\u00fablica \u00e9 outro fator preocupante. Os hospitais e postos de Laguna sofrem com a falta de recursos, pessoal insuficiente e longas filas de espera por atendimento m\u00e9dico. Algumas unidades est\u00e3o inclusive sem \u00e1gua nas torneiras e apresentam umidade e mofo em alguns banheiros, al\u00e9m do mato alto e dos acessos esburacados que os cidad\u00e3os precisam enfrentar para buscar os servi\u00e7os pelos quais pagam impostos e n\u00e3o recebem o retorno devido. Os residentes muitas vezes enfrentam dificuldades para acessar cuidados b\u00e1sicos de sa\u00fade, o que pode levar a consequ\u00eancias graves e afetar diretamente seu bem-estar individual.<\/p>\n<p>Al\u00e9m disso, as escolas da regi\u00e3o enfrentam problemas estruturais, incluindo falta de manuten\u00e7\u00e3o, falta de recursos educacionais adequados e uma s\u00e9rie de outros problemas. Isso compromete seriamente a qualidade da educa\u00e7\u00e3o oferecida \u00e0s crian\u00e7as e adolescentes de Laguna, prejudicando suas perspectivas futuras.<\/p>\n<p>A falta de pagamento a fornecedores e ao asilo dos idosos \u00e9 mais uma prova do descaso do poder p\u00fablico em rela\u00e7\u00e3o aos mais vulner\u00e1veis da comunidade. As institui\u00e7\u00f5es que prestam servi\u00e7os essenciais est\u00e3o lutando para sobreviver devido \u00e0 car\u00eancia de apoio financeiro, colocando em risco o bem-estar dos idosos e a qualidade dos servi\u00e7os prestados.<\/p>\n<p>O problema do <strong>lixo<\/strong> espalhado pela cidade, muito evidenciado neste s\u00e1bado (27) e domingo (28), e a falta de recolhimento nos fins de semana servem como um s\u00edmbolo vis\u00edvel do fracasso do governo local em garantir um ambiente limpo e seguro para seus cidad\u00e3os. Como contra fatos n\u00e3o h\u00e1 argumentos, j\u00e1 que tudo o que foi explicitado aqui, o <strong>Sul SC<\/strong> e este jornalista t\u00eam documentos comprobat\u00f3rios levantados nos \u00faltimos seis meses (fotos, v\u00eddeos, of\u00edcios, memorandos, entrevistas gravadas, c\u00f3pia de CPI e de processos jur\u00eddicos, etc.), resta a Laguna, para este fim de gest\u00e3o, apenas esperar uma pr\u00f3xima e torcer para que os novos mandat\u00e1rios hajam, como um pol\u00edtico famoso do Brasil costuma dizer: &#8220;Dentro das quatro linhas da constitui\u00e7\u00e3o e com atitudes morais e \u00e9ticas&#8221;.<\/p>\n<p>Enquanto a popula\u00e7\u00e3o e os turistas se deleitam com as festividades nesta \u00e9poca do ano, \u00e9 importante lembrar que h\u00e1 quest\u00f5es urgentes que exigem aten\u00e7\u00e3o imediata e a\u00e7\u00e3o por parte das autoridades municipais. E os \u00fanicos que podem e devem seguir as cobran\u00e7as, como j\u00e1 o fazem, s\u00e3o os cidad\u00e3os, que parecem ser a autoridade mais confi\u00e1vel hoje no terceiro munic\u00edpio mais populoso da Amurel, o mais antigo da regi\u00e3o e tamb\u00e9m o que mais recebe turistas em todo o Sul catarinense, com uma m\u00e9dia de cerca de meio milh\u00e3o por ano.<\/p>\n<p>&#8220;Em meio a essa crise de governan\u00e7a, os cidad\u00e3os de Laguna est\u00e3o clamando por mudan\u00e7as. A promessa de candidatos pol\u00edticos emergindo com discursos de &#8216;pol\u00edtica do bem&#8217; ou &#8216;pol\u00edtica camale\u00e3o&#8217; oferece alguma esperan\u00e7a de uma nova dire\u00e7\u00e3o, mas h\u00e1 um ceticismo crescente em rela\u00e7\u00e3o \u00e0 capacidade desses l\u00edderes em realmente fazer a diferen\u00e7a&#8221;, alerta um empres\u00e1rio lagunense.<\/p>\n<p>Enquanto isso, a popula\u00e7\u00e3o de Laguna continua a lutar, n\u00e3o apenas para celebrar seu patrim\u00f4nio cultural e hist\u00f3rico, mas tamb\u00e9m para garantir condi\u00e7\u00f5es b\u00e1sicas de vida digna. O desafio \u00e9 grande, mas a determina\u00e7\u00e3o e a resili\u00eancia dos cidad\u00e3os sugerem que h\u00e1 esperan\u00e7a para um futuro melhor, desde que haja uma resposta eficaz por parte das autoridades e um compromisso renovado com o bem-estar da comunidade.<\/p>\n","protected":false},"excerpt":{"rendered":"<p>Enquanto Laguna brilha com a energia pr\u00e9-Carnaval em seu Centro Hist\u00f3rico, com uma multid\u00e3o de turistas e moradores locais enchendo os restaurantes e bares, h\u00e1 uma sombra crescente que paira sobre a cidade: o descaso do poder p\u00fablico em diversos setores vitais. O espet\u00e1culo, infelizmente, \u00e9 manchado pelo desleixo evidente, que vai muito al\u00e9m do &hellip;<\/p>\n<p class=\"read-more\"> <a class=\"\" href=\"https:\/\/sulsc.com\/index.php\/2024\/01\/28\/artigo-laguna-e-seu-lixo-para-debaixo-do-tapete-descaso-publico-afeta-diversos-setores-e-desafia-cidadaos\/\"> <span class=\"screen-reader-text\">ARTIGO: Laguna e seu lixo para debaixo do tapete: Descaso p\u00fablico afeta diversos setores e desafia cidad\u00e3os<\/span> Read More &raquo;<\/a><\/p>\n","protected":false},"author":3,"featured_media":7771,"comment_status":"open","ping_status":"open","sticky":false,"template":"","format":"standard","meta":{"site-sidebar-layout":"default","site-content-layout":"","ast-site-content-layout":"default","site-content-style":"default","site-sidebar-style":"default","ast-global-header-display":"","ast-banner-title-visibility":"","ast-main-header-display":"","ast-hfb-above-header-display":"","ast-hfb-below-header-display":"","ast-hfb-mobile-header-display":"","site-post-title":"","ast-breadcrumbs-content":"","ast-featured-img":"","footer-sml-layout":"","theme-transparent-header-meta":"default","adv-header-id-meta":"","stick-header-meta":"","header-above-stick-meta":"","header-main-stick-meta":"","header-below-stick-meta":"","astra-migrate-meta-layouts":"set","footnotes":""},"categories":[694],"tags":[271,983,357,65,579,984,603],"yoast_head":"<!-- This site is optimized with the Yoast SEO plugin v21.4 - https:\/\/yoast.com\/wordpress\/plugins\/seo\/ -->\n<title>ARTIGO: Laguna e seu lixo para debaixo do tapete: Descaso p\u00fablico afeta diversos setores e desafia cidad\u00e3os -<\/title>\n<meta name=\"description\" content=\"O problema do lixo espalhado pela cidade, muito evidenciado neste s\u00e1bado (27) e domingo (28), e a falta de recolhimento nos fins de semana servem como um s\u00edmbolo vis\u00edvel do fracasso do governo local em garantir um ambiente limpo e seguro para seus cidad\u00e3os.\" \/>\n<meta name=\"robots\" content=\"index, follow, max-snippet:-1, max-image-preview:large, max-video-preview:-1\" \/>\n<link rel=\"canonical\" href=\"https:\/\/sulsc.com\/index.php\/2024\/01\/28\/artigo-laguna-e-seu-lixo-para-debaixo-do-tapete-descaso-publico-afeta-diversos-setores-e-desafia-cidadaos\/\" \/>\n<meta property=\"og:locale\" content=\"en_US\" \/>\n<meta property=\"og:type\" content=\"article\" \/>\n<meta property=\"og:title\" content=\"ARTIGO: Laguna e seu lixo para debaixo do tapete: Descaso p\u00fablico afeta diversos setores e desafia cidad\u00e3os -\" \/>\n<meta property=\"og:description\" content=\"O problema do lixo espalhado pela cidade, muito evidenciado neste s\u00e1bado (27) e domingo (28), e a falta de recolhimento nos fins de semana servem como um s\u00edmbolo vis\u00edvel do fracasso do governo local em garantir um ambiente limpo e seguro para seus cidad\u00e3os.\" \/>\n<meta property=\"og:url\" content=\"https:\/\/sulsc.com\/index.php\/2024\/01\/28\/artigo-laguna-e-seu-lixo-para-debaixo-do-tapete-descaso-publico-afeta-diversos-setores-e-desafia-cidadaos\/\" \/>\n<meta property=\"article:author\" content=\"https:\/\/www.facebook.com\/profile.php?id=61559278119680\" \/>\n<meta property=\"article:published_time\" content=\"2024-01-28T15:18:26+00:00\" \/>\n<meta property=\"og:image\" content=\"http:\/\/sulsc.com\/wp-content\/uploads\/2024\/01\/Lixo-1-scaled.jpg\" \/>\n\t<meta property=\"og:image:width\" content=\"2560\" \/>\n\t<meta property=\"og:image:height\" content=\"1775\" \/>\n\t<meta property=\"og:image:type\" content=\"image\/jpeg\" \/>\n<meta name=\"author\" content=\"Reda\u00e7\u00e3o Sul SC\" \/>\n<meta name=\"twitter:card\" content=\"summary_large_image\" \/>\n<meta name=\"twitter:creator\" content=\"@https:\/\/twitter.com\/PortalSulSC\" \/>\n<meta name=\"twitter:label1\" content=\"Written by\" \/>\n\t<meta name=\"twitter:data1\" content=\"Reda\u00e7\u00e3o Sul SC\" \/>\n\t<meta name=\"twitter:label2\" content=\"Est. reading time\" \/>\n\t<meta name=\"twitter:data2\" content=\"5 minutes\" \/>\n<script type=\"application\/ld+json\" class=\"yoast-schema-graph\">{\"@context\":\"https:\/\/schema.org\",\"@graph\":[{\"@type\":\"WebPage\",\"@id\":\"https:\/\/sulsc.com\/index.php\/2024\/01\/28\/artigo-laguna-e-seu-lixo-para-debaixo-do-tapete-descaso-publico-afeta-diversos-setores-e-desafia-cidadaos\/\",\"url\":\"https:\/\/sulsc.com\/index.php\/2024\/01\/28\/artigo-laguna-e-seu-lixo-para-debaixo-do-tapete-descaso-publico-afeta-diversos-setores-e-desafia-cidadaos\/\",\"name\":\"ARTIGO: Laguna e seu lixo para debaixo do tapete: Descaso p\u00fablico afeta diversos setores e desafia cidad\u00e3os -\",\"isPartOf\":{\"@id\":\"https:\/\/sulsc.com\/#website\"},\"datePublished\":\"2024-01-28T15:18:26+00:00\",\"dateModified\":\"2024-01-28T15:18:26+00:00\",\"author\":{\"@id\":\"https:\/\/sulsc.com\/#\/schema\/person\/84d2fc571684f6248ba83092f07750a3\"},\"description\":\"O problema do lixo espalhado pela cidade, muito evidenciado neste s\u00e1bado (27) e domingo (28), e a falta de recolhimento nos fins de semana servem como um s\u00edmbolo vis\u00edvel do fracasso do governo local em garantir um ambiente limpo e seguro para seus cidad\u00e3os.\",\"breadcrumb\":{\"@id\":\"https:\/\/sulsc.com\/index.php\/2024\/01\/28\/artigo-laguna-e-seu-lixo-para-debaixo-do-tapete-descaso-publico-afeta-diversos-setores-e-desafia-cidadaos\/#breadcrumb\"},\"inLanguage\":\"en-US\",\"potentialAction\":[{\"@type\":\"ReadAction\",\"target\":[\"https:\/\/sulsc.com\/index.php\/2024\/01\/28\/artigo-laguna-e-seu-lixo-para-debaixo-do-tapete-descaso-publico-afeta-diversos-setores-e-desafia-cidadaos\/\"]}]},{\"@type\":\"BreadcrumbList\",\"@id\":\"https:\/\/sulsc.com\/index.php\/2024\/01\/28\/artigo-laguna-e-seu-lixo-para-debaixo-do-tapete-descaso-publico-afeta-diversos-setores-e-desafia-cidadaos\/#breadcrumb\",\"itemListElement\":[{\"@type\":\"ListItem\",\"position\":1,\"name\":\"In\u00edcio\",\"item\":\"https:\/\/sulsc.com\/\"},{\"@type\":\"ListItem\",\"position\":2,\"name\":\"ARTIGO: Laguna e seu lixo para debaixo do tapete: Descaso p\u00fablico afeta diversos setores e desafia cidad\u00e3os\"}]},{\"@type\":\"WebSite\",\"@id\":\"https:\/\/sulsc.com\/#website\",\"url\":\"https:\/\/sulsc.com\/\",\"name\":\"\",\"description\":\"\",\"potentialAction\":[{\"@type\":\"SearchAction\",\"target\":{\"@type\":\"EntryPoint\",\"urlTemplate\":\"https:\/\/sulsc.com\/?s={search_term_string}\"},\"query-input\":\"required name=search_term_string\"}],\"inLanguage\":\"en-US\"},{\"@type\":\"Person\",\"@id\":\"https:\/\/sulsc.com\/#\/schema\/person\/84d2fc571684f6248ba83092f07750a3\",\"name\":\"Reda\u00e7\u00e3o Sul SC\",\"image\":{\"@type\":\"ImageObject\",\"inLanguage\":\"en-US\",\"@id\":\"https:\/\/sulsc.com\/#\/schema\/person\/image\/e08d7fe2cc4ed596372063bbe852b8d0\",\"url\":\"https:\/\/sulsc.com\/wp-content\/uploads\/2023\/09\/redacao.png\",\"contentUrl\":\"https:\/\/sulsc.com\/wp-content\/uploads\/2023\/09\/redacao.png\",\"caption\":\"Reda\u00e7\u00e3o Sul SC\"},\"description\":\"Foco em um jornalismo imparcial, voltado \u00e0 qualidade dos seus conte\u00fados e, assim, levar informa\u00e7\u00e3o de valor que agregue \u00e0 vida dos leitores. Esta \u00e9 grande miss\u00e3o do Portal de Not\u00edcias Sul SC. N\u00e3o \u00e9 quantidade que muda o mundo, sempre foi e seguir\u00e1 sendo qualidade!\",\"sameAs\":[\"https:\/\/sulsc.com\/\",\"https:\/\/www.facebook.com\/profile.php?id=61559278119680\",\"https:\/\/www.instagram.com\/sulscportal\/?hl=pt-br\",\"https:\/\/twitter.com\/https:\/\/twitter.com\/PortalSulSC\",\"https:\/\/www.youtube.com\/channel\/UCv_BE8GeySluDov2n8qhVmw\"],\"url\":\"https:\/\/sulsc.com\/index.php\/author\/redacao\/\"}]}<\/script>\n<!-- \/ Yoast SEO plugin. -->","yoast_head_json":{"title":"ARTIGO: Laguna e seu lixo para debaixo do tapete: Descaso p\u00fablico afeta diversos setores e desafia cidad\u00e3os -","description":"O problema do lixo espalhado pela cidade, muito evidenciado neste s\u00e1bado (27) e domingo (28), e a falta de recolhimento nos fins de semana servem como um s\u00edmbolo vis\u00edvel do fracasso do governo local em garantir um ambiente limpo e seguro para seus cidad\u00e3os.","robots":{"index":"index","follow":"follow","max-snippet":"max-snippet:-1","max-image-preview":"max-image-preview:large","max-video-preview":"max-video-preview:-1"},"canonical":"https:\/\/sulsc.com\/index.php\/2024\/01\/28\/artigo-laguna-e-seu-lixo-para-debaixo-do-tapete-descaso-publico-afeta-diversos-setores-e-desafia-cidadaos\/","og_locale":"en_US","og_type":"article","og_title":"ARTIGO: Laguna e seu lixo para debaixo do tapete: Descaso p\u00fablico afeta diversos setores e desafia cidad\u00e3os -","og_description":"O problema do lixo espalhado pela cidade, muito evidenciado neste s\u00e1bado (27) e domingo (28), e a falta de recolhimento nos fins de semana servem como um s\u00edmbolo vis\u00edvel do fracasso do governo local em garantir um ambiente limpo e seguro para seus cidad\u00e3os.","og_url":"https:\/\/sulsc.com\/index.php\/2024\/01\/28\/artigo-laguna-e-seu-lixo-para-debaixo-do-tapete-descaso-publico-afeta-diversos-setores-e-desafia-cidadaos\/","article_author":"https:\/\/www.facebook.com\/profile.php?id=61559278119680","article_published_time":"2024-01-28T15:18:26+00:00","og_image":[{"width":2560,"height":1775,"url":"http:\/\/sulsc.com\/wp-content\/uploads\/2024\/01\/Lixo-1-scaled.jpg","type":"image\/jpeg"}],"author":"Reda\u00e7\u00e3o Sul SC","twitter_card":"summary_large_image","twitter_creator":"@https:\/\/twitter.com\/PortalSulSC","twitter_misc":{"Written by":"Reda\u00e7\u00e3o Sul SC","Est. reading time":"5 minutes"},"schema":{"@context":"https:\/\/schema.org","@graph":[{"@type":"WebPage","@id":"https:\/\/sulsc.com\/index.php\/2024\/01\/28\/artigo-laguna-e-seu-lixo-para-debaixo-do-tapete-descaso-publico-afeta-diversos-setores-e-desafia-cidadaos\/","url":"https:\/\/sulsc.com\/index.php\/2024\/01\/28\/artigo-laguna-e-seu-lixo-para-debaixo-do-tapete-descaso-publico-afeta-diversos-setores-e-desafia-cidadaos\/","name":"ARTIGO: Laguna e seu lixo para debaixo do tapete: Descaso p\u00fablico afeta diversos setores e desafia cidad\u00e3os -","isPartOf":{"@id":"https:\/\/sulsc.com\/#website"},"datePublished":"2024-01-28T15:18:26+00:00","dateModified":"2024-01-28T15:18:26+00:00","author":{"@id":"https:\/\/sulsc.com\/#\/schema\/person\/84d2fc571684f6248ba83092f07750a3"},"description":"O problema do lixo espalhado pela cidade, muito evidenciado neste s\u00e1bado (27) e domingo (28), e a falta de recolhimento nos fins de semana servem como um s\u00edmbolo vis\u00edvel do fracasso do governo local em garantir um ambiente limpo e seguro para seus cidad\u00e3os.","breadcrumb":{"@id":"https:\/\/sulsc.com\/index.php\/2024\/01\/28\/artigo-laguna-e-seu-lixo-para-debaixo-do-tapete-descaso-publico-afeta-diversos-setores-e-desafia-cidadaos\/#breadcrumb"},"inLanguage":"en-US","potentialAction":[{"@type":"ReadAction","target":["https:\/\/sulsc.com\/index.php\/2024\/01\/28\/artigo-laguna-e-seu-lixo-para-debaixo-do-tapete-descaso-publico-afeta-diversos-setores-e-desafia-cidadaos\/"]}]},{"@type":"BreadcrumbList","@id":"https:\/\/sulsc.com\/index.php\/2024\/01\/28\/artigo-laguna-e-seu-lixo-para-debaixo-do-tapete-descaso-publico-afeta-diversos-setores-e-desafia-cidadaos\/#breadcrumb","itemListElement":[{"@type":"ListItem","position":1,"name":"In\u00edcio","item":"https:\/\/sulsc.com\/"},{"@type":"ListItem","position":2,"name":"ARTIGO: Laguna e seu lixo para debaixo do tapete: Descaso p\u00fablico afeta diversos setores e desafia cidad\u00e3os"}]},{"@type":"WebSite","@id":"https:\/\/sulsc.com\/#website","url":"https:\/\/sulsc.com\/","name":"","description":"","potentialAction":[{"@type":"SearchAction","target":{"@type":"EntryPoint","urlTemplate":"https:\/\/sulsc.com\/?s={search_term_string}"},"query-input":"required name=search_term_string"}],"inLanguage":"en-US"},{"@type":"Person","@id":"https:\/\/sulsc.com\/#\/schema\/person\/84d2fc571684f6248ba83092f07750a3","name":"Reda\u00e7\u00e3o Sul SC","image":{"@type":"ImageObject","inLanguage":"en-US","@id":"https:\/\/sulsc.com\/#\/schema\/person\/image\/e08d7fe2cc4ed596372063bbe852b8d0","url":"https:\/\/sulsc.com\/wp-content\/uploads\/2023\/09\/redacao.png","contentUrl":"https:\/\/sulsc.com\/wp-content\/uploads\/2023\/09\/redacao.png","caption":"Reda\u00e7\u00e3o Sul SC"},"description":"Foco em um jornalismo imparcial, voltado \u00e0 qualidade dos seus conte\u00fados e, assim, levar informa\u00e7\u00e3o de valor que agregue \u00e0 vida dos leitores. Esta \u00e9 grande miss\u00e3o do Portal de Not\u00edcias Sul SC. N\u00e3o \u00e9 quantidade que muda o mundo, sempre foi e seguir\u00e1 sendo qualidade!","sameAs":["https:\/\/sulsc.com\/","https:\/\/www.facebook.com\/profile.php?id=61559278119680","https:\/\/www.instagram.com\/sulscportal\/?hl=pt-br","https:\/\/twitter.com\/https:\/\/twitter.com\/PortalSulSC","https:\/\/www.youtube.com\/channel\/UCv_BE8GeySluDov2n8qhVmw"],"url":"https:\/\/sulsc.com\/index.php\/author\/redacao\/"}]}},"authors":[],"_links":{"self":[{"href":"https:\/\/sulsc.com\/index.php\/wp-json\/wp\/v2\/posts\/7768"}],"collection":[{"href":"https:\/\/sulsc.com\/index.php\/wp-json\/wp\/v2\/posts"}],"about":[{"href":"https:\/\/sulsc.com\/index.php\/wp-json\/wp\/v2\/types\/post"}],"author":[{"embeddable":true,"href":"https:\/\/sulsc.com\/index.php\/wp-json\/wp\/v2\/users\/3"}],"replies":[{"embeddable":true,"href":"https:\/\/sulsc.com\/index.php\/wp-json\/wp\/v2\/comments?post=7768"}],"version-history":[{"count":1,"href":"https:\/\/sulsc.com\/index.php\/wp-json\/wp\/v2\/posts\/7768\/revisions"}],"predecessor-version":[{"id":7772,"href":"https:\/\/sulsc.com\/index.php\/wp-json\/wp\/v2\/posts\/7768\/revisions\/7772"}],"wp:featuredmedia":[{"embeddable":true,"href":"https:\/\/sulsc.com\/index.php\/wp-json\/wp\/v2\/media\/7771"}],"wp:attachment":[{"href":"https:\/\/sulsc.com\/index.php\/wp-json\/wp\/v2\/media?parent=7768"}],"wp:term":[{"taxonomy":"category","embeddable":true,"href":"https:\/\/sulsc.com\/index.php\/wp-json\/wp\/v2\/categories?post=7768"},{"taxonomy":"post_tag","embeddable":true,"href":"https:\/\/sulsc.com\/index.php\/wp-json\/wp\/v2\/tags?post=7768"}],"curies":[{"name":"wp","href":"https:\/\/api.w.org\/{rel}","templated":true}]}}