{"id":7833,"date":"2024-01-29T14:08:13","date_gmt":"2024-01-29T17:08:13","guid":{"rendered":"https:\/\/sulsc.com\/?p=7833"},"modified":"2024-01-29T14:08:13","modified_gmt":"2024-01-29T17:08:13","slug":"camarao-e-peixes-podres-frigorifico-clandestino-e-fechado-em-imarui","status":"publish","type":"post","link":"https:\/\/sulsc.com\/index.php\/2024\/01\/29\/camarao-e-peixes-podres-frigorifico-clandestino-e-fechado-em-imarui\/","title":{"rendered":"Camar\u00e3o e peixes podres! Frigor\u00edfico clandestino \u00e9 fechado em Imaru\u00ed"},"content":{"rendered":"<figure id=\"attachment_7834\" aria-describedby=\"caption-attachment-7834\" style=\"width: 2560px\" class=\"wp-caption aligncenter\"><img fetchpriority=\"high\" decoding=\"async\" class=\"size-full wp-image-7834\" src=\"http:\/\/sulsc.com\/wp-content\/uploads\/2024\/01\/Imarui-scaled.jpg\" alt=\"\" width=\"2560\" height=\"1713\" srcset=\"https:\/\/sulsc.com\/wp-content\/uploads\/2024\/01\/Imarui-scaled.jpg 2560w, https:\/\/sulsc.com\/wp-content\/uploads\/2024\/01\/Imarui-300x201.jpg 300w, https:\/\/sulsc.com\/wp-content\/uploads\/2024\/01\/Imarui-1024x685.jpg 1024w, https:\/\/sulsc.com\/wp-content\/uploads\/2024\/01\/Imarui-768x514.jpg 768w, https:\/\/sulsc.com\/wp-content\/uploads\/2024\/01\/Imarui-1536x1028.jpg 1536w, https:\/\/sulsc.com\/wp-content\/uploads\/2024\/01\/Imarui-2048x1370.jpg 2048w\" sizes=\"(max-width: 2560px) 100vw, 2560px\" \/><figcaption id=\"caption-attachment-7834\" class=\"wp-caption-text\">Fotos: Pol\u00edcia Civil\/Sul SC<\/figcaption><\/figure>\n<p>Um grande opera\u00e7\u00e3o das for\u00e7as de seguran\u00e7a da regi\u00e3o e de equipes de fiscaliza\u00e7\u00e3o do Estado resultou no fechamento de um frigor\u00edfico clandestino em <strong>Imaru\u00ed<\/strong>. O que deveria ser apenas mais um dia rotineiro revelou-se como um cen\u00e1rio chocante de descaso e corrup\u00e7\u00e3o, quando uma opera\u00e7\u00e3o conjunta envolvendo a Pol\u00edcia Civil, Pol\u00edcia Militar Ambiental, fiscais da Companhia Integrada de Desenvolvimento Agr\u00edcola de Santa Catarina (Cidasc) e da Vigil\u00e2ncia Sanit\u00e1ria Municipal, na \u00faltima semana, convergiu para desmascarar um verdadeiro antro de ilegalidades: um frigor\u00edfico totalmente ilegal funcionando no cora\u00e7\u00e3o do per\u00edmetro urbano do munic\u00edpio.<\/p>\n<p>Os fiscais testemunharam o horror que se escondia por tr\u00e1s das paredes daquele local: um ex\u00e9rcito de moscas mortas, que pairavam sobre montanhas de pescados podres. Seis toneladas de camar\u00e3o e peixe, visivelmente impr\u00f3prias para o consumo humano, foram apreendidas. Enquanto os fiscais vasculhavam as entranhas do estabelecimento, depararam-se com um cen\u00e1rio dantesco: dejetos humanos descartados sem pudor, fluindo diretamente para a rede fluvial.<\/p>\n<p>Foram recolhidos diversos documentos adulterados, computadores, impressoras &#8211; todos utilizados em uma s\u00e1dica coreografia de falsifica\u00e7\u00e3o e adultera\u00e7\u00e3o dos r\u00f3tulos dos produtos, colocando em risco n\u00e3o apenas a sa\u00fade dos consumidores, mas tamb\u00e9m a integridade do mercado e o meio ambiente. &#8220;Situa\u00e7\u00e3o sanit\u00e1ria e de higiene deplor\u00e1veis!&#8221;, denunciaram os policiais que lideraram a opera\u00e7\u00e3o. Foi instaurado inqu\u00e9rito policial para investigar a fundo a situa\u00e7\u00e3o e os nomes de todos os respons\u00e1veis, incluindo atravessadores.<\/p>\n","protected":false},"excerpt":{"rendered":"<p>Um grande opera\u00e7\u00e3o das for\u00e7as de seguran\u00e7a da regi\u00e3o e de equipes de fiscaliza\u00e7\u00e3o do Estado resultou no fechamento de um frigor\u00edfico clandestino em Imaru\u00ed. O que deveria ser apenas mais um dia rotineiro revelou-se como um cen\u00e1rio chocante de descaso e corrup\u00e7\u00e3o, quando uma opera\u00e7\u00e3o conjunta envolvendo a Pol\u00edcia Civil, Pol\u00edcia Militar Ambiental, fiscais &hellip;<\/p>\n<p class=\"read-more\"> <a class=\"\" href=\"https:\/\/sulsc.com\/index.php\/2024\/01\/29\/camarao-e-peixes-podres-frigorifico-clandestino-e-fechado-em-imarui\/\"> <span class=\"screen-reader-text\">Camar\u00e3o e peixes podres! Frigor\u00edfico clandestino \u00e9 fechado em Imaru\u00ed<\/span> Read More &raquo;<\/a><\/p>\n","protected":false},"author":3,"featured_media":7834,"comment_status":"open","ping_status":"open","sticky":false,"template":"","format":"standard","meta":{"site-sidebar-layout":"default","site-content-layout":"","ast-site-content-layout":"default","site-content-style":"default","site-sidebar-style":"default","ast-global-header-display":"","ast-banner-title-visibility":"","ast-main-header-display":"","ast-hfb-above-header-display":"","ast-hfb-below-header-display":"","ast-hfb-mobile-header-display":"","site-post-title":"","ast-breadcrumbs-content":"","ast-featured-img":"","footer-sml-layout":"","theme-transparent-header-meta":"default","adv-header-id-meta":"","stick-header-meta":"","header-above-stick-meta":"","header-main-stick-meta":"","header-below-stick-meta":"","astra-migrate-meta-layouts":"set","footnotes":""},"categories":[8],"tags":[825,1005,1004,1007,185,1006],"yoast_head":"<!-- This site is optimized with the Yoast SEO plugin v21.4 - https:\/\/yoast.com\/wordpress\/plugins\/seo\/ -->\n<title>Camar\u00e3o e peixes podres! Frigor\u00edfico clandestino \u00e9 fechado em Imaru\u00ed -<\/title>\n<meta name=\"description\" content=\"Seis toneladas de camar\u00e3o e peixe, visivelmente impr\u00f3prias para o consumo humano, foram apreendidas. Tamb\u00e9m foram recolhidos diversos documentos adulterados, computadores e impressoras\" \/>\n<meta name=\"robots\" content=\"index, follow, max-snippet:-1, max-image-preview:large, max-video-preview:-1\" \/>\n<link rel=\"canonical\" href=\"https:\/\/sulsc.com\/index.php\/2024\/01\/29\/camarao-e-peixes-podres-frigorifico-clandestino-e-fechado-em-imarui\/\" \/>\n<meta property=\"og:locale\" content=\"en_US\" \/>\n<meta property=\"og:type\" content=\"article\" \/>\n<meta property=\"og:title\" content=\"Camar\u00e3o e peixes podres! Frigor\u00edfico clandestino \u00e9 fechado em Imaru\u00ed -\" \/>\n<meta property=\"og:description\" content=\"Seis toneladas de camar\u00e3o e peixe, visivelmente impr\u00f3prias para o consumo humano, foram apreendidas. Tamb\u00e9m foram recolhidos diversos documentos adulterados, computadores e impressoras\" \/>\n<meta property=\"og:url\" content=\"https:\/\/sulsc.com\/index.php\/2024\/01\/29\/camarao-e-peixes-podres-frigorifico-clandestino-e-fechado-em-imarui\/\" \/>\n<meta property=\"article:author\" content=\"https:\/\/www.facebook.com\/profile.php?id=61559278119680\" \/>\n<meta property=\"article:published_time\" content=\"2024-01-29T17:08:13+00:00\" \/>\n<meta property=\"og:image\" content=\"http:\/\/sulsc.com\/wp-content\/uploads\/2024\/01\/Imarui-scaled.jpg\" \/>\n\t<meta property=\"og:image:width\" content=\"2560\" \/>\n\t<meta property=\"og:image:height\" content=\"1713\" \/>\n\t<meta property=\"og:image:type\" content=\"image\/jpeg\" \/>\n<meta name=\"author\" content=\"Reda\u00e7\u00e3o Sul SC\" \/>\n<meta name=\"twitter:card\" content=\"summary_large_image\" \/>\n<meta name=\"twitter:creator\" content=\"@https:\/\/twitter.com\/PortalSulSC\" \/>\n<meta name=\"twitter:label1\" content=\"Written by\" \/>\n\t<meta name=\"twitter:data1\" content=\"Reda\u00e7\u00e3o Sul SC\" \/>\n\t<meta name=\"twitter:label2\" content=\"Est. reading time\" \/>\n\t<meta name=\"twitter:data2\" content=\"2 minutes\" \/>\n<script type=\"application\/ld+json\" class=\"yoast-schema-graph\">{\"@context\":\"https:\/\/schema.org\",\"@graph\":[{\"@type\":\"WebPage\",\"@id\":\"https:\/\/sulsc.com\/index.php\/2024\/01\/29\/camarao-e-peixes-podres-frigorifico-clandestino-e-fechado-em-imarui\/\",\"url\":\"https:\/\/sulsc.com\/index.php\/2024\/01\/29\/camarao-e-peixes-podres-frigorifico-clandestino-e-fechado-em-imarui\/\",\"name\":\"Camar\u00e3o e peixes podres! Frigor\u00edfico clandestino \u00e9 fechado em Imaru\u00ed -\",\"isPartOf\":{\"@id\":\"https:\/\/sulsc.com\/#website\"},\"datePublished\":\"2024-01-29T17:08:13+00:00\",\"dateModified\":\"2024-01-29T17:08:13+00:00\",\"author\":{\"@id\":\"https:\/\/sulsc.com\/#\/schema\/person\/84d2fc571684f6248ba83092f07750a3\"},\"description\":\"Seis toneladas de camar\u00e3o e peixe, visivelmente impr\u00f3prias para o consumo humano, foram apreendidas. Tamb\u00e9m foram recolhidos diversos documentos adulterados, computadores e impressoras\",\"breadcrumb\":{\"@id\":\"https:\/\/sulsc.com\/index.php\/2024\/01\/29\/camarao-e-peixes-podres-frigorifico-clandestino-e-fechado-em-imarui\/#breadcrumb\"},\"inLanguage\":\"en-US\",\"potentialAction\":[{\"@type\":\"ReadAction\",\"target\":[\"https:\/\/sulsc.com\/index.php\/2024\/01\/29\/camarao-e-peixes-podres-frigorifico-clandestino-e-fechado-em-imarui\/\"]}]},{\"@type\":\"BreadcrumbList\",\"@id\":\"https:\/\/sulsc.com\/index.php\/2024\/01\/29\/camarao-e-peixes-podres-frigorifico-clandestino-e-fechado-em-imarui\/#breadcrumb\",\"itemListElement\":[{\"@type\":\"ListItem\",\"position\":1,\"name\":\"In\u00edcio\",\"item\":\"https:\/\/sulsc.com\/\"},{\"@type\":\"ListItem\",\"position\":2,\"name\":\"Camar\u00e3o e peixes podres! Frigor\u00edfico clandestino \u00e9 fechado em Imaru\u00ed\"}]},{\"@type\":\"WebSite\",\"@id\":\"https:\/\/sulsc.com\/#website\",\"url\":\"https:\/\/sulsc.com\/\",\"name\":\"\",\"description\":\"\",\"potentialAction\":[{\"@type\":\"SearchAction\",\"target\":{\"@type\":\"EntryPoint\",\"urlTemplate\":\"https:\/\/sulsc.com\/?s={search_term_string}\"},\"query-input\":\"required name=search_term_string\"}],\"inLanguage\":\"en-US\"},{\"@type\":\"Person\",\"@id\":\"https:\/\/sulsc.com\/#\/schema\/person\/84d2fc571684f6248ba83092f07750a3\",\"name\":\"Reda\u00e7\u00e3o Sul SC\",\"image\":{\"@type\":\"ImageObject\",\"inLanguage\":\"en-US\",\"@id\":\"https:\/\/sulsc.com\/#\/schema\/person\/image\/e08d7fe2cc4ed596372063bbe852b8d0\",\"url\":\"https:\/\/sulsc.com\/wp-content\/uploads\/2023\/09\/redacao.png\",\"contentUrl\":\"https:\/\/sulsc.com\/wp-content\/uploads\/2023\/09\/redacao.png\",\"caption\":\"Reda\u00e7\u00e3o Sul SC\"},\"description\":\"Foco em um jornalismo imparcial, voltado \u00e0 qualidade dos seus conte\u00fados e, assim, levar informa\u00e7\u00e3o de valor que agregue \u00e0 vida dos leitores. Esta \u00e9 grande miss\u00e3o do Portal de Not\u00edcias Sul SC. N\u00e3o \u00e9 quantidade que muda o mundo, sempre foi e seguir\u00e1 sendo qualidade!\",\"sameAs\":[\"https:\/\/sulsc.com\/\",\"https:\/\/www.facebook.com\/profile.php?id=61559278119680\",\"https:\/\/www.instagram.com\/sulscportal\/?hl=pt-br\",\"https:\/\/twitter.com\/https:\/\/twitter.com\/PortalSulSC\",\"https:\/\/www.youtube.com\/channel\/UCv_BE8GeySluDov2n8qhVmw\"],\"url\":\"https:\/\/sulsc.com\/index.php\/author\/redacao\/\"}]}<\/script>\n<!-- \/ Yoast SEO plugin. -->","yoast_head_json":{"title":"Camar\u00e3o e peixes podres! Frigor\u00edfico clandestino \u00e9 fechado em Imaru\u00ed -","description":"Seis toneladas de camar\u00e3o e peixe, visivelmente impr\u00f3prias para o consumo humano, foram apreendidas. Tamb\u00e9m foram recolhidos diversos documentos adulterados, computadores e impressoras","robots":{"index":"index","follow":"follow","max-snippet":"max-snippet:-1","max-image-preview":"max-image-preview:large","max-video-preview":"max-video-preview:-1"},"canonical":"https:\/\/sulsc.com\/index.php\/2024\/01\/29\/camarao-e-peixes-podres-frigorifico-clandestino-e-fechado-em-imarui\/","og_locale":"en_US","og_type":"article","og_title":"Camar\u00e3o e peixes podres! Frigor\u00edfico clandestino \u00e9 fechado em Imaru\u00ed -","og_description":"Seis toneladas de camar\u00e3o e peixe, visivelmente impr\u00f3prias para o consumo humano, foram apreendidas. Tamb\u00e9m foram recolhidos diversos documentos adulterados, computadores e impressoras","og_url":"https:\/\/sulsc.com\/index.php\/2024\/01\/29\/camarao-e-peixes-podres-frigorifico-clandestino-e-fechado-em-imarui\/","article_author":"https:\/\/www.facebook.com\/profile.php?id=61559278119680","article_published_time":"2024-01-29T17:08:13+00:00","og_image":[{"width":2560,"height":1713,"url":"http:\/\/sulsc.com\/wp-content\/uploads\/2024\/01\/Imarui-scaled.jpg","type":"image\/jpeg"}],"author":"Reda\u00e7\u00e3o Sul SC","twitter_card":"summary_large_image","twitter_creator":"@https:\/\/twitter.com\/PortalSulSC","twitter_misc":{"Written by":"Reda\u00e7\u00e3o Sul SC","Est. reading time":"2 minutes"},"schema":{"@context":"https:\/\/schema.org","@graph":[{"@type":"WebPage","@id":"https:\/\/sulsc.com\/index.php\/2024\/01\/29\/camarao-e-peixes-podres-frigorifico-clandestino-e-fechado-em-imarui\/","url":"https:\/\/sulsc.com\/index.php\/2024\/01\/29\/camarao-e-peixes-podres-frigorifico-clandestino-e-fechado-em-imarui\/","name":"Camar\u00e3o e peixes podres! Frigor\u00edfico clandestino \u00e9 fechado em Imaru\u00ed -","isPartOf":{"@id":"https:\/\/sulsc.com\/#website"},"datePublished":"2024-01-29T17:08:13+00:00","dateModified":"2024-01-29T17:08:13+00:00","author":{"@id":"https:\/\/sulsc.com\/#\/schema\/person\/84d2fc571684f6248ba83092f07750a3"},"description":"Seis toneladas de camar\u00e3o e peixe, visivelmente impr\u00f3prias para o consumo humano, foram apreendidas. Tamb\u00e9m foram recolhidos diversos documentos adulterados, computadores e impressoras","breadcrumb":{"@id":"https:\/\/sulsc.com\/index.php\/2024\/01\/29\/camarao-e-peixes-podres-frigorifico-clandestino-e-fechado-em-imarui\/#breadcrumb"},"inLanguage":"en-US","potentialAction":[{"@type":"ReadAction","target":["https:\/\/sulsc.com\/index.php\/2024\/01\/29\/camarao-e-peixes-podres-frigorifico-clandestino-e-fechado-em-imarui\/"]}]},{"@type":"BreadcrumbList","@id":"https:\/\/sulsc.com\/index.php\/2024\/01\/29\/camarao-e-peixes-podres-frigorifico-clandestino-e-fechado-em-imarui\/#breadcrumb","itemListElement":[{"@type":"ListItem","position":1,"name":"In\u00edcio","item":"https:\/\/sulsc.com\/"},{"@type":"ListItem","position":2,"name":"Camar\u00e3o e peixes podres! Frigor\u00edfico clandestino \u00e9 fechado em Imaru\u00ed"}]},{"@type":"WebSite","@id":"https:\/\/sulsc.com\/#website","url":"https:\/\/sulsc.com\/","name":"","description":"","potentialAction":[{"@type":"SearchAction","target":{"@type":"EntryPoint","urlTemplate":"https:\/\/sulsc.com\/?s={search_term_string}"},"query-input":"required name=search_term_string"}],"inLanguage":"en-US"},{"@type":"Person","@id":"https:\/\/sulsc.com\/#\/schema\/person\/84d2fc571684f6248ba83092f07750a3","name":"Reda\u00e7\u00e3o Sul SC","image":{"@type":"ImageObject","inLanguage":"en-US","@id":"https:\/\/sulsc.com\/#\/schema\/person\/image\/e08d7fe2cc4ed596372063bbe852b8d0","url":"https:\/\/sulsc.com\/wp-content\/uploads\/2023\/09\/redacao.png","contentUrl":"https:\/\/sulsc.com\/wp-content\/uploads\/2023\/09\/redacao.png","caption":"Reda\u00e7\u00e3o Sul SC"},"description":"Foco em um jornalismo imparcial, voltado \u00e0 qualidade dos seus conte\u00fados e, assim, levar informa\u00e7\u00e3o de valor que agregue \u00e0 vida dos leitores. Esta \u00e9 grande miss\u00e3o do Portal de Not\u00edcias Sul SC. N\u00e3o \u00e9 quantidade que muda o mundo, sempre foi e seguir\u00e1 sendo qualidade!","sameAs":["https:\/\/sulsc.com\/","https:\/\/www.facebook.com\/profile.php?id=61559278119680","https:\/\/www.instagram.com\/sulscportal\/?hl=pt-br","https:\/\/twitter.com\/https:\/\/twitter.com\/PortalSulSC","https:\/\/www.youtube.com\/channel\/UCv_BE8GeySluDov2n8qhVmw"],"url":"https:\/\/sulsc.com\/index.php\/author\/redacao\/"}]}},"authors":[],"_links":{"self":[{"href":"https:\/\/sulsc.com\/index.php\/wp-json\/wp\/v2\/posts\/7833"}],"collection":[{"href":"https:\/\/sulsc.com\/index.php\/wp-json\/wp\/v2\/posts"}],"about":[{"href":"https:\/\/sulsc.com\/index.php\/wp-json\/wp\/v2\/types\/post"}],"author":[{"embeddable":true,"href":"https:\/\/sulsc.com\/index.php\/wp-json\/wp\/v2\/users\/3"}],"replies":[{"embeddable":true,"href":"https:\/\/sulsc.com\/index.php\/wp-json\/wp\/v2\/comments?post=7833"}],"version-history":[{"count":1,"href":"https:\/\/sulsc.com\/index.php\/wp-json\/wp\/v2\/posts\/7833\/revisions"}],"predecessor-version":[{"id":7835,"href":"https:\/\/sulsc.com\/index.php\/wp-json\/wp\/v2\/posts\/7833\/revisions\/7835"}],"wp:featuredmedia":[{"embeddable":true,"href":"https:\/\/sulsc.com\/index.php\/wp-json\/wp\/v2\/media\/7834"}],"wp:attachment":[{"href":"https:\/\/sulsc.com\/index.php\/wp-json\/wp\/v2\/media?parent=7833"}],"wp:term":[{"taxonomy":"category","embeddable":true,"href":"https:\/\/sulsc.com\/index.php\/wp-json\/wp\/v2\/categories?post=7833"},{"taxonomy":"post_tag","embeddable":true,"href":"https:\/\/sulsc.com\/index.php\/wp-json\/wp\/v2\/tags?post=7833"}],"curies":[{"name":"wp","href":"https:\/\/api.w.org\/{rel}","templated":true}]}}