{"id":817,"date":"2023-09-05T15:01:56","date_gmt":"2023-09-05T18:01:56","guid":{"rendered":"https:\/\/sulsc.com\/?p=817"},"modified":"2023-09-05T15:01:56","modified_gmt":"2023-09-05T18:01:56","slug":"operacao-independencia-2023-e-iniciada-pela-prf","status":"publish","type":"post","link":"https:\/\/sulsc.com\/index.php\/2023\/09\/05\/operacao-independencia-2023-e-iniciada-pela-prf\/","title":{"rendered":"Opera\u00e7\u00e3o Independ\u00eancia 2023 \u00e9 iniciada pela PRF"},"content":{"rendered":"<p>A partir da zero hora desta quinta-feira\u00a0 (7), em todo o Brasil, a Opera\u00e7\u00e3o Independ\u00eancia 2023. A a\u00e7\u00e3o \u00e9 realizada pela Pol\u00edcia Rodovi\u00e1ria Federal (PRF) e termina no domingo (10) de setembro, \u00e0s 23h59. Por conta de ser feriado nesta sexta-feira (8) em Curitiba\/PR, espera-se grande fluxo de ve\u00edculos paranaenses nas rodovias do norte de SC (BR 101 e BR 280), principalmente nos acessos \u00e0s praias.<\/p>\n<p>Outros trechos com grande \u00edndice de acidentalidade nesta \u00e9poca ficam nas BRs 101 e 282, regi\u00e3o da grande Florian\u00f3polis, e na BR 470, de Navegantes a Blumenau. O efetivo ordin\u00e1rio ser\u00e1 refor\u00e7ado com policiais da \u00e1rea administrativa, de grupos especiais como o Comando de Opera\u00e7\u00f5es Especiais (COE) e Grupo de Motociclismo Regional (GMR), e com policiais convocados para trabalhar no per\u00edodo de folga.<\/p>\n<p>A prioridade da fiscaliza\u00e7\u00e3o ser\u00e3o aquelas condutas que podem levar a acidentes graves e a aumentar as les\u00f5es nas v\u00edtimas, como ultrapassagens em local proibido, excesso de velocidade, celular ao volante, embriaguez e o n\u00e3o uso do cinto de seguran\u00e7a ou cadeirinha pelas crian\u00e7as.<\/p>\n<p>Neste mesmo per\u00edodo do ano passado (07 a 10 de setembro), a PRF registrou 86 acidentes, nos quais 87 pessoas ficaram feridas e 10 morreram nas rodovias federais de SC. N\u00e3o haver\u00e1 nenhuma restri\u00e7\u00e3o ao tr\u00e1fego de ve\u00edculos com dimens\u00f5es excedentes nas rodovias federais de pista simples.<\/p>\n<p>A PRF lembra que, em caso de acidente sem v\u00edtimas, somente com danos materiais e em que o ve\u00edculo ainda possa rodar com seguran\u00e7a, o envolvido tem a obriga\u00e7\u00e3o de liberar a via. Ele tamb\u00e9m pode optar por fazer o registro da ocorr\u00eancia em casa, pela internet, preenchendo a DAT (Declara\u00e7\u00e3o de Acidente de Tr\u00e2nsito). O documento tem valor legal, \u00e9 reconhecido por outros \u00f3rg\u00e3os e seguradoras. Endere\u00e7o: <a href=\"http:\/\/www.prf.gov.br\/declarante\">www.prf.gov.br\/declarante<\/a>.<\/p>\n","protected":false},"excerpt":{"rendered":"<p>A partir da zero hora desta quinta-feira\u00a0 (7), em todo o Brasil, a Opera\u00e7\u00e3o Independ\u00eancia 2023. A a\u00e7\u00e3o \u00e9 realizada pela Pol\u00edcia Rodovi\u00e1ria Federal (PRF) e termina no domingo (10) de setembro, \u00e0s 23h59. Por conta de ser feriado nesta sexta-feira (8) em Curitiba\/PR, espera-se grande fluxo de ve\u00edculos paranaenses nas rodovias do norte de &hellip;<\/p>\n<p class=\"read-more\"> <a class=\"\" href=\"https:\/\/sulsc.com\/index.php\/2023\/09\/05\/operacao-independencia-2023-e-iniciada-pela-prf\/\"> <span class=\"screen-reader-text\">Opera\u00e7\u00e3o Independ\u00eancia 2023 \u00e9 iniciada pela PRF<\/span> Read More &raquo;<\/a><\/p>\n","protected":false},"author":3,"featured_media":818,"comment_status":"open","ping_status":"open","sticky":false,"template":"","format":"standard","meta":{"site-sidebar-layout":"default","site-content-layout":"default","ast-site-content-layout":"","site-content-style":"default","site-sidebar-style":"default","ast-global-header-display":"","ast-banner-title-visibility":"","ast-main-header-display":"","ast-hfb-above-header-display":"","ast-hfb-below-header-display":"","ast-hfb-mobile-header-display":"","site-post-title":"","ast-breadcrumbs-content":"","ast-featured-img":"","footer-sml-layout":"","theme-transparent-header-meta":"default","adv-header-id-meta":"","stick-header-meta":"","header-above-stick-meta":"","header-main-stick-meta":"","header-below-stick-meta":"","astra-migrate-meta-layouts":"","footnotes":""},"categories":[8],"tags":[],"yoast_head":"<!-- This site is optimized with the Yoast SEO plugin v21.4 - https:\/\/yoast.com\/wordpress\/plugins\/seo\/ -->\n<title>Opera\u00e7\u00e3o Independ\u00eancia 2023 \u00e9 iniciada pela PRF -<\/title>\n<meta name=\"robots\" content=\"index, follow, max-snippet:-1, max-image-preview:large, max-video-preview:-1\" \/>\n<link rel=\"canonical\" href=\"https:\/\/sulsc.com\/index.php\/2023\/09\/05\/operacao-independencia-2023-e-iniciada-pela-prf\/\" \/>\n<meta property=\"og:locale\" content=\"en_US\" \/>\n<meta property=\"og:type\" content=\"article\" \/>\n<meta property=\"og:title\" content=\"Opera\u00e7\u00e3o Independ\u00eancia 2023 \u00e9 iniciada pela PRF -\" \/>\n<meta property=\"og:description\" content=\"A partir da zero hora desta quinta-feira\u00a0 (7), em todo o Brasil, a Opera\u00e7\u00e3o Independ\u00eancia 2023. A a\u00e7\u00e3o \u00e9 realizada pela Pol\u00edcia Rodovi\u00e1ria Federal (PRF) e termina no domingo (10) de setembro, \u00e0s 23h59. Por conta de ser feriado nesta sexta-feira (8) em Curitiba\/PR, espera-se grande fluxo de ve\u00edculos paranaenses nas rodovias do norte de &hellip; Opera\u00e7\u00e3o Independ\u00eancia 2023 \u00e9 iniciada pela PRF Read More &raquo;\" \/>\n<meta property=\"og:url\" content=\"https:\/\/sulsc.com\/index.php\/2023\/09\/05\/operacao-independencia-2023-e-iniciada-pela-prf\/\" \/>\n<meta property=\"article:author\" content=\"https:\/\/www.facebook.com\/profile.php?id=61559278119680\" \/>\n<meta property=\"article:published_time\" content=\"2023-09-05T18:01:56+00:00\" \/>\n<meta property=\"og:image\" content=\"https:\/\/sulsc.com\/wp-content\/uploads\/2023\/09\/PRF-Fiscalizacao.jpeg\" \/>\n\t<meta property=\"og:image:width\" content=\"593\" \/>\n\t<meta property=\"og:image:height\" content=\"432\" \/>\n\t<meta property=\"og:image:type\" content=\"image\/jpeg\" \/>\n<meta name=\"author\" content=\"Reda\u00e7\u00e3o Sul SC\" \/>\n<meta name=\"twitter:card\" content=\"summary_large_image\" \/>\n<meta name=\"twitter:creator\" content=\"@https:\/\/twitter.com\/PortalSulSC\" \/>\n<meta name=\"twitter:label1\" content=\"Written by\" \/>\n\t<meta name=\"twitter:data1\" content=\"Reda\u00e7\u00e3o Sul SC\" \/>\n\t<meta name=\"twitter:label2\" content=\"Est. reading time\" \/>\n\t<meta name=\"twitter:data2\" content=\"2 minutes\" \/>\n<script type=\"application\/ld+json\" class=\"yoast-schema-graph\">{\"@context\":\"https:\/\/schema.org\",\"@graph\":[{\"@type\":\"WebPage\",\"@id\":\"https:\/\/sulsc.com\/index.php\/2023\/09\/05\/operacao-independencia-2023-e-iniciada-pela-prf\/\",\"url\":\"https:\/\/sulsc.com\/index.php\/2023\/09\/05\/operacao-independencia-2023-e-iniciada-pela-prf\/\",\"name\":\"Opera\u00e7\u00e3o Independ\u00eancia 2023 \u00e9 iniciada pela PRF -\",\"isPartOf\":{\"@id\":\"https:\/\/sulsc.com\/#website\"},\"datePublished\":\"2023-09-05T18:01:56+00:00\",\"dateModified\":\"2023-09-05T18:01:56+00:00\",\"author\":{\"@id\":\"https:\/\/sulsc.com\/#\/schema\/person\/84d2fc571684f6248ba83092f07750a3\"},\"breadcrumb\":{\"@id\":\"https:\/\/sulsc.com\/index.php\/2023\/09\/05\/operacao-independencia-2023-e-iniciada-pela-prf\/#breadcrumb\"},\"inLanguage\":\"en-US\",\"potentialAction\":[{\"@type\":\"ReadAction\",\"target\":[\"https:\/\/sulsc.com\/index.php\/2023\/09\/05\/operacao-independencia-2023-e-iniciada-pela-prf\/\"]}]},{\"@type\":\"BreadcrumbList\",\"@id\":\"https:\/\/sulsc.com\/index.php\/2023\/09\/05\/operacao-independencia-2023-e-iniciada-pela-prf\/#breadcrumb\",\"itemListElement\":[{\"@type\":\"ListItem\",\"position\":1,\"name\":\"In\u00edcio\",\"item\":\"https:\/\/sulsc.com\/\"},{\"@type\":\"ListItem\",\"position\":2,\"name\":\"Opera\u00e7\u00e3o Independ\u00eancia 2023 \u00e9 iniciada pela PRF\"}]},{\"@type\":\"WebSite\",\"@id\":\"https:\/\/sulsc.com\/#website\",\"url\":\"https:\/\/sulsc.com\/\",\"name\":\"\",\"description\":\"\",\"potentialAction\":[{\"@type\":\"SearchAction\",\"target\":{\"@type\":\"EntryPoint\",\"urlTemplate\":\"https:\/\/sulsc.com\/?s={search_term_string}\"},\"query-input\":\"required name=search_term_string\"}],\"inLanguage\":\"en-US\"},{\"@type\":\"Person\",\"@id\":\"https:\/\/sulsc.com\/#\/schema\/person\/84d2fc571684f6248ba83092f07750a3\",\"name\":\"Reda\u00e7\u00e3o Sul SC\",\"image\":{\"@type\":\"ImageObject\",\"inLanguage\":\"en-US\",\"@id\":\"https:\/\/sulsc.com\/#\/schema\/person\/image\/e08d7fe2cc4ed596372063bbe852b8d0\",\"url\":\"https:\/\/sulsc.com\/wp-content\/uploads\/2023\/09\/redacao.png\",\"contentUrl\":\"https:\/\/sulsc.com\/wp-content\/uploads\/2023\/09\/redacao.png\",\"caption\":\"Reda\u00e7\u00e3o Sul SC\"},\"description\":\"Foco em um jornalismo imparcial, voltado \u00e0 qualidade dos seus conte\u00fados e, assim, levar informa\u00e7\u00e3o de valor que agregue \u00e0 vida dos leitores. Esta \u00e9 grande miss\u00e3o do Portal de Not\u00edcias Sul SC. N\u00e3o \u00e9 quantidade que muda o mundo, sempre foi e seguir\u00e1 sendo qualidade!\",\"sameAs\":[\"https:\/\/sulsc.com\/\",\"https:\/\/www.facebook.com\/profile.php?id=61559278119680\",\"https:\/\/www.instagram.com\/sulscportal\/?hl=pt-br\",\"https:\/\/twitter.com\/https:\/\/twitter.com\/PortalSulSC\",\"https:\/\/www.youtube.com\/channel\/UCv_BE8GeySluDov2n8qhVmw\"],\"url\":\"https:\/\/sulsc.com\/index.php\/author\/redacao\/\"}]}<\/script>\n<!-- \/ Yoast SEO plugin. -->","yoast_head_json":{"title":"Opera\u00e7\u00e3o Independ\u00eancia 2023 \u00e9 iniciada pela PRF -","robots":{"index":"index","follow":"follow","max-snippet":"max-snippet:-1","max-image-preview":"max-image-preview:large","max-video-preview":"max-video-preview:-1"},"canonical":"https:\/\/sulsc.com\/index.php\/2023\/09\/05\/operacao-independencia-2023-e-iniciada-pela-prf\/","og_locale":"en_US","og_type":"article","og_title":"Opera\u00e7\u00e3o Independ\u00eancia 2023 \u00e9 iniciada pela PRF -","og_description":"A partir da zero hora desta quinta-feira\u00a0 (7), em todo o Brasil, a Opera\u00e7\u00e3o Independ\u00eancia 2023. A a\u00e7\u00e3o \u00e9 realizada pela Pol\u00edcia Rodovi\u00e1ria Federal (PRF) e termina no domingo (10) de setembro, \u00e0s 23h59. Por conta de ser feriado nesta sexta-feira (8) em Curitiba\/PR, espera-se grande fluxo de ve\u00edculos paranaenses nas rodovias do norte de &hellip; Opera\u00e7\u00e3o Independ\u00eancia 2023 \u00e9 iniciada pela PRF Read More &raquo;","og_url":"https:\/\/sulsc.com\/index.php\/2023\/09\/05\/operacao-independencia-2023-e-iniciada-pela-prf\/","article_author":"https:\/\/www.facebook.com\/profile.php?id=61559278119680","article_published_time":"2023-09-05T18:01:56+00:00","og_image":[{"width":593,"height":432,"url":"https:\/\/sulsc.com\/wp-content\/uploads\/2023\/09\/PRF-Fiscalizacao.jpeg","type":"image\/jpeg"}],"author":"Reda\u00e7\u00e3o Sul SC","twitter_card":"summary_large_image","twitter_creator":"@https:\/\/twitter.com\/PortalSulSC","twitter_misc":{"Written by":"Reda\u00e7\u00e3o Sul SC","Est. reading time":"2 minutes"},"schema":{"@context":"https:\/\/schema.org","@graph":[{"@type":"WebPage","@id":"https:\/\/sulsc.com\/index.php\/2023\/09\/05\/operacao-independencia-2023-e-iniciada-pela-prf\/","url":"https:\/\/sulsc.com\/index.php\/2023\/09\/05\/operacao-independencia-2023-e-iniciada-pela-prf\/","name":"Opera\u00e7\u00e3o Independ\u00eancia 2023 \u00e9 iniciada pela PRF -","isPartOf":{"@id":"https:\/\/sulsc.com\/#website"},"datePublished":"2023-09-05T18:01:56+00:00","dateModified":"2023-09-05T18:01:56+00:00","author":{"@id":"https:\/\/sulsc.com\/#\/schema\/person\/84d2fc571684f6248ba83092f07750a3"},"breadcrumb":{"@id":"https:\/\/sulsc.com\/index.php\/2023\/09\/05\/operacao-independencia-2023-e-iniciada-pela-prf\/#breadcrumb"},"inLanguage":"en-US","potentialAction":[{"@type":"ReadAction","target":["https:\/\/sulsc.com\/index.php\/2023\/09\/05\/operacao-independencia-2023-e-iniciada-pela-prf\/"]}]},{"@type":"BreadcrumbList","@id":"https:\/\/sulsc.com\/index.php\/2023\/09\/05\/operacao-independencia-2023-e-iniciada-pela-prf\/#breadcrumb","itemListElement":[{"@type":"ListItem","position":1,"name":"In\u00edcio","item":"https:\/\/sulsc.com\/"},{"@type":"ListItem","position":2,"name":"Opera\u00e7\u00e3o Independ\u00eancia 2023 \u00e9 iniciada pela PRF"}]},{"@type":"WebSite","@id":"https:\/\/sulsc.com\/#website","url":"https:\/\/sulsc.com\/","name":"","description":"","potentialAction":[{"@type":"SearchAction","target":{"@type":"EntryPoint","urlTemplate":"https:\/\/sulsc.com\/?s={search_term_string}"},"query-input":"required name=search_term_string"}],"inLanguage":"en-US"},{"@type":"Person","@id":"https:\/\/sulsc.com\/#\/schema\/person\/84d2fc571684f6248ba83092f07750a3","name":"Reda\u00e7\u00e3o Sul SC","image":{"@type":"ImageObject","inLanguage":"en-US","@id":"https:\/\/sulsc.com\/#\/schema\/person\/image\/e08d7fe2cc4ed596372063bbe852b8d0","url":"https:\/\/sulsc.com\/wp-content\/uploads\/2023\/09\/redacao.png","contentUrl":"https:\/\/sulsc.com\/wp-content\/uploads\/2023\/09\/redacao.png","caption":"Reda\u00e7\u00e3o Sul SC"},"description":"Foco em um jornalismo imparcial, voltado \u00e0 qualidade dos seus conte\u00fados e, assim, levar informa\u00e7\u00e3o de valor que agregue \u00e0 vida dos leitores. Esta \u00e9 grande miss\u00e3o do Portal de Not\u00edcias Sul SC. N\u00e3o \u00e9 quantidade que muda o mundo, sempre foi e seguir\u00e1 sendo qualidade!","sameAs":["https:\/\/sulsc.com\/","https:\/\/www.facebook.com\/profile.php?id=61559278119680","https:\/\/www.instagram.com\/sulscportal\/?hl=pt-br","https:\/\/twitter.com\/https:\/\/twitter.com\/PortalSulSC","https:\/\/www.youtube.com\/channel\/UCv_BE8GeySluDov2n8qhVmw"],"url":"https:\/\/sulsc.com\/index.php\/author\/redacao\/"}]}},"authors":[],"_links":{"self":[{"href":"https:\/\/sulsc.com\/index.php\/wp-json\/wp\/v2\/posts\/817"}],"collection":[{"href":"https:\/\/sulsc.com\/index.php\/wp-json\/wp\/v2\/posts"}],"about":[{"href":"https:\/\/sulsc.com\/index.php\/wp-json\/wp\/v2\/types\/post"}],"author":[{"embeddable":true,"href":"https:\/\/sulsc.com\/index.php\/wp-json\/wp\/v2\/users\/3"}],"replies":[{"embeddable":true,"href":"https:\/\/sulsc.com\/index.php\/wp-json\/wp\/v2\/comments?post=817"}],"version-history":[{"count":1,"href":"https:\/\/sulsc.com\/index.php\/wp-json\/wp\/v2\/posts\/817\/revisions"}],"predecessor-version":[{"id":819,"href":"https:\/\/sulsc.com\/index.php\/wp-json\/wp\/v2\/posts\/817\/revisions\/819"}],"wp:featuredmedia":[{"embeddable":true,"href":"https:\/\/sulsc.com\/index.php\/wp-json\/wp\/v2\/media\/818"}],"wp:attachment":[{"href":"https:\/\/sulsc.com\/index.php\/wp-json\/wp\/v2\/media?parent=817"}],"wp:term":[{"taxonomy":"category","embeddable":true,"href":"https:\/\/sulsc.com\/index.php\/wp-json\/wp\/v2\/categories?post=817"},{"taxonomy":"post_tag","embeddable":true,"href":"https:\/\/sulsc.com\/index.php\/wp-json\/wp\/v2\/tags?post=817"}],"curies":[{"name":"wp","href":"https:\/\/api.w.org\/{rel}","templated":true}]}}