{"id":8182,"date":"2024-02-05T08:52:11","date_gmt":"2024-02-05T11:52:11","guid":{"rendered":"https:\/\/sulsc.com\/?p=8182"},"modified":"2024-02-05T08:52:11","modified_gmt":"2024-02-05T11:52:11","slug":"justica-confirma-competencia-da-policia-militar-ambiental-para-julgar-autos-de-infracao-ambiental","status":"publish","type":"post","link":"https:\/\/sulsc.com\/index.php\/2024\/02\/05\/justica-confirma-competencia-da-policia-militar-ambiental-para-julgar-autos-de-infracao-ambiental\/","title":{"rendered":"Justi\u00e7a confirma compet\u00eancia da Pol\u00edcia Militar Ambiental para julgar autos de infra\u00e7\u00e3o ambiental"},"content":{"rendered":"<p>O Tribunal de Justi\u00e7a de Santa Catarina (TJSC) reconheceu, ap\u00f3s atua\u00e7\u00e3o da Procuradoria-Geral do Estado (PGE\/SC), a compet\u00eancia da Pol\u00edcia Militar Ambiental (PMA) para lavrar e julgar autos de infra\u00e7\u00e3o ambiental. A decis\u00e3o \u00e9 a segunda tomada no mesmo sentido \u2013 desta vez, resultado do julgamento de embargos de declara\u00e7\u00e3o em um processo movido por uma empresa do Vale do Itaja\u00ed em 2020. A PGE\/SC defendeu a cobran\u00e7a de multas ambientais decorrentes do lan\u00e7amento de efluentes fora dos padr\u00f5es em um curso h\u00eddrico.<\/p>\n<p>A infra\u00e7\u00e3o foi registrada h\u00e1 quatro anos pela PMA, que lavrou o auto de infra\u00e7\u00e3o e estabeleceu a multa a ser cobrada pela irregularidade. A empresa, no entanto, acionou a Justi\u00e7a sob a alega\u00e7\u00e3o que a institui\u00e7\u00e3o militar n\u00e3o teria compet\u00eancia para realizar a lavratura e o julgamento de infra\u00e7\u00f5es ambientais, uma vez que, segundo a recorrente, essa seria compet\u00eancia do Instituto do Meio Ambiente de Santa Catarina (IMA).<\/p>\n<p>Em primeiro grau, a a\u00e7\u00e3o foi julgada a favor do Estado. No entanto, em segundo inst\u00e2ncia, o entendimento foi revertido pela Justi\u00e7a, dando raz\u00e3o \u00e0 empresa. A PGE\/SC ent\u00e3o entrou com embargos de declara\u00e7\u00e3o e conseguiu mostrar a diferencia\u00e7\u00e3o entre as compet\u00eancias dos dois \u00f3rg\u00e3os, e a import\u00e2ncia do trabalho da PMA para a defesa do interesse p\u00fablico.<\/p>\n<p><img fetchpriority=\"high\" decoding=\"async\" class=\"alignnone size-full wp-image-8183\" src=\"http:\/\/sulsc.com\/wp-content\/uploads\/2024\/02\/Policia-Militar-Ambiental.jpg\" alt=\"\" width=\"624\" height=\"400\" srcset=\"https:\/\/sulsc.com\/wp-content\/uploads\/2024\/02\/Policia-Militar-Ambiental.jpg 624w, https:\/\/sulsc.com\/wp-content\/uploads\/2024\/02\/Policia-Militar-Ambiental-300x192.jpg 300w\" sizes=\"(max-width: 624px) 100vw, 624px\" \/><\/p>\n<p>Decis\u00e3o impede poss\u00edvel invalida\u00e7\u00e3o de multas ambientais j\u00e1 emitidas pela PMA \u2013 Foto: Assessoria de Comunica\u00e7\u00e3o\/PMSC<br \/>\n\u201cO IMA \u00e9 competente para analisar quest\u00f5es de natureza administrativa, e a Pol\u00edcia Militar Ambiental tem compet\u00eancia para analisar infra\u00e7\u00f5es penais e crimes ambientais, como o caso em quest\u00e3o\u201d, explica o procurador do Estado Felipe Wildi Varela, que atuou no caso. Os dois \u00f3rg\u00e3os, portanto, atuam em conjunto como executores da pol\u00edtica estadual de meio ambiente, e realizam o controle de seus respectivos processos administrativos em um sistema informatizado \u00fanico para o Estado.<\/p>\n<p>A compet\u00eancia de atua\u00e7\u00e3o da PMA est\u00e1 prevista na Lei Estadual n\u00ba 9.428 de 1994, que disp\u00f5e sobre a Pol\u00edtica Florestal catarinense. Esta norma afirma que penalidades por infra\u00e7\u00f5es ambientais podem ser aplicadas por despacho tanto da Entidade Ambiental do Estado, o IMA, quanto pela PMA \u2013 entendimento que permaneceu em vigor com a publica\u00e7\u00e3o de edi\u00e7\u00f5es posteriores da legisla\u00e7\u00e3o. Essa atribui\u00e7\u00e3o \u00e9 confirmada pela Lei Federal n\u00ba 9.605\/98, que estabelece as san\u00e7\u00f5es penais e multas para crimes contra o meio ambiente, e confirma a compet\u00eancia da PMA para lavrar autos de infra\u00e7\u00e3o ambiental e instaurar processos administrativos.<\/p>\n<p>O procurador-geral do Estado, M\u00e1rcio Vicari, considerou o resultado obtido como de grande import\u00e2ncia. Segundo ele, caso a posi\u00e7\u00e3o do Estado n\u00e3o prevalecesse, \u201cpoderia se criar uma jurisprud\u00eancia no sentido de retirar da PMA a atribui\u00e7\u00e3o de realizar o processamento e a aplica\u00e7\u00e3o de penalidades envolvendo delitos ambientais\u201d. Isso poderia resultar no esvaziamento das atribui\u00e7\u00f5es da PMA no que se refere \u00e0 prote\u00e7\u00e3o integral ao meio ambiente e, ainda, na poss\u00edvel invalida\u00e7\u00e3o das multas ambientais j\u00e1 emitidas pelo \u00f3rg\u00e3o \u2013 um preju\u00edzo milion\u00e1rio para os cofres do Estado.<\/p>\n<p>Atuaram no caso os procuradores do Estado Anelise dos Santos Soares, Camila Maria Duarte, Felipe Varela, Fernanda Seiler e Marcos Cezar Averbeck.<\/p>\n<p>Processo n\u00famero 5001215-38.2020.8.24.0144.<\/p>\n","protected":false},"excerpt":{"rendered":"<p>O Tribunal de Justi\u00e7a de Santa Catarina (TJSC) reconheceu, ap\u00f3s atua\u00e7\u00e3o da Procuradoria-Geral do Estado (PGE\/SC), a compet\u00eancia da Pol\u00edcia Militar Ambiental (PMA) para lavrar e julgar autos de infra\u00e7\u00e3o ambiental. A decis\u00e3o \u00e9 a segunda tomada no mesmo sentido \u2013 desta vez, resultado do julgamento de embargos de declara\u00e7\u00e3o em um processo movido por &hellip;<\/p>\n<p class=\"read-more\"> <a class=\"\" href=\"https:\/\/sulsc.com\/index.php\/2024\/02\/05\/justica-confirma-competencia-da-policia-militar-ambiental-para-julgar-autos-de-infracao-ambiental\/\"> <span class=\"screen-reader-text\">Justi\u00e7a confirma compet\u00eancia da Pol\u00edcia Militar Ambiental para julgar autos de infra\u00e7\u00e3o ambiental<\/span> Read More &raquo;<\/a><\/p>\n","protected":false},"author":3,"featured_media":8183,"comment_status":"open","ping_status":"open","sticky":false,"template":"","format":"standard","meta":{"site-sidebar-layout":"default","site-content-layout":"","ast-site-content-layout":"default","site-content-style":"default","site-sidebar-style":"default","ast-global-header-display":"","ast-banner-title-visibility":"","ast-main-header-display":"","ast-hfb-above-header-display":"","ast-hfb-below-header-display":"","ast-hfb-mobile-header-display":"","site-post-title":"","ast-breadcrumbs-content":"","ast-featured-img":"","footer-sml-layout":"","theme-transparent-header-meta":"default","adv-header-id-meta":"","stick-header-meta":"","header-above-stick-meta":"","header-main-stick-meta":"","header-below-stick-meta":"","astra-migrate-meta-layouts":"set","footnotes":""},"categories":[17,8],"tags":[1087,1006,129],"yoast_head":"<!-- This site is optimized with the Yoast SEO plugin v21.4 - https:\/\/yoast.com\/wordpress\/plugins\/seo\/ -->\n<title>Justi\u00e7a confirma compet\u00eancia da Pol\u00edcia Militar Ambiental para julgar autos de infra\u00e7\u00e3o ambiental -<\/title>\n<meta name=\"robots\" content=\"index, follow, max-snippet:-1, max-image-preview:large, max-video-preview:-1\" \/>\n<link rel=\"canonical\" href=\"https:\/\/sulsc.com\/index.php\/2024\/02\/05\/justica-confirma-competencia-da-policia-militar-ambiental-para-julgar-autos-de-infracao-ambiental\/\" \/>\n<meta property=\"og:locale\" content=\"en_US\" \/>\n<meta property=\"og:type\" content=\"article\" \/>\n<meta property=\"og:title\" content=\"Justi\u00e7a confirma compet\u00eancia da Pol\u00edcia Militar Ambiental para julgar autos de infra\u00e7\u00e3o ambiental -\" \/>\n<meta property=\"og:description\" content=\"O Tribunal de Justi\u00e7a de Santa Catarina (TJSC) reconheceu, ap\u00f3s atua\u00e7\u00e3o da Procuradoria-Geral do Estado (PGE\/SC), a compet\u00eancia da Pol\u00edcia Militar Ambiental (PMA) para lavrar e julgar autos de infra\u00e7\u00e3o ambiental. A decis\u00e3o \u00e9 a segunda tomada no mesmo sentido \u2013 desta vez, resultado do julgamento de embargos de declara\u00e7\u00e3o em um processo movido por &hellip; Justi\u00e7a confirma compet\u00eancia da Pol\u00edcia Militar Ambiental para julgar autos de infra\u00e7\u00e3o ambiental Read More &raquo;\" \/>\n<meta property=\"og:url\" content=\"https:\/\/sulsc.com\/index.php\/2024\/02\/05\/justica-confirma-competencia-da-policia-militar-ambiental-para-julgar-autos-de-infracao-ambiental\/\" \/>\n<meta property=\"article:author\" content=\"https:\/\/www.facebook.com\/profile.php?id=61559278119680\" \/>\n<meta property=\"article:published_time\" content=\"2024-02-05T11:52:11+00:00\" \/>\n<meta property=\"og:image\" content=\"http:\/\/sulsc.com\/wp-content\/uploads\/2024\/02\/Policia-Militar-Ambiental.jpg\" \/>\n\t<meta property=\"og:image:width\" content=\"624\" \/>\n\t<meta property=\"og:image:height\" content=\"400\" \/>\n\t<meta property=\"og:image:type\" content=\"image\/jpeg\" \/>\n<meta name=\"author\" content=\"Reda\u00e7\u00e3o Sul SC\" \/>\n<meta name=\"twitter:card\" content=\"summary_large_image\" \/>\n<meta name=\"twitter:creator\" content=\"@https:\/\/twitter.com\/PortalSulSC\" \/>\n<meta name=\"twitter:label1\" content=\"Written by\" \/>\n\t<meta name=\"twitter:data1\" content=\"Reda\u00e7\u00e3o Sul SC\" \/>\n\t<meta name=\"twitter:label2\" content=\"Est. reading time\" \/>\n\t<meta name=\"twitter:data2\" content=\"3 minutes\" \/>\n<script type=\"application\/ld+json\" class=\"yoast-schema-graph\">{\"@context\":\"https:\/\/schema.org\",\"@graph\":[{\"@type\":\"WebPage\",\"@id\":\"https:\/\/sulsc.com\/index.php\/2024\/02\/05\/justica-confirma-competencia-da-policia-militar-ambiental-para-julgar-autos-de-infracao-ambiental\/\",\"url\":\"https:\/\/sulsc.com\/index.php\/2024\/02\/05\/justica-confirma-competencia-da-policia-militar-ambiental-para-julgar-autos-de-infracao-ambiental\/\",\"name\":\"Justi\u00e7a confirma compet\u00eancia da Pol\u00edcia Militar Ambiental para julgar autos de infra\u00e7\u00e3o ambiental -\",\"isPartOf\":{\"@id\":\"https:\/\/sulsc.com\/#website\"},\"datePublished\":\"2024-02-05T11:52:11+00:00\",\"dateModified\":\"2024-02-05T11:52:11+00:00\",\"author\":{\"@id\":\"https:\/\/sulsc.com\/#\/schema\/person\/84d2fc571684f6248ba83092f07750a3\"},\"breadcrumb\":{\"@id\":\"https:\/\/sulsc.com\/index.php\/2024\/02\/05\/justica-confirma-competencia-da-policia-militar-ambiental-para-julgar-autos-de-infracao-ambiental\/#breadcrumb\"},\"inLanguage\":\"en-US\",\"potentialAction\":[{\"@type\":\"ReadAction\",\"target\":[\"https:\/\/sulsc.com\/index.php\/2024\/02\/05\/justica-confirma-competencia-da-policia-militar-ambiental-para-julgar-autos-de-infracao-ambiental\/\"]}]},{\"@type\":\"BreadcrumbList\",\"@id\":\"https:\/\/sulsc.com\/index.php\/2024\/02\/05\/justica-confirma-competencia-da-policia-militar-ambiental-para-julgar-autos-de-infracao-ambiental\/#breadcrumb\",\"itemListElement\":[{\"@type\":\"ListItem\",\"position\":1,\"name\":\"In\u00edcio\",\"item\":\"https:\/\/sulsc.com\/\"},{\"@type\":\"ListItem\",\"position\":2,\"name\":\"Justi\u00e7a confirma compet\u00eancia da Pol\u00edcia Militar Ambiental para julgar autos de infra\u00e7\u00e3o ambiental\"}]},{\"@type\":\"WebSite\",\"@id\":\"https:\/\/sulsc.com\/#website\",\"url\":\"https:\/\/sulsc.com\/\",\"name\":\"\",\"description\":\"\",\"potentialAction\":[{\"@type\":\"SearchAction\",\"target\":{\"@type\":\"EntryPoint\",\"urlTemplate\":\"https:\/\/sulsc.com\/?s={search_term_string}\"},\"query-input\":\"required name=search_term_string\"}],\"inLanguage\":\"en-US\"},{\"@type\":\"Person\",\"@id\":\"https:\/\/sulsc.com\/#\/schema\/person\/84d2fc571684f6248ba83092f07750a3\",\"name\":\"Reda\u00e7\u00e3o Sul SC\",\"image\":{\"@type\":\"ImageObject\",\"inLanguage\":\"en-US\",\"@id\":\"https:\/\/sulsc.com\/#\/schema\/person\/image\/e08d7fe2cc4ed596372063bbe852b8d0\",\"url\":\"https:\/\/sulsc.com\/wp-content\/uploads\/2023\/09\/redacao.png\",\"contentUrl\":\"https:\/\/sulsc.com\/wp-content\/uploads\/2023\/09\/redacao.png\",\"caption\":\"Reda\u00e7\u00e3o Sul SC\"},\"description\":\"Foco em um jornalismo imparcial, voltado \u00e0 qualidade dos seus conte\u00fados e, assim, levar informa\u00e7\u00e3o de valor que agregue \u00e0 vida dos leitores. Esta \u00e9 grande miss\u00e3o do Portal de Not\u00edcias Sul SC. N\u00e3o \u00e9 quantidade que muda o mundo, sempre foi e seguir\u00e1 sendo qualidade!\",\"sameAs\":[\"https:\/\/sulsc.com\/\",\"https:\/\/www.facebook.com\/profile.php?id=61559278119680\",\"https:\/\/www.instagram.com\/sulscportal\/?hl=pt-br\",\"https:\/\/twitter.com\/https:\/\/twitter.com\/PortalSulSC\",\"https:\/\/www.youtube.com\/channel\/UCv_BE8GeySluDov2n8qhVmw\"],\"url\":\"https:\/\/sulsc.com\/index.php\/author\/redacao\/\"}]}<\/script>\n<!-- \/ Yoast SEO plugin. -->","yoast_head_json":{"title":"Justi\u00e7a confirma compet\u00eancia da Pol\u00edcia Militar Ambiental para julgar autos de infra\u00e7\u00e3o ambiental -","robots":{"index":"index","follow":"follow","max-snippet":"max-snippet:-1","max-image-preview":"max-image-preview:large","max-video-preview":"max-video-preview:-1"},"canonical":"https:\/\/sulsc.com\/index.php\/2024\/02\/05\/justica-confirma-competencia-da-policia-militar-ambiental-para-julgar-autos-de-infracao-ambiental\/","og_locale":"en_US","og_type":"article","og_title":"Justi\u00e7a confirma compet\u00eancia da Pol\u00edcia Militar Ambiental para julgar autos de infra\u00e7\u00e3o ambiental -","og_description":"O Tribunal de Justi\u00e7a de Santa Catarina (TJSC) reconheceu, ap\u00f3s atua\u00e7\u00e3o da Procuradoria-Geral do Estado (PGE\/SC), a compet\u00eancia da Pol\u00edcia Militar Ambiental (PMA) para lavrar e julgar autos de infra\u00e7\u00e3o ambiental. A decis\u00e3o \u00e9 a segunda tomada no mesmo sentido \u2013 desta vez, resultado do julgamento de embargos de declara\u00e7\u00e3o em um processo movido por &hellip; Justi\u00e7a confirma compet\u00eancia da Pol\u00edcia Militar Ambiental para julgar autos de infra\u00e7\u00e3o ambiental Read More &raquo;","og_url":"https:\/\/sulsc.com\/index.php\/2024\/02\/05\/justica-confirma-competencia-da-policia-militar-ambiental-para-julgar-autos-de-infracao-ambiental\/","article_author":"https:\/\/www.facebook.com\/profile.php?id=61559278119680","article_published_time":"2024-02-05T11:52:11+00:00","og_image":[{"width":624,"height":400,"url":"http:\/\/sulsc.com\/wp-content\/uploads\/2024\/02\/Policia-Militar-Ambiental.jpg","type":"image\/jpeg"}],"author":"Reda\u00e7\u00e3o Sul SC","twitter_card":"summary_large_image","twitter_creator":"@https:\/\/twitter.com\/PortalSulSC","twitter_misc":{"Written by":"Reda\u00e7\u00e3o Sul SC","Est. reading time":"3 minutes"},"schema":{"@context":"https:\/\/schema.org","@graph":[{"@type":"WebPage","@id":"https:\/\/sulsc.com\/index.php\/2024\/02\/05\/justica-confirma-competencia-da-policia-militar-ambiental-para-julgar-autos-de-infracao-ambiental\/","url":"https:\/\/sulsc.com\/index.php\/2024\/02\/05\/justica-confirma-competencia-da-policia-militar-ambiental-para-julgar-autos-de-infracao-ambiental\/","name":"Justi\u00e7a confirma compet\u00eancia da Pol\u00edcia Militar Ambiental para julgar autos de infra\u00e7\u00e3o ambiental -","isPartOf":{"@id":"https:\/\/sulsc.com\/#website"},"datePublished":"2024-02-05T11:52:11+00:00","dateModified":"2024-02-05T11:52:11+00:00","author":{"@id":"https:\/\/sulsc.com\/#\/schema\/person\/84d2fc571684f6248ba83092f07750a3"},"breadcrumb":{"@id":"https:\/\/sulsc.com\/index.php\/2024\/02\/05\/justica-confirma-competencia-da-policia-militar-ambiental-para-julgar-autos-de-infracao-ambiental\/#breadcrumb"},"inLanguage":"en-US","potentialAction":[{"@type":"ReadAction","target":["https:\/\/sulsc.com\/index.php\/2024\/02\/05\/justica-confirma-competencia-da-policia-militar-ambiental-para-julgar-autos-de-infracao-ambiental\/"]}]},{"@type":"BreadcrumbList","@id":"https:\/\/sulsc.com\/index.php\/2024\/02\/05\/justica-confirma-competencia-da-policia-militar-ambiental-para-julgar-autos-de-infracao-ambiental\/#breadcrumb","itemListElement":[{"@type":"ListItem","position":1,"name":"In\u00edcio","item":"https:\/\/sulsc.com\/"},{"@type":"ListItem","position":2,"name":"Justi\u00e7a confirma compet\u00eancia da Pol\u00edcia Militar Ambiental para julgar autos de infra\u00e7\u00e3o ambiental"}]},{"@type":"WebSite","@id":"https:\/\/sulsc.com\/#website","url":"https:\/\/sulsc.com\/","name":"","description":"","potentialAction":[{"@type":"SearchAction","target":{"@type":"EntryPoint","urlTemplate":"https:\/\/sulsc.com\/?s={search_term_string}"},"query-input":"required name=search_term_string"}],"inLanguage":"en-US"},{"@type":"Person","@id":"https:\/\/sulsc.com\/#\/schema\/person\/84d2fc571684f6248ba83092f07750a3","name":"Reda\u00e7\u00e3o Sul SC","image":{"@type":"ImageObject","inLanguage":"en-US","@id":"https:\/\/sulsc.com\/#\/schema\/person\/image\/e08d7fe2cc4ed596372063bbe852b8d0","url":"https:\/\/sulsc.com\/wp-content\/uploads\/2023\/09\/redacao.png","contentUrl":"https:\/\/sulsc.com\/wp-content\/uploads\/2023\/09\/redacao.png","caption":"Reda\u00e7\u00e3o Sul SC"},"description":"Foco em um jornalismo imparcial, voltado \u00e0 qualidade dos seus conte\u00fados e, assim, levar informa\u00e7\u00e3o de valor que agregue \u00e0 vida dos leitores. Esta \u00e9 grande miss\u00e3o do Portal de Not\u00edcias Sul SC. N\u00e3o \u00e9 quantidade que muda o mundo, sempre foi e seguir\u00e1 sendo qualidade!","sameAs":["https:\/\/sulsc.com\/","https:\/\/www.facebook.com\/profile.php?id=61559278119680","https:\/\/www.instagram.com\/sulscportal\/?hl=pt-br","https:\/\/twitter.com\/https:\/\/twitter.com\/PortalSulSC","https:\/\/www.youtube.com\/channel\/UCv_BE8GeySluDov2n8qhVmw"],"url":"https:\/\/sulsc.com\/index.php\/author\/redacao\/"}]}},"authors":[],"_links":{"self":[{"href":"https:\/\/sulsc.com\/index.php\/wp-json\/wp\/v2\/posts\/8182"}],"collection":[{"href":"https:\/\/sulsc.com\/index.php\/wp-json\/wp\/v2\/posts"}],"about":[{"href":"https:\/\/sulsc.com\/index.php\/wp-json\/wp\/v2\/types\/post"}],"author":[{"embeddable":true,"href":"https:\/\/sulsc.com\/index.php\/wp-json\/wp\/v2\/users\/3"}],"replies":[{"embeddable":true,"href":"https:\/\/sulsc.com\/index.php\/wp-json\/wp\/v2\/comments?post=8182"}],"version-history":[{"count":1,"href":"https:\/\/sulsc.com\/index.php\/wp-json\/wp\/v2\/posts\/8182\/revisions"}],"predecessor-version":[{"id":8184,"href":"https:\/\/sulsc.com\/index.php\/wp-json\/wp\/v2\/posts\/8182\/revisions\/8184"}],"wp:featuredmedia":[{"embeddable":true,"href":"https:\/\/sulsc.com\/index.php\/wp-json\/wp\/v2\/media\/8183"}],"wp:attachment":[{"href":"https:\/\/sulsc.com\/index.php\/wp-json\/wp\/v2\/media?parent=8182"}],"wp:term":[{"taxonomy":"category","embeddable":true,"href":"https:\/\/sulsc.com\/index.php\/wp-json\/wp\/v2\/categories?post=8182"},{"taxonomy":"post_tag","embeddable":true,"href":"https:\/\/sulsc.com\/index.php\/wp-json\/wp\/v2\/tags?post=8182"}],"curies":[{"name":"wp","href":"https:\/\/api.w.org\/{rel}","templated":true}]}}