{"id":8226,"date":"2024-02-05T17:50:00","date_gmt":"2024-02-05T20:50:00","guid":{"rendered":"https:\/\/sulsc.com\/?p=8226"},"modified":"2024-02-05T17:50:00","modified_gmt":"2024-02-05T20:50:00","slug":"artigo-aumento-de-vereadores-em-tubarao-ampliando-o-debate-e-considerando-o-impacto-financeiro","status":"publish","type":"post","link":"https:\/\/sulsc.com\/index.php\/2024\/02\/05\/artigo-aumento-de-vereadores-em-tubarao-ampliando-o-debate-e-considerando-o-impacto-financeiro\/","title":{"rendered":"ARTIGO: Aumento de vereadores em Tubar\u00e3o: Ampliando o debate e considerando o impacto financeiro"},"content":{"rendered":"<p><strong>Jo\u00e3o Fernandes, empres\u00e1rio, ex-vereador e pr\u00e9-candidato a prefeito de Tubar\u00e3o<\/strong><\/p>\n<p><img fetchpriority=\"high\" decoding=\"async\" class=\"aligncenter size-full wp-image-8227\" src=\"http:\/\/sulsc.com\/wp-content\/uploads\/2024\/02\/5-1.png\" alt=\"\" width=\"1208\" height=\"768\" srcset=\"https:\/\/sulsc.com\/wp-content\/uploads\/2024\/02\/5-1.png 1208w, https:\/\/sulsc.com\/wp-content\/uploads\/2024\/02\/5-1-300x191.png 300w, https:\/\/sulsc.com\/wp-content\/uploads\/2024\/02\/5-1-1024x651.png 1024w, https:\/\/sulsc.com\/wp-content\/uploads\/2024\/02\/5-1-768x488.png 768w\" sizes=\"(max-width: 1208px) 100vw, 1208px\" \/><\/p>\n<p>O cen\u00e1rio pol\u00edtico em <strong>Tubar\u00e3o<\/strong> tem sido marcado por um intenso debate em torno da proposta de aumento do n\u00famero de vereadores, passando de 15 para 17 representantes no Legislativo municipal. \u00c9 importante destacar que a popula\u00e7\u00e3o j\u00e1 se posicionou contra essa medida, indicando a necessidade de uma reflex\u00e3o mais profunda sobre a real pertin\u00eancia desse incremento no quadro legislativo. Al\u00e9m disso, \u00e9 crucial considerar os elevados custos que essa mudan\u00e7a acarretaria para os cofres p\u00fablicos.<\/p>\n<p>Esse tema vem ganhando cada vez mais destaque no pa\u00eds inteiro, pois, com o novo censo do IBGE que mostrou o aumento da popula\u00e7\u00e3o nos munic\u00edpios, h\u00e1 brecha para que possam ser aprovados nas C\u00e2maras. \u00c9 evidente que o custo da estrutura da C\u00e2mara ser\u00e1 mais alto, afinal, ser\u00e3o no m\u00ednimo mais 8 pessoas ocupando as depend\u00eancias da C\u00e2mara (2 vereadores e 6 assessores). Mas isso n\u00e3o deve parar por a\u00ed, mesmo porque ser\u00e1 dif\u00edcil acomodar a todos e certamente pedir\u00e3o mais estrutura interna, mais material de expediente, mais assessores, e quem sabe, um novo pr\u00e9dio. Pronto: a gastan\u00e7a se instalou!<\/p>\n<p>Ali\u00e1s, essa foi uma das pautas levantadas por mim durante meus tr\u00eas mandatos como vereador. No meu primeiro mandato eram 10 vereadores, depois aumentou para 17. Em 2011, quando poderia aumentar o n\u00famero, eu fui contr\u00e1rio, mas fui voto vencido. O \u00fanico voto contr\u00e1rio. Em 2015 apresentei novamente o projeto de redu\u00e7\u00e3o para 15. Em 2020, meu projeto foi aprovado. S\u00f3 nessa redu\u00e7\u00e3o, a economia gerada chega a <strong>R$ 4 milh\u00f5es<\/strong>, recurso suficiente para se construir uma ponte, por exemplo.<\/p>\n<p>A democracia se fundamenta na participa\u00e7\u00e3o e na express\u00e3o da vontade popular. Esse posicionamento, que reflete a voz direta dos cidad\u00e3os, n\u00e3o pode ser subestimado. \u00c9 imperativo que os representantes pol\u00edticos respeitem e levem em considera\u00e7\u00e3o a decis\u00e3o daqueles que os elegeram. \u00c9 crucial avaliar a atual estrutura da C\u00e2mara Municipal e buscar meios de fortalecer a participa\u00e7\u00e3o da comunidade nos processos decis\u00f3rios. Iniciativas como audi\u00eancias p\u00fablicas, consultas populares e maior transpar\u00eancia podem ser mais eficazes do que simplesmente aumentar o n\u00famero de vereadores. Al\u00e9m disso, aumentar o n\u00famero de vereadores n\u00e3o \u00e9 uma decis\u00e3o isenta de custos, e isso deve ser cuidadosamente ponderado.<\/p>\n<p>Em um momento em que a gest\u00e3o respons\u00e1vel dos recursos \u00e9 crucial, \u00e9 imperativo questionar se esse investimento \u00e9 realmente priorit\u00e1rio e se n\u00e3o existem outras \u00e1reas que demandam aten\u00e7\u00e3o e recursos mais urgentes, como sa\u00fade, educa\u00e7\u00e3o e infraestrutura.<\/p>\n<p>\u00c9 de se lamentar, ainda, que haja pouco zelo com o dinheiro do pagador de impostos e mais que isso, que vereadores com excelente ficha corrida n\u00e3o tenham tido cuidado de sequer consultar sua base de eleitores. A representatividade \u00e9 um dos princ\u00edpios fundamentais da democracia, e \u00e9 necess\u00e1rio garantir que a voz de todos os cidad\u00e3os seja ouvida. Entretanto, a simples amplia\u00e7\u00e3o do n\u00famero de vereadores n\u00e3o garante, por si s\u00f3, uma representa\u00e7\u00e3o mais eficaz. Afinal, o que 17 vereadores far\u00e3o que 15 n\u00e3o conseguem fazer? Essa \u00e9 a pergunta que fica.<\/p>\n<p><strong>Jo\u00e3o Fernandes, empres\u00e1rio, ex-vereador e pr\u00e9-candidato a prefeito de Tubar\u00e3o<\/strong><\/p>\n","protected":false},"excerpt":{"rendered":"<p>Jo\u00e3o Fernandes, empres\u00e1rio, ex-vereador e pr\u00e9-candidato a prefeito de Tubar\u00e3o O cen\u00e1rio pol\u00edtico em Tubar\u00e3o tem sido marcado por um intenso debate em torno da proposta de aumento do n\u00famero de vereadores, passando de 15 para 17 representantes no Legislativo municipal. \u00c9 importante destacar que a popula\u00e7\u00e3o j\u00e1 se posicionou contra essa medida, indicando a &hellip;<\/p>\n<p class=\"read-more\"> <a class=\"\" href=\"https:\/\/sulsc.com\/index.php\/2024\/02\/05\/artigo-aumento-de-vereadores-em-tubarao-ampliando-o-debate-e-considerando-o-impacto-financeiro\/\"> <span class=\"screen-reader-text\">ARTIGO: Aumento de vereadores em Tubar\u00e3o: Ampliando o debate e considerando o impacto financeiro<\/span> Read More &raquo;<\/a><\/p>\n","protected":false},"author":3,"featured_media":8227,"comment_status":"open","ping_status":"open","sticky":false,"template":"","format":"standard","meta":{"site-sidebar-layout":"default","site-content-layout":"","ast-site-content-layout":"default","site-content-style":"default","site-sidebar-style":"default","ast-global-header-display":"","ast-banner-title-visibility":"","ast-main-header-display":"","ast-hfb-above-header-display":"","ast-hfb-below-header-display":"","ast-hfb-mobile-header-display":"","site-post-title":"","ast-breadcrumbs-content":"","ast-featured-img":"","footer-sml-layout":"","theme-transparent-header-meta":"default","adv-header-id-meta":"","stick-header-meta":"","header-above-stick-meta":"","header-main-stick-meta":"","header-below-stick-meta":"","astra-migrate-meta-layouts":"set","footnotes":""},"categories":[694],"tags":[271,1099,1100,88,72],"yoast_head":"<!-- This site is optimized with the Yoast SEO plugin v21.4 - https:\/\/yoast.com\/wordpress\/plugins\/seo\/ -->\n<title>ARTIGO: Aumento de vereadores em Tubar\u00e3o: Ampliando o debate e considerando o impacto financeiro -<\/title>\n<meta name=\"robots\" content=\"index, follow, max-snippet:-1, max-image-preview:large, max-video-preview:-1\" \/>\n<link rel=\"canonical\" href=\"https:\/\/sulsc.com\/index.php\/2024\/02\/05\/artigo-aumento-de-vereadores-em-tubarao-ampliando-o-debate-e-considerando-o-impacto-financeiro\/\" \/>\n<meta property=\"og:locale\" content=\"en_US\" \/>\n<meta property=\"og:type\" content=\"article\" \/>\n<meta property=\"og:title\" content=\"ARTIGO: Aumento de vereadores em Tubar\u00e3o: Ampliando o debate e considerando o impacto financeiro -\" \/>\n<meta property=\"og:description\" content=\"Jo\u00e3o Fernandes, empres\u00e1rio, ex-vereador e pr\u00e9-candidato a prefeito de Tubar\u00e3o O cen\u00e1rio pol\u00edtico em Tubar\u00e3o tem sido marcado por um intenso debate em torno da proposta de aumento do n\u00famero de vereadores, passando de 15 para 17 representantes no Legislativo municipal. \u00c9 importante destacar que a popula\u00e7\u00e3o j\u00e1 se posicionou contra essa medida, indicando a &hellip; ARTIGO: Aumento de vereadores em Tubar\u00e3o: Ampliando o debate e considerando o impacto financeiro Read More &raquo;\" \/>\n<meta property=\"og:url\" content=\"https:\/\/sulsc.com\/index.php\/2024\/02\/05\/artigo-aumento-de-vereadores-em-tubarao-ampliando-o-debate-e-considerando-o-impacto-financeiro\/\" \/>\n<meta property=\"article:author\" content=\"https:\/\/www.facebook.com\/profile.php?id=61559278119680\" \/>\n<meta property=\"article:published_time\" content=\"2024-02-05T20:50:00+00:00\" \/>\n<meta property=\"og:image\" content=\"http:\/\/sulsc.com\/wp-content\/uploads\/2024\/02\/5-1.png\" \/>\n\t<meta property=\"og:image:width\" content=\"1208\" \/>\n\t<meta property=\"og:image:height\" content=\"768\" \/>\n\t<meta property=\"og:image:type\" content=\"image\/png\" \/>\n<meta name=\"author\" content=\"Reda\u00e7\u00e3o Sul SC\" \/>\n<meta name=\"twitter:card\" content=\"summary_large_image\" \/>\n<meta name=\"twitter:creator\" content=\"@https:\/\/twitter.com\/PortalSulSC\" \/>\n<meta name=\"twitter:label1\" content=\"Written by\" \/>\n\t<meta name=\"twitter:data1\" content=\"Reda\u00e7\u00e3o Sul SC\" \/>\n\t<meta name=\"twitter:label2\" content=\"Est. reading time\" \/>\n\t<meta name=\"twitter:data2\" content=\"4 minutes\" \/>\n<script type=\"application\/ld+json\" class=\"yoast-schema-graph\">{\"@context\":\"https:\/\/schema.org\",\"@graph\":[{\"@type\":\"WebPage\",\"@id\":\"https:\/\/sulsc.com\/index.php\/2024\/02\/05\/artigo-aumento-de-vereadores-em-tubarao-ampliando-o-debate-e-considerando-o-impacto-financeiro\/\",\"url\":\"https:\/\/sulsc.com\/index.php\/2024\/02\/05\/artigo-aumento-de-vereadores-em-tubarao-ampliando-o-debate-e-considerando-o-impacto-financeiro\/\",\"name\":\"ARTIGO: Aumento de vereadores em Tubar\u00e3o: Ampliando o debate e considerando o impacto financeiro -\",\"isPartOf\":{\"@id\":\"https:\/\/sulsc.com\/#website\"},\"datePublished\":\"2024-02-05T20:50:00+00:00\",\"dateModified\":\"2024-02-05T20:50:00+00:00\",\"author\":{\"@id\":\"https:\/\/sulsc.com\/#\/schema\/person\/84d2fc571684f6248ba83092f07750a3\"},\"breadcrumb\":{\"@id\":\"https:\/\/sulsc.com\/index.php\/2024\/02\/05\/artigo-aumento-de-vereadores-em-tubarao-ampliando-o-debate-e-considerando-o-impacto-financeiro\/#breadcrumb\"},\"inLanguage\":\"en-US\",\"potentialAction\":[{\"@type\":\"ReadAction\",\"target\":[\"https:\/\/sulsc.com\/index.php\/2024\/02\/05\/artigo-aumento-de-vereadores-em-tubarao-ampliando-o-debate-e-considerando-o-impacto-financeiro\/\"]}]},{\"@type\":\"BreadcrumbList\",\"@id\":\"https:\/\/sulsc.com\/index.php\/2024\/02\/05\/artigo-aumento-de-vereadores-em-tubarao-ampliando-o-debate-e-considerando-o-impacto-financeiro\/#breadcrumb\",\"itemListElement\":[{\"@type\":\"ListItem\",\"position\":1,\"name\":\"In\u00edcio\",\"item\":\"https:\/\/sulsc.com\/\"},{\"@type\":\"ListItem\",\"position\":2,\"name\":\"ARTIGO: Aumento de vereadores em Tubar\u00e3o: Ampliando o debate e considerando o impacto financeiro\"}]},{\"@type\":\"WebSite\",\"@id\":\"https:\/\/sulsc.com\/#website\",\"url\":\"https:\/\/sulsc.com\/\",\"name\":\"\",\"description\":\"\",\"potentialAction\":[{\"@type\":\"SearchAction\",\"target\":{\"@type\":\"EntryPoint\",\"urlTemplate\":\"https:\/\/sulsc.com\/?s={search_term_string}\"},\"query-input\":\"required name=search_term_string\"}],\"inLanguage\":\"en-US\"},{\"@type\":\"Person\",\"@id\":\"https:\/\/sulsc.com\/#\/schema\/person\/84d2fc571684f6248ba83092f07750a3\",\"name\":\"Reda\u00e7\u00e3o Sul SC\",\"image\":{\"@type\":\"ImageObject\",\"inLanguage\":\"en-US\",\"@id\":\"https:\/\/sulsc.com\/#\/schema\/person\/image\/e08d7fe2cc4ed596372063bbe852b8d0\",\"url\":\"https:\/\/sulsc.com\/wp-content\/uploads\/2023\/09\/redacao.png\",\"contentUrl\":\"https:\/\/sulsc.com\/wp-content\/uploads\/2023\/09\/redacao.png\",\"caption\":\"Reda\u00e7\u00e3o Sul SC\"},\"description\":\"Foco em um jornalismo imparcial, voltado \u00e0 qualidade dos seus conte\u00fados e, assim, levar informa\u00e7\u00e3o de valor que agregue \u00e0 vida dos leitores. Esta \u00e9 grande miss\u00e3o do Portal de Not\u00edcias Sul SC. N\u00e3o \u00e9 quantidade que muda o mundo, sempre foi e seguir\u00e1 sendo qualidade!\",\"sameAs\":[\"https:\/\/sulsc.com\/\",\"https:\/\/www.facebook.com\/profile.php?id=61559278119680\",\"https:\/\/www.instagram.com\/sulscportal\/?hl=pt-br\",\"https:\/\/twitter.com\/https:\/\/twitter.com\/PortalSulSC\",\"https:\/\/www.youtube.com\/channel\/UCv_BE8GeySluDov2n8qhVmw\"],\"url\":\"https:\/\/sulsc.com\/index.php\/author\/redacao\/\"}]}<\/script>\n<!-- \/ Yoast SEO plugin. -->","yoast_head_json":{"title":"ARTIGO: Aumento de vereadores em Tubar\u00e3o: Ampliando o debate e considerando o impacto financeiro -","robots":{"index":"index","follow":"follow","max-snippet":"max-snippet:-1","max-image-preview":"max-image-preview:large","max-video-preview":"max-video-preview:-1"},"canonical":"https:\/\/sulsc.com\/index.php\/2024\/02\/05\/artigo-aumento-de-vereadores-em-tubarao-ampliando-o-debate-e-considerando-o-impacto-financeiro\/","og_locale":"en_US","og_type":"article","og_title":"ARTIGO: Aumento de vereadores em Tubar\u00e3o: Ampliando o debate e considerando o impacto financeiro -","og_description":"Jo\u00e3o Fernandes, empres\u00e1rio, ex-vereador e pr\u00e9-candidato a prefeito de Tubar\u00e3o O cen\u00e1rio pol\u00edtico em Tubar\u00e3o tem sido marcado por um intenso debate em torno da proposta de aumento do n\u00famero de vereadores, passando de 15 para 17 representantes no Legislativo municipal. \u00c9 importante destacar que a popula\u00e7\u00e3o j\u00e1 se posicionou contra essa medida, indicando a &hellip; ARTIGO: Aumento de vereadores em Tubar\u00e3o: Ampliando o debate e considerando o impacto financeiro Read More &raquo;","og_url":"https:\/\/sulsc.com\/index.php\/2024\/02\/05\/artigo-aumento-de-vereadores-em-tubarao-ampliando-o-debate-e-considerando-o-impacto-financeiro\/","article_author":"https:\/\/www.facebook.com\/profile.php?id=61559278119680","article_published_time":"2024-02-05T20:50:00+00:00","og_image":[{"width":1208,"height":768,"url":"http:\/\/sulsc.com\/wp-content\/uploads\/2024\/02\/5-1.png","type":"image\/png"}],"author":"Reda\u00e7\u00e3o Sul SC","twitter_card":"summary_large_image","twitter_creator":"@https:\/\/twitter.com\/PortalSulSC","twitter_misc":{"Written by":"Reda\u00e7\u00e3o Sul SC","Est. reading time":"4 minutes"},"schema":{"@context":"https:\/\/schema.org","@graph":[{"@type":"WebPage","@id":"https:\/\/sulsc.com\/index.php\/2024\/02\/05\/artigo-aumento-de-vereadores-em-tubarao-ampliando-o-debate-e-considerando-o-impacto-financeiro\/","url":"https:\/\/sulsc.com\/index.php\/2024\/02\/05\/artigo-aumento-de-vereadores-em-tubarao-ampliando-o-debate-e-considerando-o-impacto-financeiro\/","name":"ARTIGO: Aumento de vereadores em Tubar\u00e3o: Ampliando o debate e considerando o impacto financeiro -","isPartOf":{"@id":"https:\/\/sulsc.com\/#website"},"datePublished":"2024-02-05T20:50:00+00:00","dateModified":"2024-02-05T20:50:00+00:00","author":{"@id":"https:\/\/sulsc.com\/#\/schema\/person\/84d2fc571684f6248ba83092f07750a3"},"breadcrumb":{"@id":"https:\/\/sulsc.com\/index.php\/2024\/02\/05\/artigo-aumento-de-vereadores-em-tubarao-ampliando-o-debate-e-considerando-o-impacto-financeiro\/#breadcrumb"},"inLanguage":"en-US","potentialAction":[{"@type":"ReadAction","target":["https:\/\/sulsc.com\/index.php\/2024\/02\/05\/artigo-aumento-de-vereadores-em-tubarao-ampliando-o-debate-e-considerando-o-impacto-financeiro\/"]}]},{"@type":"BreadcrumbList","@id":"https:\/\/sulsc.com\/index.php\/2024\/02\/05\/artigo-aumento-de-vereadores-em-tubarao-ampliando-o-debate-e-considerando-o-impacto-financeiro\/#breadcrumb","itemListElement":[{"@type":"ListItem","position":1,"name":"In\u00edcio","item":"https:\/\/sulsc.com\/"},{"@type":"ListItem","position":2,"name":"ARTIGO: Aumento de vereadores em Tubar\u00e3o: Ampliando o debate e considerando o impacto financeiro"}]},{"@type":"WebSite","@id":"https:\/\/sulsc.com\/#website","url":"https:\/\/sulsc.com\/","name":"","description":"","potentialAction":[{"@type":"SearchAction","target":{"@type":"EntryPoint","urlTemplate":"https:\/\/sulsc.com\/?s={search_term_string}"},"query-input":"required name=search_term_string"}],"inLanguage":"en-US"},{"@type":"Person","@id":"https:\/\/sulsc.com\/#\/schema\/person\/84d2fc571684f6248ba83092f07750a3","name":"Reda\u00e7\u00e3o Sul SC","image":{"@type":"ImageObject","inLanguage":"en-US","@id":"https:\/\/sulsc.com\/#\/schema\/person\/image\/e08d7fe2cc4ed596372063bbe852b8d0","url":"https:\/\/sulsc.com\/wp-content\/uploads\/2023\/09\/redacao.png","contentUrl":"https:\/\/sulsc.com\/wp-content\/uploads\/2023\/09\/redacao.png","caption":"Reda\u00e7\u00e3o Sul SC"},"description":"Foco em um jornalismo imparcial, voltado \u00e0 qualidade dos seus conte\u00fados e, assim, levar informa\u00e7\u00e3o de valor que agregue \u00e0 vida dos leitores. Esta \u00e9 grande miss\u00e3o do Portal de Not\u00edcias Sul SC. N\u00e3o \u00e9 quantidade que muda o mundo, sempre foi e seguir\u00e1 sendo qualidade!","sameAs":["https:\/\/sulsc.com\/","https:\/\/www.facebook.com\/profile.php?id=61559278119680","https:\/\/www.instagram.com\/sulscportal\/?hl=pt-br","https:\/\/twitter.com\/https:\/\/twitter.com\/PortalSulSC","https:\/\/www.youtube.com\/channel\/UCv_BE8GeySluDov2n8qhVmw"],"url":"https:\/\/sulsc.com\/index.php\/author\/redacao\/"}]}},"authors":[],"_links":{"self":[{"href":"https:\/\/sulsc.com\/index.php\/wp-json\/wp\/v2\/posts\/8226"}],"collection":[{"href":"https:\/\/sulsc.com\/index.php\/wp-json\/wp\/v2\/posts"}],"about":[{"href":"https:\/\/sulsc.com\/index.php\/wp-json\/wp\/v2\/types\/post"}],"author":[{"embeddable":true,"href":"https:\/\/sulsc.com\/index.php\/wp-json\/wp\/v2\/users\/3"}],"replies":[{"embeddable":true,"href":"https:\/\/sulsc.com\/index.php\/wp-json\/wp\/v2\/comments?post=8226"}],"version-history":[{"count":1,"href":"https:\/\/sulsc.com\/index.php\/wp-json\/wp\/v2\/posts\/8226\/revisions"}],"predecessor-version":[{"id":8228,"href":"https:\/\/sulsc.com\/index.php\/wp-json\/wp\/v2\/posts\/8226\/revisions\/8228"}],"wp:featuredmedia":[{"embeddable":true,"href":"https:\/\/sulsc.com\/index.php\/wp-json\/wp\/v2\/media\/8227"}],"wp:attachment":[{"href":"https:\/\/sulsc.com\/index.php\/wp-json\/wp\/v2\/media?parent=8226"}],"wp:term":[{"taxonomy":"category","embeddable":true,"href":"https:\/\/sulsc.com\/index.php\/wp-json\/wp\/v2\/categories?post=8226"},{"taxonomy":"post_tag","embeddable":true,"href":"https:\/\/sulsc.com\/index.php\/wp-json\/wp\/v2\/tags?post=8226"}],"curies":[{"name":"wp","href":"https:\/\/api.w.org\/{rel}","templated":true}]}}