{"id":8232,"date":"2024-02-06T07:40:23","date_gmt":"2024-02-06T10:40:23","guid":{"rendered":"https:\/\/sulsc.com\/?p=8232"},"modified":"2024-02-06T07:41:54","modified_gmt":"2024-02-06T10:41:54","slug":"mulher-e-morta-a-tiros-em-ararangua","status":"publish","type":"post","link":"https:\/\/sulsc.com\/index.php\/2024\/02\/06\/mulher-e-morta-a-tiros-em-ararangua\/","title":{"rendered":"Mulher \u00e9 morta a tiros em Ararangu\u00e1"},"content":{"rendered":"<p>Um crime de homic\u00eddio foi registrado na noite desta segunda-feira (5), em Ararangu\u00e1. Uma mulher, de 33 anos, foi morta a tiros dentro de casa por volta das 23h45<\/p>\n<p>O crime ocorreu no bairro Lago\u00e3o. No local, testemunhas relataram \u00e0 Pol\u00edcia Militar (PM) que dois homens, que usavam touca balaclava, foram at\u00e9 a resid\u00eancia com uma motocicleta, arrombaram a porta da frente e efetuaram disparos.<\/p>\n<p>Conforme a PM, a v\u00edtima estava sentada no sof\u00e1 j\u00e1 sem vida com diversos disparos de arma de fogo. As Pol\u00edcias Civil e Cient\u00edfica (antigo IGP) estiveram no local. Ainda de acordo com a PM, os peritos indicaram que, \u00e0 princ\u00edpio, os tiros teriam sido efetuados com armas de calibre 380 e 9 mil\u00edmetros.<\/p>\n<p><img fetchpriority=\"high\" decoding=\"async\" class=\"alignnone wp-image-2963 size-full\" src=\"http:\/\/sulsc.com\/wp-content\/uploads\/2023\/10\/arma-de-fogo.jpg\" alt=\"\" width=\"626\" height=\"417\" srcset=\"https:\/\/sulsc.com\/wp-content\/uploads\/2023\/10\/arma-de-fogo.jpg 626w, https:\/\/sulsc.com\/wp-content\/uploads\/2023\/10\/arma-de-fogo-300x200.jpg 300w\" sizes=\"(max-width: 626px) 100vw, 626px\" \/><\/p>\n<p>Fonte: Engeplus<\/p>\n","protected":false},"excerpt":{"rendered":"<p>Um crime de homic\u00eddio foi registrado na noite desta segunda-feira (5), em Ararangu\u00e1. Uma mulher, de 33 anos, foi morta a tiros dentro de casa por volta das 23h45 O crime ocorreu no bairro Lago\u00e3o. No local, testemunhas relataram \u00e0 Pol\u00edcia Militar (PM) que dois homens, que usavam touca balaclava, foram at\u00e9 a resid\u00eancia com &hellip;<\/p>\n<p class=\"read-more\"> <a class=\"\" href=\"https:\/\/sulsc.com\/index.php\/2024\/02\/06\/mulher-e-morta-a-tiros-em-ararangua\/\"> <span class=\"screen-reader-text\">Mulher \u00e9 morta a tiros em Ararangu\u00e1<\/span> Read More &raquo;<\/a><\/p>\n","protected":false},"author":3,"featured_media":2963,"comment_status":"open","ping_status":"open","sticky":false,"template":"","format":"standard","meta":{"site-sidebar-layout":"default","site-content-layout":"","ast-site-content-layout":"default","site-content-style":"default","site-sidebar-style":"default","ast-global-header-display":"","ast-banner-title-visibility":"","ast-main-header-display":"","ast-hfb-above-header-display":"","ast-hfb-below-header-display":"","ast-hfb-mobile-header-display":"","site-post-title":"","ast-breadcrumbs-content":"","ast-featured-img":"","footer-sml-layout":"","theme-transparent-header-meta":"default","adv-header-id-meta":"","stick-header-meta":"","header-above-stick-meta":"","header-main-stick-meta":"","header-below-stick-meta":"","astra-migrate-meta-layouts":"set","footnotes":""},"categories":[24,8],"tags":[639,351],"yoast_head":"<!-- This site is optimized with the Yoast SEO plugin v21.4 - https:\/\/yoast.com\/wordpress\/plugins\/seo\/ -->\n<title>Mulher \u00e9 morta a tiros em Ararangu\u00e1 -<\/title>\n<meta name=\"description\" content=\"Testemunhas relataram que dois homens foram at\u00e9 a resid\u00eancia com uma motocicleta, arrombaram a porta da frente e efetuaram disparos\" \/>\n<meta name=\"robots\" content=\"index, follow, max-snippet:-1, max-image-preview:large, max-video-preview:-1\" \/>\n<link rel=\"canonical\" href=\"https:\/\/sulsc.com\/index.php\/2024\/02\/06\/mulher-e-morta-a-tiros-em-ararangua\/\" \/>\n<meta property=\"og:locale\" content=\"en_US\" \/>\n<meta property=\"og:type\" content=\"article\" \/>\n<meta property=\"og:title\" content=\"Mulher \u00e9 morta a tiros em Ararangu\u00e1 -\" \/>\n<meta property=\"og:description\" content=\"Testemunhas relataram que dois homens foram at\u00e9 a resid\u00eancia com uma motocicleta, arrombaram a porta da frente e efetuaram disparos\" \/>\n<meta property=\"og:url\" content=\"https:\/\/sulsc.com\/index.php\/2024\/02\/06\/mulher-e-morta-a-tiros-em-ararangua\/\" \/>\n<meta property=\"article:author\" content=\"https:\/\/www.facebook.com\/profile.php?id=61559278119680\" \/>\n<meta property=\"article:published_time\" content=\"2024-02-06T10:40:23+00:00\" \/>\n<meta property=\"article:modified_time\" content=\"2024-02-06T10:41:54+00:00\" \/>\n<meta property=\"og:image\" content=\"http:\/\/sulsc.com\/wp-content\/uploads\/2023\/10\/arma-de-fogo.jpg\" \/>\n\t<meta property=\"og:image:width\" content=\"626\" \/>\n\t<meta property=\"og:image:height\" content=\"417\" \/>\n\t<meta property=\"og:image:type\" content=\"image\/jpeg\" \/>\n<meta name=\"author\" content=\"Reda\u00e7\u00e3o Sul SC\" \/>\n<meta name=\"twitter:card\" content=\"summary_large_image\" \/>\n<meta name=\"twitter:creator\" content=\"@https:\/\/twitter.com\/PortalSulSC\" \/>\n<meta name=\"twitter:label1\" content=\"Written by\" \/>\n\t<meta name=\"twitter:data1\" content=\"Reda\u00e7\u00e3o Sul SC\" \/>\n\t<meta name=\"twitter:label2\" content=\"Est. reading time\" \/>\n\t<meta name=\"twitter:data2\" content=\"1 minute\" \/>\n<script type=\"application\/ld+json\" class=\"yoast-schema-graph\">{\"@context\":\"https:\/\/schema.org\",\"@graph\":[{\"@type\":\"WebPage\",\"@id\":\"https:\/\/sulsc.com\/index.php\/2024\/02\/06\/mulher-e-morta-a-tiros-em-ararangua\/\",\"url\":\"https:\/\/sulsc.com\/index.php\/2024\/02\/06\/mulher-e-morta-a-tiros-em-ararangua\/\",\"name\":\"Mulher \u00e9 morta a tiros em Ararangu\u00e1 -\",\"isPartOf\":{\"@id\":\"https:\/\/sulsc.com\/#website\"},\"datePublished\":\"2024-02-06T10:40:23+00:00\",\"dateModified\":\"2024-02-06T10:41:54+00:00\",\"author\":{\"@id\":\"https:\/\/sulsc.com\/#\/schema\/person\/84d2fc571684f6248ba83092f07750a3\"},\"description\":\"Testemunhas relataram que dois homens foram at\u00e9 a resid\u00eancia com uma motocicleta, arrombaram a porta da frente e efetuaram disparos\",\"breadcrumb\":{\"@id\":\"https:\/\/sulsc.com\/index.php\/2024\/02\/06\/mulher-e-morta-a-tiros-em-ararangua\/#breadcrumb\"},\"inLanguage\":\"en-US\",\"potentialAction\":[{\"@type\":\"ReadAction\",\"target\":[\"https:\/\/sulsc.com\/index.php\/2024\/02\/06\/mulher-e-morta-a-tiros-em-ararangua\/\"]}]},{\"@type\":\"BreadcrumbList\",\"@id\":\"https:\/\/sulsc.com\/index.php\/2024\/02\/06\/mulher-e-morta-a-tiros-em-ararangua\/#breadcrumb\",\"itemListElement\":[{\"@type\":\"ListItem\",\"position\":1,\"name\":\"In\u00edcio\",\"item\":\"https:\/\/sulsc.com\/\"},{\"@type\":\"ListItem\",\"position\":2,\"name\":\"Mulher \u00e9 morta a tiros em Ararangu\u00e1\"}]},{\"@type\":\"WebSite\",\"@id\":\"https:\/\/sulsc.com\/#website\",\"url\":\"https:\/\/sulsc.com\/\",\"name\":\"\",\"description\":\"\",\"potentialAction\":[{\"@type\":\"SearchAction\",\"target\":{\"@type\":\"EntryPoint\",\"urlTemplate\":\"https:\/\/sulsc.com\/?s={search_term_string}\"},\"query-input\":\"required name=search_term_string\"}],\"inLanguage\":\"en-US\"},{\"@type\":\"Person\",\"@id\":\"https:\/\/sulsc.com\/#\/schema\/person\/84d2fc571684f6248ba83092f07750a3\",\"name\":\"Reda\u00e7\u00e3o Sul SC\",\"image\":{\"@type\":\"ImageObject\",\"inLanguage\":\"en-US\",\"@id\":\"https:\/\/sulsc.com\/#\/schema\/person\/image\/e08d7fe2cc4ed596372063bbe852b8d0\",\"url\":\"https:\/\/sulsc.com\/wp-content\/uploads\/2023\/09\/redacao.png\",\"contentUrl\":\"https:\/\/sulsc.com\/wp-content\/uploads\/2023\/09\/redacao.png\",\"caption\":\"Reda\u00e7\u00e3o Sul SC\"},\"description\":\"Foco em um jornalismo imparcial, voltado \u00e0 qualidade dos seus conte\u00fados e, assim, levar informa\u00e7\u00e3o de valor que agregue \u00e0 vida dos leitores. Esta \u00e9 grande miss\u00e3o do Portal de Not\u00edcias Sul SC. N\u00e3o \u00e9 quantidade que muda o mundo, sempre foi e seguir\u00e1 sendo qualidade!\",\"sameAs\":[\"https:\/\/sulsc.com\/\",\"https:\/\/www.facebook.com\/profile.php?id=61559278119680\",\"https:\/\/www.instagram.com\/sulscportal\/?hl=pt-br\",\"https:\/\/twitter.com\/https:\/\/twitter.com\/PortalSulSC\",\"https:\/\/www.youtube.com\/channel\/UCv_BE8GeySluDov2n8qhVmw\"],\"url\":\"https:\/\/sulsc.com\/index.php\/author\/redacao\/\"}]}<\/script>\n<!-- \/ Yoast SEO plugin. -->","yoast_head_json":{"title":"Mulher \u00e9 morta a tiros em Ararangu\u00e1 -","description":"Testemunhas relataram que dois homens foram at\u00e9 a resid\u00eancia com uma motocicleta, arrombaram a porta da frente e efetuaram disparos","robots":{"index":"index","follow":"follow","max-snippet":"max-snippet:-1","max-image-preview":"max-image-preview:large","max-video-preview":"max-video-preview:-1"},"canonical":"https:\/\/sulsc.com\/index.php\/2024\/02\/06\/mulher-e-morta-a-tiros-em-ararangua\/","og_locale":"en_US","og_type":"article","og_title":"Mulher \u00e9 morta a tiros em Ararangu\u00e1 -","og_description":"Testemunhas relataram que dois homens foram at\u00e9 a resid\u00eancia com uma motocicleta, arrombaram a porta da frente e efetuaram disparos","og_url":"https:\/\/sulsc.com\/index.php\/2024\/02\/06\/mulher-e-morta-a-tiros-em-ararangua\/","article_author":"https:\/\/www.facebook.com\/profile.php?id=61559278119680","article_published_time":"2024-02-06T10:40:23+00:00","article_modified_time":"2024-02-06T10:41:54+00:00","og_image":[{"width":626,"height":417,"url":"http:\/\/sulsc.com\/wp-content\/uploads\/2023\/10\/arma-de-fogo.jpg","type":"image\/jpeg"}],"author":"Reda\u00e7\u00e3o Sul SC","twitter_card":"summary_large_image","twitter_creator":"@https:\/\/twitter.com\/PortalSulSC","twitter_misc":{"Written by":"Reda\u00e7\u00e3o Sul SC","Est. reading time":"1 minute"},"schema":{"@context":"https:\/\/schema.org","@graph":[{"@type":"WebPage","@id":"https:\/\/sulsc.com\/index.php\/2024\/02\/06\/mulher-e-morta-a-tiros-em-ararangua\/","url":"https:\/\/sulsc.com\/index.php\/2024\/02\/06\/mulher-e-morta-a-tiros-em-ararangua\/","name":"Mulher \u00e9 morta a tiros em Ararangu\u00e1 -","isPartOf":{"@id":"https:\/\/sulsc.com\/#website"},"datePublished":"2024-02-06T10:40:23+00:00","dateModified":"2024-02-06T10:41:54+00:00","author":{"@id":"https:\/\/sulsc.com\/#\/schema\/person\/84d2fc571684f6248ba83092f07750a3"},"description":"Testemunhas relataram que dois homens foram at\u00e9 a resid\u00eancia com uma motocicleta, arrombaram a porta da frente e efetuaram disparos","breadcrumb":{"@id":"https:\/\/sulsc.com\/index.php\/2024\/02\/06\/mulher-e-morta-a-tiros-em-ararangua\/#breadcrumb"},"inLanguage":"en-US","potentialAction":[{"@type":"ReadAction","target":["https:\/\/sulsc.com\/index.php\/2024\/02\/06\/mulher-e-morta-a-tiros-em-ararangua\/"]}]},{"@type":"BreadcrumbList","@id":"https:\/\/sulsc.com\/index.php\/2024\/02\/06\/mulher-e-morta-a-tiros-em-ararangua\/#breadcrumb","itemListElement":[{"@type":"ListItem","position":1,"name":"In\u00edcio","item":"https:\/\/sulsc.com\/"},{"@type":"ListItem","position":2,"name":"Mulher \u00e9 morta a tiros em Ararangu\u00e1"}]},{"@type":"WebSite","@id":"https:\/\/sulsc.com\/#website","url":"https:\/\/sulsc.com\/","name":"","description":"","potentialAction":[{"@type":"SearchAction","target":{"@type":"EntryPoint","urlTemplate":"https:\/\/sulsc.com\/?s={search_term_string}"},"query-input":"required name=search_term_string"}],"inLanguage":"en-US"},{"@type":"Person","@id":"https:\/\/sulsc.com\/#\/schema\/person\/84d2fc571684f6248ba83092f07750a3","name":"Reda\u00e7\u00e3o Sul SC","image":{"@type":"ImageObject","inLanguage":"en-US","@id":"https:\/\/sulsc.com\/#\/schema\/person\/image\/e08d7fe2cc4ed596372063bbe852b8d0","url":"https:\/\/sulsc.com\/wp-content\/uploads\/2023\/09\/redacao.png","contentUrl":"https:\/\/sulsc.com\/wp-content\/uploads\/2023\/09\/redacao.png","caption":"Reda\u00e7\u00e3o Sul SC"},"description":"Foco em um jornalismo imparcial, voltado \u00e0 qualidade dos seus conte\u00fados e, assim, levar informa\u00e7\u00e3o de valor que agregue \u00e0 vida dos leitores. Esta \u00e9 grande miss\u00e3o do Portal de Not\u00edcias Sul SC. N\u00e3o \u00e9 quantidade que muda o mundo, sempre foi e seguir\u00e1 sendo qualidade!","sameAs":["https:\/\/sulsc.com\/","https:\/\/www.facebook.com\/profile.php?id=61559278119680","https:\/\/www.instagram.com\/sulscportal\/?hl=pt-br","https:\/\/twitter.com\/https:\/\/twitter.com\/PortalSulSC","https:\/\/www.youtube.com\/channel\/UCv_BE8GeySluDov2n8qhVmw"],"url":"https:\/\/sulsc.com\/index.php\/author\/redacao\/"}]}},"authors":[],"_links":{"self":[{"href":"https:\/\/sulsc.com\/index.php\/wp-json\/wp\/v2\/posts\/8232"}],"collection":[{"href":"https:\/\/sulsc.com\/index.php\/wp-json\/wp\/v2\/posts"}],"about":[{"href":"https:\/\/sulsc.com\/index.php\/wp-json\/wp\/v2\/types\/post"}],"author":[{"embeddable":true,"href":"https:\/\/sulsc.com\/index.php\/wp-json\/wp\/v2\/users\/3"}],"replies":[{"embeddable":true,"href":"https:\/\/sulsc.com\/index.php\/wp-json\/wp\/v2\/comments?post=8232"}],"version-history":[{"count":1,"href":"https:\/\/sulsc.com\/index.php\/wp-json\/wp\/v2\/posts\/8232\/revisions"}],"predecessor-version":[{"id":8233,"href":"https:\/\/sulsc.com\/index.php\/wp-json\/wp\/v2\/posts\/8232\/revisions\/8233"}],"wp:featuredmedia":[{"embeddable":true,"href":"https:\/\/sulsc.com\/index.php\/wp-json\/wp\/v2\/media\/2963"}],"wp:attachment":[{"href":"https:\/\/sulsc.com\/index.php\/wp-json\/wp\/v2\/media?parent=8232"}],"wp:term":[{"taxonomy":"category","embeddable":true,"href":"https:\/\/sulsc.com\/index.php\/wp-json\/wp\/v2\/categories?post=8232"},{"taxonomy":"post_tag","embeddable":true,"href":"https:\/\/sulsc.com\/index.php\/wp-json\/wp\/v2\/tags?post=8232"}],"curies":[{"name":"wp","href":"https:\/\/api.w.org\/{rel}","templated":true}]}}