{"id":8261,"date":"2024-02-06T13:57:17","date_gmt":"2024-02-06T16:57:17","guid":{"rendered":"https:\/\/sulsc.com\/?p=8261"},"modified":"2024-02-06T13:57:17","modified_gmt":"2024-02-06T16:57:17","slug":"nayib-bukele-presidente-reeleito-de-el-salvador-e-sua-trajetoria-no-combate-ao-crime","status":"publish","type":"post","link":"https:\/\/sulsc.com\/index.php\/2024\/02\/06\/nayib-bukele-presidente-reeleito-de-el-salvador-e-sua-trajetoria-no-combate-ao-crime\/","title":{"rendered":"Nayib Bukele, presidente reeleito de El Salvador, e sua trajet\u00f3ria no combate ao crime"},"content":{"rendered":"<p><img fetchpriority=\"high\" decoding=\"async\" class=\"aligncenter  wp-image-8262\" src=\"http:\/\/sulsc.com\/wp-content\/uploads\/2024\/02\/3.png\" alt=\"\" width=\"697\" height=\"407\" \/><\/p>\n<p>Nayib Bukele foi reeleito presidente de El Salvador em uma campanha onde j\u00e1 era amplamente favorito desde o in\u00edcio, devido aos seus \u00edndices de aprova\u00e7\u00e3o que chegam a 90% entre a popula\u00e7\u00e3o desde que assumiu o cargo em 2019, segundo diversos estudos.<\/p>\n<p>Durante seu primeiro mandato, Bukele conseguiu reduzir os n\u00edveis de viol\u00eancia a m\u00ednimos hist\u00f3ricos em El Salvador. Em 2015, o pa\u00eds era o l\u00edder mundial em n\u00famero de homic\u00eddios per capita, mas hoje \u00e9 considerado um dos mais seguros das Am\u00e9ricas.<\/p>\n<p>No entanto, sua abordagem en\u00e9rgica contra o crime organizado e o estado de emerg\u00eancia em vigor no pa\u00eds h\u00e1 quase dois anos tamb\u00e9m geraram cr\u00edticas. Ele foi acusado de realizar deten\u00e7\u00f5es supostamente arbitr\u00e1rias de pessoas inocentes, al\u00e9m de abusos contra os direitos humanos, tortura e morte de centenas de pessoas privadas de seus direitos e liberdade.<\/p>\n<p>Desde o in\u00edcio do estado de emerg\u00eancia, decretado em mar\u00e7o de 2022 para combater a viol\u00eancia, mais de 75 mil pessoas foram presas por supostas liga\u00e7\u00f5es com o crime, tornando El Salvador o pa\u00eds com a maior taxa de encarceramento do mundo.<\/p>\n<p>Em seu discurso de vit\u00f3ria, Bukele criticou duramente a imprensa e as organiza\u00e7\u00f5es internacionais que questionaram sua estrat\u00e9gia de seguran\u00e7a, afirmando que o povo salvadorenho expressou seu apoio de forma contundente.<\/p>\n<p>&#8220;Alguns que n\u00e3o vivem no nosso pa\u00eds dizem que os salvadorenhos vivem oprimidos, que n\u00e3o querem o regime de emerg\u00eancia, que vivem com medo do governo (\u2026). O povo salvadorenho falou, n\u00e3o apenas em alto e bom som, mas da forma mais contundente em toda a hist\u00f3ria da democracia&#8221;, disse ele.<\/p>\n<p>&#8220;Se isso n\u00e3o os convence, senhores jornalistas, senhores das ONG, das organiza\u00e7\u00f5es internacionais, da ONU, da OEA&#8230; se isso n\u00e3o os convence, nada os convencer\u00e1.&#8221;<br \/>\nSem d\u00favida, a grande maioria da popula\u00e7\u00e3o salvadorenha aprova a abordagem &#8220;m\u00e3o de ferro&#8221; de Bukele.<\/p>\n<p>Uma grande maioria da popula\u00e7\u00e3o salvadorenha aprova a abordagem &#8220;m\u00e3o de ferro&#8221; de Bukele. Uma pesquisa da Universidade Francisco Gavidia publicada em janeiro sugere que 86% dos entrevistados se sentem mais seguros, enquanto apenas 12% acreditam que a pol\u00edcia e os militares s\u00e3o respons\u00e1veis pela continuidade da inseguran\u00e7a.<\/p>\n<p>Bukele afirmou que os pr\u00f3ximos cinco anos ser\u00e3o dedicados a continuar mostrando ao mundo o exemplo de El Salvador, mas n\u00e3o deu detalhes espec\u00edficos sobre seus planos para o segundo mandato.<\/p>\n<p><strong>O passa pano de Lula e Dino para o crime<\/strong><br \/>\nCaminhando no sentido oposto das medidas tomadas pelo ent\u00e3o reeleito presidente de El Salvador, o descondenado e atual presidente Luiz In\u00e1cio Lula da Silva declarou que: o governo busca \u201chumanizar a abordagem aos delitos de menor gravidade\u201d.<\/p>\n<p>O deputado delegado Zucco, do Republicanos do RS disse: &#8220;A irresponsabilidade do atual presidente \u00e9 inaceit\u00e1vel. O que ele entende por &#8216;humanizar&#8217; os crimes nada mais \u00e9 que oficializar a Bandidolatria em nosso pa\u00eds. \u00c9 a autoriza\u00e7\u00e3o que as \u201cv\u00edtimas da sociedade\u201d precisavam para transformar o Brasil num filme de terror&#8221;.<\/p>\n<p><strong>O discurso de Lula e Dino em rela\u00e7\u00e3o ao crime organizado<\/strong><br \/>\nEm contrapartida \u00e0s medidas adotadas pelo presidente reeleito de El Salvador, Nayib Bukele, Luiz In\u00e1cio Lula da Silva e Fl\u00e1vio Dino demonstraram uma postura diferente em rela\u00e7\u00e3o ao crime organizado.<\/p>\n<p>Lula, ex-presidente do Brasil, declarou que seu governo buscava &#8220;humanizar a abordagem aos delitos de menor gravidade&#8221;, uma posi\u00e7\u00e3o criticada por alguns pol\u00edticos brasileiros. De acordo com o Deputado Delegado Zucco, do Republicanos do Rio Grande do Sul, essa abordagem representa uma forma de &#8220;bandidolatria&#8221; que poderia transformar o Brasil em um &#8220;filme de terror&#8221;.<\/p>\n<p>O deputado federal Coronel Assis, da Uni\u00e3o-MT, comparou a abordagem brasileira \u00e0 de El Salvador, destacando a import\u00e2ncia de enfrentar os criminosos com rigor e em colabora\u00e7\u00e3o entre os poderes Executivo, Legislativo e Judici\u00e1rio.<\/p>\n<p>Lula afirmou que o crime organizado se tornou uma ind\u00fastria multinacional poderosa, presente em v\u00e1rias esferas da sociedade, incluindo a pol\u00edtica, o judici\u00e1rio e o mundo empresarial.<\/p>\n<p><strong>Divis\u00f5es pol\u00edticas e abordagens ao crime<\/strong><br \/>\nEnquanto Nayib Bukele adota uma abordagem en\u00e9rgica contra o crime organizado em El Salvador, l\u00edderes brasileiros como Luiz In\u00e1cio Lula da Silva e Fl\u00e1vio Dino defendem uma abordagem mais &#8220;humana&#8221; para delitos de menor gravidade. Essas diverg\u00eancias refletem debates pol\u00edticos sobre como lidar com o crime e suas causas subjacentes, destacando a complexidade e as diferentes perspectivas sobre a quest\u00e3o em diferentes contextos nacionais.<\/p>\n","protected":false},"excerpt":{"rendered":"<p>Nayib Bukele foi reeleito presidente de El Salvador em uma campanha onde j\u00e1 era amplamente favorito desde o in\u00edcio, devido aos seus \u00edndices de aprova\u00e7\u00e3o que chegam a 90% entre a popula\u00e7\u00e3o desde que assumiu o cargo em 2019, segundo diversos estudos. Durante seu primeiro mandato, Bukele conseguiu reduzir os n\u00edveis de viol\u00eancia a m\u00ednimos &hellip;<\/p>\n<p class=\"read-more\"> <a class=\"\" href=\"https:\/\/sulsc.com\/index.php\/2024\/02\/06\/nayib-bukele-presidente-reeleito-de-el-salvador-e-sua-trajetoria-no-combate-ao-crime\/\"> <span class=\"screen-reader-text\">Nayib Bukele, presidente reeleito de El Salvador, e sua trajet\u00f3ria no combate ao crime<\/span> Read More &raquo;<\/a><\/p>\n","protected":false},"author":15,"featured_media":8263,"comment_status":"open","ping_status":"open","sticky":false,"template":"","format":"standard","meta":{"site-sidebar-layout":"default","site-content-layout":"","ast-site-content-layout":"default","site-content-style":"default","site-sidebar-style":"default","ast-global-header-display":"","ast-banner-title-visibility":"","ast-main-header-display":"","ast-hfb-above-header-display":"","ast-hfb-below-header-display":"","ast-hfb-mobile-header-display":"","site-post-title":"","ast-breadcrumbs-content":"","ast-featured-img":"","footer-sml-layout":"","theme-transparent-header-meta":"default","adv-header-id-meta":"","stick-header-meta":"","header-above-stick-meta":"","header-main-stick-meta":"","header-below-stick-meta":"","astra-migrate-meta-layouts":"set","footnotes":""},"categories":[13],"tags":[125,62,63,1113,1112,113,112,109],"yoast_head":"<!-- This site is optimized with the Yoast SEO plugin v21.4 - https:\/\/yoast.com\/wordpress\/plugins\/seo\/ -->\n<title>Nayib Bukele, presidente reeleito de El Salvador, e sua trajet\u00f3ria no combate ao crime -<\/title>\n<meta name=\"description\" content=\"Enquanto Nayib Bukele adota uma abordagem en\u00e9rgica contra o crime organizado em El Salvador, l\u00edderes brasileiros como Luiz In\u00e1cio Lula da Silva e Fl\u00e1vio Dino defendem uma abordagem mais &quot;humana&quot; para delitos de menor gravidade.\" \/>\n<meta name=\"robots\" content=\"index, follow, max-snippet:-1, max-image-preview:large, max-video-preview:-1\" \/>\n<link rel=\"canonical\" href=\"https:\/\/sulsc.com\/index.php\/2024\/02\/06\/nayib-bukele-presidente-reeleito-de-el-salvador-e-sua-trajetoria-no-combate-ao-crime\/\" \/>\n<meta property=\"og:locale\" content=\"en_US\" \/>\n<meta property=\"og:type\" content=\"article\" \/>\n<meta property=\"og:title\" content=\"Nayib Bukele, presidente reeleito de El Salvador, e sua trajet\u00f3ria no combate ao crime -\" \/>\n<meta property=\"og:description\" content=\"Enquanto Nayib Bukele adota uma abordagem en\u00e9rgica contra o crime organizado em El Salvador, l\u00edderes brasileiros como Luiz In\u00e1cio Lula da Silva e Fl\u00e1vio Dino defendem uma abordagem mais &quot;humana&quot; para delitos de menor gravidade.\" \/>\n<meta property=\"og:url\" content=\"https:\/\/sulsc.com\/index.php\/2024\/02\/06\/nayib-bukele-presidente-reeleito-de-el-salvador-e-sua-trajetoria-no-combate-ao-crime\/\" \/>\n<meta property=\"article:published_time\" content=\"2024-02-06T16:57:17+00:00\" \/>\n<meta property=\"og:image\" content=\"http:\/\/sulsc.com\/wp-content\/uploads\/2024\/02\/GeoVisao-por-Ademir-Dias-Portal.png\" \/>\n\t<meta property=\"og:image:width\" content=\"1080\" \/>\n\t<meta property=\"og:image:height\" content=\"1080\" \/>\n\t<meta property=\"og:image:type\" content=\"image\/png\" \/>\n<meta name=\"author\" content=\"GeoVis\u00e3o por Ademir Dias\" \/>\n<meta name=\"twitter:card\" content=\"summary_large_image\" \/>\n<meta name=\"twitter:label1\" content=\"Written by\" \/>\n\t<meta name=\"twitter:data1\" content=\"GeoVis\u00e3o por Ademir Dias\" \/>\n\t<meta name=\"twitter:label2\" content=\"Est. reading time\" \/>\n\t<meta name=\"twitter:data2\" content=\"5 minutes\" \/>\n<script type=\"application\/ld+json\" class=\"yoast-schema-graph\">{\"@context\":\"https:\/\/schema.org\",\"@graph\":[{\"@type\":\"WebPage\",\"@id\":\"https:\/\/sulsc.com\/index.php\/2024\/02\/06\/nayib-bukele-presidente-reeleito-de-el-salvador-e-sua-trajetoria-no-combate-ao-crime\/\",\"url\":\"https:\/\/sulsc.com\/index.php\/2024\/02\/06\/nayib-bukele-presidente-reeleito-de-el-salvador-e-sua-trajetoria-no-combate-ao-crime\/\",\"name\":\"Nayib Bukele, presidente reeleito de El Salvador, e sua trajet\u00f3ria no combate ao crime -\",\"isPartOf\":{\"@id\":\"https:\/\/sulsc.com\/#website\"},\"datePublished\":\"2024-02-06T16:57:17+00:00\",\"dateModified\":\"2024-02-06T16:57:17+00:00\",\"author\":{\"@id\":\"https:\/\/sulsc.com\/#\/schema\/person\/9d216f8a6bc25b94f6eab5acf83ba9de\"},\"description\":\"Enquanto Nayib Bukele adota uma abordagem en\u00e9rgica contra o crime organizado em El Salvador, l\u00edderes brasileiros como Luiz In\u00e1cio Lula da Silva e Fl\u00e1vio Dino defendem uma abordagem mais \\\"humana\\\" para delitos de menor gravidade.\",\"breadcrumb\":{\"@id\":\"https:\/\/sulsc.com\/index.php\/2024\/02\/06\/nayib-bukele-presidente-reeleito-de-el-salvador-e-sua-trajetoria-no-combate-ao-crime\/#breadcrumb\"},\"inLanguage\":\"en-US\",\"potentialAction\":[{\"@type\":\"ReadAction\",\"target\":[\"https:\/\/sulsc.com\/index.php\/2024\/02\/06\/nayib-bukele-presidente-reeleito-de-el-salvador-e-sua-trajetoria-no-combate-ao-crime\/\"]}]},{\"@type\":\"BreadcrumbList\",\"@id\":\"https:\/\/sulsc.com\/index.php\/2024\/02\/06\/nayib-bukele-presidente-reeleito-de-el-salvador-e-sua-trajetoria-no-combate-ao-crime\/#breadcrumb\",\"itemListElement\":[{\"@type\":\"ListItem\",\"position\":1,\"name\":\"In\u00edcio\",\"item\":\"https:\/\/sulsc.com\/\"},{\"@type\":\"ListItem\",\"position\":2,\"name\":\"Nayib Bukele, presidente reeleito de El Salvador, e sua trajet\u00f3ria no combate ao crime\"}]},{\"@type\":\"WebSite\",\"@id\":\"https:\/\/sulsc.com\/#website\",\"url\":\"https:\/\/sulsc.com\/\",\"name\":\"\",\"description\":\"\",\"potentialAction\":[{\"@type\":\"SearchAction\",\"target\":{\"@type\":\"EntryPoint\",\"urlTemplate\":\"https:\/\/sulsc.com\/?s={search_term_string}\"},\"query-input\":\"required name=search_term_string\"}],\"inLanguage\":\"en-US\"},{\"@type\":\"Person\",\"@id\":\"https:\/\/sulsc.com\/#\/schema\/person\/9d216f8a6bc25b94f6eab5acf83ba9de\",\"name\":\"GeoVis\u00e3o por Ademir Dias\",\"image\":{\"@type\":\"ImageObject\",\"inLanguage\":\"en-US\",\"@id\":\"https:\/\/sulsc.com\/#\/schema\/person\/image\/4bd023fa2091f43aa3f33f8953646246\",\"url\":\"https:\/\/sulsc.com\/wp-content\/uploads\/2023\/11\/Ademir-Dias-1.png\",\"contentUrl\":\"https:\/\/sulsc.com\/wp-content\/uploads\/2023\/11\/Ademir-Dias-1.png\",\"caption\":\"GeoVis\u00e3o por Ademir Dias\"},\"description\":\"Al\u00e9m de pesquisador e analista da pol\u00edtica mundial, Ademir \u00e9 bacharel em Direito e policial penal em Tubar\u00e3o. Tamb\u00e9m atua no campo social. \u00c9 professor de jiu-j\u00edtsu e leciona a arte marcial a crian\u00e7as e adolescentes autistas na Cidade Azul de forma volunt\u00e1ria.\",\"url\":\"https:\/\/sulsc.com\/index.php\/author\/ademir-ademir\/\"}]}<\/script>\n<!-- \/ Yoast SEO plugin. -->","yoast_head_json":{"title":"Nayib Bukele, presidente reeleito de El Salvador, e sua trajet\u00f3ria no combate ao crime -","description":"Enquanto Nayib Bukele adota uma abordagem en\u00e9rgica contra o crime organizado em El Salvador, l\u00edderes brasileiros como Luiz In\u00e1cio Lula da Silva e Fl\u00e1vio Dino defendem uma abordagem mais \"humana\" para delitos de menor gravidade.","robots":{"index":"index","follow":"follow","max-snippet":"max-snippet:-1","max-image-preview":"max-image-preview:large","max-video-preview":"max-video-preview:-1"},"canonical":"https:\/\/sulsc.com\/index.php\/2024\/02\/06\/nayib-bukele-presidente-reeleito-de-el-salvador-e-sua-trajetoria-no-combate-ao-crime\/","og_locale":"en_US","og_type":"article","og_title":"Nayib Bukele, presidente reeleito de El Salvador, e sua trajet\u00f3ria no combate ao crime -","og_description":"Enquanto Nayib Bukele adota uma abordagem en\u00e9rgica contra o crime organizado em El Salvador, l\u00edderes brasileiros como Luiz In\u00e1cio Lula da Silva e Fl\u00e1vio Dino defendem uma abordagem mais \"humana\" para delitos de menor gravidade.","og_url":"https:\/\/sulsc.com\/index.php\/2024\/02\/06\/nayib-bukele-presidente-reeleito-de-el-salvador-e-sua-trajetoria-no-combate-ao-crime\/","article_published_time":"2024-02-06T16:57:17+00:00","og_image":[{"width":1080,"height":1080,"url":"http:\/\/sulsc.com\/wp-content\/uploads\/2024\/02\/GeoVisao-por-Ademir-Dias-Portal.png","type":"image\/png"}],"author":"GeoVis\u00e3o por Ademir Dias","twitter_card":"summary_large_image","twitter_misc":{"Written by":"GeoVis\u00e3o por Ademir Dias","Est. reading time":"5 minutes"},"schema":{"@context":"https:\/\/schema.org","@graph":[{"@type":"WebPage","@id":"https:\/\/sulsc.com\/index.php\/2024\/02\/06\/nayib-bukele-presidente-reeleito-de-el-salvador-e-sua-trajetoria-no-combate-ao-crime\/","url":"https:\/\/sulsc.com\/index.php\/2024\/02\/06\/nayib-bukele-presidente-reeleito-de-el-salvador-e-sua-trajetoria-no-combate-ao-crime\/","name":"Nayib Bukele, presidente reeleito de El Salvador, e sua trajet\u00f3ria no combate ao crime -","isPartOf":{"@id":"https:\/\/sulsc.com\/#website"},"datePublished":"2024-02-06T16:57:17+00:00","dateModified":"2024-02-06T16:57:17+00:00","author":{"@id":"https:\/\/sulsc.com\/#\/schema\/person\/9d216f8a6bc25b94f6eab5acf83ba9de"},"description":"Enquanto Nayib Bukele adota uma abordagem en\u00e9rgica contra o crime organizado em El Salvador, l\u00edderes brasileiros como Luiz In\u00e1cio Lula da Silva e Fl\u00e1vio Dino defendem uma abordagem mais \"humana\" para delitos de menor gravidade.","breadcrumb":{"@id":"https:\/\/sulsc.com\/index.php\/2024\/02\/06\/nayib-bukele-presidente-reeleito-de-el-salvador-e-sua-trajetoria-no-combate-ao-crime\/#breadcrumb"},"inLanguage":"en-US","potentialAction":[{"@type":"ReadAction","target":["https:\/\/sulsc.com\/index.php\/2024\/02\/06\/nayib-bukele-presidente-reeleito-de-el-salvador-e-sua-trajetoria-no-combate-ao-crime\/"]}]},{"@type":"BreadcrumbList","@id":"https:\/\/sulsc.com\/index.php\/2024\/02\/06\/nayib-bukele-presidente-reeleito-de-el-salvador-e-sua-trajetoria-no-combate-ao-crime\/#breadcrumb","itemListElement":[{"@type":"ListItem","position":1,"name":"In\u00edcio","item":"https:\/\/sulsc.com\/"},{"@type":"ListItem","position":2,"name":"Nayib Bukele, presidente reeleito de El Salvador, e sua trajet\u00f3ria no combate ao crime"}]},{"@type":"WebSite","@id":"https:\/\/sulsc.com\/#website","url":"https:\/\/sulsc.com\/","name":"","description":"","potentialAction":[{"@type":"SearchAction","target":{"@type":"EntryPoint","urlTemplate":"https:\/\/sulsc.com\/?s={search_term_string}"},"query-input":"required name=search_term_string"}],"inLanguage":"en-US"},{"@type":"Person","@id":"https:\/\/sulsc.com\/#\/schema\/person\/9d216f8a6bc25b94f6eab5acf83ba9de","name":"GeoVis\u00e3o por Ademir Dias","image":{"@type":"ImageObject","inLanguage":"en-US","@id":"https:\/\/sulsc.com\/#\/schema\/person\/image\/4bd023fa2091f43aa3f33f8953646246","url":"https:\/\/sulsc.com\/wp-content\/uploads\/2023\/11\/Ademir-Dias-1.png","contentUrl":"https:\/\/sulsc.com\/wp-content\/uploads\/2023\/11\/Ademir-Dias-1.png","caption":"GeoVis\u00e3o por Ademir Dias"},"description":"Al\u00e9m de pesquisador e analista da pol\u00edtica mundial, Ademir \u00e9 bacharel em Direito e policial penal em Tubar\u00e3o. Tamb\u00e9m atua no campo social. \u00c9 professor de jiu-j\u00edtsu e leciona a arte marcial a crian\u00e7as e adolescentes autistas na Cidade Azul de forma volunt\u00e1ria.","url":"https:\/\/sulsc.com\/index.php\/author\/ademir-ademir\/"}]}},"authors":[],"_links":{"self":[{"href":"https:\/\/sulsc.com\/index.php\/wp-json\/wp\/v2\/posts\/8261"}],"collection":[{"href":"https:\/\/sulsc.com\/index.php\/wp-json\/wp\/v2\/posts"}],"about":[{"href":"https:\/\/sulsc.com\/index.php\/wp-json\/wp\/v2\/types\/post"}],"author":[{"embeddable":true,"href":"https:\/\/sulsc.com\/index.php\/wp-json\/wp\/v2\/users\/15"}],"replies":[{"embeddable":true,"href":"https:\/\/sulsc.com\/index.php\/wp-json\/wp\/v2\/comments?post=8261"}],"version-history":[{"count":1,"href":"https:\/\/sulsc.com\/index.php\/wp-json\/wp\/v2\/posts\/8261\/revisions"}],"predecessor-version":[{"id":8264,"href":"https:\/\/sulsc.com\/index.php\/wp-json\/wp\/v2\/posts\/8261\/revisions\/8264"}],"wp:featuredmedia":[{"embeddable":true,"href":"https:\/\/sulsc.com\/index.php\/wp-json\/wp\/v2\/media\/8263"}],"wp:attachment":[{"href":"https:\/\/sulsc.com\/index.php\/wp-json\/wp\/v2\/media?parent=8261"}],"wp:term":[{"taxonomy":"category","embeddable":true,"href":"https:\/\/sulsc.com\/index.php\/wp-json\/wp\/v2\/categories?post=8261"},{"taxonomy":"post_tag","embeddable":true,"href":"https:\/\/sulsc.com\/index.php\/wp-json\/wp\/v2\/tags?post=8261"}],"curies":[{"name":"wp","href":"https:\/\/api.w.org\/{rel}","templated":true}]}}