{"id":8294,"date":"2024-02-07T10:30:04","date_gmt":"2024-02-07T13:30:04","guid":{"rendered":"https:\/\/sulsc.com\/?p=8294"},"modified":"2024-02-07T10:49:31","modified_gmt":"2024-02-07T13:49:31","slug":"obras-de-readequacao-de-viaduto-na-br-101-sul-sc-entre-na-reta-final","status":"publish","type":"post","link":"https:\/\/sulsc.com\/index.php\/2024\/02\/07\/obras-de-readequacao-de-viaduto-na-br-101-sul-sc-entre-na-reta-final\/","title":{"rendered":"Obras de readequa\u00e7\u00e3o de viaduto na BR-101 Sul\/SC entre na reta final"},"content":{"rendered":"<p>As obras de adequa\u00e7\u00e3o do viaduto de acesso ao bairro Esplanada, em I\u00e7ara (SC) no km 368 da BR-101 Sul\/SC est\u00e3o em avan\u00e7o. Atualmente, as equipes da CCR ViaCosteira\u00a0atuam na execu\u00e7\u00e3o da pavimenta\u00e7\u00e3o, que ter\u00e1 como etapa complementar a execu\u00e7\u00e3o da drenagem superficial, implanta\u00e7\u00e3o de sinaliza\u00e7\u00e3o e paisagismo.<\/p>\n<p>Iniciadas no ano passado, as obras devem promover a seguran\u00e7a dos motoristas e a fluidez do tr\u00e1fego na regi\u00e3o por meio da readequa\u00e7\u00e3o do dispositivo. A previs\u00e3o de conclus\u00e3o est\u00e1 prevista para os primeiros meses deste ano e conta com investimento de cerca de R$ 1,7 milh\u00f5es.<\/p>\n<p>Nesta etapa de obras n\u00e3o est\u00e3o previstas interfer\u00eancias no fluxo da rodovia. Ainda assim, a concession\u00e1ria refor\u00e7a a import\u00e2ncia de os motoristas respeitarem a sinaliza\u00e7\u00e3o do trecho, bem como os limites de velocidade. Outras informa\u00e7\u00f5es podem ser obtidas no <a href=\"http:\/\/www.ccrviacosteira.com.br\">site da empresa<\/a>, pelo 0800 255 5550 ou pelo WhatsApp no (48) 3211-3130.<\/p>\n<p><img fetchpriority=\"high\" decoding=\"async\" class=\"alignnone size-large wp-image-8296\" src=\"http:\/\/sulsc.com\/wp-content\/uploads\/2024\/02\/WhatsApp-Image-2024-02-06-at-14.22.19-1024x682.jpeg\" alt=\"\" width=\"1024\" height=\"682\" srcset=\"https:\/\/sulsc.com\/wp-content\/uploads\/2024\/02\/WhatsApp-Image-2024-02-06-at-14.22.19-1024x682.jpeg 1024w, https:\/\/sulsc.com\/wp-content\/uploads\/2024\/02\/WhatsApp-Image-2024-02-06-at-14.22.19-300x200.jpeg 300w, https:\/\/sulsc.com\/wp-content\/uploads\/2024\/02\/WhatsApp-Image-2024-02-06-at-14.22.19-768x512.jpeg 768w, https:\/\/sulsc.com\/wp-content\/uploads\/2024\/02\/WhatsApp-Image-2024-02-06-at-14.22.19-1536x1023.jpeg 1536w, https:\/\/sulsc.com\/wp-content\/uploads\/2024\/02\/WhatsApp-Image-2024-02-06-at-14.22.19.jpeg 1600w\" sizes=\"(max-width: 1024px) 100vw, 1024px\" \/><\/p>\n","protected":false},"excerpt":{"rendered":"<p>As obras de adequa\u00e7\u00e3o do viaduto de acesso ao bairro Esplanada, em I\u00e7ara (SC) no km 368 da BR-101 Sul\/SC est\u00e3o em avan\u00e7o. Atualmente, as equipes da CCR ViaCosteira\u00a0atuam na execu\u00e7\u00e3o da pavimenta\u00e7\u00e3o, que ter\u00e1 como etapa complementar a execu\u00e7\u00e3o da drenagem superficial, implanta\u00e7\u00e3o de sinaliza\u00e7\u00e3o e paisagismo. Iniciadas no ano passado, as obras devem &hellip;<\/p>\n<p class=\"read-more\"> <a class=\"\" href=\"https:\/\/sulsc.com\/index.php\/2024\/02\/07\/obras-de-readequacao-de-viaduto-na-br-101-sul-sc-entre-na-reta-final\/\"> <span class=\"screen-reader-text\">Obras de readequa\u00e7\u00e3o de viaduto na BR-101 Sul\/SC entre na reta final<\/span> Read More &raquo;<\/a><\/p>\n","protected":false},"author":3,"featured_media":8296,"comment_status":"open","ping_status":"open","sticky":false,"template":"","format":"standard","meta":{"site-sidebar-layout":"default","site-content-layout":"","ast-site-content-layout":"default","site-content-style":"default","site-sidebar-style":"default","ast-global-header-display":"","ast-banner-title-visibility":"","ast-main-header-display":"","ast-hfb-above-header-display":"","ast-hfb-below-header-display":"","ast-hfb-mobile-header-display":"","site-post-title":"","ast-breadcrumbs-content":"","ast-featured-img":"","footer-sml-layout":"","theme-transparent-header-meta":"default","adv-header-id-meta":"","stick-header-meta":"","header-above-stick-meta":"","header-main-stick-meta":"","header-below-stick-meta":"","astra-migrate-meta-layouts":"set","footnotes":""},"categories":[1],"tags":[],"yoast_head":"<!-- This site is optimized with the Yoast SEO plugin v21.4 - https:\/\/yoast.com\/wordpress\/plugins\/seo\/ -->\n<title>Obras de readequa\u00e7\u00e3o de viaduto na BR-101 Sul\/SC entre na reta final -<\/title>\n<meta name=\"description\" content=\"A previs\u00e3o de conclus\u00e3o est\u00e1 prevista para os primeiros meses deste ano e conta com investimento de cerca de R$ 1,7 milh\u00f5es\" \/>\n<meta name=\"robots\" content=\"index, follow, max-snippet:-1, max-image-preview:large, max-video-preview:-1\" \/>\n<link rel=\"canonical\" href=\"https:\/\/sulsc.com\/index.php\/2024\/02\/07\/obras-de-readequacao-de-viaduto-na-br-101-sul-sc-entre-na-reta-final\/\" \/>\n<meta property=\"og:locale\" content=\"en_US\" \/>\n<meta property=\"og:type\" content=\"article\" \/>\n<meta property=\"og:title\" content=\"Obras de readequa\u00e7\u00e3o de viaduto na BR-101 Sul\/SC entre na reta final -\" \/>\n<meta property=\"og:description\" content=\"A previs\u00e3o de conclus\u00e3o est\u00e1 prevista para os primeiros meses deste ano e conta com investimento de cerca de R$ 1,7 milh\u00f5es\" \/>\n<meta property=\"og:url\" content=\"https:\/\/sulsc.com\/index.php\/2024\/02\/07\/obras-de-readequacao-de-viaduto-na-br-101-sul-sc-entre-na-reta-final\/\" \/>\n<meta property=\"article:author\" content=\"https:\/\/www.facebook.com\/profile.php?id=61559278119680\" \/>\n<meta property=\"article:published_time\" content=\"2024-02-07T13:30:04+00:00\" \/>\n<meta property=\"article:modified_time\" content=\"2024-02-07T13:49:31+00:00\" \/>\n<meta property=\"og:image\" content=\"http:\/\/sulsc.com\/wp-content\/uploads\/2024\/02\/WhatsApp-Image-2024-02-06-at-14.22.19.jpeg\" \/>\n\t<meta property=\"og:image:width\" content=\"1600\" \/>\n\t<meta property=\"og:image:height\" content=\"1066\" \/>\n\t<meta property=\"og:image:type\" content=\"image\/jpeg\" \/>\n<meta name=\"author\" content=\"Reda\u00e7\u00e3o Sul SC\" \/>\n<meta name=\"twitter:card\" content=\"summary_large_image\" \/>\n<meta name=\"twitter:creator\" content=\"@https:\/\/twitter.com\/PortalSulSC\" \/>\n<meta name=\"twitter:label1\" content=\"Written by\" \/>\n\t<meta name=\"twitter:data1\" content=\"Reda\u00e7\u00e3o Sul SC\" \/>\n\t<meta name=\"twitter:label2\" content=\"Est. reading time\" \/>\n\t<meta name=\"twitter:data2\" content=\"2 minutes\" \/>\n<script type=\"application\/ld+json\" class=\"yoast-schema-graph\">{\"@context\":\"https:\/\/schema.org\",\"@graph\":[{\"@type\":\"WebPage\",\"@id\":\"https:\/\/sulsc.com\/index.php\/2024\/02\/07\/obras-de-readequacao-de-viaduto-na-br-101-sul-sc-entre-na-reta-final\/\",\"url\":\"https:\/\/sulsc.com\/index.php\/2024\/02\/07\/obras-de-readequacao-de-viaduto-na-br-101-sul-sc-entre-na-reta-final\/\",\"name\":\"Obras de readequa\u00e7\u00e3o de viaduto na BR-101 Sul\/SC entre na reta final -\",\"isPartOf\":{\"@id\":\"https:\/\/sulsc.com\/#website\"},\"datePublished\":\"2024-02-07T13:30:04+00:00\",\"dateModified\":\"2024-02-07T13:49:31+00:00\",\"author\":{\"@id\":\"https:\/\/sulsc.com\/#\/schema\/person\/84d2fc571684f6248ba83092f07750a3\"},\"description\":\"A previs\u00e3o de conclus\u00e3o est\u00e1 prevista para os primeiros meses deste ano e conta com investimento de cerca de R$ 1,7 milh\u00f5es\",\"breadcrumb\":{\"@id\":\"https:\/\/sulsc.com\/index.php\/2024\/02\/07\/obras-de-readequacao-de-viaduto-na-br-101-sul-sc-entre-na-reta-final\/#breadcrumb\"},\"inLanguage\":\"en-US\",\"potentialAction\":[{\"@type\":\"ReadAction\",\"target\":[\"https:\/\/sulsc.com\/index.php\/2024\/02\/07\/obras-de-readequacao-de-viaduto-na-br-101-sul-sc-entre-na-reta-final\/\"]}]},{\"@type\":\"BreadcrumbList\",\"@id\":\"https:\/\/sulsc.com\/index.php\/2024\/02\/07\/obras-de-readequacao-de-viaduto-na-br-101-sul-sc-entre-na-reta-final\/#breadcrumb\",\"itemListElement\":[{\"@type\":\"ListItem\",\"position\":1,\"name\":\"In\u00edcio\",\"item\":\"https:\/\/sulsc.com\/\"},{\"@type\":\"ListItem\",\"position\":2,\"name\":\"Obras de readequa\u00e7\u00e3o de viaduto na BR-101 Sul\/SC entre na reta final\"}]},{\"@type\":\"WebSite\",\"@id\":\"https:\/\/sulsc.com\/#website\",\"url\":\"https:\/\/sulsc.com\/\",\"name\":\"\",\"description\":\"\",\"potentialAction\":[{\"@type\":\"SearchAction\",\"target\":{\"@type\":\"EntryPoint\",\"urlTemplate\":\"https:\/\/sulsc.com\/?s={search_term_string}\"},\"query-input\":\"required name=search_term_string\"}],\"inLanguage\":\"en-US\"},{\"@type\":\"Person\",\"@id\":\"https:\/\/sulsc.com\/#\/schema\/person\/84d2fc571684f6248ba83092f07750a3\",\"name\":\"Reda\u00e7\u00e3o Sul SC\",\"image\":{\"@type\":\"ImageObject\",\"inLanguage\":\"en-US\",\"@id\":\"https:\/\/sulsc.com\/#\/schema\/person\/image\/e08d7fe2cc4ed596372063bbe852b8d0\",\"url\":\"https:\/\/sulsc.com\/wp-content\/uploads\/2023\/09\/redacao.png\",\"contentUrl\":\"https:\/\/sulsc.com\/wp-content\/uploads\/2023\/09\/redacao.png\",\"caption\":\"Reda\u00e7\u00e3o Sul SC\"},\"description\":\"Foco em um jornalismo imparcial, voltado \u00e0 qualidade dos seus conte\u00fados e, assim, levar informa\u00e7\u00e3o de valor que agregue \u00e0 vida dos leitores. Esta \u00e9 grande miss\u00e3o do Portal de Not\u00edcias Sul SC. N\u00e3o \u00e9 quantidade que muda o mundo, sempre foi e seguir\u00e1 sendo qualidade!\",\"sameAs\":[\"https:\/\/sulsc.com\/\",\"https:\/\/www.facebook.com\/profile.php?id=61559278119680\",\"https:\/\/www.instagram.com\/sulscportal\/?hl=pt-br\",\"https:\/\/twitter.com\/https:\/\/twitter.com\/PortalSulSC\",\"https:\/\/www.youtube.com\/channel\/UCv_BE8GeySluDov2n8qhVmw\"],\"url\":\"https:\/\/sulsc.com\/index.php\/author\/redacao\/\"}]}<\/script>\n<!-- \/ Yoast SEO plugin. -->","yoast_head_json":{"title":"Obras de readequa\u00e7\u00e3o de viaduto na BR-101 Sul\/SC entre na reta final -","description":"A previs\u00e3o de conclus\u00e3o est\u00e1 prevista para os primeiros meses deste ano e conta com investimento de cerca de R$ 1,7 milh\u00f5es","robots":{"index":"index","follow":"follow","max-snippet":"max-snippet:-1","max-image-preview":"max-image-preview:large","max-video-preview":"max-video-preview:-1"},"canonical":"https:\/\/sulsc.com\/index.php\/2024\/02\/07\/obras-de-readequacao-de-viaduto-na-br-101-sul-sc-entre-na-reta-final\/","og_locale":"en_US","og_type":"article","og_title":"Obras de readequa\u00e7\u00e3o de viaduto na BR-101 Sul\/SC entre na reta final -","og_description":"A previs\u00e3o de conclus\u00e3o est\u00e1 prevista para os primeiros meses deste ano e conta com investimento de cerca de R$ 1,7 milh\u00f5es","og_url":"https:\/\/sulsc.com\/index.php\/2024\/02\/07\/obras-de-readequacao-de-viaduto-na-br-101-sul-sc-entre-na-reta-final\/","article_author":"https:\/\/www.facebook.com\/profile.php?id=61559278119680","article_published_time":"2024-02-07T13:30:04+00:00","article_modified_time":"2024-02-07T13:49:31+00:00","og_image":[{"width":1600,"height":1066,"url":"http:\/\/sulsc.com\/wp-content\/uploads\/2024\/02\/WhatsApp-Image-2024-02-06-at-14.22.19.jpeg","type":"image\/jpeg"}],"author":"Reda\u00e7\u00e3o Sul SC","twitter_card":"summary_large_image","twitter_creator":"@https:\/\/twitter.com\/PortalSulSC","twitter_misc":{"Written by":"Reda\u00e7\u00e3o Sul SC","Est. reading time":"2 minutes"},"schema":{"@context":"https:\/\/schema.org","@graph":[{"@type":"WebPage","@id":"https:\/\/sulsc.com\/index.php\/2024\/02\/07\/obras-de-readequacao-de-viaduto-na-br-101-sul-sc-entre-na-reta-final\/","url":"https:\/\/sulsc.com\/index.php\/2024\/02\/07\/obras-de-readequacao-de-viaduto-na-br-101-sul-sc-entre-na-reta-final\/","name":"Obras de readequa\u00e7\u00e3o de viaduto na BR-101 Sul\/SC entre na reta final -","isPartOf":{"@id":"https:\/\/sulsc.com\/#website"},"datePublished":"2024-02-07T13:30:04+00:00","dateModified":"2024-02-07T13:49:31+00:00","author":{"@id":"https:\/\/sulsc.com\/#\/schema\/person\/84d2fc571684f6248ba83092f07750a3"},"description":"A previs\u00e3o de conclus\u00e3o est\u00e1 prevista para os primeiros meses deste ano e conta com investimento de cerca de R$ 1,7 milh\u00f5es","breadcrumb":{"@id":"https:\/\/sulsc.com\/index.php\/2024\/02\/07\/obras-de-readequacao-de-viaduto-na-br-101-sul-sc-entre-na-reta-final\/#breadcrumb"},"inLanguage":"en-US","potentialAction":[{"@type":"ReadAction","target":["https:\/\/sulsc.com\/index.php\/2024\/02\/07\/obras-de-readequacao-de-viaduto-na-br-101-sul-sc-entre-na-reta-final\/"]}]},{"@type":"BreadcrumbList","@id":"https:\/\/sulsc.com\/index.php\/2024\/02\/07\/obras-de-readequacao-de-viaduto-na-br-101-sul-sc-entre-na-reta-final\/#breadcrumb","itemListElement":[{"@type":"ListItem","position":1,"name":"In\u00edcio","item":"https:\/\/sulsc.com\/"},{"@type":"ListItem","position":2,"name":"Obras de readequa\u00e7\u00e3o de viaduto na BR-101 Sul\/SC entre na reta final"}]},{"@type":"WebSite","@id":"https:\/\/sulsc.com\/#website","url":"https:\/\/sulsc.com\/","name":"","description":"","potentialAction":[{"@type":"SearchAction","target":{"@type":"EntryPoint","urlTemplate":"https:\/\/sulsc.com\/?s={search_term_string}"},"query-input":"required name=search_term_string"}],"inLanguage":"en-US"},{"@type":"Person","@id":"https:\/\/sulsc.com\/#\/schema\/person\/84d2fc571684f6248ba83092f07750a3","name":"Reda\u00e7\u00e3o Sul SC","image":{"@type":"ImageObject","inLanguage":"en-US","@id":"https:\/\/sulsc.com\/#\/schema\/person\/image\/e08d7fe2cc4ed596372063bbe852b8d0","url":"https:\/\/sulsc.com\/wp-content\/uploads\/2023\/09\/redacao.png","contentUrl":"https:\/\/sulsc.com\/wp-content\/uploads\/2023\/09\/redacao.png","caption":"Reda\u00e7\u00e3o Sul SC"},"description":"Foco em um jornalismo imparcial, voltado \u00e0 qualidade dos seus conte\u00fados e, assim, levar informa\u00e7\u00e3o de valor que agregue \u00e0 vida dos leitores. Esta \u00e9 grande miss\u00e3o do Portal de Not\u00edcias Sul SC. N\u00e3o \u00e9 quantidade que muda o mundo, sempre foi e seguir\u00e1 sendo qualidade!","sameAs":["https:\/\/sulsc.com\/","https:\/\/www.facebook.com\/profile.php?id=61559278119680","https:\/\/www.instagram.com\/sulscportal\/?hl=pt-br","https:\/\/twitter.com\/https:\/\/twitter.com\/PortalSulSC","https:\/\/www.youtube.com\/channel\/UCv_BE8GeySluDov2n8qhVmw"],"url":"https:\/\/sulsc.com\/index.php\/author\/redacao\/"}]}},"authors":[],"_links":{"self":[{"href":"https:\/\/sulsc.com\/index.php\/wp-json\/wp\/v2\/posts\/8294"}],"collection":[{"href":"https:\/\/sulsc.com\/index.php\/wp-json\/wp\/v2\/posts"}],"about":[{"href":"https:\/\/sulsc.com\/index.php\/wp-json\/wp\/v2\/types\/post"}],"author":[{"embeddable":true,"href":"https:\/\/sulsc.com\/index.php\/wp-json\/wp\/v2\/users\/3"}],"replies":[{"embeddable":true,"href":"https:\/\/sulsc.com\/index.php\/wp-json\/wp\/v2\/comments?post=8294"}],"version-history":[{"count":2,"href":"https:\/\/sulsc.com\/index.php\/wp-json\/wp\/v2\/posts\/8294\/revisions"}],"predecessor-version":[{"id":8297,"href":"https:\/\/sulsc.com\/index.php\/wp-json\/wp\/v2\/posts\/8294\/revisions\/8297"}],"wp:featuredmedia":[{"embeddable":true,"href":"https:\/\/sulsc.com\/index.php\/wp-json\/wp\/v2\/media\/8296"}],"wp:attachment":[{"href":"https:\/\/sulsc.com\/index.php\/wp-json\/wp\/v2\/media?parent=8294"}],"wp:term":[{"taxonomy":"category","embeddable":true,"href":"https:\/\/sulsc.com\/index.php\/wp-json\/wp\/v2\/categories?post=8294"},{"taxonomy":"post_tag","embeddable":true,"href":"https:\/\/sulsc.com\/index.php\/wp-json\/wp\/v2\/tags?post=8294"}],"curies":[{"name":"wp","href":"https:\/\/api.w.org\/{rel}","templated":true}]}}