{"id":8361,"date":"2024-02-08T09:20:55","date_gmt":"2024-02-08T12:20:55","guid":{"rendered":"https:\/\/sulsc.com\/?p=8361"},"modified":"2024-02-08T06:56:31","modified_gmt":"2024-02-08T09:56:31","slug":"mulher-e-agredida-com-cabo-de-vassoura-em-imbituba","status":"publish","type":"post","link":"https:\/\/sulsc.com\/index.php\/2024\/02\/08\/mulher-e-agredida-com-cabo-de-vassoura-em-imbituba\/","title":{"rendered":"Mulher \u00e9 agredida com cabo de vassoura, em Imbituba"},"content":{"rendered":"<p>Um crime de les\u00e3o corporal leve foi registrado nesta quarta-feira (7), em Imbituba. A Pol\u00edcia Militar foi acionada, via Centro de Opera\u00e7\u00f5es Policiais Militares (Copom), por volta das 10h40, para atender a ocorr\u00eancia decorrente de uma Viol\u00eancia Dom\u00e9stica.<\/p>\n<p>No local os policiais conversaram com a v\u00edtima, uma mulher de 35 anos. Ela contou que teria sofrido amea\u00e7as de morte e teria sido agredida com um cabo de vassoura. A guarni\u00e7\u00e3o observou que a v\u00edtima apresentava hematomas nas pernas.<\/p>\n<p>Ao ser questionado pelos militares sobre o ocorrido, o suposto agressor relatou que, ao se defender, acabou agredindo sua esposa. Durante o preenchimento do boletim de ocorr\u00eancia, constatou-se que havia um mandado de pris\u00e3o por pens\u00e3o aliment\u00edcia em desfavor do homem, de 34 anos.<\/p>\n<p>Diante dos fatos, as partes envolvidas foram conduzidas ao hospital para atendimento m\u00e9dico e, posteriormente, encaminhados \u00e0 delegacia de Imbituba para que as provid\u00eancias cab\u00edveis fossem tomadas.<\/p>\n<p><img fetchpriority=\"high\" decoding=\"async\" class=\"alignnone size-large wp-image-2699\" src=\"http:\/\/sulsc.com\/wp-content\/uploads\/2023\/10\/Agressao-1-1024x576.jpeg\" alt=\"\" width=\"1024\" height=\"576\" srcset=\"https:\/\/sulsc.com\/wp-content\/uploads\/2023\/10\/Agressao-1-1024x576.jpeg 1024w, https:\/\/sulsc.com\/wp-content\/uploads\/2023\/10\/Agressao-1-300x169.jpeg 300w, https:\/\/sulsc.com\/wp-content\/uploads\/2023\/10\/Agressao-1-768x432.jpeg 768w, https:\/\/sulsc.com\/wp-content\/uploads\/2023\/10\/Agressao-1-1536x864.jpeg 1536w, https:\/\/sulsc.com\/wp-content\/uploads\/2023\/10\/Agressao-1.jpeg 1600w\" sizes=\"(max-width: 1024px) 100vw, 1024px\" \/><\/p>\n","protected":false},"excerpt":{"rendered":"<p>Um crime de les\u00e3o corporal leve foi registrado nesta quarta-feira (7), em Imbituba. A Pol\u00edcia Militar foi acionada, via Centro de Opera\u00e7\u00f5es Policiais Militares (Copom), por volta das 10h40, para atender a ocorr\u00eancia decorrente de uma Viol\u00eancia Dom\u00e9stica. No local os policiais conversaram com a v\u00edtima, uma mulher de 35 anos. Ela contou que teria &hellip;<\/p>\n<p class=\"read-more\"> <a class=\"\" href=\"https:\/\/sulsc.com\/index.php\/2024\/02\/08\/mulher-e-agredida-com-cabo-de-vassoura-em-imbituba\/\"> <span class=\"screen-reader-text\">Mulher \u00e9 agredida com cabo de vassoura, em Imbituba<\/span> Read More &raquo;<\/a><\/p>\n","protected":false},"author":3,"featured_media":2699,"comment_status":"open","ping_status":"open","sticky":false,"template":"","format":"standard","meta":{"site-sidebar-layout":"default","site-content-layout":"","ast-site-content-layout":"default","site-content-style":"default","site-sidebar-style":"default","ast-global-header-display":"","ast-banner-title-visibility":"","ast-main-header-display":"","ast-hfb-above-header-display":"","ast-hfb-below-header-display":"","ast-hfb-mobile-header-display":"","site-post-title":"","ast-breadcrumbs-content":"","ast-featured-img":"","footer-sml-layout":"","theme-transparent-header-meta":"default","adv-header-id-meta":"","stick-header-meta":"","header-above-stick-meta":"","header-main-stick-meta":"","header-below-stick-meta":"","astra-migrate-meta-layouts":"set","footnotes":""},"categories":[41,8],"tags":[329,133,91],"yoast_head":"<!-- This site is optimized with the Yoast SEO plugin v21.4 - https:\/\/yoast.com\/wordpress\/plugins\/seo\/ -->\n<title>Mulher \u00e9 agredida com cabo de vassoura, em Imbituba -<\/title>\n<meta name=\"description\" content=\"A v\u00edtima contou que al\u00e9m da agress\u00e3o ela teria sofrido amea\u00e7as de morte. J\u00e1 o homem relatou que, ao se defender, acabou agredindo sua esposa\" \/>\n<meta name=\"robots\" content=\"index, follow, max-snippet:-1, max-image-preview:large, max-video-preview:-1\" \/>\n<link rel=\"canonical\" href=\"https:\/\/sulsc.com\/index.php\/2024\/02\/08\/mulher-e-agredida-com-cabo-de-vassoura-em-imbituba\/\" \/>\n<meta property=\"og:locale\" content=\"en_US\" \/>\n<meta property=\"og:type\" content=\"article\" \/>\n<meta property=\"og:title\" content=\"Mulher \u00e9 agredida com cabo de vassoura, em Imbituba -\" \/>\n<meta property=\"og:description\" content=\"A v\u00edtima contou que al\u00e9m da agress\u00e3o ela teria sofrido amea\u00e7as de morte. J\u00e1 o homem relatou que, ao se defender, acabou agredindo sua esposa\" \/>\n<meta property=\"og:url\" content=\"https:\/\/sulsc.com\/index.php\/2024\/02\/08\/mulher-e-agredida-com-cabo-de-vassoura-em-imbituba\/\" \/>\n<meta property=\"article:author\" content=\"https:\/\/www.facebook.com\/profile.php?id=61559278119680\" \/>\n<meta property=\"article:published_time\" content=\"2024-02-08T12:20:55+00:00\" \/>\n<meta property=\"article:modified_time\" content=\"2024-02-08T09:56:31+00:00\" \/>\n<meta property=\"og:image\" content=\"https:\/\/sulsc.com\/wp-content\/uploads\/2023\/10\/Agressao-1.jpeg\" \/>\n\t<meta property=\"og:image:width\" content=\"1600\" \/>\n\t<meta property=\"og:image:height\" content=\"900\" \/>\n\t<meta property=\"og:image:type\" content=\"image\/jpeg\" \/>\n<meta name=\"author\" content=\"Reda\u00e7\u00e3o Sul SC\" \/>\n<meta name=\"twitter:card\" content=\"summary_large_image\" \/>\n<meta name=\"twitter:creator\" content=\"@https:\/\/twitter.com\/PortalSulSC\" \/>\n<meta name=\"twitter:label1\" content=\"Written by\" \/>\n\t<meta name=\"twitter:data1\" content=\"Reda\u00e7\u00e3o Sul SC\" \/>\n\t<meta name=\"twitter:label2\" content=\"Est. reading time\" \/>\n\t<meta name=\"twitter:data2\" content=\"2 minutes\" \/>\n<script type=\"application\/ld+json\" class=\"yoast-schema-graph\">{\"@context\":\"https:\/\/schema.org\",\"@graph\":[{\"@type\":\"WebPage\",\"@id\":\"https:\/\/sulsc.com\/index.php\/2024\/02\/08\/mulher-e-agredida-com-cabo-de-vassoura-em-imbituba\/\",\"url\":\"https:\/\/sulsc.com\/index.php\/2024\/02\/08\/mulher-e-agredida-com-cabo-de-vassoura-em-imbituba\/\",\"name\":\"Mulher \u00e9 agredida com cabo de vassoura, em Imbituba -\",\"isPartOf\":{\"@id\":\"https:\/\/sulsc.com\/#website\"},\"datePublished\":\"2024-02-08T12:20:55+00:00\",\"dateModified\":\"2024-02-08T09:56:31+00:00\",\"author\":{\"@id\":\"https:\/\/sulsc.com\/#\/schema\/person\/84d2fc571684f6248ba83092f07750a3\"},\"description\":\"A v\u00edtima contou que al\u00e9m da agress\u00e3o ela teria sofrido amea\u00e7as de morte. J\u00e1 o homem relatou que, ao se defender, acabou agredindo sua esposa\",\"breadcrumb\":{\"@id\":\"https:\/\/sulsc.com\/index.php\/2024\/02\/08\/mulher-e-agredida-com-cabo-de-vassoura-em-imbituba\/#breadcrumb\"},\"inLanguage\":\"en-US\",\"potentialAction\":[{\"@type\":\"ReadAction\",\"target\":[\"https:\/\/sulsc.com\/index.php\/2024\/02\/08\/mulher-e-agredida-com-cabo-de-vassoura-em-imbituba\/\"]}]},{\"@type\":\"BreadcrumbList\",\"@id\":\"https:\/\/sulsc.com\/index.php\/2024\/02\/08\/mulher-e-agredida-com-cabo-de-vassoura-em-imbituba\/#breadcrumb\",\"itemListElement\":[{\"@type\":\"ListItem\",\"position\":1,\"name\":\"In\u00edcio\",\"item\":\"https:\/\/sulsc.com\/\"},{\"@type\":\"ListItem\",\"position\":2,\"name\":\"Mulher \u00e9 agredida com cabo de vassoura, em Imbituba\"}]},{\"@type\":\"WebSite\",\"@id\":\"https:\/\/sulsc.com\/#website\",\"url\":\"https:\/\/sulsc.com\/\",\"name\":\"\",\"description\":\"\",\"potentialAction\":[{\"@type\":\"SearchAction\",\"target\":{\"@type\":\"EntryPoint\",\"urlTemplate\":\"https:\/\/sulsc.com\/?s={search_term_string}\"},\"query-input\":\"required name=search_term_string\"}],\"inLanguage\":\"en-US\"},{\"@type\":\"Person\",\"@id\":\"https:\/\/sulsc.com\/#\/schema\/person\/84d2fc571684f6248ba83092f07750a3\",\"name\":\"Reda\u00e7\u00e3o Sul SC\",\"image\":{\"@type\":\"ImageObject\",\"inLanguage\":\"en-US\",\"@id\":\"https:\/\/sulsc.com\/#\/schema\/person\/image\/e08d7fe2cc4ed596372063bbe852b8d0\",\"url\":\"https:\/\/sulsc.com\/wp-content\/uploads\/2023\/09\/redacao.png\",\"contentUrl\":\"https:\/\/sulsc.com\/wp-content\/uploads\/2023\/09\/redacao.png\",\"caption\":\"Reda\u00e7\u00e3o Sul SC\"},\"description\":\"Foco em um jornalismo imparcial, voltado \u00e0 qualidade dos seus conte\u00fados e, assim, levar informa\u00e7\u00e3o de valor que agregue \u00e0 vida dos leitores. Esta \u00e9 grande miss\u00e3o do Portal de Not\u00edcias Sul SC. N\u00e3o \u00e9 quantidade que muda o mundo, sempre foi e seguir\u00e1 sendo qualidade!\",\"sameAs\":[\"https:\/\/sulsc.com\/\",\"https:\/\/www.facebook.com\/profile.php?id=61559278119680\",\"https:\/\/www.instagram.com\/sulscportal\/?hl=pt-br\",\"https:\/\/twitter.com\/https:\/\/twitter.com\/PortalSulSC\",\"https:\/\/www.youtube.com\/channel\/UCv_BE8GeySluDov2n8qhVmw\"],\"url\":\"https:\/\/sulsc.com\/index.php\/author\/redacao\/\"}]}<\/script>\n<!-- \/ Yoast SEO plugin. -->","yoast_head_json":{"title":"Mulher \u00e9 agredida com cabo de vassoura, em Imbituba -","description":"A v\u00edtima contou que al\u00e9m da agress\u00e3o ela teria sofrido amea\u00e7as de morte. J\u00e1 o homem relatou que, ao se defender, acabou agredindo sua esposa","robots":{"index":"index","follow":"follow","max-snippet":"max-snippet:-1","max-image-preview":"max-image-preview:large","max-video-preview":"max-video-preview:-1"},"canonical":"https:\/\/sulsc.com\/index.php\/2024\/02\/08\/mulher-e-agredida-com-cabo-de-vassoura-em-imbituba\/","og_locale":"en_US","og_type":"article","og_title":"Mulher \u00e9 agredida com cabo de vassoura, em Imbituba -","og_description":"A v\u00edtima contou que al\u00e9m da agress\u00e3o ela teria sofrido amea\u00e7as de morte. J\u00e1 o homem relatou que, ao se defender, acabou agredindo sua esposa","og_url":"https:\/\/sulsc.com\/index.php\/2024\/02\/08\/mulher-e-agredida-com-cabo-de-vassoura-em-imbituba\/","article_author":"https:\/\/www.facebook.com\/profile.php?id=61559278119680","article_published_time":"2024-02-08T12:20:55+00:00","article_modified_time":"2024-02-08T09:56:31+00:00","og_image":[{"width":1600,"height":900,"url":"https:\/\/sulsc.com\/wp-content\/uploads\/2023\/10\/Agressao-1.jpeg","type":"image\/jpeg"}],"author":"Reda\u00e7\u00e3o Sul SC","twitter_card":"summary_large_image","twitter_creator":"@https:\/\/twitter.com\/PortalSulSC","twitter_misc":{"Written by":"Reda\u00e7\u00e3o Sul SC","Est. reading time":"2 minutes"},"schema":{"@context":"https:\/\/schema.org","@graph":[{"@type":"WebPage","@id":"https:\/\/sulsc.com\/index.php\/2024\/02\/08\/mulher-e-agredida-com-cabo-de-vassoura-em-imbituba\/","url":"https:\/\/sulsc.com\/index.php\/2024\/02\/08\/mulher-e-agredida-com-cabo-de-vassoura-em-imbituba\/","name":"Mulher \u00e9 agredida com cabo de vassoura, em Imbituba -","isPartOf":{"@id":"https:\/\/sulsc.com\/#website"},"datePublished":"2024-02-08T12:20:55+00:00","dateModified":"2024-02-08T09:56:31+00:00","author":{"@id":"https:\/\/sulsc.com\/#\/schema\/person\/84d2fc571684f6248ba83092f07750a3"},"description":"A v\u00edtima contou que al\u00e9m da agress\u00e3o ela teria sofrido amea\u00e7as de morte. J\u00e1 o homem relatou que, ao se defender, acabou agredindo sua esposa","breadcrumb":{"@id":"https:\/\/sulsc.com\/index.php\/2024\/02\/08\/mulher-e-agredida-com-cabo-de-vassoura-em-imbituba\/#breadcrumb"},"inLanguage":"en-US","potentialAction":[{"@type":"ReadAction","target":["https:\/\/sulsc.com\/index.php\/2024\/02\/08\/mulher-e-agredida-com-cabo-de-vassoura-em-imbituba\/"]}]},{"@type":"BreadcrumbList","@id":"https:\/\/sulsc.com\/index.php\/2024\/02\/08\/mulher-e-agredida-com-cabo-de-vassoura-em-imbituba\/#breadcrumb","itemListElement":[{"@type":"ListItem","position":1,"name":"In\u00edcio","item":"https:\/\/sulsc.com\/"},{"@type":"ListItem","position":2,"name":"Mulher \u00e9 agredida com cabo de vassoura, em Imbituba"}]},{"@type":"WebSite","@id":"https:\/\/sulsc.com\/#website","url":"https:\/\/sulsc.com\/","name":"","description":"","potentialAction":[{"@type":"SearchAction","target":{"@type":"EntryPoint","urlTemplate":"https:\/\/sulsc.com\/?s={search_term_string}"},"query-input":"required name=search_term_string"}],"inLanguage":"en-US"},{"@type":"Person","@id":"https:\/\/sulsc.com\/#\/schema\/person\/84d2fc571684f6248ba83092f07750a3","name":"Reda\u00e7\u00e3o Sul SC","image":{"@type":"ImageObject","inLanguage":"en-US","@id":"https:\/\/sulsc.com\/#\/schema\/person\/image\/e08d7fe2cc4ed596372063bbe852b8d0","url":"https:\/\/sulsc.com\/wp-content\/uploads\/2023\/09\/redacao.png","contentUrl":"https:\/\/sulsc.com\/wp-content\/uploads\/2023\/09\/redacao.png","caption":"Reda\u00e7\u00e3o Sul SC"},"description":"Foco em um jornalismo imparcial, voltado \u00e0 qualidade dos seus conte\u00fados e, assim, levar informa\u00e7\u00e3o de valor que agregue \u00e0 vida dos leitores. Esta \u00e9 grande miss\u00e3o do Portal de Not\u00edcias Sul SC. N\u00e3o \u00e9 quantidade que muda o mundo, sempre foi e seguir\u00e1 sendo qualidade!","sameAs":["https:\/\/sulsc.com\/","https:\/\/www.facebook.com\/profile.php?id=61559278119680","https:\/\/www.instagram.com\/sulscportal\/?hl=pt-br","https:\/\/twitter.com\/https:\/\/twitter.com\/PortalSulSC","https:\/\/www.youtube.com\/channel\/UCv_BE8GeySluDov2n8qhVmw"],"url":"https:\/\/sulsc.com\/index.php\/author\/redacao\/"}]}},"authors":[],"_links":{"self":[{"href":"https:\/\/sulsc.com\/index.php\/wp-json\/wp\/v2\/posts\/8361"}],"collection":[{"href":"https:\/\/sulsc.com\/index.php\/wp-json\/wp\/v2\/posts"}],"about":[{"href":"https:\/\/sulsc.com\/index.php\/wp-json\/wp\/v2\/types\/post"}],"author":[{"embeddable":true,"href":"https:\/\/sulsc.com\/index.php\/wp-json\/wp\/v2\/users\/3"}],"replies":[{"embeddable":true,"href":"https:\/\/sulsc.com\/index.php\/wp-json\/wp\/v2\/comments?post=8361"}],"version-history":[{"count":2,"href":"https:\/\/sulsc.com\/index.php\/wp-json\/wp\/v2\/posts\/8361\/revisions"}],"predecessor-version":[{"id":8363,"href":"https:\/\/sulsc.com\/index.php\/wp-json\/wp\/v2\/posts\/8361\/revisions\/8363"}],"wp:featuredmedia":[{"embeddable":true,"href":"https:\/\/sulsc.com\/index.php\/wp-json\/wp\/v2\/media\/2699"}],"wp:attachment":[{"href":"https:\/\/sulsc.com\/index.php\/wp-json\/wp\/v2\/media?parent=8361"}],"wp:term":[{"taxonomy":"category","embeddable":true,"href":"https:\/\/sulsc.com\/index.php\/wp-json\/wp\/v2\/categories?post=8361"},{"taxonomy":"post_tag","embeddable":true,"href":"https:\/\/sulsc.com\/index.php\/wp-json\/wp\/v2\/tags?post=8361"}],"curies":[{"name":"wp","href":"https:\/\/api.w.org\/{rel}","templated":true}]}}