{"id":8442,"date":"2024-02-09T16:31:10","date_gmt":"2024-02-09T19:31:10","guid":{"rendered":"https:\/\/sulsc.com\/?p=8442"},"modified":"2024-02-09T16:31:10","modified_gmt":"2024-02-09T19:31:10","slug":"confusoes-gafes-e-lapsos-joe-biden-esta-caducando","status":"publish","type":"post","link":"https:\/\/sulsc.com\/index.php\/2024\/02\/09\/confusoes-gafes-e-lapsos-joe-biden-esta-caducando\/","title":{"rendered":"Confus\u00f5es, gafes e lapsos: Joe Biden est\u00e1 caducando?"},"content":{"rendered":"<p><img fetchpriority=\"high\" decoding=\"async\" class=\"aligncenter size-full wp-image-8443\" src=\"http:\/\/sulsc.com\/wp-content\/uploads\/2024\/02\/1-2.jpeg\" alt=\"\" width=\"1080\" height=\"700\" srcset=\"https:\/\/sulsc.com\/wp-content\/uploads\/2024\/02\/1-2.jpeg 1080w, https:\/\/sulsc.com\/wp-content\/uploads\/2024\/02\/1-2-300x194.jpeg 300w, https:\/\/sulsc.com\/wp-content\/uploads\/2024\/02\/1-2-1024x664.jpeg 1024w, https:\/\/sulsc.com\/wp-content\/uploads\/2024\/02\/1-2-768x498.jpeg 768w\" sizes=\"(max-width: 1080px) 100vw, 1080px\" \/><\/p>\n<p>Ap\u00f3s uma s\u00e9rie de confus\u00f5es, gafes e lapsos de mem\u00f3ria, o presidente americano, Joe Biden, que ir\u00e1 se candidatar a um segundo mandato em novembro, aos 81 anos, convocou uma coletiva de imprensa na Casa Branca na noite de quinta-feira (8), para refutar as acusa\u00e7\u00f5es sobre a deteriora\u00e7\u00e3o das suas faculdades mentais. Ele apenas piorou a situa\u00e7\u00e3o, referindo-se ao presidente eg\u00edpcio Abdel Fattah al-Sisi como \u201co presidente do M\u00e9xico\u201d.<\/p>\n<p>A carreira de Joe Biden daria um anedot\u00e1rio de gafes. Em 2008, durante uma reuni\u00e3o, quando era vice na chapa de Barack Obama, Biden pediu ao senador Chuck Graham que se levantasse, mesmo estando numa cadeira de rodas. No ano anterior, ele tinha descrito o futuro presidente como \u201co primeiro afro-americano tradicional (\u2026) eloquente, brilhante, limpo e bonito\u201d.<\/p>\n<p>Em 2010, ele lamentou a morte da m\u00e3e do primeiro-ministro irland\u00eas enquanto ela ainda estava viva. As gafes do homem que se autodenominava \u201cm\u00e1quina de erros\u201d faziam sorrir, mas desde o in\u00edcio do seu mandato, as suas declara\u00e7\u00f5es por vezes bizarras passaram a preocupar, levantando quest\u00f5es acerca do seu estado de sa\u00fade mental.<\/p>\n<p>No primeiro dia das elei\u00e7\u00f5es americanas de 2020, o candidato democrata fez um discurso aos seus apoiadores na Filad\u00e9lfia. Na ocasi\u00e3o, Joe Biden apresentou \u00e0 multid\u00e3o o seu filho Beau, \u201ca quem muitos de voc\u00eas ajudaram a eleger para o Senado de Delaware\u201d. Problema: o filho mais velho do futuro presidente morreu em 2015.<\/p>\n<p>No in\u00edcio da guerra entre R\u00fassia e Ucr\u00e2nia, em seu discurso anual sobre o Estado da Uni\u00e3o, em 1 de Mar\u00e7o de 2022, Biden confundiu o povo ucraniano e o povo iraniano. \u201cPutin pode cercar Kiev com tanques, mas nunca conquistar\u00e1 os cora\u00e7\u00f5es e as almas do povo iraniano\u201d, afirmou. Atr\u00e1s dele, sua vice-presidente Kamala Harris sussurra \u201cucraniano\u201d para ele.<\/p>\n<p>Durante um discurso sobre o aborto, proferido em julho de 2022 na Casa Branca, Joe Biden foi aplicado demais ao ler o texto do seu teleprompter. A certa altura deste discurso imortalizado pelas c\u00e2maras, ouve-se o presidente americano pronunciar em voz alta a instru\u00e7\u00e3o \u201crepita a frase\u201d antes de continuar repetindo, de fato, uma cita\u00e7\u00e3o proferida alguns segundos antes.<\/p>\n<p>Durante uma viagem \u00e0 Ar\u00e1bia Saudita em 16 de julho de 2022, Joe Biden trocou duas palavras que s\u00e3o ant\u00edpodas: ego\u00edsmo e altru\u00edsmo. O presidente norte-americano honrou \u201ca bravura e o ego\u00edsmo dos americanos que serviram na regi\u00e3o\u201d. A palavra certa a ser usada era \u201caltru\u00edsmo\u201d. Esse equ\u00edvoco deixou o p\u00fablico ligeiramente constrangido.<\/p>\n<p>Durante um discurso dedicado \u00e0 luta contra a obesidade e a inseguran\u00e7a alimentar, Joe Biden falou com um parlamentar republicano que morreu. \u201cQuero agradecer a todos os que aqui est\u00e3o\u201d, declarou Joe Biden, mencionando dois parlamentares particularmente envolvidos nestes assuntos. E acrescentou: \u201cOnde est\u00e1 Jackie?\u201d Ele ent\u00e3o pareceu procurar na sala o ex-membro da C\u00e2mara dos Deputados, Jackie Walorski, uma autoridade republicana que morreu no in\u00edcio de agosto em um acidente de carro, que estava muito envolvido na luta contra a desnutri\u00e7\u00e3o.<\/p>\n<p>Em viagem para o Vietn\u00e3, no dia 12 de setembro de 2023, Joe Biden perdeu-se, durante uma coletiva de imprensa, em uma sequ\u00eancia desastrosa de frases sem nexo: \u201c\u00c9 noite, n\u00e3o \u00e9?\u201d ele perguntou no in\u00edcio de seu discurso, antes de mencionar o aquecimento global, lan\u00e7ando uma compara\u00e7\u00e3o com um filme de John Wayne: \u201cH\u00e1 um filme sobre John Wayne. Ele \u00e9 um batedor indiano. E eles est\u00e3o tentando trazer de volta os\u2026 acho que foram os Apaches\u2026 Uma das grandes tribos da Am\u00e9rica na reserva (\u2026) E o batedor \u00edndio\u2026 O \u00edndio olha para John Wayne, aponta para o soldado da Uni\u00e3o e diz: \u2018Ele \u00e9 um soldado p\u00f4nei mentiroso com cara de cachorro\u2019\u201d, disparou lunaticamente Joe Biden, acrescentando: \u201cBem, h\u00e1 muitos soldados p\u00f4neis mentirosos com cara de cachorro sobre o aquecimento global\u201d.<\/p>\n<p>A refer\u00eancia n\u00e3o \u00e9 clara, mesmo para o cin\u00e9filo mais informado. Em The Heroic Charge, do diretor americano John Ford, uma narra\u00e7\u00e3o menciona \u201csoldados com cabe\u00e7a de cachorro\u201d, mas n\u00e3o h\u00e1 men\u00e7\u00e3o a \u201cmentiroso\u201d ou \u201cp\u00f4nei\u201d.<\/p>\n<p>Durante esta mesma confer\u00eancia de imprensa, o presidente americano descreveu o Vietn\u00e3 como um pa\u00eds do \u201cterceiro mundo\u201d. O coment\u00e1rio exigiu a interven\u00e7\u00e3o da porta-voz da Casa Branca, Karine Jean-Pierre, que cortou o microfone de Joe Biden. Perturbado diante das tantas perguntas, quase perdido, o presidente saiu de sua mesa disparando esta frase: \u201cN\u00e3o sei o que \u00e9 para voc\u00ea, mas vou dormir\u2026\u201d<\/p>\n<p>Em novembro de 2023, durante um evento de A\u00e7\u00e3o de Gra\u00e7as na Base Naval de Norfolk, na Virg\u00ednia, Joe Biden errou a idade de uma menina, causando mal-estar geral no p\u00fablico. No final do seu discurso, o presidente dos EUA falou com uma menina que parecia usar orelhas de gato amarradas como bandana. \u201cGosto das suas orelhas, gosto delas, s\u00e3o muito legais. Qual \u00e9 o seu nome?\u201d, perguntou ele. A menina, hesitante, baixa os olhos timidamente ao responder: \u201cCatherine\u201d. \u201cQue nome ador\u00e1vel. Esse \u00e9 o nome da minha m\u00e3e\u2026 Quantos anos voc\u00ea tem? Setenta anos ?\u201d, ent\u00e3o pergunta o presidente.<\/p>\n<p>Um garotinho pr\u00f3ximo responde por ela, declarando que ela tem 6 anos. Falsamente surpreso, Biden continua: \u201cSeis anos?\u201d, antes de direcionar sua aten\u00e7\u00e3o para o menino, provocando-o perguntando se ele mesmo tinha 15 anos, ao que a crian\u00e7a declara ter \u201cquatro\u201d. \u201cQuatro anos? Voc\u00ea \u00e9 um cara bem grande. Bem, vou te dizer uma coisa, seja legal com sua irm\u00e3. Voc\u00ea vai precisar dela um dia.\u201d<\/p>\n<p>A \u00faltima confus\u00e3o foi durante um com\u00edcio pol\u00edtico, em 4 de fevereiro, em Las Vegas. Joe Biden confundiu Emmanuel Macron e Fran\u00e7ois Mitterrand: \u201cSabe, logo ap\u00f3s a minha elei\u00e7\u00e3o, fui ao que chamamos de reuni\u00e3o do G7, ou seja, de todos os l\u00edderes da Otan\u201d, explicou ele, \u201ceu estava no Sul da Inglaterra. Recostei-me e disse: a Am\u00e9rica est\u00e1 de volta! E Mitterrand, da Alemanha &#8211; quero dizer, da Fran\u00e7a, olhou para mim e perguntou: em quanto tempo voc\u00ea volta?\u201d.<\/p>\n<p><strong>Fran\u00e7ois Mitterrand morreu em 1996<br \/>\n<\/strong>Poucos dias depois, durante um evento de campanha, o presidente americano mencionou outra conversa que teria tido em 2021 com o ex-chanceler alem\u00e3o Helmut Kohl, falecido em 2017.<\/p>\n<p><em>Fonte: O Antagonista<\/em><\/p>\n","protected":false},"excerpt":{"rendered":"<p>Ap\u00f3s uma s\u00e9rie de confus\u00f5es, gafes e lapsos de mem\u00f3ria, o presidente americano, Joe Biden, que ir\u00e1 se candidatar a um segundo mandato em novembro, aos 81 anos, convocou uma coletiva de imprensa na Casa Branca na noite de quinta-feira (8), para refutar as acusa\u00e7\u00f5es sobre a deteriora\u00e7\u00e3o das suas faculdades mentais. Ele apenas piorou &hellip;<\/p>\n<p class=\"read-more\"> <a class=\"\" href=\"https:\/\/sulsc.com\/index.php\/2024\/02\/09\/confusoes-gafes-e-lapsos-joe-biden-esta-caducando\/\"> <span class=\"screen-reader-text\">Confus\u00f5es, gafes e lapsos: Joe Biden est\u00e1 caducando?<\/span> Read More &raquo;<\/a><\/p>\n","protected":false},"author":3,"featured_media":8443,"comment_status":"open","ping_status":"open","sticky":false,"template":"","format":"standard","meta":{"site-sidebar-layout":"default","site-content-layout":"","ast-site-content-layout":"default","site-content-style":"default","site-sidebar-style":"default","ast-global-header-display":"","ast-banner-title-visibility":"","ast-main-header-display":"","ast-hfb-above-header-display":"","ast-hfb-below-header-display":"","ast-hfb-mobile-header-display":"","site-post-title":"","ast-breadcrumbs-content":"","ast-featured-img":"","footer-sml-layout":"","theme-transparent-header-meta":"default","adv-header-id-meta":"","stick-header-meta":"","header-above-stick-meta":"","header-main-stick-meta":"","header-below-stick-meta":"","astra-migrate-meta-layouts":"set","footnotes":""},"categories":[16],"tags":[1184,1183,774,1182,297,1181,617,111],"yoast_head":"<!-- This site is optimized with the Yoast SEO plugin v21.4 - https:\/\/yoast.com\/wordpress\/plugins\/seo\/ -->\n<title>Confus\u00f5es, gafes e lapsos: Joe Biden est\u00e1 caducando? -<\/title>\n<meta name=\"description\" content=\"Ap\u00f3s uma s\u00e9rie de confus\u00f5es, gafes e lapsos de mem\u00f3ria, o presidente norte-americano, Joe Biden, de 81 anos, convocou uma coletiva para refutar as acusa\u00e7\u00f5es sobre a deteriora\u00e7\u00e3o das suas faculdades mentais\" \/>\n<meta name=\"robots\" content=\"index, follow, max-snippet:-1, max-image-preview:large, max-video-preview:-1\" \/>\n<link rel=\"canonical\" href=\"https:\/\/sulsc.com\/index.php\/2024\/02\/09\/confusoes-gafes-e-lapsos-joe-biden-esta-caducando\/\" \/>\n<meta property=\"og:locale\" content=\"en_US\" \/>\n<meta property=\"og:type\" content=\"article\" \/>\n<meta property=\"og:title\" content=\"Confus\u00f5es, gafes e lapsos: Joe Biden est\u00e1 caducando? -\" \/>\n<meta property=\"og:description\" content=\"Ap\u00f3s uma s\u00e9rie de confus\u00f5es, gafes e lapsos de mem\u00f3ria, o presidente norte-americano, Joe Biden, de 81 anos, convocou uma coletiva para refutar as acusa\u00e7\u00f5es sobre a deteriora\u00e7\u00e3o das suas faculdades mentais\" \/>\n<meta property=\"og:url\" content=\"https:\/\/sulsc.com\/index.php\/2024\/02\/09\/confusoes-gafes-e-lapsos-joe-biden-esta-caducando\/\" \/>\n<meta property=\"article:author\" content=\"https:\/\/www.facebook.com\/profile.php?id=61559278119680\" \/>\n<meta property=\"article:published_time\" content=\"2024-02-09T19:31:10+00:00\" \/>\n<meta property=\"og:image\" content=\"http:\/\/sulsc.com\/wp-content\/uploads\/2024\/02\/1-2.jpeg\" \/>\n\t<meta property=\"og:image:width\" content=\"1080\" \/>\n\t<meta property=\"og:image:height\" content=\"700\" \/>\n\t<meta property=\"og:image:type\" content=\"image\/jpeg\" \/>\n<meta name=\"author\" content=\"Reda\u00e7\u00e3o Sul SC\" \/>\n<meta name=\"twitter:card\" content=\"summary_large_image\" \/>\n<meta name=\"twitter:creator\" content=\"@https:\/\/twitter.com\/PortalSulSC\" \/>\n<meta name=\"twitter:label1\" content=\"Written by\" \/>\n\t<meta name=\"twitter:data1\" content=\"Reda\u00e7\u00e3o Sul SC\" \/>\n\t<meta name=\"twitter:label2\" content=\"Est. reading time\" \/>\n\t<meta name=\"twitter:data2\" content=\"6 minutes\" \/>\n<script type=\"application\/ld+json\" class=\"yoast-schema-graph\">{\"@context\":\"https:\/\/schema.org\",\"@graph\":[{\"@type\":\"WebPage\",\"@id\":\"https:\/\/sulsc.com\/index.php\/2024\/02\/09\/confusoes-gafes-e-lapsos-joe-biden-esta-caducando\/\",\"url\":\"https:\/\/sulsc.com\/index.php\/2024\/02\/09\/confusoes-gafes-e-lapsos-joe-biden-esta-caducando\/\",\"name\":\"Confus\u00f5es, gafes e lapsos: Joe Biden est\u00e1 caducando? -\",\"isPartOf\":{\"@id\":\"https:\/\/sulsc.com\/#website\"},\"datePublished\":\"2024-02-09T19:31:10+00:00\",\"dateModified\":\"2024-02-09T19:31:10+00:00\",\"author\":{\"@id\":\"https:\/\/sulsc.com\/#\/schema\/person\/84d2fc571684f6248ba83092f07750a3\"},\"description\":\"Ap\u00f3s uma s\u00e9rie de confus\u00f5es, gafes e lapsos de mem\u00f3ria, o presidente norte-americano, Joe Biden, de 81 anos, convocou uma coletiva para refutar as acusa\u00e7\u00f5es sobre a deteriora\u00e7\u00e3o das suas faculdades mentais\",\"breadcrumb\":{\"@id\":\"https:\/\/sulsc.com\/index.php\/2024\/02\/09\/confusoes-gafes-e-lapsos-joe-biden-esta-caducando\/#breadcrumb\"},\"inLanguage\":\"en-US\",\"potentialAction\":[{\"@type\":\"ReadAction\",\"target\":[\"https:\/\/sulsc.com\/index.php\/2024\/02\/09\/confusoes-gafes-e-lapsos-joe-biden-esta-caducando\/\"]}]},{\"@type\":\"BreadcrumbList\",\"@id\":\"https:\/\/sulsc.com\/index.php\/2024\/02\/09\/confusoes-gafes-e-lapsos-joe-biden-esta-caducando\/#breadcrumb\",\"itemListElement\":[{\"@type\":\"ListItem\",\"position\":1,\"name\":\"In\u00edcio\",\"item\":\"https:\/\/sulsc.com\/\"},{\"@type\":\"ListItem\",\"position\":2,\"name\":\"Confus\u00f5es, gafes e lapsos: Joe Biden est\u00e1 caducando?\"}]},{\"@type\":\"WebSite\",\"@id\":\"https:\/\/sulsc.com\/#website\",\"url\":\"https:\/\/sulsc.com\/\",\"name\":\"\",\"description\":\"\",\"potentialAction\":[{\"@type\":\"SearchAction\",\"target\":{\"@type\":\"EntryPoint\",\"urlTemplate\":\"https:\/\/sulsc.com\/?s={search_term_string}\"},\"query-input\":\"required name=search_term_string\"}],\"inLanguage\":\"en-US\"},{\"@type\":\"Person\",\"@id\":\"https:\/\/sulsc.com\/#\/schema\/person\/84d2fc571684f6248ba83092f07750a3\",\"name\":\"Reda\u00e7\u00e3o Sul SC\",\"image\":{\"@type\":\"ImageObject\",\"inLanguage\":\"en-US\",\"@id\":\"https:\/\/sulsc.com\/#\/schema\/person\/image\/e08d7fe2cc4ed596372063bbe852b8d0\",\"url\":\"https:\/\/sulsc.com\/wp-content\/uploads\/2023\/09\/redacao.png\",\"contentUrl\":\"https:\/\/sulsc.com\/wp-content\/uploads\/2023\/09\/redacao.png\",\"caption\":\"Reda\u00e7\u00e3o Sul SC\"},\"description\":\"Foco em um jornalismo imparcial, voltado \u00e0 qualidade dos seus conte\u00fados e, assim, levar informa\u00e7\u00e3o de valor que agregue \u00e0 vida dos leitores. Esta \u00e9 grande miss\u00e3o do Portal de Not\u00edcias Sul SC. N\u00e3o \u00e9 quantidade que muda o mundo, sempre foi e seguir\u00e1 sendo qualidade!\",\"sameAs\":[\"https:\/\/sulsc.com\/\",\"https:\/\/www.facebook.com\/profile.php?id=61559278119680\",\"https:\/\/www.instagram.com\/sulscportal\/?hl=pt-br\",\"https:\/\/twitter.com\/https:\/\/twitter.com\/PortalSulSC\",\"https:\/\/www.youtube.com\/channel\/UCv_BE8GeySluDov2n8qhVmw\"],\"url\":\"https:\/\/sulsc.com\/index.php\/author\/redacao\/\"}]}<\/script>\n<!-- \/ Yoast SEO plugin. -->","yoast_head_json":{"title":"Confus\u00f5es, gafes e lapsos: Joe Biden est\u00e1 caducando? -","description":"Ap\u00f3s uma s\u00e9rie de confus\u00f5es, gafes e lapsos de mem\u00f3ria, o presidente norte-americano, Joe Biden, de 81 anos, convocou uma coletiva para refutar as acusa\u00e7\u00f5es sobre a deteriora\u00e7\u00e3o das suas faculdades mentais","robots":{"index":"index","follow":"follow","max-snippet":"max-snippet:-1","max-image-preview":"max-image-preview:large","max-video-preview":"max-video-preview:-1"},"canonical":"https:\/\/sulsc.com\/index.php\/2024\/02\/09\/confusoes-gafes-e-lapsos-joe-biden-esta-caducando\/","og_locale":"en_US","og_type":"article","og_title":"Confus\u00f5es, gafes e lapsos: Joe Biden est\u00e1 caducando? -","og_description":"Ap\u00f3s uma s\u00e9rie de confus\u00f5es, gafes e lapsos de mem\u00f3ria, o presidente norte-americano, Joe Biden, de 81 anos, convocou uma coletiva para refutar as acusa\u00e7\u00f5es sobre a deteriora\u00e7\u00e3o das suas faculdades mentais","og_url":"https:\/\/sulsc.com\/index.php\/2024\/02\/09\/confusoes-gafes-e-lapsos-joe-biden-esta-caducando\/","article_author":"https:\/\/www.facebook.com\/profile.php?id=61559278119680","article_published_time":"2024-02-09T19:31:10+00:00","og_image":[{"width":1080,"height":700,"url":"http:\/\/sulsc.com\/wp-content\/uploads\/2024\/02\/1-2.jpeg","type":"image\/jpeg"}],"author":"Reda\u00e7\u00e3o Sul SC","twitter_card":"summary_large_image","twitter_creator":"@https:\/\/twitter.com\/PortalSulSC","twitter_misc":{"Written by":"Reda\u00e7\u00e3o Sul SC","Est. reading time":"6 minutes"},"schema":{"@context":"https:\/\/schema.org","@graph":[{"@type":"WebPage","@id":"https:\/\/sulsc.com\/index.php\/2024\/02\/09\/confusoes-gafes-e-lapsos-joe-biden-esta-caducando\/","url":"https:\/\/sulsc.com\/index.php\/2024\/02\/09\/confusoes-gafes-e-lapsos-joe-biden-esta-caducando\/","name":"Confus\u00f5es, gafes e lapsos: Joe Biden est\u00e1 caducando? -","isPartOf":{"@id":"https:\/\/sulsc.com\/#website"},"datePublished":"2024-02-09T19:31:10+00:00","dateModified":"2024-02-09T19:31:10+00:00","author":{"@id":"https:\/\/sulsc.com\/#\/schema\/person\/84d2fc571684f6248ba83092f07750a3"},"description":"Ap\u00f3s uma s\u00e9rie de confus\u00f5es, gafes e lapsos de mem\u00f3ria, o presidente norte-americano, Joe Biden, de 81 anos, convocou uma coletiva para refutar as acusa\u00e7\u00f5es sobre a deteriora\u00e7\u00e3o das suas faculdades mentais","breadcrumb":{"@id":"https:\/\/sulsc.com\/index.php\/2024\/02\/09\/confusoes-gafes-e-lapsos-joe-biden-esta-caducando\/#breadcrumb"},"inLanguage":"en-US","potentialAction":[{"@type":"ReadAction","target":["https:\/\/sulsc.com\/index.php\/2024\/02\/09\/confusoes-gafes-e-lapsos-joe-biden-esta-caducando\/"]}]},{"@type":"BreadcrumbList","@id":"https:\/\/sulsc.com\/index.php\/2024\/02\/09\/confusoes-gafes-e-lapsos-joe-biden-esta-caducando\/#breadcrumb","itemListElement":[{"@type":"ListItem","position":1,"name":"In\u00edcio","item":"https:\/\/sulsc.com\/"},{"@type":"ListItem","position":2,"name":"Confus\u00f5es, gafes e lapsos: Joe Biden est\u00e1 caducando?"}]},{"@type":"WebSite","@id":"https:\/\/sulsc.com\/#website","url":"https:\/\/sulsc.com\/","name":"","description":"","potentialAction":[{"@type":"SearchAction","target":{"@type":"EntryPoint","urlTemplate":"https:\/\/sulsc.com\/?s={search_term_string}"},"query-input":"required name=search_term_string"}],"inLanguage":"en-US"},{"@type":"Person","@id":"https:\/\/sulsc.com\/#\/schema\/person\/84d2fc571684f6248ba83092f07750a3","name":"Reda\u00e7\u00e3o Sul SC","image":{"@type":"ImageObject","inLanguage":"en-US","@id":"https:\/\/sulsc.com\/#\/schema\/person\/image\/e08d7fe2cc4ed596372063bbe852b8d0","url":"https:\/\/sulsc.com\/wp-content\/uploads\/2023\/09\/redacao.png","contentUrl":"https:\/\/sulsc.com\/wp-content\/uploads\/2023\/09\/redacao.png","caption":"Reda\u00e7\u00e3o Sul SC"},"description":"Foco em um jornalismo imparcial, voltado \u00e0 qualidade dos seus conte\u00fados e, assim, levar informa\u00e7\u00e3o de valor que agregue \u00e0 vida dos leitores. Esta \u00e9 grande miss\u00e3o do Portal de Not\u00edcias Sul SC. N\u00e3o \u00e9 quantidade que muda o mundo, sempre foi e seguir\u00e1 sendo qualidade!","sameAs":["https:\/\/sulsc.com\/","https:\/\/www.facebook.com\/profile.php?id=61559278119680","https:\/\/www.instagram.com\/sulscportal\/?hl=pt-br","https:\/\/twitter.com\/https:\/\/twitter.com\/PortalSulSC","https:\/\/www.youtube.com\/channel\/UCv_BE8GeySluDov2n8qhVmw"],"url":"https:\/\/sulsc.com\/index.php\/author\/redacao\/"}]}},"authors":[],"_links":{"self":[{"href":"https:\/\/sulsc.com\/index.php\/wp-json\/wp\/v2\/posts\/8442"}],"collection":[{"href":"https:\/\/sulsc.com\/index.php\/wp-json\/wp\/v2\/posts"}],"about":[{"href":"https:\/\/sulsc.com\/index.php\/wp-json\/wp\/v2\/types\/post"}],"author":[{"embeddable":true,"href":"https:\/\/sulsc.com\/index.php\/wp-json\/wp\/v2\/users\/3"}],"replies":[{"embeddable":true,"href":"https:\/\/sulsc.com\/index.php\/wp-json\/wp\/v2\/comments?post=8442"}],"version-history":[{"count":1,"href":"https:\/\/sulsc.com\/index.php\/wp-json\/wp\/v2\/posts\/8442\/revisions"}],"predecessor-version":[{"id":8444,"href":"https:\/\/sulsc.com\/index.php\/wp-json\/wp\/v2\/posts\/8442\/revisions\/8444"}],"wp:featuredmedia":[{"embeddable":true,"href":"https:\/\/sulsc.com\/index.php\/wp-json\/wp\/v2\/media\/8443"}],"wp:attachment":[{"href":"https:\/\/sulsc.com\/index.php\/wp-json\/wp\/v2\/media?parent=8442"}],"wp:term":[{"taxonomy":"category","embeddable":true,"href":"https:\/\/sulsc.com\/index.php\/wp-json\/wp\/v2\/categories?post=8442"},{"taxonomy":"post_tag","embeddable":true,"href":"https:\/\/sulsc.com\/index.php\/wp-json\/wp\/v2\/tags?post=8442"}],"curies":[{"name":"wp","href":"https:\/\/api.w.org\/{rel}","templated":true}]}}