{"id":8499,"date":"2024-02-10T15:45:11","date_gmt":"2024-02-10T18:45:11","guid":{"rendered":"https:\/\/sulsc.com\/?p=8499"},"modified":"2024-02-10T15:45:11","modified_gmt":"2024-02-10T18:45:11","slug":"criciumense-de-44-anos-desaparecido-desde-segunda-5-e-encontrado-em-laguna","status":"publish","type":"post","link":"https:\/\/sulsc.com\/index.php\/2024\/02\/10\/criciumense-de-44-anos-desaparecido-desde-segunda-5-e-encontrado-em-laguna\/","title":{"rendered":"Criciumense de 44 anos, desaparecido desde segunda (5), \u00e9 encontrado em Laguna"},"content":{"rendered":"<p><img fetchpriority=\"high\" decoding=\"async\" class=\"aligncenter size-full wp-image-8500\" src=\"http:\/\/sulsc.com\/wp-content\/uploads\/2024\/02\/8-1.jpg\" alt=\"\" width=\"700\" height=\"550\" srcset=\"https:\/\/sulsc.com\/wp-content\/uploads\/2024\/02\/8-1.jpg 700w, https:\/\/sulsc.com\/wp-content\/uploads\/2024\/02\/8-1-300x236.jpg 300w\" sizes=\"(max-width: 700px) 100vw, 700px\" \/><\/p>\n<p>Douglas Costa Cipriano, de 44 anos, desapareceu misteriosamente na \u00faltima segunda-feira (5) de <strong>Crici\u00fama<\/strong>, mas foi encontrado ileso em <strong>Laguna<\/strong>, trazendo al\u00edvio e alegria para sua fam\u00edlia e comunidade.<\/p>\n<p>Ap\u00f3s dois dias de incerteza angustiante, Douglas foi avistado na Terra de Anita. Houve uma mobiliza\u00e7\u00e3o e muito compartilhando de informa\u00e7\u00f5es sobre Douglas. A not\u00edcia do reencontro foi divulgada emocionadamente nas redes sociais por um membro da fam\u00edlia, trazendo um suspiro coletivo de al\u00edvio para aqueles que acompanhavam a situa\u00e7\u00e3o com preocupa\u00e7\u00e3o.<\/p>\n<p>&#8220;Boa noite, viemos, por meio dessa mensagem, informar que o Douglas foi localizado na BR-101, em Laguna, e j\u00e1 est\u00e1 em casa. Agradecemos, primeiramente a Deus, e a todos que de alguma forma contribu\u00edram a favor da causa como podiam, seja ela atrav\u00e9s de posts, ora\u00e7\u00f5es, informa\u00e7\u00f5es, toda a galera que mandou energia boas para que tiv\u00e9ssemos \u00eaxito na busca&#8221;, resume uma nota postada em rede social.<\/p>\n<p>No entanto, apesar do al\u00edvio de seu retorno, muitas perguntas permanecem sem resposta. At\u00e9 o momento, n\u00e3o foi divulgado o estado de sa\u00fade de Douglas, nem a raz\u00e3o por tr\u00e1s de seu desaparecimento.<\/p>\n","protected":false},"excerpt":{"rendered":"<p>Douglas Costa Cipriano, de 44 anos, desapareceu misteriosamente na \u00faltima segunda-feira (5) de Crici\u00fama, mas foi encontrado ileso em Laguna, trazendo al\u00edvio e alegria para sua fam\u00edlia e comunidade. Ap\u00f3s dois dias de incerteza angustiante, Douglas foi avistado na Terra de Anita. Houve uma mobiliza\u00e7\u00e3o e muito compartilhando de informa\u00e7\u00f5es sobre Douglas. A not\u00edcia do &hellip;<\/p>\n<p class=\"read-more\"> <a class=\"\" href=\"https:\/\/sulsc.com\/index.php\/2024\/02\/10\/criciumense-de-44-anos-desaparecido-desde-segunda-5-e-encontrado-em-laguna\/\"> <span class=\"screen-reader-text\">Criciumense de 44 anos, desaparecido desde segunda (5), \u00e9 encontrado em Laguna<\/span> Read More &raquo;<\/a><\/p>\n","protected":false},"author":3,"featured_media":8500,"comment_status":"open","ping_status":"open","sticky":false,"template":"","format":"standard","meta":{"site-sidebar-layout":"default","site-content-layout":"","ast-site-content-layout":"default","site-content-style":"default","site-sidebar-style":"default","ast-global-header-display":"","ast-banner-title-visibility":"","ast-main-header-display":"","ast-hfb-above-header-display":"","ast-hfb-below-header-display":"","ast-hfb-mobile-header-display":"","site-post-title":"","ast-breadcrumbs-content":"","ast-featured-img":"","footer-sml-layout":"","theme-transparent-header-meta":"default","adv-header-id-meta":"","stick-header-meta":"","header-above-stick-meta":"","header-main-stick-meta":"","header-below-stick-meta":"","astra-migrate-meta-layouts":"set","footnotes":""},"categories":[1],"tags":[92,401,1209,65],"yoast_head":"<!-- This site is optimized with the Yoast SEO plugin v21.4 - https:\/\/yoast.com\/wordpress\/plugins\/seo\/ -->\n<title>Criciumense de 44 anos, desaparecido desde segunda (5), \u00e9 encontrado em Laguna -<\/title>\n<meta name=\"description\" content=\"Douglas Costa Cipriano, de 44 anos, desapareceu misteriosamente na \u00faltima segunda-feira (5) de Crici\u00fama, mas foi encontrado ileso em Laguna, trazendo al\u00edvio e alegria para sua fam\u00edlia e comunidade.\" \/>\n<meta name=\"robots\" content=\"index, follow, max-snippet:-1, max-image-preview:large, max-video-preview:-1\" \/>\n<link rel=\"canonical\" href=\"https:\/\/sulsc.com\/index.php\/2024\/02\/10\/criciumense-de-44-anos-desaparecido-desde-segunda-5-e-encontrado-em-laguna\/\" \/>\n<meta property=\"og:locale\" content=\"en_US\" \/>\n<meta property=\"og:type\" content=\"article\" \/>\n<meta property=\"og:title\" content=\"Criciumense de 44 anos, desaparecido desde segunda (5), \u00e9 encontrado em Laguna -\" \/>\n<meta property=\"og:description\" content=\"Douglas Costa Cipriano, de 44 anos, desapareceu misteriosamente na \u00faltima segunda-feira (5) de Crici\u00fama, mas foi encontrado ileso em Laguna, trazendo al\u00edvio e alegria para sua fam\u00edlia e comunidade.\" \/>\n<meta property=\"og:url\" content=\"https:\/\/sulsc.com\/index.php\/2024\/02\/10\/criciumense-de-44-anos-desaparecido-desde-segunda-5-e-encontrado-em-laguna\/\" \/>\n<meta property=\"article:author\" content=\"https:\/\/www.facebook.com\/profile.php?id=61559278119680\" \/>\n<meta property=\"article:published_time\" content=\"2024-02-10T18:45:11+00:00\" \/>\n<meta property=\"og:image\" content=\"http:\/\/sulsc.com\/wp-content\/uploads\/2024\/02\/8-1.jpg\" \/>\n\t<meta property=\"og:image:width\" content=\"700\" \/>\n\t<meta property=\"og:image:height\" content=\"550\" \/>\n\t<meta property=\"og:image:type\" content=\"image\/jpeg\" \/>\n<meta name=\"author\" content=\"Reda\u00e7\u00e3o Sul SC\" \/>\n<meta name=\"twitter:card\" content=\"summary_large_image\" \/>\n<meta name=\"twitter:creator\" content=\"@https:\/\/twitter.com\/PortalSulSC\" \/>\n<meta name=\"twitter:label1\" content=\"Written by\" \/>\n\t<meta name=\"twitter:data1\" content=\"Reda\u00e7\u00e3o Sul SC\" \/>\n\t<meta name=\"twitter:label2\" content=\"Est. reading time\" \/>\n\t<meta name=\"twitter:data2\" content=\"2 minutes\" \/>\n<script type=\"application\/ld+json\" class=\"yoast-schema-graph\">{\"@context\":\"https:\/\/schema.org\",\"@graph\":[{\"@type\":\"WebPage\",\"@id\":\"https:\/\/sulsc.com\/index.php\/2024\/02\/10\/criciumense-de-44-anos-desaparecido-desde-segunda-5-e-encontrado-em-laguna\/\",\"url\":\"https:\/\/sulsc.com\/index.php\/2024\/02\/10\/criciumense-de-44-anos-desaparecido-desde-segunda-5-e-encontrado-em-laguna\/\",\"name\":\"Criciumense de 44 anos, desaparecido desde segunda (5), \u00e9 encontrado em Laguna -\",\"isPartOf\":{\"@id\":\"https:\/\/sulsc.com\/#website\"},\"datePublished\":\"2024-02-10T18:45:11+00:00\",\"dateModified\":\"2024-02-10T18:45:11+00:00\",\"author\":{\"@id\":\"https:\/\/sulsc.com\/#\/schema\/person\/84d2fc571684f6248ba83092f07750a3\"},\"description\":\"Douglas Costa Cipriano, de 44 anos, desapareceu misteriosamente na \u00faltima segunda-feira (5) de Crici\u00fama, mas foi encontrado ileso em Laguna, trazendo al\u00edvio e alegria para sua fam\u00edlia e comunidade.\",\"breadcrumb\":{\"@id\":\"https:\/\/sulsc.com\/index.php\/2024\/02\/10\/criciumense-de-44-anos-desaparecido-desde-segunda-5-e-encontrado-em-laguna\/#breadcrumb\"},\"inLanguage\":\"en-US\",\"potentialAction\":[{\"@type\":\"ReadAction\",\"target\":[\"https:\/\/sulsc.com\/index.php\/2024\/02\/10\/criciumense-de-44-anos-desaparecido-desde-segunda-5-e-encontrado-em-laguna\/\"]}]},{\"@type\":\"BreadcrumbList\",\"@id\":\"https:\/\/sulsc.com\/index.php\/2024\/02\/10\/criciumense-de-44-anos-desaparecido-desde-segunda-5-e-encontrado-em-laguna\/#breadcrumb\",\"itemListElement\":[{\"@type\":\"ListItem\",\"position\":1,\"name\":\"In\u00edcio\",\"item\":\"https:\/\/sulsc.com\/\"},{\"@type\":\"ListItem\",\"position\":2,\"name\":\"Criciumense de 44 anos, desaparecido desde segunda (5), \u00e9 encontrado em Laguna\"}]},{\"@type\":\"WebSite\",\"@id\":\"https:\/\/sulsc.com\/#website\",\"url\":\"https:\/\/sulsc.com\/\",\"name\":\"\",\"description\":\"\",\"potentialAction\":[{\"@type\":\"SearchAction\",\"target\":{\"@type\":\"EntryPoint\",\"urlTemplate\":\"https:\/\/sulsc.com\/?s={search_term_string}\"},\"query-input\":\"required name=search_term_string\"}],\"inLanguage\":\"en-US\"},{\"@type\":\"Person\",\"@id\":\"https:\/\/sulsc.com\/#\/schema\/person\/84d2fc571684f6248ba83092f07750a3\",\"name\":\"Reda\u00e7\u00e3o Sul SC\",\"image\":{\"@type\":\"ImageObject\",\"inLanguage\":\"en-US\",\"@id\":\"https:\/\/sulsc.com\/#\/schema\/person\/image\/e08d7fe2cc4ed596372063bbe852b8d0\",\"url\":\"https:\/\/sulsc.com\/wp-content\/uploads\/2023\/09\/redacao.png\",\"contentUrl\":\"https:\/\/sulsc.com\/wp-content\/uploads\/2023\/09\/redacao.png\",\"caption\":\"Reda\u00e7\u00e3o Sul SC\"},\"description\":\"Foco em um jornalismo imparcial, voltado \u00e0 qualidade dos seus conte\u00fados e, assim, levar informa\u00e7\u00e3o de valor que agregue \u00e0 vida dos leitores. Esta \u00e9 grande miss\u00e3o do Portal de Not\u00edcias Sul SC. N\u00e3o \u00e9 quantidade que muda o mundo, sempre foi e seguir\u00e1 sendo qualidade!\",\"sameAs\":[\"https:\/\/sulsc.com\/\",\"https:\/\/www.facebook.com\/profile.php?id=61559278119680\",\"https:\/\/www.instagram.com\/sulscportal\/?hl=pt-br\",\"https:\/\/twitter.com\/https:\/\/twitter.com\/PortalSulSC\",\"https:\/\/www.youtube.com\/channel\/UCv_BE8GeySluDov2n8qhVmw\"],\"url\":\"https:\/\/sulsc.com\/index.php\/author\/redacao\/\"}]}<\/script>\n<!-- \/ Yoast SEO plugin. -->","yoast_head_json":{"title":"Criciumense de 44 anos, desaparecido desde segunda (5), \u00e9 encontrado em Laguna -","description":"Douglas Costa Cipriano, de 44 anos, desapareceu misteriosamente na \u00faltima segunda-feira (5) de Crici\u00fama, mas foi encontrado ileso em Laguna, trazendo al\u00edvio e alegria para sua fam\u00edlia e comunidade.","robots":{"index":"index","follow":"follow","max-snippet":"max-snippet:-1","max-image-preview":"max-image-preview:large","max-video-preview":"max-video-preview:-1"},"canonical":"https:\/\/sulsc.com\/index.php\/2024\/02\/10\/criciumense-de-44-anos-desaparecido-desde-segunda-5-e-encontrado-em-laguna\/","og_locale":"en_US","og_type":"article","og_title":"Criciumense de 44 anos, desaparecido desde segunda (5), \u00e9 encontrado em Laguna -","og_description":"Douglas Costa Cipriano, de 44 anos, desapareceu misteriosamente na \u00faltima segunda-feira (5) de Crici\u00fama, mas foi encontrado ileso em Laguna, trazendo al\u00edvio e alegria para sua fam\u00edlia e comunidade.","og_url":"https:\/\/sulsc.com\/index.php\/2024\/02\/10\/criciumense-de-44-anos-desaparecido-desde-segunda-5-e-encontrado-em-laguna\/","article_author":"https:\/\/www.facebook.com\/profile.php?id=61559278119680","article_published_time":"2024-02-10T18:45:11+00:00","og_image":[{"width":700,"height":550,"url":"http:\/\/sulsc.com\/wp-content\/uploads\/2024\/02\/8-1.jpg","type":"image\/jpeg"}],"author":"Reda\u00e7\u00e3o Sul SC","twitter_card":"summary_large_image","twitter_creator":"@https:\/\/twitter.com\/PortalSulSC","twitter_misc":{"Written by":"Reda\u00e7\u00e3o Sul SC","Est. reading time":"2 minutes"},"schema":{"@context":"https:\/\/schema.org","@graph":[{"@type":"WebPage","@id":"https:\/\/sulsc.com\/index.php\/2024\/02\/10\/criciumense-de-44-anos-desaparecido-desde-segunda-5-e-encontrado-em-laguna\/","url":"https:\/\/sulsc.com\/index.php\/2024\/02\/10\/criciumense-de-44-anos-desaparecido-desde-segunda-5-e-encontrado-em-laguna\/","name":"Criciumense de 44 anos, desaparecido desde segunda (5), \u00e9 encontrado em Laguna -","isPartOf":{"@id":"https:\/\/sulsc.com\/#website"},"datePublished":"2024-02-10T18:45:11+00:00","dateModified":"2024-02-10T18:45:11+00:00","author":{"@id":"https:\/\/sulsc.com\/#\/schema\/person\/84d2fc571684f6248ba83092f07750a3"},"description":"Douglas Costa Cipriano, de 44 anos, desapareceu misteriosamente na \u00faltima segunda-feira (5) de Crici\u00fama, mas foi encontrado ileso em Laguna, trazendo al\u00edvio e alegria para sua fam\u00edlia e comunidade.","breadcrumb":{"@id":"https:\/\/sulsc.com\/index.php\/2024\/02\/10\/criciumense-de-44-anos-desaparecido-desde-segunda-5-e-encontrado-em-laguna\/#breadcrumb"},"inLanguage":"en-US","potentialAction":[{"@type":"ReadAction","target":["https:\/\/sulsc.com\/index.php\/2024\/02\/10\/criciumense-de-44-anos-desaparecido-desde-segunda-5-e-encontrado-em-laguna\/"]}]},{"@type":"BreadcrumbList","@id":"https:\/\/sulsc.com\/index.php\/2024\/02\/10\/criciumense-de-44-anos-desaparecido-desde-segunda-5-e-encontrado-em-laguna\/#breadcrumb","itemListElement":[{"@type":"ListItem","position":1,"name":"In\u00edcio","item":"https:\/\/sulsc.com\/"},{"@type":"ListItem","position":2,"name":"Criciumense de 44 anos, desaparecido desde segunda (5), \u00e9 encontrado em Laguna"}]},{"@type":"WebSite","@id":"https:\/\/sulsc.com\/#website","url":"https:\/\/sulsc.com\/","name":"","description":"","potentialAction":[{"@type":"SearchAction","target":{"@type":"EntryPoint","urlTemplate":"https:\/\/sulsc.com\/?s={search_term_string}"},"query-input":"required name=search_term_string"}],"inLanguage":"en-US"},{"@type":"Person","@id":"https:\/\/sulsc.com\/#\/schema\/person\/84d2fc571684f6248ba83092f07750a3","name":"Reda\u00e7\u00e3o Sul SC","image":{"@type":"ImageObject","inLanguage":"en-US","@id":"https:\/\/sulsc.com\/#\/schema\/person\/image\/e08d7fe2cc4ed596372063bbe852b8d0","url":"https:\/\/sulsc.com\/wp-content\/uploads\/2023\/09\/redacao.png","contentUrl":"https:\/\/sulsc.com\/wp-content\/uploads\/2023\/09\/redacao.png","caption":"Reda\u00e7\u00e3o Sul SC"},"description":"Foco em um jornalismo imparcial, voltado \u00e0 qualidade dos seus conte\u00fados e, assim, levar informa\u00e7\u00e3o de valor que agregue \u00e0 vida dos leitores. Esta \u00e9 grande miss\u00e3o do Portal de Not\u00edcias Sul SC. N\u00e3o \u00e9 quantidade que muda o mundo, sempre foi e seguir\u00e1 sendo qualidade!","sameAs":["https:\/\/sulsc.com\/","https:\/\/www.facebook.com\/profile.php?id=61559278119680","https:\/\/www.instagram.com\/sulscportal\/?hl=pt-br","https:\/\/twitter.com\/https:\/\/twitter.com\/PortalSulSC","https:\/\/www.youtube.com\/channel\/UCv_BE8GeySluDov2n8qhVmw"],"url":"https:\/\/sulsc.com\/index.php\/author\/redacao\/"}]}},"authors":[],"_links":{"self":[{"href":"https:\/\/sulsc.com\/index.php\/wp-json\/wp\/v2\/posts\/8499"}],"collection":[{"href":"https:\/\/sulsc.com\/index.php\/wp-json\/wp\/v2\/posts"}],"about":[{"href":"https:\/\/sulsc.com\/index.php\/wp-json\/wp\/v2\/types\/post"}],"author":[{"embeddable":true,"href":"https:\/\/sulsc.com\/index.php\/wp-json\/wp\/v2\/users\/3"}],"replies":[{"embeddable":true,"href":"https:\/\/sulsc.com\/index.php\/wp-json\/wp\/v2\/comments?post=8499"}],"version-history":[{"count":1,"href":"https:\/\/sulsc.com\/index.php\/wp-json\/wp\/v2\/posts\/8499\/revisions"}],"predecessor-version":[{"id":8501,"href":"https:\/\/sulsc.com\/index.php\/wp-json\/wp\/v2\/posts\/8499\/revisions\/8501"}],"wp:featuredmedia":[{"embeddable":true,"href":"https:\/\/sulsc.com\/index.php\/wp-json\/wp\/v2\/media\/8500"}],"wp:attachment":[{"href":"https:\/\/sulsc.com\/index.php\/wp-json\/wp\/v2\/media?parent=8499"}],"wp:term":[{"taxonomy":"category","embeddable":true,"href":"https:\/\/sulsc.com\/index.php\/wp-json\/wp\/v2\/categories?post=8499"},{"taxonomy":"post_tag","embeddable":true,"href":"https:\/\/sulsc.com\/index.php\/wp-json\/wp\/v2\/tags?post=8499"}],"curies":[{"name":"wp","href":"https:\/\/api.w.org\/{rel}","templated":true}]}}