{"id":850,"date":"2023-09-06T16:10:29","date_gmt":"2023-09-06T19:10:29","guid":{"rendered":"https:\/\/sulsc.com\/?p=850"},"modified":"2023-09-06T16:10:29","modified_gmt":"2023-09-06T19:10:29","slug":"br-101sul-sc-600-mil-veiculos-devem-transitar-durante-feriado","status":"publish","type":"post","link":"https:\/\/sulsc.com\/index.php\/2023\/09\/06\/br-101sul-sc-600-mil-veiculos-devem-transitar-durante-feriado\/","title":{"rendered":"BR-101sul\/SC: 600 mil ve\u00edculos devem transitar durante feriado"},"content":{"rendered":"<p>Uma estimativa de que cerca de 600 mil ve\u00edculos utilizem a BR-101sul\/SC entre os dias 6 e 10 de setembro, per\u00edodo em que concentra a movimenta\u00e7\u00e3o do feriado da Independ\u00eancia. A informa\u00e7\u00e3o \u00e9 da CCR ViaCosteira. At\u00e9 domingo, as equipes da Concession\u00e1ria estar\u00e3o com efetivo refor\u00e7ado para garantir agilidade aos atendimentos e mais seguran\u00e7a \u00e0s viagens dos usu\u00e1rios.<\/p>\n<p>Haver\u00e1, ainda, campanhas de seguran\u00e7a ao longo de toda a rodovia, com orienta\u00e7\u00f5es aos motoristas e mensagens educativas nos Pain\u00e9is de Mensagens Vari\u00e1veis, al\u00e9m de distribui\u00e7\u00e3o de panfletos nas pra\u00e7as de ped\u00e1gio.\u00a0\u00a0A Concession\u00e1ria prev\u00ea movimento intenso a partir desta quarta-feira (6), das 14h \u00e0s 19h.<\/p>\n<p>Tamb\u00e9m haver\u00e1 grande movimenta\u00e7\u00e3o de ve\u00edculos na quinta-feira (7), entre \u00e0s 09h e 15h, sexta-feira (8) entre 14h e 18h, e s\u00e1bado (09) entre 8h e 19h. J\u00e1 durante o retorno, no domingo (10) o fluxo maior na rodovia deve se concentrar entre 13h e 20h. O levantamento indica tr\u00e1fego de uma m\u00e9dia de 150 mil ve\u00edculos por cada pra\u00e7a de ped\u00e1gio, 300 mil em ambos os sentidos, ou seja, ao todo 600 mil.<\/p>\n<p>Durante os cinco dias de opera\u00e7\u00e3o, as equipes da Concession\u00e1ria estar\u00e3o \u00e0 disposi\u00e7\u00e3o dos usu\u00e1rios com efetivo refor\u00e7ado. M\u00e9dicos, agentes de atendimento pr\u00e9-hospitalar e equipes de emerg\u00eancia e opera\u00e7\u00e3o estar\u00e3o na rodovia 24h por dia, em regime de revezamento. Os grupos de trabalho s\u00e3o distribu\u00eddos em quatro bases de atendimento (SAU) e duas bases operacionais ao longo da BR-101sul\/SC.<\/p>\n<p>Todo o trecho sul catarinense \u00e9 monitorado por meio do Centro de Controle Operacional (CCO) da CCR ViaCosteira, 24 horas por dia, em conjunto com o Pol\u00edcia Rodovi\u00e1ria Federal. O motorista que precisar de aux\u00edlio pode acionar os servi\u00e7os de atendimento pelo Disque CCR ViaCosteira. O telefone \u00e9 0800 255 55 50. Os servi\u00e7os tamb\u00e9m podem ser acionados pelo WhatsApp atrav\u00e9s do n\u00famero (48) 3211-3130 e pelo site www.ccrviacosteira.com.br ou ainda pelo aplicativo \u2018CCR Rodovias Sul\u2019, gratuitamente para iOS e Android.<\/p>\n<p>&nbsp;<\/p>\n<p><strong>Ped\u00e1gio \u2013 Pagamento Autom\u00e1tico<\/strong><br \/>\nPara agilizar a passagem nas pra\u00e7as de ped\u00e1gio, o motorista pode optar pelo pagamento autom\u00e1tico, servi\u00e7o oferecido por empresas credenciadas pela Ag\u00eancia Nacional de Transportes Terrestres (ANTT). O uso de tags de pagamento autom\u00e1tico permite ao usu\u00e1rio passar pela pra\u00e7a sem necessidade de parar nas cabines, reduzindo o tempo de viagem. A lista de empresas credenciadas pode ser acessada pelo link: https:\/\/www.ccrviacosteira.com.br\/servicos\/cobranca-automatica. Aos que ainda utilizam as cabines manuais a CCR ViaCosteira solicita aos motoristas que utilizem suas moedas no pagamento das tarifas de ped\u00e1gio, a fim de facilitar o troco e colaborar com a fluidez do tr\u00e1fego e para os cart\u00f5es de cr\u00e9dito \/ d\u00e9bito d\u00ea prefer\u00eancia pela opera\u00e7\u00e3o por aproxima\u00e7\u00e3o.<\/p>\n<p>&nbsp;<\/p>\n<p><strong>Obras e radares<\/strong><\/p>\n<p>N\u00e3o haver\u00e1 execu\u00e7\u00e3o de servi\u00e7os para obras ao longo do trecho sul catarinense no per\u00edodo de feriado.\u00a0A concession\u00e1ria alerta que j\u00e1 est\u00e3o em opera\u00e7\u00e3o na BR-101 Sul\/SC os controladores de velocidade que auxiliam na fiscaliza\u00e7\u00e3o realizada pela Pol\u00edcia Rodovi\u00e1ria Federal (PRF).<\/p>\n<p><img decoding=\"async\" class=\"alignnone size-medium wp-image-851\" src=\"http:\/\/sulsc.com\/wp-content\/uploads\/2023\/09\/BR-101-Sul-tabela-300x118.jpeg\" alt=\"\" width=\"300\" height=\"118\" srcset=\"https:\/\/sulsc.com\/wp-content\/uploads\/2023\/09\/BR-101-Sul-tabela-300x118.jpeg 300w, https:\/\/sulsc.com\/wp-content\/uploads\/2023\/09\/BR-101-Sul-tabela.jpeg 567w\" sizes=\"(max-width: 300px) 100vw, 300px\" \/><\/p>\n","protected":false},"excerpt":{"rendered":"<p>Uma estimativa de que cerca de 600 mil ve\u00edculos utilizem a BR-101sul\/SC entre os dias 6 e 10 de setembro, per\u00edodo em que concentra a movimenta\u00e7\u00e3o do feriado da Independ\u00eancia. A informa\u00e7\u00e3o \u00e9 da CCR ViaCosteira. At\u00e9 domingo, as equipes da Concession\u00e1ria estar\u00e3o com efetivo refor\u00e7ado para garantir agilidade aos atendimentos e mais seguran\u00e7a \u00e0s &hellip;<\/p>\n<p class=\"read-more\"> <a class=\"\" href=\"https:\/\/sulsc.com\/index.php\/2023\/09\/06\/br-101sul-sc-600-mil-veiculos-devem-transitar-durante-feriado\/\"> <span class=\"screen-reader-text\">BR-101sul\/SC: 600 mil ve\u00edculos devem transitar durante feriado<\/span> Read More &raquo;<\/a><\/p>\n","protected":false},"author":3,"featured_media":852,"comment_status":"open","ping_status":"open","sticky":false,"template":"","format":"standard","meta":{"site-sidebar-layout":"default","site-content-layout":"default","ast-site-content-layout":"","site-content-style":"default","site-sidebar-style":"default","ast-global-header-display":"","ast-banner-title-visibility":"","ast-main-header-display":"","ast-hfb-above-header-display":"","ast-hfb-below-header-display":"","ast-hfb-mobile-header-display":"","site-post-title":"","ast-breadcrumbs-content":"","ast-featured-img":"","footer-sml-layout":"","theme-transparent-header-meta":"default","adv-header-id-meta":"","stick-header-meta":"","header-above-stick-meta":"","header-main-stick-meta":"","header-below-stick-meta":"","astra-migrate-meta-layouts":"","footnotes":""},"categories":[8],"tags":[],"yoast_head":"<!-- This site is optimized with the Yoast SEO plugin v21.4 - https:\/\/yoast.com\/wordpress\/plugins\/seo\/ -->\n<title>BR-101sul\/SC: 600 mil ve\u00edculos devem transitar durante feriado -<\/title>\n<meta name=\"robots\" content=\"index, follow, max-snippet:-1, max-image-preview:large, max-video-preview:-1\" \/>\n<link rel=\"canonical\" href=\"https:\/\/sulsc.com\/index.php\/2023\/09\/06\/br-101sul-sc-600-mil-veiculos-devem-transitar-durante-feriado\/\" \/>\n<meta property=\"og:locale\" content=\"en_US\" \/>\n<meta property=\"og:type\" content=\"article\" \/>\n<meta property=\"og:title\" content=\"BR-101sul\/SC: 600 mil ve\u00edculos devem transitar durante feriado -\" \/>\n<meta property=\"og:description\" content=\"Uma estimativa de que cerca de 600 mil ve\u00edculos utilizem a BR-101sul\/SC entre os dias 6 e 10 de setembro, per\u00edodo em que concentra a movimenta\u00e7\u00e3o do feriado da Independ\u00eancia. A informa\u00e7\u00e3o \u00e9 da CCR ViaCosteira. At\u00e9 domingo, as equipes da Concession\u00e1ria estar\u00e3o com efetivo refor\u00e7ado para garantir agilidade aos atendimentos e mais seguran\u00e7a \u00e0s &hellip; BR-101sul\/SC: 600 mil ve\u00edculos devem transitar durante feriado Read More &raquo;\" \/>\n<meta property=\"og:url\" content=\"https:\/\/sulsc.com\/index.php\/2023\/09\/06\/br-101sul-sc-600-mil-veiculos-devem-transitar-durante-feriado\/\" \/>\n<meta property=\"article:author\" content=\"https:\/\/www.facebook.com\/profile.php?id=61559278119680\" \/>\n<meta property=\"article:published_time\" content=\"2023-09-06T19:10:29+00:00\" \/>\n<meta property=\"og:image\" content=\"https:\/\/sulsc.com\/wp-content\/uploads\/2023\/09\/BR-101-Sul.jpeg\" \/>\n\t<meta property=\"og:image:width\" content=\"1600\" \/>\n\t<meta property=\"og:image:height\" content=\"1066\" \/>\n\t<meta property=\"og:image:type\" content=\"image\/jpeg\" \/>\n<meta name=\"author\" content=\"Reda\u00e7\u00e3o Sul SC\" \/>\n<meta name=\"twitter:card\" content=\"summary_large_image\" \/>\n<meta name=\"twitter:creator\" content=\"@https:\/\/twitter.com\/PortalSulSC\" \/>\n<meta name=\"twitter:label1\" content=\"Written by\" \/>\n\t<meta name=\"twitter:data1\" content=\"Reda\u00e7\u00e3o Sul SC\" \/>\n\t<meta name=\"twitter:label2\" content=\"Est. reading time\" \/>\n\t<meta name=\"twitter:data2\" content=\"3 minutes\" \/>\n<script type=\"application\/ld+json\" class=\"yoast-schema-graph\">{\"@context\":\"https:\/\/schema.org\",\"@graph\":[{\"@type\":\"WebPage\",\"@id\":\"https:\/\/sulsc.com\/index.php\/2023\/09\/06\/br-101sul-sc-600-mil-veiculos-devem-transitar-durante-feriado\/\",\"url\":\"https:\/\/sulsc.com\/index.php\/2023\/09\/06\/br-101sul-sc-600-mil-veiculos-devem-transitar-durante-feriado\/\",\"name\":\"BR-101sul\/SC: 600 mil ve\u00edculos devem transitar durante feriado -\",\"isPartOf\":{\"@id\":\"https:\/\/sulsc.com\/#website\"},\"datePublished\":\"2023-09-06T19:10:29+00:00\",\"dateModified\":\"2023-09-06T19:10:29+00:00\",\"author\":{\"@id\":\"https:\/\/sulsc.com\/#\/schema\/person\/84d2fc571684f6248ba83092f07750a3\"},\"breadcrumb\":{\"@id\":\"https:\/\/sulsc.com\/index.php\/2023\/09\/06\/br-101sul-sc-600-mil-veiculos-devem-transitar-durante-feriado\/#breadcrumb\"},\"inLanguage\":\"en-US\",\"potentialAction\":[{\"@type\":\"ReadAction\",\"target\":[\"https:\/\/sulsc.com\/index.php\/2023\/09\/06\/br-101sul-sc-600-mil-veiculos-devem-transitar-durante-feriado\/\"]}]},{\"@type\":\"BreadcrumbList\",\"@id\":\"https:\/\/sulsc.com\/index.php\/2023\/09\/06\/br-101sul-sc-600-mil-veiculos-devem-transitar-durante-feriado\/#breadcrumb\",\"itemListElement\":[{\"@type\":\"ListItem\",\"position\":1,\"name\":\"In\u00edcio\",\"item\":\"https:\/\/sulsc.com\/\"},{\"@type\":\"ListItem\",\"position\":2,\"name\":\"BR-101sul\/SC: 600 mil ve\u00edculos devem transitar durante feriado\"}]},{\"@type\":\"WebSite\",\"@id\":\"https:\/\/sulsc.com\/#website\",\"url\":\"https:\/\/sulsc.com\/\",\"name\":\"\",\"description\":\"\",\"potentialAction\":[{\"@type\":\"SearchAction\",\"target\":{\"@type\":\"EntryPoint\",\"urlTemplate\":\"https:\/\/sulsc.com\/?s={search_term_string}\"},\"query-input\":\"required name=search_term_string\"}],\"inLanguage\":\"en-US\"},{\"@type\":\"Person\",\"@id\":\"https:\/\/sulsc.com\/#\/schema\/person\/84d2fc571684f6248ba83092f07750a3\",\"name\":\"Reda\u00e7\u00e3o Sul SC\",\"image\":{\"@type\":\"ImageObject\",\"inLanguage\":\"en-US\",\"@id\":\"https:\/\/sulsc.com\/#\/schema\/person\/image\/e08d7fe2cc4ed596372063bbe852b8d0\",\"url\":\"https:\/\/sulsc.com\/wp-content\/uploads\/2023\/09\/redacao.png\",\"contentUrl\":\"https:\/\/sulsc.com\/wp-content\/uploads\/2023\/09\/redacao.png\",\"caption\":\"Reda\u00e7\u00e3o Sul SC\"},\"description\":\"Foco em um jornalismo imparcial, voltado \u00e0 qualidade dos seus conte\u00fados e, assim, levar informa\u00e7\u00e3o de valor que agregue \u00e0 vida dos leitores. Esta \u00e9 grande miss\u00e3o do Portal de Not\u00edcias Sul SC. N\u00e3o \u00e9 quantidade que muda o mundo, sempre foi e seguir\u00e1 sendo qualidade!\",\"sameAs\":[\"https:\/\/sulsc.com\/\",\"https:\/\/www.facebook.com\/profile.php?id=61559278119680\",\"https:\/\/www.instagram.com\/sulscportal\/?hl=pt-br\",\"https:\/\/twitter.com\/https:\/\/twitter.com\/PortalSulSC\",\"https:\/\/www.youtube.com\/channel\/UCv_BE8GeySluDov2n8qhVmw\"],\"url\":\"https:\/\/sulsc.com\/index.php\/author\/redacao\/\"}]}<\/script>\n<!-- \/ Yoast SEO plugin. -->","yoast_head_json":{"title":"BR-101sul\/SC: 600 mil ve\u00edculos devem transitar durante feriado -","robots":{"index":"index","follow":"follow","max-snippet":"max-snippet:-1","max-image-preview":"max-image-preview:large","max-video-preview":"max-video-preview:-1"},"canonical":"https:\/\/sulsc.com\/index.php\/2023\/09\/06\/br-101sul-sc-600-mil-veiculos-devem-transitar-durante-feriado\/","og_locale":"en_US","og_type":"article","og_title":"BR-101sul\/SC: 600 mil ve\u00edculos devem transitar durante feriado -","og_description":"Uma estimativa de que cerca de 600 mil ve\u00edculos utilizem a BR-101sul\/SC entre os dias 6 e 10 de setembro, per\u00edodo em que concentra a movimenta\u00e7\u00e3o do feriado da Independ\u00eancia. A informa\u00e7\u00e3o \u00e9 da CCR ViaCosteira. At\u00e9 domingo, as equipes da Concession\u00e1ria estar\u00e3o com efetivo refor\u00e7ado para garantir agilidade aos atendimentos e mais seguran\u00e7a \u00e0s &hellip; BR-101sul\/SC: 600 mil ve\u00edculos devem transitar durante feriado Read More &raquo;","og_url":"https:\/\/sulsc.com\/index.php\/2023\/09\/06\/br-101sul-sc-600-mil-veiculos-devem-transitar-durante-feriado\/","article_author":"https:\/\/www.facebook.com\/profile.php?id=61559278119680","article_published_time":"2023-09-06T19:10:29+00:00","og_image":[{"width":1600,"height":1066,"url":"https:\/\/sulsc.com\/wp-content\/uploads\/2023\/09\/BR-101-Sul.jpeg","type":"image\/jpeg"}],"author":"Reda\u00e7\u00e3o Sul SC","twitter_card":"summary_large_image","twitter_creator":"@https:\/\/twitter.com\/PortalSulSC","twitter_misc":{"Written by":"Reda\u00e7\u00e3o Sul SC","Est. reading time":"3 minutes"},"schema":{"@context":"https:\/\/schema.org","@graph":[{"@type":"WebPage","@id":"https:\/\/sulsc.com\/index.php\/2023\/09\/06\/br-101sul-sc-600-mil-veiculos-devem-transitar-durante-feriado\/","url":"https:\/\/sulsc.com\/index.php\/2023\/09\/06\/br-101sul-sc-600-mil-veiculos-devem-transitar-durante-feriado\/","name":"BR-101sul\/SC: 600 mil ve\u00edculos devem transitar durante feriado -","isPartOf":{"@id":"https:\/\/sulsc.com\/#website"},"datePublished":"2023-09-06T19:10:29+00:00","dateModified":"2023-09-06T19:10:29+00:00","author":{"@id":"https:\/\/sulsc.com\/#\/schema\/person\/84d2fc571684f6248ba83092f07750a3"},"breadcrumb":{"@id":"https:\/\/sulsc.com\/index.php\/2023\/09\/06\/br-101sul-sc-600-mil-veiculos-devem-transitar-durante-feriado\/#breadcrumb"},"inLanguage":"en-US","potentialAction":[{"@type":"ReadAction","target":["https:\/\/sulsc.com\/index.php\/2023\/09\/06\/br-101sul-sc-600-mil-veiculos-devem-transitar-durante-feriado\/"]}]},{"@type":"BreadcrumbList","@id":"https:\/\/sulsc.com\/index.php\/2023\/09\/06\/br-101sul-sc-600-mil-veiculos-devem-transitar-durante-feriado\/#breadcrumb","itemListElement":[{"@type":"ListItem","position":1,"name":"In\u00edcio","item":"https:\/\/sulsc.com\/"},{"@type":"ListItem","position":2,"name":"BR-101sul\/SC: 600 mil ve\u00edculos devem transitar durante feriado"}]},{"@type":"WebSite","@id":"https:\/\/sulsc.com\/#website","url":"https:\/\/sulsc.com\/","name":"","description":"","potentialAction":[{"@type":"SearchAction","target":{"@type":"EntryPoint","urlTemplate":"https:\/\/sulsc.com\/?s={search_term_string}"},"query-input":"required name=search_term_string"}],"inLanguage":"en-US"},{"@type":"Person","@id":"https:\/\/sulsc.com\/#\/schema\/person\/84d2fc571684f6248ba83092f07750a3","name":"Reda\u00e7\u00e3o Sul SC","image":{"@type":"ImageObject","inLanguage":"en-US","@id":"https:\/\/sulsc.com\/#\/schema\/person\/image\/e08d7fe2cc4ed596372063bbe852b8d0","url":"https:\/\/sulsc.com\/wp-content\/uploads\/2023\/09\/redacao.png","contentUrl":"https:\/\/sulsc.com\/wp-content\/uploads\/2023\/09\/redacao.png","caption":"Reda\u00e7\u00e3o Sul SC"},"description":"Foco em um jornalismo imparcial, voltado \u00e0 qualidade dos seus conte\u00fados e, assim, levar informa\u00e7\u00e3o de valor que agregue \u00e0 vida dos leitores. Esta \u00e9 grande miss\u00e3o do Portal de Not\u00edcias Sul SC. N\u00e3o \u00e9 quantidade que muda o mundo, sempre foi e seguir\u00e1 sendo qualidade!","sameAs":["https:\/\/sulsc.com\/","https:\/\/www.facebook.com\/profile.php?id=61559278119680","https:\/\/www.instagram.com\/sulscportal\/?hl=pt-br","https:\/\/twitter.com\/https:\/\/twitter.com\/PortalSulSC","https:\/\/www.youtube.com\/channel\/UCv_BE8GeySluDov2n8qhVmw"],"url":"https:\/\/sulsc.com\/index.php\/author\/redacao\/"}]}},"authors":[],"_links":{"self":[{"href":"https:\/\/sulsc.com\/index.php\/wp-json\/wp\/v2\/posts\/850"}],"collection":[{"href":"https:\/\/sulsc.com\/index.php\/wp-json\/wp\/v2\/posts"}],"about":[{"href":"https:\/\/sulsc.com\/index.php\/wp-json\/wp\/v2\/types\/post"}],"author":[{"embeddable":true,"href":"https:\/\/sulsc.com\/index.php\/wp-json\/wp\/v2\/users\/3"}],"replies":[{"embeddable":true,"href":"https:\/\/sulsc.com\/index.php\/wp-json\/wp\/v2\/comments?post=850"}],"version-history":[{"count":1,"href":"https:\/\/sulsc.com\/index.php\/wp-json\/wp\/v2\/posts\/850\/revisions"}],"predecessor-version":[{"id":853,"href":"https:\/\/sulsc.com\/index.php\/wp-json\/wp\/v2\/posts\/850\/revisions\/853"}],"wp:featuredmedia":[{"embeddable":true,"href":"https:\/\/sulsc.com\/index.php\/wp-json\/wp\/v2\/media\/852"}],"wp:attachment":[{"href":"https:\/\/sulsc.com\/index.php\/wp-json\/wp\/v2\/media?parent=850"}],"wp:term":[{"taxonomy":"category","embeddable":true,"href":"https:\/\/sulsc.com\/index.php\/wp-json\/wp\/v2\/categories?post=850"},{"taxonomy":"post_tag","embeddable":true,"href":"https:\/\/sulsc.com\/index.php\/wp-json\/wp\/v2\/tags?post=850"}],"curies":[{"name":"wp","href":"https:\/\/api.w.org\/{rel}","templated":true}]}}