{"id":854,"date":"2023-09-06T16:18:40","date_gmt":"2023-09-06T19:18:40","guid":{"rendered":"https:\/\/sulsc.com\/?p=854"},"modified":"2023-09-11T14:16:17","modified_gmt":"2023-09-11T17:16:17","slug":"mpf-descartou-crime-de-peculato-ao-analisar-apropriacao-de-presentes-por-lula","status":"publish","type":"post","link":"https:\/\/sulsc.com\/index.php\/2023\/09\/06\/mpf-descartou-crime-de-peculato-ao-analisar-apropriacao-de-presentes-por-lula\/","title":{"rendered":"MPF descartou crime de peculato ao analisar apropria\u00e7\u00e3o de presentes por Lula"},"content":{"rendered":"<p>Ao contr\u00e1rio do que ocorre atualmente com o ex-presidente Jair Bolsonaro (PL), investigado por suposto desvio de bens p\u00fablicos no caso das joias, o presidente Luiz In\u00e1cio Lula da Silva se livrou de uma investiga\u00e7\u00e3o criminal por suspeita de peculato, proposta em 2015, em raz\u00e3o da apropria\u00e7\u00e3o de presentes que recebeu de l\u00edderes estrangeiros em seus primeiros mandatos. A investiga\u00e7\u00e3o sequer foi aberta.<\/p>\n<p>Naquele ano, chegou ao Minist\u00e9rio P\u00fablico Federal (MPF) de Bras\u00edlia pedido de investiga\u00e7\u00e3o de um cidad\u00e3o que denunciava a posse dos bens que, segundo ele, deveriam ter sido incorporados ao patrim\u00f4nio da Uni\u00e3o. O procurador respons\u00e1vel pelo caso \u00e0 \u00e9poca descartou a ocorr\u00eancia de crime. A decis\u00e3o consta em um recente documento interno, obtido pela Gazeta do Povo, no \u00e2mbito de um inqu\u00e9rito civil, aberto desde aquela \u00e9poca, para apurar a poss\u00edvel ocorr\u00eancia de improbidade administrativa e eventual obriga\u00e7\u00e3o de ressarcimento aos cofres p\u00fablicos.<\/p>\n<p>Entre os objetos que o Minist\u00e9rio P\u00fablico decidiu n\u00e3o investigar \u00e0 \u00e9poca, na esfera penal, e que mais tarde foram descobertos pela Lava Jato, estavam espadas, esculturas, moedas, canetas e pe\u00e7as decorativas e at\u00e9 uma coroa.<\/p>\n<p>\u201cO procurador da Rep\u00fablica oficiante \u00e0 \u00e9poca da instaura\u00e7\u00e3o do presente Inqu\u00e9rito Civil no \u00e2mbito do 7\u00ba Of\u00edcio de Combate ao Crime e \u00e0 Improbidade Administrativa entendeu inexistirem ind\u00edcios de crime, pois estaria ausente o dolo necess\u00e1rio para configura\u00e7\u00e3o do peculato, previsto no artigo 312, caput, do C\u00f3digo Penal\u201d, diz o Despacho 28743\/2022, assinado pelo procurador Paulo Roberto Galv\u00e3o de Carvalho, em 8 de setembro de 2022.<\/p>\n<p>&nbsp;<\/p>\n<p>Fonte: Gazeta do Povo<\/p>\n","protected":false},"excerpt":{"rendered":"<p>Ao contr\u00e1rio do que ocorre atualmente com o ex-presidente Jair Bolsonaro (PL), investigado por suposto desvio de bens p\u00fablicos no caso das joias, o presidente Luiz In\u00e1cio Lula da Silva se livrou de uma investiga\u00e7\u00e3o criminal por suspeita de peculato, proposta em 2015, em raz\u00e3o da apropria\u00e7\u00e3o de presentes que recebeu de l\u00edderes estrangeiros em &hellip;<\/p>\n<p class=\"read-more\"> <a class=\"\" href=\"https:\/\/sulsc.com\/index.php\/2023\/09\/06\/mpf-descartou-crime-de-peculato-ao-analisar-apropriacao-de-presentes-por-lula\/\"> <span class=\"screen-reader-text\">MPF descartou crime de peculato ao analisar apropria\u00e7\u00e3o de presentes por Lula<\/span> Read More &raquo;<\/a><\/p>\n","protected":false},"author":3,"featured_media":855,"comment_status":"open","ping_status":"open","sticky":false,"template":"","format":"standard","meta":{"site-sidebar-layout":"default","site-content-layout":"default","ast-site-content-layout":"","site-content-style":"default","site-sidebar-style":"default","ast-global-header-display":"","ast-banner-title-visibility":"","ast-main-header-display":"","ast-hfb-above-header-display":"","ast-hfb-below-header-display":"","ast-hfb-mobile-header-display":"","site-post-title":"","ast-breadcrumbs-content":"","ast-featured-img":"","footer-sml-layout":"","theme-transparent-header-meta":"default","adv-header-id-meta":"","stick-header-meta":"","header-above-stick-meta":"","header-main-stick-meta":"","header-below-stick-meta":"","astra-migrate-meta-layouts":"","footnotes":""},"categories":[15,6],"tags":[],"yoast_head":"<!-- This site is optimized with the Yoast SEO plugin v21.4 - https:\/\/yoast.com\/wordpress\/plugins\/seo\/ -->\n<title>MPF descartou crime de peculato ao analisar apropria\u00e7\u00e3o de presentes por Lula -<\/title>\n<meta name=\"robots\" content=\"index, follow, max-snippet:-1, max-image-preview:large, max-video-preview:-1\" \/>\n<link rel=\"canonical\" href=\"https:\/\/sulsc.com\/index.php\/2023\/09\/06\/mpf-descartou-crime-de-peculato-ao-analisar-apropriacao-de-presentes-por-lula\/\" \/>\n<meta property=\"og:locale\" content=\"en_US\" \/>\n<meta property=\"og:type\" content=\"article\" \/>\n<meta property=\"og:title\" content=\"MPF descartou crime de peculato ao analisar apropria\u00e7\u00e3o de presentes por Lula -\" \/>\n<meta property=\"og:description\" content=\"Ao contr\u00e1rio do que ocorre atualmente com o ex-presidente Jair Bolsonaro (PL), investigado por suposto desvio de bens p\u00fablicos no caso das joias, o presidente Luiz In\u00e1cio Lula da Silva se livrou de uma investiga\u00e7\u00e3o criminal por suspeita de peculato, proposta em 2015, em raz\u00e3o da apropria\u00e7\u00e3o de presentes que recebeu de l\u00edderes estrangeiros em &hellip; MPF descartou crime de peculato ao analisar apropria\u00e7\u00e3o de presentes por Lula Read More &raquo;\" \/>\n<meta property=\"og:url\" content=\"https:\/\/sulsc.com\/index.php\/2023\/09\/06\/mpf-descartou-crime-de-peculato-ao-analisar-apropriacao-de-presentes-por-lula\/\" \/>\n<meta property=\"article:author\" content=\"https:\/\/www.facebook.com\/profile.php?id=61559278119680\" \/>\n<meta property=\"article:published_time\" content=\"2023-09-06T19:18:40+00:00\" \/>\n<meta property=\"article:modified_time\" content=\"2023-09-11T17:16:17+00:00\" \/>\n<meta property=\"og:image\" content=\"https:\/\/sulsc.com\/wp-content\/uploads\/2023\/09\/Lula.jpeg\" \/>\n\t<meta property=\"og:image:width\" content=\"433\" \/>\n\t<meta property=\"og:image:height\" content=\"321\" \/>\n\t<meta property=\"og:image:type\" content=\"image\/jpeg\" \/>\n<meta name=\"author\" content=\"Reda\u00e7\u00e3o Sul SC\" \/>\n<meta name=\"twitter:card\" content=\"summary_large_image\" \/>\n<meta name=\"twitter:creator\" content=\"@https:\/\/twitter.com\/PortalSulSC\" \/>\n<meta name=\"twitter:label1\" content=\"Written by\" \/>\n\t<meta name=\"twitter:data1\" content=\"Reda\u00e7\u00e3o Sul SC\" \/>\n\t<meta name=\"twitter:label2\" content=\"Est. reading time\" \/>\n\t<meta name=\"twitter:data2\" content=\"1 minute\" \/>\n<script type=\"application\/ld+json\" class=\"yoast-schema-graph\">{\"@context\":\"https:\/\/schema.org\",\"@graph\":[{\"@type\":\"WebPage\",\"@id\":\"https:\/\/sulsc.com\/index.php\/2023\/09\/06\/mpf-descartou-crime-de-peculato-ao-analisar-apropriacao-de-presentes-por-lula\/\",\"url\":\"https:\/\/sulsc.com\/index.php\/2023\/09\/06\/mpf-descartou-crime-de-peculato-ao-analisar-apropriacao-de-presentes-por-lula\/\",\"name\":\"MPF descartou crime de peculato ao analisar apropria\u00e7\u00e3o de presentes por Lula -\",\"isPartOf\":{\"@id\":\"https:\/\/sulsc.com\/#website\"},\"datePublished\":\"2023-09-06T19:18:40+00:00\",\"dateModified\":\"2023-09-11T17:16:17+00:00\",\"author\":{\"@id\":\"https:\/\/sulsc.com\/#\/schema\/person\/84d2fc571684f6248ba83092f07750a3\"},\"breadcrumb\":{\"@id\":\"https:\/\/sulsc.com\/index.php\/2023\/09\/06\/mpf-descartou-crime-de-peculato-ao-analisar-apropriacao-de-presentes-por-lula\/#breadcrumb\"},\"inLanguage\":\"en-US\",\"potentialAction\":[{\"@type\":\"ReadAction\",\"target\":[\"https:\/\/sulsc.com\/index.php\/2023\/09\/06\/mpf-descartou-crime-de-peculato-ao-analisar-apropriacao-de-presentes-por-lula\/\"]}]},{\"@type\":\"BreadcrumbList\",\"@id\":\"https:\/\/sulsc.com\/index.php\/2023\/09\/06\/mpf-descartou-crime-de-peculato-ao-analisar-apropriacao-de-presentes-por-lula\/#breadcrumb\",\"itemListElement\":[{\"@type\":\"ListItem\",\"position\":1,\"name\":\"In\u00edcio\",\"item\":\"https:\/\/sulsc.com\/\"},{\"@type\":\"ListItem\",\"position\":2,\"name\":\"MPF descartou crime de peculato ao analisar apropria\u00e7\u00e3o de presentes por Lula\"}]},{\"@type\":\"WebSite\",\"@id\":\"https:\/\/sulsc.com\/#website\",\"url\":\"https:\/\/sulsc.com\/\",\"name\":\"\",\"description\":\"\",\"potentialAction\":[{\"@type\":\"SearchAction\",\"target\":{\"@type\":\"EntryPoint\",\"urlTemplate\":\"https:\/\/sulsc.com\/?s={search_term_string}\"},\"query-input\":\"required name=search_term_string\"}],\"inLanguage\":\"en-US\"},{\"@type\":\"Person\",\"@id\":\"https:\/\/sulsc.com\/#\/schema\/person\/84d2fc571684f6248ba83092f07750a3\",\"name\":\"Reda\u00e7\u00e3o Sul SC\",\"image\":{\"@type\":\"ImageObject\",\"inLanguage\":\"en-US\",\"@id\":\"https:\/\/sulsc.com\/#\/schema\/person\/image\/e08d7fe2cc4ed596372063bbe852b8d0\",\"url\":\"https:\/\/sulsc.com\/wp-content\/uploads\/2023\/09\/redacao.png\",\"contentUrl\":\"https:\/\/sulsc.com\/wp-content\/uploads\/2023\/09\/redacao.png\",\"caption\":\"Reda\u00e7\u00e3o Sul SC\"},\"description\":\"Foco em um jornalismo imparcial, voltado \u00e0 qualidade dos seus conte\u00fados e, assim, levar informa\u00e7\u00e3o de valor que agregue \u00e0 vida dos leitores. Esta \u00e9 grande miss\u00e3o do Portal de Not\u00edcias Sul SC. N\u00e3o \u00e9 quantidade que muda o mundo, sempre foi e seguir\u00e1 sendo qualidade!\",\"sameAs\":[\"https:\/\/sulsc.com\/\",\"https:\/\/www.facebook.com\/profile.php?id=61559278119680\",\"https:\/\/www.instagram.com\/sulscportal\/?hl=pt-br\",\"https:\/\/twitter.com\/https:\/\/twitter.com\/PortalSulSC\",\"https:\/\/www.youtube.com\/channel\/UCv_BE8GeySluDov2n8qhVmw\"],\"url\":\"https:\/\/sulsc.com\/index.php\/author\/redacao\/\"}]}<\/script>\n<!-- \/ Yoast SEO plugin. -->","yoast_head_json":{"title":"MPF descartou crime de peculato ao analisar apropria\u00e7\u00e3o de presentes por Lula -","robots":{"index":"index","follow":"follow","max-snippet":"max-snippet:-1","max-image-preview":"max-image-preview:large","max-video-preview":"max-video-preview:-1"},"canonical":"https:\/\/sulsc.com\/index.php\/2023\/09\/06\/mpf-descartou-crime-de-peculato-ao-analisar-apropriacao-de-presentes-por-lula\/","og_locale":"en_US","og_type":"article","og_title":"MPF descartou crime de peculato ao analisar apropria\u00e7\u00e3o de presentes por Lula -","og_description":"Ao contr\u00e1rio do que ocorre atualmente com o ex-presidente Jair Bolsonaro (PL), investigado por suposto desvio de bens p\u00fablicos no caso das joias, o presidente Luiz In\u00e1cio Lula da Silva se livrou de uma investiga\u00e7\u00e3o criminal por suspeita de peculato, proposta em 2015, em raz\u00e3o da apropria\u00e7\u00e3o de presentes que recebeu de l\u00edderes estrangeiros em &hellip; MPF descartou crime de peculato ao analisar apropria\u00e7\u00e3o de presentes por Lula Read More &raquo;","og_url":"https:\/\/sulsc.com\/index.php\/2023\/09\/06\/mpf-descartou-crime-de-peculato-ao-analisar-apropriacao-de-presentes-por-lula\/","article_author":"https:\/\/www.facebook.com\/profile.php?id=61559278119680","article_published_time":"2023-09-06T19:18:40+00:00","article_modified_time":"2023-09-11T17:16:17+00:00","og_image":[{"width":433,"height":321,"url":"https:\/\/sulsc.com\/wp-content\/uploads\/2023\/09\/Lula.jpeg","type":"image\/jpeg"}],"author":"Reda\u00e7\u00e3o Sul SC","twitter_card":"summary_large_image","twitter_creator":"@https:\/\/twitter.com\/PortalSulSC","twitter_misc":{"Written by":"Reda\u00e7\u00e3o Sul SC","Est. reading time":"1 minute"},"schema":{"@context":"https:\/\/schema.org","@graph":[{"@type":"WebPage","@id":"https:\/\/sulsc.com\/index.php\/2023\/09\/06\/mpf-descartou-crime-de-peculato-ao-analisar-apropriacao-de-presentes-por-lula\/","url":"https:\/\/sulsc.com\/index.php\/2023\/09\/06\/mpf-descartou-crime-de-peculato-ao-analisar-apropriacao-de-presentes-por-lula\/","name":"MPF descartou crime de peculato ao analisar apropria\u00e7\u00e3o de presentes por Lula -","isPartOf":{"@id":"https:\/\/sulsc.com\/#website"},"datePublished":"2023-09-06T19:18:40+00:00","dateModified":"2023-09-11T17:16:17+00:00","author":{"@id":"https:\/\/sulsc.com\/#\/schema\/person\/84d2fc571684f6248ba83092f07750a3"},"breadcrumb":{"@id":"https:\/\/sulsc.com\/index.php\/2023\/09\/06\/mpf-descartou-crime-de-peculato-ao-analisar-apropriacao-de-presentes-por-lula\/#breadcrumb"},"inLanguage":"en-US","potentialAction":[{"@type":"ReadAction","target":["https:\/\/sulsc.com\/index.php\/2023\/09\/06\/mpf-descartou-crime-de-peculato-ao-analisar-apropriacao-de-presentes-por-lula\/"]}]},{"@type":"BreadcrumbList","@id":"https:\/\/sulsc.com\/index.php\/2023\/09\/06\/mpf-descartou-crime-de-peculato-ao-analisar-apropriacao-de-presentes-por-lula\/#breadcrumb","itemListElement":[{"@type":"ListItem","position":1,"name":"In\u00edcio","item":"https:\/\/sulsc.com\/"},{"@type":"ListItem","position":2,"name":"MPF descartou crime de peculato ao analisar apropria\u00e7\u00e3o de presentes por Lula"}]},{"@type":"WebSite","@id":"https:\/\/sulsc.com\/#website","url":"https:\/\/sulsc.com\/","name":"","description":"","potentialAction":[{"@type":"SearchAction","target":{"@type":"EntryPoint","urlTemplate":"https:\/\/sulsc.com\/?s={search_term_string}"},"query-input":"required name=search_term_string"}],"inLanguage":"en-US"},{"@type":"Person","@id":"https:\/\/sulsc.com\/#\/schema\/person\/84d2fc571684f6248ba83092f07750a3","name":"Reda\u00e7\u00e3o Sul SC","image":{"@type":"ImageObject","inLanguage":"en-US","@id":"https:\/\/sulsc.com\/#\/schema\/person\/image\/e08d7fe2cc4ed596372063bbe852b8d0","url":"https:\/\/sulsc.com\/wp-content\/uploads\/2023\/09\/redacao.png","contentUrl":"https:\/\/sulsc.com\/wp-content\/uploads\/2023\/09\/redacao.png","caption":"Reda\u00e7\u00e3o Sul SC"},"description":"Foco em um jornalismo imparcial, voltado \u00e0 qualidade dos seus conte\u00fados e, assim, levar informa\u00e7\u00e3o de valor que agregue \u00e0 vida dos leitores. Esta \u00e9 grande miss\u00e3o do Portal de Not\u00edcias Sul SC. N\u00e3o \u00e9 quantidade que muda o mundo, sempre foi e seguir\u00e1 sendo qualidade!","sameAs":["https:\/\/sulsc.com\/","https:\/\/www.facebook.com\/profile.php?id=61559278119680","https:\/\/www.instagram.com\/sulscportal\/?hl=pt-br","https:\/\/twitter.com\/https:\/\/twitter.com\/PortalSulSC","https:\/\/www.youtube.com\/channel\/UCv_BE8GeySluDov2n8qhVmw"],"url":"https:\/\/sulsc.com\/index.php\/author\/redacao\/"}]}},"authors":[],"_links":{"self":[{"href":"https:\/\/sulsc.com\/index.php\/wp-json\/wp\/v2\/posts\/854"}],"collection":[{"href":"https:\/\/sulsc.com\/index.php\/wp-json\/wp\/v2\/posts"}],"about":[{"href":"https:\/\/sulsc.com\/index.php\/wp-json\/wp\/v2\/types\/post"}],"author":[{"embeddable":true,"href":"https:\/\/sulsc.com\/index.php\/wp-json\/wp\/v2\/users\/3"}],"replies":[{"embeddable":true,"href":"https:\/\/sulsc.com\/index.php\/wp-json\/wp\/v2\/comments?post=854"}],"version-history":[{"count":1,"href":"https:\/\/sulsc.com\/index.php\/wp-json\/wp\/v2\/posts\/854\/revisions"}],"predecessor-version":[{"id":856,"href":"https:\/\/sulsc.com\/index.php\/wp-json\/wp\/v2\/posts\/854\/revisions\/856"}],"wp:featuredmedia":[{"embeddable":true,"href":"https:\/\/sulsc.com\/index.php\/wp-json\/wp\/v2\/media\/855"}],"wp:attachment":[{"href":"https:\/\/sulsc.com\/index.php\/wp-json\/wp\/v2\/media?parent=854"}],"wp:term":[{"taxonomy":"category","embeddable":true,"href":"https:\/\/sulsc.com\/index.php\/wp-json\/wp\/v2\/categories?post=854"},{"taxonomy":"post_tag","embeddable":true,"href":"https:\/\/sulsc.com\/index.php\/wp-json\/wp\/v2\/tags?post=854"}],"curies":[{"name":"wp","href":"https:\/\/api.w.org\/{rel}","templated":true}]}}