{"id":8564,"date":"2024-02-11T15:10:09","date_gmt":"2024-02-11T18:10:09","guid":{"rendered":"https:\/\/sulsc.com\/?p=8564"},"modified":"2024-02-11T15:10:09","modified_gmt":"2024-02-11T18:10:09","slug":"lider-nacional-na-producao-de-macas-sc-e-destaque-pela-qualidade-e-sanidade-dos-pomares","status":"publish","type":"post","link":"https:\/\/sulsc.com\/index.php\/2024\/02\/11\/lider-nacional-na-producao-de-macas-sc-e-destaque-pela-qualidade-e-sanidade-dos-pomares\/","title":{"rendered":"L\u00edder nacional na produ\u00e7\u00e3o de ma\u00e7\u00e3s, SC \u00e9 destaque pela qualidade e sanidade dos pomares"},"content":{"rendered":"<p><img fetchpriority=\"high\" decoding=\"async\" class=\"aligncenter size-full wp-image-8565\" src=\"http:\/\/sulsc.com\/wp-content\/uploads\/2024\/02\/a1.jpeg\" alt=\"\" width=\"1280\" height=\"847\" srcset=\"https:\/\/sulsc.com\/wp-content\/uploads\/2024\/02\/a1.jpeg 1280w, https:\/\/sulsc.com\/wp-content\/uploads\/2024\/02\/a1-300x199.jpeg 300w, https:\/\/sulsc.com\/wp-content\/uploads\/2024\/02\/a1-1024x678.jpeg 1024w, https:\/\/sulsc.com\/wp-content\/uploads\/2024\/02\/a1-768x508.jpeg 768w\" sizes=\"(max-width: 1280px) 100vw, 1280px\" \/><\/p>\n<p>Nesta semana, com o in\u00edcio da colheita da ma\u00e7\u00e3, os fruticultores est\u00e3o aumentando a m\u00e3o de obra nos munic\u00edpios e recebendo visitantes de todas as regi\u00f5es em seus pomares. As ma\u00e7\u00e3s catarinenses, equilibradas nutricionalmente, est\u00e3o cativando os paladares com seu sabor, textura e acidez adequados.<\/p>\n<p>O Estado de Santa Catarina, reconhecido por produzir ma\u00e7\u00e3s com do\u00e7ura, croc\u00e2ncia e sucul\u00eancia, n\u00e3o apenas lidera o pa\u00eds em volume de produ\u00e7\u00e3o, mas tamb\u00e9m se destaca pela qualidade das frutas e pela impec\u00e1vel sanidade dos pomares. Esta conquista \u00e9 o resultado de um esfor\u00e7o conjunto e dedicado ao longo do tempo no monitoramento, conten\u00e7\u00e3o, preven\u00e7\u00e3o, controle e erradica\u00e7\u00e3o de pragas como a Cydia pomonella, comumente conhecida como tra\u00e7a-da-ma\u00e7\u00e3. Esta praga afeta n\u00e3o apenas ma\u00e7\u00e3s, mas tamb\u00e9m peras, marmelos, nozes europeias e frutas de caro\u00e7o como p\u00eassegos, ameixas e nectarinas.<\/p>\n<p><strong>Erradica\u00e7\u00e3o da Cydia pomonella<\/strong><br \/>\nO Programa Nacional de Preven\u00e7\u00e3o e Controle da Cydia pomonella (PNPCCP) teve in\u00edcio na d\u00e9cada de 1990 com o descobrimento do primeiro foco na \u00e1rea urbana de Vacaria. O processo de erradica\u00e7\u00e3o, em Santa Catarina, foi conduzido pelo Minist\u00e9rio da Agricultura e Pecu\u00e1ria (Mapa), em parceria com a Companhia Integrada de Desenvolvimento Agr\u00edcola de Santa Catarina (Cidasc) e os produtores rurais ao longo de anos. Essa iniciativa levou o Brasil a ser reconhecido, em 7 de maio de 2014, como uma &#8220;\u00c1rea Livre da Cydia pomonella&#8221;. Este status fitossanit\u00e1rio \u00e9 uma realiza\u00e7\u00e3o not\u00e1vel para a fruticultura brasileira.<\/p>\n<p>O cultivo de ma\u00e7\u00e3s n\u00e3o \u00e9 apenas uma atividade agr\u00edcola, mas tamb\u00e9m desempenha um papel crucial na sustentabilidade socioecon\u00f4mica do Estado. As regi\u00f5es de Fraiburgo e S\u00e3o Joaquim se beneficiaram significativamente, tornando-se as principais fontes de renda devido \u00e0 explora\u00e7\u00e3o da cultura da macieira. A ma\u00e7\u00e3 possibilita a viabilidade econ\u00f4mica das pequenas propriedades, impulsiona a agroind\u00fastria e otimiza as potencialidades clim\u00e1ticas das regi\u00f5es produtoras.<\/p>\n<p>&#8220;Santa Catarina orgulha-se de sua posi\u00e7\u00e3o como l\u00edder nacional na produ\u00e7\u00e3o de ma\u00e7\u00e3s, garantindo n\u00e3o apenas a excel\u00eancia do produto, mas tamb\u00e9m a preserva\u00e7\u00e3o da integridade dos pomares. Este sucesso \u00e9 o resultado de um compromisso conjunto com a qualidade, sanidade e sustentabilidade, consolidando a fruticultura catarinense como refer\u00eancia para o pa\u00eds&#8221;, destaca a engenheira agr\u00f4noma Roberta Duarte \u00c1vila Vieira.<\/p>\n<p><strong>Cydia pomonella: Uma amea\u00e7a sob controle em Santa Catarina<\/strong><br \/>\nA Cydia pomonella, conhecida como tra\u00e7a-da-ma\u00e7\u00e3, \u00e9 uma pequena lagarta que forma galerias na fruta, levando-a a cair do p\u00e9 antes de amadurecer. Origin\u00e1ria da \u00c1sia e Europa, essa praga assola planta\u00e7\u00f5es em pa\u00edses como Argentina, Uruguai e Estados Unidos, sendo considerada o pior inseto praga da fruticultura mundial. Manter Santa Catarina livre dessa amea\u00e7a exige um esfor\u00e7o cont\u00ednuo de fiscaliza\u00e7\u00e3o e monitoramento do Minist\u00e9rio da Agricultura e Pecu\u00e1ria (Mapa), da Companhia Integrada de Desenvolvimento Agr\u00edcola de Santa Catarina (Cidasc) e dos dedicados produtores rurais.<\/p>\n","protected":false},"excerpt":{"rendered":"<p>Nesta semana, com o in\u00edcio da colheita da ma\u00e7\u00e3, os fruticultores est\u00e3o aumentando a m\u00e3o de obra nos munic\u00edpios e recebendo visitantes de todas as regi\u00f5es em seus pomares. As ma\u00e7\u00e3s catarinenses, equilibradas nutricionalmente, est\u00e3o cativando os paladares com seu sabor, textura e acidez adequados. O Estado de Santa Catarina, reconhecido por produzir ma\u00e7\u00e3s com &hellip;<\/p>\n<p class=\"read-more\"> <a class=\"\" href=\"https:\/\/sulsc.com\/index.php\/2024\/02\/11\/lider-nacional-na-producao-de-macas-sc-e-destaque-pela-qualidade-e-sanidade-dos-pomares\/\"> <span class=\"screen-reader-text\">L\u00edder nacional na produ\u00e7\u00e3o de ma\u00e7\u00e3s, SC \u00e9 destaque pela qualidade e sanidade dos pomares<\/span> Read More &raquo;<\/a><\/p>\n","protected":false},"author":3,"featured_media":8565,"comment_status":"open","ping_status":"open","sticky":false,"template":"","format":"standard","meta":{"site-sidebar-layout":"default","site-content-layout":"","ast-site-content-layout":"default","site-content-style":"default","site-sidebar-style":"default","ast-global-header-display":"","ast-banner-title-visibility":"","ast-main-header-display":"","ast-hfb-above-header-display":"","ast-hfb-below-header-display":"","ast-hfb-mobile-header-display":"","site-post-title":"","ast-breadcrumbs-content":"","ast-featured-img":"","footer-sml-layout":"","theme-transparent-header-meta":"default","adv-header-id-meta":"","stick-header-meta":"","header-above-stick-meta":"","header-main-stick-meta":"","header-below-stick-meta":"","astra-migrate-meta-layouts":"set","footnotes":""},"categories":[40],"tags":[825,1228,1227,1226],"yoast_head":"<!-- This site is optimized with the Yoast SEO plugin v21.4 - https:\/\/yoast.com\/wordpress\/plugins\/seo\/ -->\n<title>L\u00edder nacional na produ\u00e7\u00e3o de ma\u00e7\u00e3s, SC \u00e9 destaque pela qualidade e sanidade dos pomares -<\/title>\n<meta name=\"description\" content=\"O sucesso cont\u00ednuo da fruticultura em Santa Catarina \u00e9 resultado de um compromisso inabal\u00e1vel com a qualidade, sanidade e sustentabilidade.\" \/>\n<meta name=\"robots\" content=\"index, follow, max-snippet:-1, max-image-preview:large, max-video-preview:-1\" \/>\n<link rel=\"canonical\" href=\"https:\/\/sulsc.com\/index.php\/2024\/02\/11\/lider-nacional-na-producao-de-macas-sc-e-destaque-pela-qualidade-e-sanidade-dos-pomares\/\" \/>\n<meta property=\"og:locale\" content=\"en_US\" \/>\n<meta property=\"og:type\" content=\"article\" \/>\n<meta property=\"og:title\" content=\"L\u00edder nacional na produ\u00e7\u00e3o de ma\u00e7\u00e3s, SC \u00e9 destaque pela qualidade e sanidade dos pomares -\" \/>\n<meta property=\"og:description\" content=\"O sucesso cont\u00ednuo da fruticultura em Santa Catarina \u00e9 resultado de um compromisso inabal\u00e1vel com a qualidade, sanidade e sustentabilidade.\" \/>\n<meta property=\"og:url\" content=\"https:\/\/sulsc.com\/index.php\/2024\/02\/11\/lider-nacional-na-producao-de-macas-sc-e-destaque-pela-qualidade-e-sanidade-dos-pomares\/\" \/>\n<meta property=\"article:author\" content=\"https:\/\/www.facebook.com\/profile.php?id=61559278119680\" \/>\n<meta property=\"article:published_time\" content=\"2024-02-11T18:10:09+00:00\" \/>\n<meta property=\"og:image\" content=\"http:\/\/sulsc.com\/wp-content\/uploads\/2024\/02\/a1.jpeg\" \/>\n\t<meta property=\"og:image:width\" content=\"1280\" \/>\n\t<meta property=\"og:image:height\" content=\"847\" \/>\n\t<meta property=\"og:image:type\" content=\"image\/jpeg\" \/>\n<meta name=\"author\" content=\"Reda\u00e7\u00e3o Sul SC\" \/>\n<meta name=\"twitter:card\" content=\"summary_large_image\" \/>\n<meta name=\"twitter:creator\" content=\"@https:\/\/twitter.com\/PortalSulSC\" \/>\n<meta name=\"twitter:label1\" content=\"Written by\" \/>\n\t<meta name=\"twitter:data1\" content=\"Reda\u00e7\u00e3o Sul SC\" \/>\n\t<meta name=\"twitter:label2\" content=\"Est. reading time\" \/>\n\t<meta name=\"twitter:data2\" content=\"3 minutes\" \/>\n<script type=\"application\/ld+json\" class=\"yoast-schema-graph\">{\"@context\":\"https:\/\/schema.org\",\"@graph\":[{\"@type\":\"WebPage\",\"@id\":\"https:\/\/sulsc.com\/index.php\/2024\/02\/11\/lider-nacional-na-producao-de-macas-sc-e-destaque-pela-qualidade-e-sanidade-dos-pomares\/\",\"url\":\"https:\/\/sulsc.com\/index.php\/2024\/02\/11\/lider-nacional-na-producao-de-macas-sc-e-destaque-pela-qualidade-e-sanidade-dos-pomares\/\",\"name\":\"L\u00edder nacional na produ\u00e7\u00e3o de ma\u00e7\u00e3s, SC \u00e9 destaque pela qualidade e sanidade dos pomares -\",\"isPartOf\":{\"@id\":\"https:\/\/sulsc.com\/#website\"},\"datePublished\":\"2024-02-11T18:10:09+00:00\",\"dateModified\":\"2024-02-11T18:10:09+00:00\",\"author\":{\"@id\":\"https:\/\/sulsc.com\/#\/schema\/person\/84d2fc571684f6248ba83092f07750a3\"},\"description\":\"O sucesso cont\u00ednuo da fruticultura em Santa Catarina \u00e9 resultado de um compromisso inabal\u00e1vel com a qualidade, sanidade e sustentabilidade.\",\"breadcrumb\":{\"@id\":\"https:\/\/sulsc.com\/index.php\/2024\/02\/11\/lider-nacional-na-producao-de-macas-sc-e-destaque-pela-qualidade-e-sanidade-dos-pomares\/#breadcrumb\"},\"inLanguage\":\"en-US\",\"potentialAction\":[{\"@type\":\"ReadAction\",\"target\":[\"https:\/\/sulsc.com\/index.php\/2024\/02\/11\/lider-nacional-na-producao-de-macas-sc-e-destaque-pela-qualidade-e-sanidade-dos-pomares\/\"]}]},{\"@type\":\"BreadcrumbList\",\"@id\":\"https:\/\/sulsc.com\/index.php\/2024\/02\/11\/lider-nacional-na-producao-de-macas-sc-e-destaque-pela-qualidade-e-sanidade-dos-pomares\/#breadcrumb\",\"itemListElement\":[{\"@type\":\"ListItem\",\"position\":1,\"name\":\"In\u00edcio\",\"item\":\"https:\/\/sulsc.com\/\"},{\"@type\":\"ListItem\",\"position\":2,\"name\":\"L\u00edder nacional na produ\u00e7\u00e3o de ma\u00e7\u00e3s, SC \u00e9 destaque pela qualidade e sanidade dos pomares\"}]},{\"@type\":\"WebSite\",\"@id\":\"https:\/\/sulsc.com\/#website\",\"url\":\"https:\/\/sulsc.com\/\",\"name\":\"\",\"description\":\"\",\"potentialAction\":[{\"@type\":\"SearchAction\",\"target\":{\"@type\":\"EntryPoint\",\"urlTemplate\":\"https:\/\/sulsc.com\/?s={search_term_string}\"},\"query-input\":\"required name=search_term_string\"}],\"inLanguage\":\"en-US\"},{\"@type\":\"Person\",\"@id\":\"https:\/\/sulsc.com\/#\/schema\/person\/84d2fc571684f6248ba83092f07750a3\",\"name\":\"Reda\u00e7\u00e3o Sul SC\",\"image\":{\"@type\":\"ImageObject\",\"inLanguage\":\"en-US\",\"@id\":\"https:\/\/sulsc.com\/#\/schema\/person\/image\/e08d7fe2cc4ed596372063bbe852b8d0\",\"url\":\"https:\/\/sulsc.com\/wp-content\/uploads\/2023\/09\/redacao.png\",\"contentUrl\":\"https:\/\/sulsc.com\/wp-content\/uploads\/2023\/09\/redacao.png\",\"caption\":\"Reda\u00e7\u00e3o Sul SC\"},\"description\":\"Foco em um jornalismo imparcial, voltado \u00e0 qualidade dos seus conte\u00fados e, assim, levar informa\u00e7\u00e3o de valor que agregue \u00e0 vida dos leitores. Esta \u00e9 grande miss\u00e3o do Portal de Not\u00edcias Sul SC. N\u00e3o \u00e9 quantidade que muda o mundo, sempre foi e seguir\u00e1 sendo qualidade!\",\"sameAs\":[\"https:\/\/sulsc.com\/\",\"https:\/\/www.facebook.com\/profile.php?id=61559278119680\",\"https:\/\/www.instagram.com\/sulscportal\/?hl=pt-br\",\"https:\/\/twitter.com\/https:\/\/twitter.com\/PortalSulSC\",\"https:\/\/www.youtube.com\/channel\/UCv_BE8GeySluDov2n8qhVmw\"],\"url\":\"https:\/\/sulsc.com\/index.php\/author\/redacao\/\"}]}<\/script>\n<!-- \/ Yoast SEO plugin. -->","yoast_head_json":{"title":"L\u00edder nacional na produ\u00e7\u00e3o de ma\u00e7\u00e3s, SC \u00e9 destaque pela qualidade e sanidade dos pomares -","description":"O sucesso cont\u00ednuo da fruticultura em Santa Catarina \u00e9 resultado de um compromisso inabal\u00e1vel com a qualidade, sanidade e sustentabilidade.","robots":{"index":"index","follow":"follow","max-snippet":"max-snippet:-1","max-image-preview":"max-image-preview:large","max-video-preview":"max-video-preview:-1"},"canonical":"https:\/\/sulsc.com\/index.php\/2024\/02\/11\/lider-nacional-na-producao-de-macas-sc-e-destaque-pela-qualidade-e-sanidade-dos-pomares\/","og_locale":"en_US","og_type":"article","og_title":"L\u00edder nacional na produ\u00e7\u00e3o de ma\u00e7\u00e3s, SC \u00e9 destaque pela qualidade e sanidade dos pomares -","og_description":"O sucesso cont\u00ednuo da fruticultura em Santa Catarina \u00e9 resultado de um compromisso inabal\u00e1vel com a qualidade, sanidade e sustentabilidade.","og_url":"https:\/\/sulsc.com\/index.php\/2024\/02\/11\/lider-nacional-na-producao-de-macas-sc-e-destaque-pela-qualidade-e-sanidade-dos-pomares\/","article_author":"https:\/\/www.facebook.com\/profile.php?id=61559278119680","article_published_time":"2024-02-11T18:10:09+00:00","og_image":[{"width":1280,"height":847,"url":"http:\/\/sulsc.com\/wp-content\/uploads\/2024\/02\/a1.jpeg","type":"image\/jpeg"}],"author":"Reda\u00e7\u00e3o Sul SC","twitter_card":"summary_large_image","twitter_creator":"@https:\/\/twitter.com\/PortalSulSC","twitter_misc":{"Written by":"Reda\u00e7\u00e3o Sul SC","Est. reading time":"3 minutes"},"schema":{"@context":"https:\/\/schema.org","@graph":[{"@type":"WebPage","@id":"https:\/\/sulsc.com\/index.php\/2024\/02\/11\/lider-nacional-na-producao-de-macas-sc-e-destaque-pela-qualidade-e-sanidade-dos-pomares\/","url":"https:\/\/sulsc.com\/index.php\/2024\/02\/11\/lider-nacional-na-producao-de-macas-sc-e-destaque-pela-qualidade-e-sanidade-dos-pomares\/","name":"L\u00edder nacional na produ\u00e7\u00e3o de ma\u00e7\u00e3s, SC \u00e9 destaque pela qualidade e sanidade dos pomares -","isPartOf":{"@id":"https:\/\/sulsc.com\/#website"},"datePublished":"2024-02-11T18:10:09+00:00","dateModified":"2024-02-11T18:10:09+00:00","author":{"@id":"https:\/\/sulsc.com\/#\/schema\/person\/84d2fc571684f6248ba83092f07750a3"},"description":"O sucesso cont\u00ednuo da fruticultura em Santa Catarina \u00e9 resultado de um compromisso inabal\u00e1vel com a qualidade, sanidade e sustentabilidade.","breadcrumb":{"@id":"https:\/\/sulsc.com\/index.php\/2024\/02\/11\/lider-nacional-na-producao-de-macas-sc-e-destaque-pela-qualidade-e-sanidade-dos-pomares\/#breadcrumb"},"inLanguage":"en-US","potentialAction":[{"@type":"ReadAction","target":["https:\/\/sulsc.com\/index.php\/2024\/02\/11\/lider-nacional-na-producao-de-macas-sc-e-destaque-pela-qualidade-e-sanidade-dos-pomares\/"]}]},{"@type":"BreadcrumbList","@id":"https:\/\/sulsc.com\/index.php\/2024\/02\/11\/lider-nacional-na-producao-de-macas-sc-e-destaque-pela-qualidade-e-sanidade-dos-pomares\/#breadcrumb","itemListElement":[{"@type":"ListItem","position":1,"name":"In\u00edcio","item":"https:\/\/sulsc.com\/"},{"@type":"ListItem","position":2,"name":"L\u00edder nacional na produ\u00e7\u00e3o de ma\u00e7\u00e3s, SC \u00e9 destaque pela qualidade e sanidade dos pomares"}]},{"@type":"WebSite","@id":"https:\/\/sulsc.com\/#website","url":"https:\/\/sulsc.com\/","name":"","description":"","potentialAction":[{"@type":"SearchAction","target":{"@type":"EntryPoint","urlTemplate":"https:\/\/sulsc.com\/?s={search_term_string}"},"query-input":"required name=search_term_string"}],"inLanguage":"en-US"},{"@type":"Person","@id":"https:\/\/sulsc.com\/#\/schema\/person\/84d2fc571684f6248ba83092f07750a3","name":"Reda\u00e7\u00e3o Sul SC","image":{"@type":"ImageObject","inLanguage":"en-US","@id":"https:\/\/sulsc.com\/#\/schema\/person\/image\/e08d7fe2cc4ed596372063bbe852b8d0","url":"https:\/\/sulsc.com\/wp-content\/uploads\/2023\/09\/redacao.png","contentUrl":"https:\/\/sulsc.com\/wp-content\/uploads\/2023\/09\/redacao.png","caption":"Reda\u00e7\u00e3o Sul SC"},"description":"Foco em um jornalismo imparcial, voltado \u00e0 qualidade dos seus conte\u00fados e, assim, levar informa\u00e7\u00e3o de valor que agregue \u00e0 vida dos leitores. Esta \u00e9 grande miss\u00e3o do Portal de Not\u00edcias Sul SC. N\u00e3o \u00e9 quantidade que muda o mundo, sempre foi e seguir\u00e1 sendo qualidade!","sameAs":["https:\/\/sulsc.com\/","https:\/\/www.facebook.com\/profile.php?id=61559278119680","https:\/\/www.instagram.com\/sulscportal\/?hl=pt-br","https:\/\/twitter.com\/https:\/\/twitter.com\/PortalSulSC","https:\/\/www.youtube.com\/channel\/UCv_BE8GeySluDov2n8qhVmw"],"url":"https:\/\/sulsc.com\/index.php\/author\/redacao\/"}]}},"authors":[],"_links":{"self":[{"href":"https:\/\/sulsc.com\/index.php\/wp-json\/wp\/v2\/posts\/8564"}],"collection":[{"href":"https:\/\/sulsc.com\/index.php\/wp-json\/wp\/v2\/posts"}],"about":[{"href":"https:\/\/sulsc.com\/index.php\/wp-json\/wp\/v2\/types\/post"}],"author":[{"embeddable":true,"href":"https:\/\/sulsc.com\/index.php\/wp-json\/wp\/v2\/users\/3"}],"replies":[{"embeddable":true,"href":"https:\/\/sulsc.com\/index.php\/wp-json\/wp\/v2\/comments?post=8564"}],"version-history":[{"count":1,"href":"https:\/\/sulsc.com\/index.php\/wp-json\/wp\/v2\/posts\/8564\/revisions"}],"predecessor-version":[{"id":8566,"href":"https:\/\/sulsc.com\/index.php\/wp-json\/wp\/v2\/posts\/8564\/revisions\/8566"}],"wp:featuredmedia":[{"embeddable":true,"href":"https:\/\/sulsc.com\/index.php\/wp-json\/wp\/v2\/media\/8565"}],"wp:attachment":[{"href":"https:\/\/sulsc.com\/index.php\/wp-json\/wp\/v2\/media?parent=8564"}],"wp:term":[{"taxonomy":"category","embeddable":true,"href":"https:\/\/sulsc.com\/index.php\/wp-json\/wp\/v2\/categories?post=8564"},{"taxonomy":"post_tag","embeddable":true,"href":"https:\/\/sulsc.com\/index.php\/wp-json\/wp\/v2\/tags?post=8564"}],"curies":[{"name":"wp","href":"https:\/\/api.w.org\/{rel}","templated":true}]}}