{"id":8641,"date":"2024-02-13T12:20:16","date_gmt":"2024-02-13T15:20:16","guid":{"rendered":"https:\/\/sulsc.com\/?p=8641"},"modified":"2024-02-13T12:23:46","modified_gmt":"2024-02-13T15:23:46","slug":"parceria-deve-criar-600-pontos-de-recarga-para-veiculos-eletricos-no-brasil","status":"publish","type":"post","link":"https:\/\/sulsc.com\/index.php\/2024\/02\/13\/parceria-deve-criar-600-pontos-de-recarga-para-veiculos-eletricos-no-brasil\/","title":{"rendered":"Parceria deve criar 600 pontos de recarga para ve\u00edculos el\u00e9tricos no Brasil"},"content":{"rendered":"<p>Uma parceria estrat\u00e9gica para ampliar a infraestrutura para ve\u00edculos el\u00e9tricos, bem como a oferta de energia limpa no Brasil, foi anunciada a Ra\u00edzen Power e a BYD.\u00a0O acordo prev\u00ea uma s\u00e9rie de iniciativas, dentre elas a constru\u00e7\u00e3o de hubs de recarga para ve\u00edculos el\u00e9tricos em oito capitais, nos pr\u00f3ximos tr\u00eas anos.<\/p>\n<p>De acordo com o comunicado, os espa\u00e7os come\u00e7ar\u00e3o a ser implementados a partir de 2024 nas cidades de S\u00e3o Paulo \u2013 SP, Rio de Janeiro \u2013 RJ, Belo Horizonte \u2013 MG, Bras\u00edlia \u2013 DF , Curitiba \u2013 PR, Florian\u00f3polis \u2013 SC, Salvador \u2013 BA e Bel\u00e9m -PA.<\/p>\n<p>A amplia\u00e7\u00e3o da rede de recarga de el\u00e9tricos, principal objetivo da parceria, \u00e9 um dos pontos cruciais para a expans\u00e3o da mobilidade el\u00e9trica no Brasil.\u00a0Os hubs funcionar\u00e3o com energia 100% limpa e renov\u00e1vel, proporcionando dessa forma, uma recarga mais sustent\u00e1vel.<\/p>\n<p>O plano \u00e9 abrangente e prev\u00ea 600 novos pontos de recarga DC instalados, somando mais 18 MW de pot\u00eancia instalada para recarregar ve\u00edculos el\u00e9tricos em \u00e2mbito nacional.\u00a0As empresas estimam uma oferta competitiva de servi\u00e7os de recarga para motoristas BYD na rede Shell Recharge e al\u00e9m disso, energia renov\u00e1vel para seus concession\u00e1rios.<\/p>\n<p>O programa tem como meta liderar o mercado de mobilidade el\u00e9trica, atingindo cerca de 25% de participa\u00e7\u00e3o no segmento.\u00a0Al\u00e9m disso, a empresa pretende atingir 10% de participa\u00e7\u00e3o no mercado livre de energia e aumentar significativamente os seus projetos de gera\u00e7\u00e3o distribu\u00edda.<\/p>\n<p><img fetchpriority=\"high\" decoding=\"async\" class=\"alignnone size-large wp-image-8642\" src=\"http:\/\/sulsc.com\/wp-content\/uploads\/2024\/02\/Parceria-deve-criar-600-pontos-de-recarga-para-veiculos-eletricos-no-Brasil-1024x576.webp\" alt=\"\" width=\"1024\" height=\"576\" srcset=\"https:\/\/sulsc.com\/wp-content\/uploads\/2024\/02\/Parceria-deve-criar-600-pontos-de-recarga-para-veiculos-eletricos-no-Brasil-1024x576.webp 1024w, https:\/\/sulsc.com\/wp-content\/uploads\/2024\/02\/Parceria-deve-criar-600-pontos-de-recarga-para-veiculos-eletricos-no-Brasil-300x169.webp 300w, https:\/\/sulsc.com\/wp-content\/uploads\/2024\/02\/Parceria-deve-criar-600-pontos-de-recarga-para-veiculos-eletricos-no-Brasil-768x432.webp 768w, https:\/\/sulsc.com\/wp-content\/uploads\/2024\/02\/Parceria-deve-criar-600-pontos-de-recarga-para-veiculos-eletricos-no-Brasil-1536x864.webp 1536w, https:\/\/sulsc.com\/wp-content\/uploads\/2024\/02\/Parceria-deve-criar-600-pontos-de-recarga-para-veiculos-eletricos-no-Brasil.webp 2048w\" sizes=\"(max-width: 1024px) 100vw, 1024px\" \/><\/p>\n<p>&nbsp;<\/p>\n<p><strong>Parceria estrat\u00e9gica<\/strong><\/p>\n<p>A parceria tamb\u00e9m \u00e9 estrat\u00e9gica para o desenvolvimento e implementa\u00e7\u00e3o de equipamentos de recarga e solu\u00e7\u00f5es de bateria da empresa BYD.\u00a0De acordo com o comunicado, os consumidores da marca chinesa ter\u00e3o descontos na recarga nos hubs localizados nas oito cidades.<\/p>\n<p>Segundo Stella Li, vice-presidente executiva da BYD e CEO da BYD Am\u00e9ricas, \u00e9 crucial ter uma infraestrutura de recarga robusta e amplamente distribu\u00edda.<\/p>\n<p>\u201c\u00c0 medida que embarcamos no nosso ambicioso plano de expans\u00e3o de vendas, \u00e9 essencial investir em infraestrutura de recarga. Isto n\u00e3o s\u00f3 garante conveni\u00eancia para nossos clientes, mas tamb\u00e9m acelera a transi\u00e7\u00e3o para um futuro sustent\u00e1vel e eletrificado, impulsionando o crescimento do transporte movido por energia limpa\u201d, finaliza.<\/p>\n<p>A parceria faz parte de um acordo de coopera\u00e7\u00e3o estrat\u00e9gica assinado pela Shell e BYD em 2022 para ajudar a acelerar a transi\u00e7\u00e3o energ\u00e9tica e melhorar a experi\u00eancia de recarga para os clientes de ve\u00edculos el\u00e9tricos e h\u00edbridos plug-in da BYD ao redor do mundo.<\/p>\n<p>Atualmente, a empresa possui uma das maiores redes de carregamento de ve\u00edculos el\u00e9tricos do mundo com cerca de 55.000 pontos p\u00fablicos de recarga em mais de 30 mercados e a estimativa \u00e9 de implementar 70.000 pontos at\u00e9 2025.\u00a0A parceria foi celebrada em um evento na cidade de Shenzhen, na China, e contou com a presen\u00e7a de executivos da Ra\u00edzen Power, BYD e Shell.<\/p>\n<p>&nbsp;<\/p>\n<p>Fonte: Portal Sustentabilidade<\/p>\n","protected":false},"excerpt":{"rendered":"<p>Uma parceria estrat\u00e9gica para ampliar a infraestrutura para ve\u00edculos el\u00e9tricos, bem como a oferta de energia limpa no Brasil, foi anunciada a Ra\u00edzen Power e a BYD.\u00a0O acordo prev\u00ea uma s\u00e9rie de iniciativas, dentre elas a constru\u00e7\u00e3o de hubs de recarga para ve\u00edculos el\u00e9tricos em oito capitais, nos pr\u00f3ximos tr\u00eas anos. De acordo com o &hellip;<\/p>\n<p class=\"read-more\"> <a class=\"\" href=\"https:\/\/sulsc.com\/index.php\/2024\/02\/13\/parceria-deve-criar-600-pontos-de-recarga-para-veiculos-eletricos-no-brasil\/\"> <span class=\"screen-reader-text\">Parceria deve criar 600 pontos de recarga para ve\u00edculos el\u00e9tricos no Brasil<\/span> Read More &raquo;<\/a><\/p>\n","protected":false},"author":3,"featured_media":8642,"comment_status":"open","ping_status":"open","sticky":false,"template":"","format":"standard","meta":{"site-sidebar-layout":"default","site-content-layout":"","ast-site-content-layout":"default","site-content-style":"default","site-sidebar-style":"default","ast-global-header-display":"","ast-banner-title-visibility":"","ast-main-header-display":"","ast-hfb-above-header-display":"","ast-hfb-below-header-display":"","ast-hfb-mobile-header-display":"","site-post-title":"","ast-breadcrumbs-content":"","ast-featured-img":"","footer-sml-layout":"","theme-transparent-header-meta":"default","adv-header-id-meta":"","stick-header-meta":"","header-above-stick-meta":"","header-main-stick-meta":"","header-below-stick-meta":"","astra-migrate-meta-layouts":"set","footnotes":""},"categories":[17],"tags":[],"yoast_head":"<!-- This site is optimized with the Yoast SEO plugin v21.4 - https:\/\/yoast.com\/wordpress\/plugins\/seo\/ -->\n<title>Parceria deve criar 600 pontos de recarga para ve\u00edculos el\u00e9tricos no Brasil -<\/title>\n<meta name=\"description\" content=\"A constru\u00e7\u00e3o dos hubs de recarga ser\u00e3o em S\u00e3o Paulo, Rio de Janeiro, Belo Horizonte, Bras\u00edlia, Curitiba, Florian\u00f3polis, Salvador e Bel\u00e9m\" \/>\n<meta name=\"robots\" content=\"index, follow, max-snippet:-1, max-image-preview:large, max-video-preview:-1\" \/>\n<link rel=\"canonical\" href=\"https:\/\/sulsc.com\/index.php\/2024\/02\/13\/parceria-deve-criar-600-pontos-de-recarga-para-veiculos-eletricos-no-brasil\/\" \/>\n<meta property=\"og:locale\" content=\"en_US\" \/>\n<meta property=\"og:type\" content=\"article\" \/>\n<meta property=\"og:title\" content=\"Parceria deve criar 600 pontos de recarga para ve\u00edculos el\u00e9tricos no Brasil -\" \/>\n<meta property=\"og:description\" content=\"A constru\u00e7\u00e3o dos hubs de recarga ser\u00e3o em S\u00e3o Paulo, Rio de Janeiro, Belo Horizonte, Bras\u00edlia, Curitiba, Florian\u00f3polis, Salvador e Bel\u00e9m\" \/>\n<meta property=\"og:url\" content=\"https:\/\/sulsc.com\/index.php\/2024\/02\/13\/parceria-deve-criar-600-pontos-de-recarga-para-veiculos-eletricos-no-brasil\/\" \/>\n<meta property=\"article:author\" content=\"https:\/\/www.facebook.com\/profile.php?id=61559278119680\" \/>\n<meta property=\"article:published_time\" content=\"2024-02-13T15:20:16+00:00\" \/>\n<meta property=\"article:modified_time\" content=\"2024-02-13T15:23:46+00:00\" \/>\n<meta property=\"og:image\" content=\"http:\/\/sulsc.com\/wp-content\/uploads\/2024\/02\/Parceria-deve-criar-600-pontos-de-recarga-para-veiculos-eletricos-no-Brasil.webp\" \/>\n\t<meta property=\"og:image:width\" content=\"2048\" \/>\n\t<meta property=\"og:image:height\" content=\"1152\" \/>\n\t<meta property=\"og:image:type\" content=\"image\/webp\" \/>\n<meta name=\"author\" content=\"Reda\u00e7\u00e3o Sul SC\" \/>\n<meta name=\"twitter:card\" content=\"summary_large_image\" \/>\n<meta name=\"twitter:creator\" content=\"@https:\/\/twitter.com\/PortalSulSC\" \/>\n<meta name=\"twitter:label1\" content=\"Written by\" \/>\n\t<meta name=\"twitter:data1\" content=\"Reda\u00e7\u00e3o Sul SC\" \/>\n\t<meta name=\"twitter:label2\" content=\"Est. reading time\" \/>\n\t<meta name=\"twitter:data2\" content=\"3 minutes\" \/>\n<script type=\"application\/ld+json\" class=\"yoast-schema-graph\">{\"@context\":\"https:\/\/schema.org\",\"@graph\":[{\"@type\":\"WebPage\",\"@id\":\"https:\/\/sulsc.com\/index.php\/2024\/02\/13\/parceria-deve-criar-600-pontos-de-recarga-para-veiculos-eletricos-no-brasil\/\",\"url\":\"https:\/\/sulsc.com\/index.php\/2024\/02\/13\/parceria-deve-criar-600-pontos-de-recarga-para-veiculos-eletricos-no-brasil\/\",\"name\":\"Parceria deve criar 600 pontos de recarga para ve\u00edculos el\u00e9tricos no Brasil -\",\"isPartOf\":{\"@id\":\"https:\/\/sulsc.com\/#website\"},\"datePublished\":\"2024-02-13T15:20:16+00:00\",\"dateModified\":\"2024-02-13T15:23:46+00:00\",\"author\":{\"@id\":\"https:\/\/sulsc.com\/#\/schema\/person\/84d2fc571684f6248ba83092f07750a3\"},\"description\":\"A constru\u00e7\u00e3o dos hubs de recarga ser\u00e3o em S\u00e3o Paulo, Rio de Janeiro, Belo Horizonte, Bras\u00edlia, Curitiba, Florian\u00f3polis, Salvador e Bel\u00e9m\",\"breadcrumb\":{\"@id\":\"https:\/\/sulsc.com\/index.php\/2024\/02\/13\/parceria-deve-criar-600-pontos-de-recarga-para-veiculos-eletricos-no-brasil\/#breadcrumb\"},\"inLanguage\":\"en-US\",\"potentialAction\":[{\"@type\":\"ReadAction\",\"target\":[\"https:\/\/sulsc.com\/index.php\/2024\/02\/13\/parceria-deve-criar-600-pontos-de-recarga-para-veiculos-eletricos-no-brasil\/\"]}]},{\"@type\":\"BreadcrumbList\",\"@id\":\"https:\/\/sulsc.com\/index.php\/2024\/02\/13\/parceria-deve-criar-600-pontos-de-recarga-para-veiculos-eletricos-no-brasil\/#breadcrumb\",\"itemListElement\":[{\"@type\":\"ListItem\",\"position\":1,\"name\":\"In\u00edcio\",\"item\":\"https:\/\/sulsc.com\/\"},{\"@type\":\"ListItem\",\"position\":2,\"name\":\"Parceria deve criar 600 pontos de recarga para ve\u00edculos el\u00e9tricos no Brasil\"}]},{\"@type\":\"WebSite\",\"@id\":\"https:\/\/sulsc.com\/#website\",\"url\":\"https:\/\/sulsc.com\/\",\"name\":\"\",\"description\":\"\",\"potentialAction\":[{\"@type\":\"SearchAction\",\"target\":{\"@type\":\"EntryPoint\",\"urlTemplate\":\"https:\/\/sulsc.com\/?s={search_term_string}\"},\"query-input\":\"required name=search_term_string\"}],\"inLanguage\":\"en-US\"},{\"@type\":\"Person\",\"@id\":\"https:\/\/sulsc.com\/#\/schema\/person\/84d2fc571684f6248ba83092f07750a3\",\"name\":\"Reda\u00e7\u00e3o Sul SC\",\"image\":{\"@type\":\"ImageObject\",\"inLanguage\":\"en-US\",\"@id\":\"https:\/\/sulsc.com\/#\/schema\/person\/image\/e08d7fe2cc4ed596372063bbe852b8d0\",\"url\":\"https:\/\/sulsc.com\/wp-content\/uploads\/2023\/09\/redacao.png\",\"contentUrl\":\"https:\/\/sulsc.com\/wp-content\/uploads\/2023\/09\/redacao.png\",\"caption\":\"Reda\u00e7\u00e3o Sul SC\"},\"description\":\"Foco em um jornalismo imparcial, voltado \u00e0 qualidade dos seus conte\u00fados e, assim, levar informa\u00e7\u00e3o de valor que agregue \u00e0 vida dos leitores. Esta \u00e9 grande miss\u00e3o do Portal de Not\u00edcias Sul SC. N\u00e3o \u00e9 quantidade que muda o mundo, sempre foi e seguir\u00e1 sendo qualidade!\",\"sameAs\":[\"https:\/\/sulsc.com\/\",\"https:\/\/www.facebook.com\/profile.php?id=61559278119680\",\"https:\/\/www.instagram.com\/sulscportal\/?hl=pt-br\",\"https:\/\/twitter.com\/https:\/\/twitter.com\/PortalSulSC\",\"https:\/\/www.youtube.com\/channel\/UCv_BE8GeySluDov2n8qhVmw\"],\"url\":\"https:\/\/sulsc.com\/index.php\/author\/redacao\/\"}]}<\/script>\n<!-- \/ Yoast SEO plugin. -->","yoast_head_json":{"title":"Parceria deve criar 600 pontos de recarga para ve\u00edculos el\u00e9tricos no Brasil -","description":"A constru\u00e7\u00e3o dos hubs de recarga ser\u00e3o em S\u00e3o Paulo, Rio de Janeiro, Belo Horizonte, Bras\u00edlia, Curitiba, Florian\u00f3polis, Salvador e Bel\u00e9m","robots":{"index":"index","follow":"follow","max-snippet":"max-snippet:-1","max-image-preview":"max-image-preview:large","max-video-preview":"max-video-preview:-1"},"canonical":"https:\/\/sulsc.com\/index.php\/2024\/02\/13\/parceria-deve-criar-600-pontos-de-recarga-para-veiculos-eletricos-no-brasil\/","og_locale":"en_US","og_type":"article","og_title":"Parceria deve criar 600 pontos de recarga para ve\u00edculos el\u00e9tricos no Brasil -","og_description":"A constru\u00e7\u00e3o dos hubs de recarga ser\u00e3o em S\u00e3o Paulo, Rio de Janeiro, Belo Horizonte, Bras\u00edlia, Curitiba, Florian\u00f3polis, Salvador e Bel\u00e9m","og_url":"https:\/\/sulsc.com\/index.php\/2024\/02\/13\/parceria-deve-criar-600-pontos-de-recarga-para-veiculos-eletricos-no-brasil\/","article_author":"https:\/\/www.facebook.com\/profile.php?id=61559278119680","article_published_time":"2024-02-13T15:20:16+00:00","article_modified_time":"2024-02-13T15:23:46+00:00","og_image":[{"width":2048,"height":1152,"url":"http:\/\/sulsc.com\/wp-content\/uploads\/2024\/02\/Parceria-deve-criar-600-pontos-de-recarga-para-veiculos-eletricos-no-Brasil.webp","type":"image\/webp"}],"author":"Reda\u00e7\u00e3o Sul SC","twitter_card":"summary_large_image","twitter_creator":"@https:\/\/twitter.com\/PortalSulSC","twitter_misc":{"Written by":"Reda\u00e7\u00e3o Sul SC","Est. reading time":"3 minutes"},"schema":{"@context":"https:\/\/schema.org","@graph":[{"@type":"WebPage","@id":"https:\/\/sulsc.com\/index.php\/2024\/02\/13\/parceria-deve-criar-600-pontos-de-recarga-para-veiculos-eletricos-no-brasil\/","url":"https:\/\/sulsc.com\/index.php\/2024\/02\/13\/parceria-deve-criar-600-pontos-de-recarga-para-veiculos-eletricos-no-brasil\/","name":"Parceria deve criar 600 pontos de recarga para ve\u00edculos el\u00e9tricos no Brasil -","isPartOf":{"@id":"https:\/\/sulsc.com\/#website"},"datePublished":"2024-02-13T15:20:16+00:00","dateModified":"2024-02-13T15:23:46+00:00","author":{"@id":"https:\/\/sulsc.com\/#\/schema\/person\/84d2fc571684f6248ba83092f07750a3"},"description":"A constru\u00e7\u00e3o dos hubs de recarga ser\u00e3o em S\u00e3o Paulo, Rio de Janeiro, Belo Horizonte, Bras\u00edlia, Curitiba, Florian\u00f3polis, Salvador e Bel\u00e9m","breadcrumb":{"@id":"https:\/\/sulsc.com\/index.php\/2024\/02\/13\/parceria-deve-criar-600-pontos-de-recarga-para-veiculos-eletricos-no-brasil\/#breadcrumb"},"inLanguage":"en-US","potentialAction":[{"@type":"ReadAction","target":["https:\/\/sulsc.com\/index.php\/2024\/02\/13\/parceria-deve-criar-600-pontos-de-recarga-para-veiculos-eletricos-no-brasil\/"]}]},{"@type":"BreadcrumbList","@id":"https:\/\/sulsc.com\/index.php\/2024\/02\/13\/parceria-deve-criar-600-pontos-de-recarga-para-veiculos-eletricos-no-brasil\/#breadcrumb","itemListElement":[{"@type":"ListItem","position":1,"name":"In\u00edcio","item":"https:\/\/sulsc.com\/"},{"@type":"ListItem","position":2,"name":"Parceria deve criar 600 pontos de recarga para ve\u00edculos el\u00e9tricos no Brasil"}]},{"@type":"WebSite","@id":"https:\/\/sulsc.com\/#website","url":"https:\/\/sulsc.com\/","name":"","description":"","potentialAction":[{"@type":"SearchAction","target":{"@type":"EntryPoint","urlTemplate":"https:\/\/sulsc.com\/?s={search_term_string}"},"query-input":"required name=search_term_string"}],"inLanguage":"en-US"},{"@type":"Person","@id":"https:\/\/sulsc.com\/#\/schema\/person\/84d2fc571684f6248ba83092f07750a3","name":"Reda\u00e7\u00e3o Sul SC","image":{"@type":"ImageObject","inLanguage":"en-US","@id":"https:\/\/sulsc.com\/#\/schema\/person\/image\/e08d7fe2cc4ed596372063bbe852b8d0","url":"https:\/\/sulsc.com\/wp-content\/uploads\/2023\/09\/redacao.png","contentUrl":"https:\/\/sulsc.com\/wp-content\/uploads\/2023\/09\/redacao.png","caption":"Reda\u00e7\u00e3o Sul SC"},"description":"Foco em um jornalismo imparcial, voltado \u00e0 qualidade dos seus conte\u00fados e, assim, levar informa\u00e7\u00e3o de valor que agregue \u00e0 vida dos leitores. Esta \u00e9 grande miss\u00e3o do Portal de Not\u00edcias Sul SC. N\u00e3o \u00e9 quantidade que muda o mundo, sempre foi e seguir\u00e1 sendo qualidade!","sameAs":["https:\/\/sulsc.com\/","https:\/\/www.facebook.com\/profile.php?id=61559278119680","https:\/\/www.instagram.com\/sulscportal\/?hl=pt-br","https:\/\/twitter.com\/https:\/\/twitter.com\/PortalSulSC","https:\/\/www.youtube.com\/channel\/UCv_BE8GeySluDov2n8qhVmw"],"url":"https:\/\/sulsc.com\/index.php\/author\/redacao\/"}]}},"authors":[],"_links":{"self":[{"href":"https:\/\/sulsc.com\/index.php\/wp-json\/wp\/v2\/posts\/8641"}],"collection":[{"href":"https:\/\/sulsc.com\/index.php\/wp-json\/wp\/v2\/posts"}],"about":[{"href":"https:\/\/sulsc.com\/index.php\/wp-json\/wp\/v2\/types\/post"}],"author":[{"embeddable":true,"href":"https:\/\/sulsc.com\/index.php\/wp-json\/wp\/v2\/users\/3"}],"replies":[{"embeddable":true,"href":"https:\/\/sulsc.com\/index.php\/wp-json\/wp\/v2\/comments?post=8641"}],"version-history":[{"count":2,"href":"https:\/\/sulsc.com\/index.php\/wp-json\/wp\/v2\/posts\/8641\/revisions"}],"predecessor-version":[{"id":8644,"href":"https:\/\/sulsc.com\/index.php\/wp-json\/wp\/v2\/posts\/8641\/revisions\/8644"}],"wp:featuredmedia":[{"embeddable":true,"href":"https:\/\/sulsc.com\/index.php\/wp-json\/wp\/v2\/media\/8642"}],"wp:attachment":[{"href":"https:\/\/sulsc.com\/index.php\/wp-json\/wp\/v2\/media?parent=8641"}],"wp:term":[{"taxonomy":"category","embeddable":true,"href":"https:\/\/sulsc.com\/index.php\/wp-json\/wp\/v2\/categories?post=8641"},{"taxonomy":"post_tag","embeddable":true,"href":"https:\/\/sulsc.com\/index.php\/wp-json\/wp\/v2\/tags?post=8641"}],"curies":[{"name":"wp","href":"https:\/\/api.w.org\/{rel}","templated":true}]}}