{"id":8652,"date":"2024-02-13T17:00:43","date_gmt":"2024-02-13T20:00:43","guid":{"rendered":"https:\/\/sulsc.com\/?p=8652"},"modified":"2024-02-13T15:25:02","modified_gmt":"2024-02-13T18:25:02","slug":"epagri-inaugura-unidade-didatica-e-lanca-cultivar-de-feijao","status":"publish","type":"post","link":"https:\/\/sulsc.com\/index.php\/2024\/02\/13\/epagri-inaugura-unidade-didatica-e-lanca-cultivar-de-feijao\/","title":{"rendered":"Epagri inaugura unidade did\u00e1tica e lan\u00e7a cultivar de feij\u00e3o"},"content":{"rendered":"<p>A Epagri marca presen\u00e7a na 25\u00aa edi\u00e7\u00e3o do Itaipu Rural Show, em Pinhalzinho, levando duas importantes tecnologias ao agricultor familiar: lan\u00e7amento do cultivar de feij\u00e3o do grupo carioca SCS207 Quer\u00eancia e inaugura\u00e7\u00e3o da unidade did\u00e1tica do silo secador com ar natural. O evento ser\u00e1 nesta quarta-feira (14), \u00e0s 8h30min, no estande da Empresa instalado no Parque de Exposi\u00e7\u00f5es da Itaipu, aberto a todos os participantes da feira.<\/p>\n<p><img fetchpriority=\"high\" decoding=\"async\" class=\"alignnone size-full wp-image-8653\" src=\"http:\/\/sulsc.com\/wp-content\/uploads\/2024\/02\/Epagri-inaugura-unidade-didatica-e-lanca-cultivar-de-feijao.jpeg\" alt=\"\" width=\"640\" height=\"480\" srcset=\"https:\/\/sulsc.com\/wp-content\/uploads\/2024\/02\/Epagri-inaugura-unidade-didatica-e-lanca-cultivar-de-feijao.jpeg 640w, https:\/\/sulsc.com\/wp-content\/uploads\/2024\/02\/Epagri-inaugura-unidade-didatica-e-lanca-cultivar-de-feijao-300x225.jpeg 300w\" sizes=\"(max-width: 640px) 100vw, 640px\" \/><\/p>\n<p data-raofz=\"16\">\n<p data-raofz=\"16\"><strong>Silo secador com ar natural<\/strong><\/p>\n<p data-raofz=\"16\">O\u00a0silo secador de gr\u00e3os\u00a0\u00e9 uma\u00a0tecnologia muito apropriada para a agricultura familiar, pois possibilita que o agricultor mantenha a qualidade do gr\u00e3o e possa comercializar a produ\u00e7\u00e3o quando o pre\u00e7o estiver melhor, dando a ele autonomia e economia. A unidade did\u00e1tica instalada no Parque de Exposi\u00e7\u00f5es da Itaipu vai permitir que a divulga\u00e7\u00e3o da tecnologia seja ampliada entre produtores rurais.<\/p>\n<p data-raofz=\"16\">Este modelo de silo secador foi desenvolvido pela Emater do Rio Grande do Sul. A unidade did\u00e1tica tem 2m de di\u00e2metro, capacidade instalada de 40 sacas e conta com a estrutura de motor e ventilador, caracol para descarga do milho e espa\u00e7o com vidro para o p\u00fablico visualizar o espa\u00e7o interno. Durante o evento, os participantes da feira poder\u00e3o esclarecer d\u00favidas com a equipe t\u00e9cnica da Epagri, que estar\u00e1 no local para repassar orienta\u00e7\u00f5es a quem tiver interesse em construir o silo na propriedade.<\/p>\n<p data-raofz=\"16\">\u201cNesta unidade did\u00e1tica ser\u00e1 poss\u00edvel observar o funcionamento, a estrutura de alvenaria e ferragem usada, a estrutura de madeira e o mecanismo de medi\u00e7\u00e3o da temperatura e umidade da massa de milho. Tamb\u00e9m estaremos em parceria com o IFSC de Chapec\u00f3, mostrando o mecanismo de acompanhamento da temperatura da massa do milho via online no celular\u201d, explica o extensionista rural da Epagri em S\u00e3o Carlos, Paulo Cesar Menoncini.<\/p>\n<p data-raofz=\"16\">O aplicativo para fazer monitoramento remoto do processo de secagem e manuten\u00e7\u00e3o de gr\u00e3os foi desenvolvido pelo IFSC e que est\u00e1 sendo testado pela Epagri em propriedade rural de S\u00e3o Carlos. \u201cAl\u00e9m de monitorar a temperatura e volume da massa, este sistema tamb\u00e9m permite ao agricultor acionar ou desligar o motor do ventilador\u201d, revela Menoncini.<\/p>\n<figure class=\"wp-block-image size-full\">\n<p><figure id=\"attachment_280551\" aria-describedby=\"caption-attachment-280551\" style=\"width: 640px\" class=\"wp-caption alignnone\"><img decoding=\"async\" class=\"wp-image-280551\" src=\"https:\/\/estado.sc.gov.br\/noticias\/wp-content\/uploads\/sites\/3\/2024\/02\/WhatsApp-Image-2024-02-13-at-14.26.50.jpeg\" alt=\"\" width=\"640\" height=\"485\" \/><figcaption id=\"caption-attachment-280551\" class=\"wp-caption-text\">O SCS207 Quer\u00eancia se destaca pelo o elevado potencial para o rendimento de gr\u00e3os, superando os 4,8 mil kg de gr\u00e3os produzidos por hectare de cultivo (Foto: Aires Mariga\/Epagri)<\/figcaption><\/figure><figcaption class=\"wp-element-caption\"><\/figcaption><\/figure>\n<p data-raofz=\"16\"><strong>Feij\u00e3o SCS207 Quer\u00eancia<\/strong><\/p>\n<p data-raofz=\"16\">O\u00a0novo cultivar de feij\u00e3o\u00a0foi desenvolvido\u00a0pelo Centro de Pesquisa para Agricultura Familiar da Epagri (Cepaf) e \u00e9 indicado para cultivo nos estados de Santa Catarina, Paran\u00e1 e Rio Grande do Sul. Segundo o pesquisador Sydney A. F. Kavalco, um dos diferenciais do SCS207 Quer\u00eancia \u00e9 o elevado potencial para o rendimento de gr\u00e3os, superando os 4,8 mil kg de gr\u00e3os produzidos por hectare de cultivo.<\/p>\n<p data-raofz=\"16\">O cultivar tamb\u00e9m possui maior estabilidade e adaptabilidade para cultivo, o que possibilita seu uso nos per\u00edodos de safra e safrinha em toda regi\u00e3o Sul-brasileira. Seus gr\u00e3os s\u00e3o caracter\u00edsticos do grupo carioca, com fundo bege claro, listra marrom e de tamanho grande. O tempo de cozimento m\u00e9dio \u00e9 de 19 minutos, com teor de prote\u00edna em torno de 21,5% e massa m\u00e9dia de mil gr\u00e3os de 254 gramas.<\/p>\n<p data-raofz=\"16\">\u201cCom rela\u00e7\u00e3o \u00e0s doen\u00e7as, possui rea\u00e7\u00e3o de moderada toler\u00e2ncia tanto para mancha angular como para antracnose e rea\u00e7\u00e3o intermedi\u00e1ria \u00e0 bacteriose\u201d, explica Sydney. O SCS207 Quer\u00eancia completa o grupo de quatro cultivares de feij\u00e3o com indica\u00e7\u00f5es de cultivo e disponibilizadas pela Epagri, sendo duas do grupo preto e duas do grupo carioca. Suas sementes ser\u00e3o comercializadas a partir desta safra e os produtores poder\u00e3o adquiri-las no pr\u00f3ximo ciclo de cultivo diretamente com a Epagri\/Cepaf em Chapec\u00f3.<\/p>\n<p data-raofz=\"16\">\n<p data-raofz=\"16\"><strong>Itaipu Rural Show<\/strong><\/p>\n<p data-raofz=\"16\">A Itaipu Rural Show \u00e9 uma exposi\u00e7\u00e3o segmentada no agroneg\u00f3cio, cuja edi\u00e7\u00e3o de 2024 acontece de 14 a 17 de feveiro. S\u00e3o mais de 20 hectares de \u00e1rea pr\u00f3pria e mais de 50 mil visitantes por edi\u00e7\u00e3o. O evento \u00e9 realizado durante quatro dias do m\u00eas de fevereiro em cada ano e conta com aproximadamente 300 empresas expositoras de tend\u00eancias e conhecimento do agroneg\u00f3cio para o empres\u00e1rio rural. A exposi\u00e7\u00e3o \u00e9 considerada um show de tecnologias e boas pr\u00e1ticas de campo, trazendo informa\u00e7\u00f5es que promovem maior efici\u00eancia na atividade do agroneg\u00f3cio na regi\u00e3o Sul do pa\u00eds.<\/p>\n","protected":false},"excerpt":{"rendered":"<p>A Epagri marca presen\u00e7a na 25\u00aa edi\u00e7\u00e3o do Itaipu Rural Show, em Pinhalzinho, levando duas importantes tecnologias ao agricultor familiar: lan\u00e7amento do cultivar de feij\u00e3o do grupo carioca SCS207 Quer\u00eancia e inaugura\u00e7\u00e3o da unidade did\u00e1tica do silo secador com ar natural. O evento ser\u00e1 nesta quarta-feira (14), \u00e0s 8h30min, no estande da Empresa instalado no &hellip;<\/p>\n<p class=\"read-more\"> <a class=\"\" href=\"https:\/\/sulsc.com\/index.php\/2024\/02\/13\/epagri-inaugura-unidade-didatica-e-lanca-cultivar-de-feijao\/\"> <span class=\"screen-reader-text\">Epagri inaugura unidade did\u00e1tica e lan\u00e7a cultivar de feij\u00e3o<\/span> Read More &raquo;<\/a><\/p>\n","protected":false},"author":3,"featured_media":8653,"comment_status":"open","ping_status":"open","sticky":false,"template":"","format":"standard","meta":{"site-sidebar-layout":"default","site-content-layout":"","ast-site-content-layout":"default","site-content-style":"default","site-sidebar-style":"default","ast-global-header-display":"","ast-banner-title-visibility":"","ast-main-header-display":"","ast-hfb-above-header-display":"","ast-hfb-below-header-display":"","ast-hfb-mobile-header-display":"","site-post-title":"","ast-breadcrumbs-content":"","ast-featured-img":"","footer-sml-layout":"","theme-transparent-header-meta":"default","adv-header-id-meta":"","stick-header-meta":"","header-above-stick-meta":"","header-main-stick-meta":"","header-below-stick-meta":"","astra-migrate-meta-layouts":"set","footnotes":""},"categories":[40],"tags":[202,927],"yoast_head":"<!-- This site is optimized with the Yoast SEO plugin v21.4 - https:\/\/yoast.com\/wordpress\/plugins\/seo\/ -->\n<title>Epagri inaugura unidade did\u00e1tica e lan\u00e7a cultivar de feij\u00e3o -<\/title>\n<meta name=\"description\" content=\"Na unidade ser\u00e1 poss\u00edvel observar o funcionamento, a estrutura utilizada e o mecanismo de medi\u00e7\u00e3o da temperatura e umidade da massa de milho\" \/>\n<meta name=\"robots\" content=\"index, follow, max-snippet:-1, max-image-preview:large, max-video-preview:-1\" \/>\n<link rel=\"canonical\" href=\"https:\/\/sulsc.com\/index.php\/2024\/02\/13\/epagri-inaugura-unidade-didatica-e-lanca-cultivar-de-feijao\/\" \/>\n<meta property=\"og:locale\" content=\"en_US\" \/>\n<meta property=\"og:type\" content=\"article\" \/>\n<meta property=\"og:title\" content=\"Epagri inaugura unidade did\u00e1tica e lan\u00e7a cultivar de feij\u00e3o -\" \/>\n<meta property=\"og:description\" content=\"Na unidade ser\u00e1 poss\u00edvel observar o funcionamento, a estrutura utilizada e o mecanismo de medi\u00e7\u00e3o da temperatura e umidade da massa de milho\" \/>\n<meta property=\"og:url\" content=\"https:\/\/sulsc.com\/index.php\/2024\/02\/13\/epagri-inaugura-unidade-didatica-e-lanca-cultivar-de-feijao\/\" \/>\n<meta property=\"article:author\" content=\"https:\/\/www.facebook.com\/profile.php?id=61559278119680\" \/>\n<meta property=\"article:published_time\" content=\"2024-02-13T20:00:43+00:00\" \/>\n<meta property=\"article:modified_time\" content=\"2024-02-13T18:25:02+00:00\" \/>\n<meta property=\"og:image\" content=\"https:\/\/sulsc.com\/wp-content\/uploads\/2024\/02\/Epagri-inaugura-unidade-didatica-e-lanca-cultivar-de-feijao.jpeg\" \/>\n\t<meta property=\"og:image:width\" content=\"640\" \/>\n\t<meta property=\"og:image:height\" content=\"480\" \/>\n\t<meta property=\"og:image:type\" content=\"image\/jpeg\" \/>\n<meta name=\"author\" content=\"Reda\u00e7\u00e3o Sul SC\" \/>\n<meta name=\"twitter:card\" content=\"summary_large_image\" \/>\n<meta name=\"twitter:creator\" content=\"@https:\/\/twitter.com\/PortalSulSC\" \/>\n<meta name=\"twitter:label1\" content=\"Written by\" \/>\n\t<meta name=\"twitter:data1\" content=\"Reda\u00e7\u00e3o Sul SC\" \/>\n\t<meta name=\"twitter:label2\" content=\"Est. reading time\" \/>\n\t<meta name=\"twitter:data2\" content=\"5 minutes\" \/>\n<script type=\"application\/ld+json\" class=\"yoast-schema-graph\">{\"@context\":\"https:\/\/schema.org\",\"@graph\":[{\"@type\":\"WebPage\",\"@id\":\"https:\/\/sulsc.com\/index.php\/2024\/02\/13\/epagri-inaugura-unidade-didatica-e-lanca-cultivar-de-feijao\/\",\"url\":\"https:\/\/sulsc.com\/index.php\/2024\/02\/13\/epagri-inaugura-unidade-didatica-e-lanca-cultivar-de-feijao\/\",\"name\":\"Epagri inaugura unidade did\u00e1tica e lan\u00e7a cultivar de feij\u00e3o -\",\"isPartOf\":{\"@id\":\"https:\/\/sulsc.com\/#website\"},\"datePublished\":\"2024-02-13T20:00:43+00:00\",\"dateModified\":\"2024-02-13T18:25:02+00:00\",\"author\":{\"@id\":\"https:\/\/sulsc.com\/#\/schema\/person\/84d2fc571684f6248ba83092f07750a3\"},\"description\":\"Na unidade ser\u00e1 poss\u00edvel observar o funcionamento, a estrutura utilizada e o mecanismo de medi\u00e7\u00e3o da temperatura e umidade da massa de milho\",\"breadcrumb\":{\"@id\":\"https:\/\/sulsc.com\/index.php\/2024\/02\/13\/epagri-inaugura-unidade-didatica-e-lanca-cultivar-de-feijao\/#breadcrumb\"},\"inLanguage\":\"en-US\",\"potentialAction\":[{\"@type\":\"ReadAction\",\"target\":[\"https:\/\/sulsc.com\/index.php\/2024\/02\/13\/epagri-inaugura-unidade-didatica-e-lanca-cultivar-de-feijao\/\"]}]},{\"@type\":\"BreadcrumbList\",\"@id\":\"https:\/\/sulsc.com\/index.php\/2024\/02\/13\/epagri-inaugura-unidade-didatica-e-lanca-cultivar-de-feijao\/#breadcrumb\",\"itemListElement\":[{\"@type\":\"ListItem\",\"position\":1,\"name\":\"In\u00edcio\",\"item\":\"https:\/\/sulsc.com\/\"},{\"@type\":\"ListItem\",\"position\":2,\"name\":\"Epagri inaugura unidade did\u00e1tica e lan\u00e7a cultivar de feij\u00e3o\"}]},{\"@type\":\"WebSite\",\"@id\":\"https:\/\/sulsc.com\/#website\",\"url\":\"https:\/\/sulsc.com\/\",\"name\":\"\",\"description\":\"\",\"potentialAction\":[{\"@type\":\"SearchAction\",\"target\":{\"@type\":\"EntryPoint\",\"urlTemplate\":\"https:\/\/sulsc.com\/?s={search_term_string}\"},\"query-input\":\"required name=search_term_string\"}],\"inLanguage\":\"en-US\"},{\"@type\":\"Person\",\"@id\":\"https:\/\/sulsc.com\/#\/schema\/person\/84d2fc571684f6248ba83092f07750a3\",\"name\":\"Reda\u00e7\u00e3o Sul SC\",\"image\":{\"@type\":\"ImageObject\",\"inLanguage\":\"en-US\",\"@id\":\"https:\/\/sulsc.com\/#\/schema\/person\/image\/e08d7fe2cc4ed596372063bbe852b8d0\",\"url\":\"https:\/\/sulsc.com\/wp-content\/uploads\/2023\/09\/redacao.png\",\"contentUrl\":\"https:\/\/sulsc.com\/wp-content\/uploads\/2023\/09\/redacao.png\",\"caption\":\"Reda\u00e7\u00e3o Sul SC\"},\"description\":\"Foco em um jornalismo imparcial, voltado \u00e0 qualidade dos seus conte\u00fados e, assim, levar informa\u00e7\u00e3o de valor que agregue \u00e0 vida dos leitores. Esta \u00e9 grande miss\u00e3o do Portal de Not\u00edcias Sul SC. N\u00e3o \u00e9 quantidade que muda o mundo, sempre foi e seguir\u00e1 sendo qualidade!\",\"sameAs\":[\"https:\/\/sulsc.com\/\",\"https:\/\/www.facebook.com\/profile.php?id=61559278119680\",\"https:\/\/www.instagram.com\/sulscportal\/?hl=pt-br\",\"https:\/\/twitter.com\/https:\/\/twitter.com\/PortalSulSC\",\"https:\/\/www.youtube.com\/channel\/UCv_BE8GeySluDov2n8qhVmw\"],\"url\":\"https:\/\/sulsc.com\/index.php\/author\/redacao\/\"}]}<\/script>\n<!-- \/ Yoast SEO plugin. -->","yoast_head_json":{"title":"Epagri inaugura unidade did\u00e1tica e lan\u00e7a cultivar de feij\u00e3o -","description":"Na unidade ser\u00e1 poss\u00edvel observar o funcionamento, a estrutura utilizada e o mecanismo de medi\u00e7\u00e3o da temperatura e umidade da massa de milho","robots":{"index":"index","follow":"follow","max-snippet":"max-snippet:-1","max-image-preview":"max-image-preview:large","max-video-preview":"max-video-preview:-1"},"canonical":"https:\/\/sulsc.com\/index.php\/2024\/02\/13\/epagri-inaugura-unidade-didatica-e-lanca-cultivar-de-feijao\/","og_locale":"en_US","og_type":"article","og_title":"Epagri inaugura unidade did\u00e1tica e lan\u00e7a cultivar de feij\u00e3o -","og_description":"Na unidade ser\u00e1 poss\u00edvel observar o funcionamento, a estrutura utilizada e o mecanismo de medi\u00e7\u00e3o da temperatura e umidade da massa de milho","og_url":"https:\/\/sulsc.com\/index.php\/2024\/02\/13\/epagri-inaugura-unidade-didatica-e-lanca-cultivar-de-feijao\/","article_author":"https:\/\/www.facebook.com\/profile.php?id=61559278119680","article_published_time":"2024-02-13T20:00:43+00:00","article_modified_time":"2024-02-13T18:25:02+00:00","og_image":[{"width":640,"height":480,"url":"https:\/\/sulsc.com\/wp-content\/uploads\/2024\/02\/Epagri-inaugura-unidade-didatica-e-lanca-cultivar-de-feijao.jpeg","type":"image\/jpeg"}],"author":"Reda\u00e7\u00e3o Sul SC","twitter_card":"summary_large_image","twitter_creator":"@https:\/\/twitter.com\/PortalSulSC","twitter_misc":{"Written by":"Reda\u00e7\u00e3o Sul SC","Est. reading time":"5 minutes"},"schema":{"@context":"https:\/\/schema.org","@graph":[{"@type":"WebPage","@id":"https:\/\/sulsc.com\/index.php\/2024\/02\/13\/epagri-inaugura-unidade-didatica-e-lanca-cultivar-de-feijao\/","url":"https:\/\/sulsc.com\/index.php\/2024\/02\/13\/epagri-inaugura-unidade-didatica-e-lanca-cultivar-de-feijao\/","name":"Epagri inaugura unidade did\u00e1tica e lan\u00e7a cultivar de feij\u00e3o -","isPartOf":{"@id":"https:\/\/sulsc.com\/#website"},"datePublished":"2024-02-13T20:00:43+00:00","dateModified":"2024-02-13T18:25:02+00:00","author":{"@id":"https:\/\/sulsc.com\/#\/schema\/person\/84d2fc571684f6248ba83092f07750a3"},"description":"Na unidade ser\u00e1 poss\u00edvel observar o funcionamento, a estrutura utilizada e o mecanismo de medi\u00e7\u00e3o da temperatura e umidade da massa de milho","breadcrumb":{"@id":"https:\/\/sulsc.com\/index.php\/2024\/02\/13\/epagri-inaugura-unidade-didatica-e-lanca-cultivar-de-feijao\/#breadcrumb"},"inLanguage":"en-US","potentialAction":[{"@type":"ReadAction","target":["https:\/\/sulsc.com\/index.php\/2024\/02\/13\/epagri-inaugura-unidade-didatica-e-lanca-cultivar-de-feijao\/"]}]},{"@type":"BreadcrumbList","@id":"https:\/\/sulsc.com\/index.php\/2024\/02\/13\/epagri-inaugura-unidade-didatica-e-lanca-cultivar-de-feijao\/#breadcrumb","itemListElement":[{"@type":"ListItem","position":1,"name":"In\u00edcio","item":"https:\/\/sulsc.com\/"},{"@type":"ListItem","position":2,"name":"Epagri inaugura unidade did\u00e1tica e lan\u00e7a cultivar de feij\u00e3o"}]},{"@type":"WebSite","@id":"https:\/\/sulsc.com\/#website","url":"https:\/\/sulsc.com\/","name":"","description":"","potentialAction":[{"@type":"SearchAction","target":{"@type":"EntryPoint","urlTemplate":"https:\/\/sulsc.com\/?s={search_term_string}"},"query-input":"required name=search_term_string"}],"inLanguage":"en-US"},{"@type":"Person","@id":"https:\/\/sulsc.com\/#\/schema\/person\/84d2fc571684f6248ba83092f07750a3","name":"Reda\u00e7\u00e3o Sul SC","image":{"@type":"ImageObject","inLanguage":"en-US","@id":"https:\/\/sulsc.com\/#\/schema\/person\/image\/e08d7fe2cc4ed596372063bbe852b8d0","url":"https:\/\/sulsc.com\/wp-content\/uploads\/2023\/09\/redacao.png","contentUrl":"https:\/\/sulsc.com\/wp-content\/uploads\/2023\/09\/redacao.png","caption":"Reda\u00e7\u00e3o Sul SC"},"description":"Foco em um jornalismo imparcial, voltado \u00e0 qualidade dos seus conte\u00fados e, assim, levar informa\u00e7\u00e3o de valor que agregue \u00e0 vida dos leitores. Esta \u00e9 grande miss\u00e3o do Portal de Not\u00edcias Sul SC. N\u00e3o \u00e9 quantidade que muda o mundo, sempre foi e seguir\u00e1 sendo qualidade!","sameAs":["https:\/\/sulsc.com\/","https:\/\/www.facebook.com\/profile.php?id=61559278119680","https:\/\/www.instagram.com\/sulscportal\/?hl=pt-br","https:\/\/twitter.com\/https:\/\/twitter.com\/PortalSulSC","https:\/\/www.youtube.com\/channel\/UCv_BE8GeySluDov2n8qhVmw"],"url":"https:\/\/sulsc.com\/index.php\/author\/redacao\/"}]}},"authors":[],"_links":{"self":[{"href":"https:\/\/sulsc.com\/index.php\/wp-json\/wp\/v2\/posts\/8652"}],"collection":[{"href":"https:\/\/sulsc.com\/index.php\/wp-json\/wp\/v2\/posts"}],"about":[{"href":"https:\/\/sulsc.com\/index.php\/wp-json\/wp\/v2\/types\/post"}],"author":[{"embeddable":true,"href":"https:\/\/sulsc.com\/index.php\/wp-json\/wp\/v2\/users\/3"}],"replies":[{"embeddable":true,"href":"https:\/\/sulsc.com\/index.php\/wp-json\/wp\/v2\/comments?post=8652"}],"version-history":[{"count":1,"href":"https:\/\/sulsc.com\/index.php\/wp-json\/wp\/v2\/posts\/8652\/revisions"}],"predecessor-version":[{"id":8654,"href":"https:\/\/sulsc.com\/index.php\/wp-json\/wp\/v2\/posts\/8652\/revisions\/8654"}],"wp:featuredmedia":[{"embeddable":true,"href":"https:\/\/sulsc.com\/index.php\/wp-json\/wp\/v2\/media\/8653"}],"wp:attachment":[{"href":"https:\/\/sulsc.com\/index.php\/wp-json\/wp\/v2\/media?parent=8652"}],"wp:term":[{"taxonomy":"category","embeddable":true,"href":"https:\/\/sulsc.com\/index.php\/wp-json\/wp\/v2\/categories?post=8652"},{"taxonomy":"post_tag","embeddable":true,"href":"https:\/\/sulsc.com\/index.php\/wp-json\/wp\/v2\/tags?post=8652"}],"curies":[{"name":"wp","href":"https:\/\/api.w.org\/{rel}","templated":true}]}}