{"id":8681,"date":"2024-02-14T11:30:23","date_gmt":"2024-02-14T14:30:23","guid":{"rendered":"https:\/\/sulsc.com\/?p=8681"},"modified":"2024-02-14T11:07:47","modified_gmt":"2024-02-14T14:07:47","slug":"governo-do-estado-edita-portaria-emergencial-e-libera-pesca-artesanal-de-lula","status":"publish","type":"post","link":"https:\/\/sulsc.com\/index.php\/2024\/02\/14\/governo-do-estado-edita-portaria-emergencial-e-libera-pesca-artesanal-de-lula\/","title":{"rendered":"Governo do Estado edita portaria emergencial e libera pesca artesanal de lula"},"content":{"rendered":"<p><img fetchpriority=\"high\" decoding=\"async\" class=\"alignnone size-large wp-image-8683\" src=\"http:\/\/sulsc.com\/wp-content\/uploads\/2024\/02\/Governo-do-Estado-edita-portaria-emergencial-e-libera-pesca-artesanal-de-lula-1024x768.jpeg\" alt=\"\" width=\"1024\" height=\"768\" srcset=\"https:\/\/sulsc.com\/wp-content\/uploads\/2024\/02\/Governo-do-Estado-edita-portaria-emergencial-e-libera-pesca-artesanal-de-lula-1024x768.jpeg 1024w, https:\/\/sulsc.com\/wp-content\/uploads\/2024\/02\/Governo-do-Estado-edita-portaria-emergencial-e-libera-pesca-artesanal-de-lula-300x225.jpeg 300w, https:\/\/sulsc.com\/wp-content\/uploads\/2024\/02\/Governo-do-Estado-edita-portaria-emergencial-e-libera-pesca-artesanal-de-lula-768x576.jpeg 768w, https:\/\/sulsc.com\/wp-content\/uploads\/2024\/02\/Governo-do-Estado-edita-portaria-emergencial-e-libera-pesca-artesanal-de-lula.jpeg 1280w\" sizes=\"(max-width: 1024px) 100vw, 1024px\" \/><\/p>\n<p>O Governo do Estado de Santa Catarina, por meio da Secretaria da Aquicultura e Pesca, editou na sexta-feira (9), a Portaria 1\/2024 que estabelece normas para a pesca profissional artesanal da lula no Estado. Ela permite a pesca desembarcada e embarcada com o uso da tarrafa e linha-de-m\u00e3o (zangarilho) com aux\u00edlio de atrativo luminoso.<\/p>\n<p>A falta de regulamenta\u00e7\u00e3o da pesca da lula por parte do Minist\u00e9rio da Pesca acarreta enormes preju\u00edzos aos pescadores artesanais, que muitas vezes dependem da atividade para subsist\u00eancia de suas fam\u00edlias, principalmente no ver\u00e3o (per\u00edodo de defeso de diversas esp\u00e9cies economicamente importantes para o pescador artesanal).<\/p>\n<p>O secret\u00e1rio de Aquicultura e Pesca, Tiago Bolan Frigo, aponta que a a Secretaria da Aquicultura e Pesca foi criada pelo governador Jorginho Mello com o objetivo de dar mais qualidade e valor \u00e0 produ\u00e7\u00e3o pesqueira e aqu\u00edcola catarinense e suporte aos pescadores e aquicultores, por isso agiu rapidamente para solucionar mais uma demanda do setor.<\/p>\n<p>\u201cOs pescadores nos contataram e informaram que o Minist\u00e9rio da Pesca afirmou que a regulamenta\u00e7\u00e3o da pesca da lula n\u00e3o aconteceria novamente neste ano pelo Governo Federal, e que a libera\u00e7\u00e3o dependia apenas de uma a\u00e7\u00e3o do Governo Estadual, ent\u00e3o de imediato, com a parceria da Pol\u00edcia Ambiental, editamos uma portaria permitindo que at\u00e9 o dia 30 de mar\u00e7o de 2024, o pescador artesanal desembarcado e embarcado, possa pescar tranquilamente a lula de tarrafa e linha-de-m\u00e3o (zangarilho) com aux\u00edlio de atrativo luminoso\u201d, comemora o secret\u00e1rio.<\/p>\n<p>Ainda em apoio \u00e0s pautas do setor, recentemente o Governo do Estado lan\u00e7ou um conjunto de medidas para o desenvolvimento da pesca e concedida a subven\u00e7\u00e3o de \u00f3leo diesel utilizado por embarca\u00e7\u00f5es pesqueiras catarinenses para a pesca industrial e artesanal em Santa Catarina.<\/p>\n<p>&nbsp;<\/p>\n<p><strong>Pesca artesanal<\/strong><\/p>\n<p>A pesca \u00e9 classificada como artesanal: quando praticada diretamente por pescador profissional, de forma aut\u00f4noma ou em regime de economia familiar, com meios de produ\u00e7\u00e3o pr\u00f3prios ou mediante contrato de parceria, desembarcado, podendo utilizar embarca\u00e7\u00f5es de pequeno porte (at\u00e9 20 AB).<\/p>\n<p>&nbsp;<\/p>\n","protected":false},"excerpt":{"rendered":"<p>O Governo do Estado de Santa Catarina, por meio da Secretaria da Aquicultura e Pesca, editou na sexta-feira (9), a Portaria 1\/2024 que estabelece normas para a pesca profissional artesanal da lula no Estado. Ela permite a pesca desembarcada e embarcada com o uso da tarrafa e linha-de-m\u00e3o (zangarilho) com aux\u00edlio de atrativo luminoso. A &hellip;<\/p>\n<p class=\"read-more\"> <a class=\"\" href=\"https:\/\/sulsc.com\/index.php\/2024\/02\/14\/governo-do-estado-edita-portaria-emergencial-e-libera-pesca-artesanal-de-lula\/\"> <span class=\"screen-reader-text\">Governo do Estado edita portaria emergencial e libera pesca artesanal de lula<\/span> Read More &raquo;<\/a><\/p>\n","protected":false},"author":3,"featured_media":8683,"comment_status":"open","ping_status":"open","sticky":false,"template":"","format":"standard","meta":{"site-sidebar-layout":"default","site-content-layout":"","ast-site-content-layout":"default","site-content-style":"default","site-sidebar-style":"default","ast-global-header-display":"","ast-banner-title-visibility":"","ast-main-header-display":"","ast-hfb-above-header-display":"","ast-hfb-below-header-display":"","ast-hfb-mobile-header-display":"","site-post-title":"","ast-breadcrumbs-content":"","ast-featured-img":"","footer-sml-layout":"","theme-transparent-header-meta":"default","adv-header-id-meta":"","stick-header-meta":"","header-above-stick-meta":"","header-main-stick-meta":"","header-below-stick-meta":"","astra-migrate-meta-layouts":"set","footnotes":""},"categories":[40],"tags":[826,1261],"yoast_head":"<!-- This site is optimized with the Yoast SEO plugin v21.4 - https:\/\/yoast.com\/wordpress\/plugins\/seo\/ -->\n<title>Governo do Estado edita portaria emergencial e libera pesca artesanal de lula -<\/title>\n<meta name=\"description\" content=\"A falta de regulamenta\u00e7\u00e3o acarreta em preju\u00edzos aos pescadores artesanais, que dependem da atividade para subsist\u00eancia de suas fam\u00edlias\" \/>\n<meta name=\"robots\" content=\"index, follow, max-snippet:-1, max-image-preview:large, max-video-preview:-1\" \/>\n<link rel=\"canonical\" href=\"https:\/\/sulsc.com\/index.php\/2024\/02\/14\/governo-do-estado-edita-portaria-emergencial-e-libera-pesca-artesanal-de-lula\/\" \/>\n<meta property=\"og:locale\" content=\"en_US\" \/>\n<meta property=\"og:type\" content=\"article\" \/>\n<meta property=\"og:title\" content=\"Governo do Estado edita portaria emergencial e libera pesca artesanal de lula -\" \/>\n<meta property=\"og:description\" content=\"A falta de regulamenta\u00e7\u00e3o acarreta em preju\u00edzos aos pescadores artesanais, que dependem da atividade para subsist\u00eancia de suas fam\u00edlias\" \/>\n<meta property=\"og:url\" content=\"https:\/\/sulsc.com\/index.php\/2024\/02\/14\/governo-do-estado-edita-portaria-emergencial-e-libera-pesca-artesanal-de-lula\/\" \/>\n<meta property=\"article:author\" content=\"https:\/\/www.facebook.com\/profile.php?id=61559278119680\" \/>\n<meta property=\"article:published_time\" content=\"2024-02-14T14:30:23+00:00\" \/>\n<meta property=\"article:modified_time\" content=\"2024-02-14T14:07:47+00:00\" \/>\n<meta property=\"og:image\" content=\"https:\/\/sulsc.com\/wp-content\/uploads\/2024\/02\/Governo-do-Estado-edita-portaria-emergencial-e-libera-pesca-artesanal-de-lula.jpeg\" \/>\n\t<meta property=\"og:image:width\" content=\"1280\" \/>\n\t<meta property=\"og:image:height\" content=\"960\" \/>\n\t<meta property=\"og:image:type\" content=\"image\/jpeg\" \/>\n<meta name=\"author\" content=\"Reda\u00e7\u00e3o Sul SC\" \/>\n<meta name=\"twitter:card\" content=\"summary_large_image\" \/>\n<meta name=\"twitter:creator\" content=\"@https:\/\/twitter.com\/PortalSulSC\" \/>\n<meta name=\"twitter:label1\" content=\"Written by\" \/>\n\t<meta name=\"twitter:data1\" content=\"Reda\u00e7\u00e3o Sul SC\" \/>\n\t<meta name=\"twitter:label2\" content=\"Est. reading time\" \/>\n\t<meta name=\"twitter:data2\" content=\"3 minutes\" \/>\n<script type=\"application\/ld+json\" class=\"yoast-schema-graph\">{\"@context\":\"https:\/\/schema.org\",\"@graph\":[{\"@type\":\"WebPage\",\"@id\":\"https:\/\/sulsc.com\/index.php\/2024\/02\/14\/governo-do-estado-edita-portaria-emergencial-e-libera-pesca-artesanal-de-lula\/\",\"url\":\"https:\/\/sulsc.com\/index.php\/2024\/02\/14\/governo-do-estado-edita-portaria-emergencial-e-libera-pesca-artesanal-de-lula\/\",\"name\":\"Governo do Estado edita portaria emergencial e libera pesca artesanal de lula -\",\"isPartOf\":{\"@id\":\"https:\/\/sulsc.com\/#website\"},\"datePublished\":\"2024-02-14T14:30:23+00:00\",\"dateModified\":\"2024-02-14T14:07:47+00:00\",\"author\":{\"@id\":\"https:\/\/sulsc.com\/#\/schema\/person\/84d2fc571684f6248ba83092f07750a3\"},\"description\":\"A falta de regulamenta\u00e7\u00e3o acarreta em preju\u00edzos aos pescadores artesanais, que dependem da atividade para subsist\u00eancia de suas fam\u00edlias\",\"breadcrumb\":{\"@id\":\"https:\/\/sulsc.com\/index.php\/2024\/02\/14\/governo-do-estado-edita-portaria-emergencial-e-libera-pesca-artesanal-de-lula\/#breadcrumb\"},\"inLanguage\":\"en-US\",\"potentialAction\":[{\"@type\":\"ReadAction\",\"target\":[\"https:\/\/sulsc.com\/index.php\/2024\/02\/14\/governo-do-estado-edita-portaria-emergencial-e-libera-pesca-artesanal-de-lula\/\"]}]},{\"@type\":\"BreadcrumbList\",\"@id\":\"https:\/\/sulsc.com\/index.php\/2024\/02\/14\/governo-do-estado-edita-portaria-emergencial-e-libera-pesca-artesanal-de-lula\/#breadcrumb\",\"itemListElement\":[{\"@type\":\"ListItem\",\"position\":1,\"name\":\"In\u00edcio\",\"item\":\"https:\/\/sulsc.com\/\"},{\"@type\":\"ListItem\",\"position\":2,\"name\":\"Governo do Estado edita portaria emergencial e libera pesca artesanal de lula\"}]},{\"@type\":\"WebSite\",\"@id\":\"https:\/\/sulsc.com\/#website\",\"url\":\"https:\/\/sulsc.com\/\",\"name\":\"\",\"description\":\"\",\"potentialAction\":[{\"@type\":\"SearchAction\",\"target\":{\"@type\":\"EntryPoint\",\"urlTemplate\":\"https:\/\/sulsc.com\/?s={search_term_string}\"},\"query-input\":\"required name=search_term_string\"}],\"inLanguage\":\"en-US\"},{\"@type\":\"Person\",\"@id\":\"https:\/\/sulsc.com\/#\/schema\/person\/84d2fc571684f6248ba83092f07750a3\",\"name\":\"Reda\u00e7\u00e3o Sul SC\",\"image\":{\"@type\":\"ImageObject\",\"inLanguage\":\"en-US\",\"@id\":\"https:\/\/sulsc.com\/#\/schema\/person\/image\/e08d7fe2cc4ed596372063bbe852b8d0\",\"url\":\"https:\/\/sulsc.com\/wp-content\/uploads\/2023\/09\/redacao.png\",\"contentUrl\":\"https:\/\/sulsc.com\/wp-content\/uploads\/2023\/09\/redacao.png\",\"caption\":\"Reda\u00e7\u00e3o Sul SC\"},\"description\":\"Foco em um jornalismo imparcial, voltado \u00e0 qualidade dos seus conte\u00fados e, assim, levar informa\u00e7\u00e3o de valor que agregue \u00e0 vida dos leitores. Esta \u00e9 grande miss\u00e3o do Portal de Not\u00edcias Sul SC. N\u00e3o \u00e9 quantidade que muda o mundo, sempre foi e seguir\u00e1 sendo qualidade!\",\"sameAs\":[\"https:\/\/sulsc.com\/\",\"https:\/\/www.facebook.com\/profile.php?id=61559278119680\",\"https:\/\/www.instagram.com\/sulscportal\/?hl=pt-br\",\"https:\/\/twitter.com\/https:\/\/twitter.com\/PortalSulSC\",\"https:\/\/www.youtube.com\/channel\/UCv_BE8GeySluDov2n8qhVmw\"],\"url\":\"https:\/\/sulsc.com\/index.php\/author\/redacao\/\"}]}<\/script>\n<!-- \/ Yoast SEO plugin. -->","yoast_head_json":{"title":"Governo do Estado edita portaria emergencial e libera pesca artesanal de lula -","description":"A falta de regulamenta\u00e7\u00e3o acarreta em preju\u00edzos aos pescadores artesanais, que dependem da atividade para subsist\u00eancia de suas fam\u00edlias","robots":{"index":"index","follow":"follow","max-snippet":"max-snippet:-1","max-image-preview":"max-image-preview:large","max-video-preview":"max-video-preview:-1"},"canonical":"https:\/\/sulsc.com\/index.php\/2024\/02\/14\/governo-do-estado-edita-portaria-emergencial-e-libera-pesca-artesanal-de-lula\/","og_locale":"en_US","og_type":"article","og_title":"Governo do Estado edita portaria emergencial e libera pesca artesanal de lula -","og_description":"A falta de regulamenta\u00e7\u00e3o acarreta em preju\u00edzos aos pescadores artesanais, que dependem da atividade para subsist\u00eancia de suas fam\u00edlias","og_url":"https:\/\/sulsc.com\/index.php\/2024\/02\/14\/governo-do-estado-edita-portaria-emergencial-e-libera-pesca-artesanal-de-lula\/","article_author":"https:\/\/www.facebook.com\/profile.php?id=61559278119680","article_published_time":"2024-02-14T14:30:23+00:00","article_modified_time":"2024-02-14T14:07:47+00:00","og_image":[{"width":1280,"height":960,"url":"https:\/\/sulsc.com\/wp-content\/uploads\/2024\/02\/Governo-do-Estado-edita-portaria-emergencial-e-libera-pesca-artesanal-de-lula.jpeg","type":"image\/jpeg"}],"author":"Reda\u00e7\u00e3o Sul SC","twitter_card":"summary_large_image","twitter_creator":"@https:\/\/twitter.com\/PortalSulSC","twitter_misc":{"Written by":"Reda\u00e7\u00e3o Sul SC","Est. reading time":"3 minutes"},"schema":{"@context":"https:\/\/schema.org","@graph":[{"@type":"WebPage","@id":"https:\/\/sulsc.com\/index.php\/2024\/02\/14\/governo-do-estado-edita-portaria-emergencial-e-libera-pesca-artesanal-de-lula\/","url":"https:\/\/sulsc.com\/index.php\/2024\/02\/14\/governo-do-estado-edita-portaria-emergencial-e-libera-pesca-artesanal-de-lula\/","name":"Governo do Estado edita portaria emergencial e libera pesca artesanal de lula -","isPartOf":{"@id":"https:\/\/sulsc.com\/#website"},"datePublished":"2024-02-14T14:30:23+00:00","dateModified":"2024-02-14T14:07:47+00:00","author":{"@id":"https:\/\/sulsc.com\/#\/schema\/person\/84d2fc571684f6248ba83092f07750a3"},"description":"A falta de regulamenta\u00e7\u00e3o acarreta em preju\u00edzos aos pescadores artesanais, que dependem da atividade para subsist\u00eancia de suas fam\u00edlias","breadcrumb":{"@id":"https:\/\/sulsc.com\/index.php\/2024\/02\/14\/governo-do-estado-edita-portaria-emergencial-e-libera-pesca-artesanal-de-lula\/#breadcrumb"},"inLanguage":"en-US","potentialAction":[{"@type":"ReadAction","target":["https:\/\/sulsc.com\/index.php\/2024\/02\/14\/governo-do-estado-edita-portaria-emergencial-e-libera-pesca-artesanal-de-lula\/"]}]},{"@type":"BreadcrumbList","@id":"https:\/\/sulsc.com\/index.php\/2024\/02\/14\/governo-do-estado-edita-portaria-emergencial-e-libera-pesca-artesanal-de-lula\/#breadcrumb","itemListElement":[{"@type":"ListItem","position":1,"name":"In\u00edcio","item":"https:\/\/sulsc.com\/"},{"@type":"ListItem","position":2,"name":"Governo do Estado edita portaria emergencial e libera pesca artesanal de lula"}]},{"@type":"WebSite","@id":"https:\/\/sulsc.com\/#website","url":"https:\/\/sulsc.com\/","name":"","description":"","potentialAction":[{"@type":"SearchAction","target":{"@type":"EntryPoint","urlTemplate":"https:\/\/sulsc.com\/?s={search_term_string}"},"query-input":"required name=search_term_string"}],"inLanguage":"en-US"},{"@type":"Person","@id":"https:\/\/sulsc.com\/#\/schema\/person\/84d2fc571684f6248ba83092f07750a3","name":"Reda\u00e7\u00e3o Sul SC","image":{"@type":"ImageObject","inLanguage":"en-US","@id":"https:\/\/sulsc.com\/#\/schema\/person\/image\/e08d7fe2cc4ed596372063bbe852b8d0","url":"https:\/\/sulsc.com\/wp-content\/uploads\/2023\/09\/redacao.png","contentUrl":"https:\/\/sulsc.com\/wp-content\/uploads\/2023\/09\/redacao.png","caption":"Reda\u00e7\u00e3o Sul SC"},"description":"Foco em um jornalismo imparcial, voltado \u00e0 qualidade dos seus conte\u00fados e, assim, levar informa\u00e7\u00e3o de valor que agregue \u00e0 vida dos leitores. Esta \u00e9 grande miss\u00e3o do Portal de Not\u00edcias Sul SC. N\u00e3o \u00e9 quantidade que muda o mundo, sempre foi e seguir\u00e1 sendo qualidade!","sameAs":["https:\/\/sulsc.com\/","https:\/\/www.facebook.com\/profile.php?id=61559278119680","https:\/\/www.instagram.com\/sulscportal\/?hl=pt-br","https:\/\/twitter.com\/https:\/\/twitter.com\/PortalSulSC","https:\/\/www.youtube.com\/channel\/UCv_BE8GeySluDov2n8qhVmw"],"url":"https:\/\/sulsc.com\/index.php\/author\/redacao\/"}]}},"authors":[],"_links":{"self":[{"href":"https:\/\/sulsc.com\/index.php\/wp-json\/wp\/v2\/posts\/8681"}],"collection":[{"href":"https:\/\/sulsc.com\/index.php\/wp-json\/wp\/v2\/posts"}],"about":[{"href":"https:\/\/sulsc.com\/index.php\/wp-json\/wp\/v2\/types\/post"}],"author":[{"embeddable":true,"href":"https:\/\/sulsc.com\/index.php\/wp-json\/wp\/v2\/users\/3"}],"replies":[{"embeddable":true,"href":"https:\/\/sulsc.com\/index.php\/wp-json\/wp\/v2\/comments?post=8681"}],"version-history":[{"count":1,"href":"https:\/\/sulsc.com\/index.php\/wp-json\/wp\/v2\/posts\/8681\/revisions"}],"predecessor-version":[{"id":8684,"href":"https:\/\/sulsc.com\/index.php\/wp-json\/wp\/v2\/posts\/8681\/revisions\/8684"}],"wp:featuredmedia":[{"embeddable":true,"href":"https:\/\/sulsc.com\/index.php\/wp-json\/wp\/v2\/media\/8683"}],"wp:attachment":[{"href":"https:\/\/sulsc.com\/index.php\/wp-json\/wp\/v2\/media?parent=8681"}],"wp:term":[{"taxonomy":"category","embeddable":true,"href":"https:\/\/sulsc.com\/index.php\/wp-json\/wp\/v2\/categories?post=8681"},{"taxonomy":"post_tag","embeddable":true,"href":"https:\/\/sulsc.com\/index.php\/wp-json\/wp\/v2\/tags?post=8681"}],"curies":[{"name":"wp","href":"https:\/\/api.w.org\/{rel}","templated":true}]}}